{"id":9381,"date":"2021-06-16T13:53:00","date_gmt":"2021-06-16T11:53:00","guid":{"rendered":"https:\/\/sfb1436.de\/a-comprehensive-score-reflecting-memory-related-fmri-activations-and-deactivations-as-potential-biomarker-for-neurocognitive-aging-2\/"},"modified":"2024-09-18T10:50:33","modified_gmt":"2024-09-18T08:50:33","slug":"a-comprehensive-score-reflecting-memory-related-fmri-activations-and-deactivations-as-potential-biomarker-for-neurocognitive-aging-2","status":"publish","type":"post","link":"https:\/\/sfb1436.de\/de\/a-comprehensive-score-reflecting-memory-related-fmri-activations-and-deactivations-as-potential-biomarker-for-neurocognitive-aging-2\/","title":{"rendered":"A comprehensive score reflecting memory-related fMRI activations and deactivations as potential biomarker for neurocognitive aging."},"content":{"rendered":"\n<p class=\"wp-block-paragraph\"><em>Soch J, Richter A, Sch\u00fctze H, Kizilirmak JM, Assmann A, Behnisch G, Feldhoff H, Fischer L, Heil J, Knopf L, Merkel C, Raschick M, Schietke CJ, Schult A, Seidenbecher CI, Yakupov R, Ziegler G, Wiltfang J, D\u00fczel E, Schott BH.<\/em><\/p>\n\n\n\n<div class=\"wp-block-uagb-icon-list uagb-block-ff97b4ec uagb-icon-list__outer-wrap uagb-icon-list__layout-vertical\"><div class=\"uagb-icon-list__wrap\">\n<div class=\"wp-block-uagb-icon-list-child uagb-block-8d32b68e uagb-icon-list-repeater uagb-icon-list__wrapper\"><span class=\"uagb-icon-list__source-wrap\"><svg xmlns=\"https:\/\/www.w3.org\/2000\/svg\" viewBox=\"0 0 384 512\"><path d=\"M256 0v128h128L256 0zM224 128L224 0H48C21.49 0 0 21.49 0 48v416C0 490.5 21.49 512 48 512h288c26.51 0 48-21.49 48-48V160h-127.1C238.3 160 224 145.7 224 128zM272 416h-160C103.2 416 96 408.8 96 400C96 391.2 103.2 384 112 384h160c8.836 0 16 7.162 16 16C288 408.8 280.8 416 272 416zM272 352h-160C103.2 352 96 344.8 96 336C96 327.2 103.2 320 112 320h160c8.836 0 16 7.162 16 16C288 344.8 280.8 352 272 352zM288 272C288 280.8 280.8 288 272 288h-160C103.2 288 96 280.8 96 272C96 263.2 103.2 256 112 256h160C280.8 256 288 263.2 288 272z\"><\/path><\/svg><\/span><span class=\"uagb-icon-list__label\"><strong>Hum Brain Mapp. (2021)<\/strong><\/span><\/div>\n<\/div><\/div>\n","protected":false},"excerpt":{"rendered":"<p>Soch J, Richter A, Sch\u00fctze H, Kizilirmak JM, Assmann A, Behnisch G, Feldhoff H, Fischer L, Heil J, Knopf L, Merkel C, Raschick M, Schietke CJ, Schult A, Seidenbecher CI, Yakupov R, Ziegler G, Wiltfang J, D\u00fczel E, Schott BH.<\/p>\n","protected":false},"author":4,"featured_media":0,"comment_status":"closed","ping_status":"closed","sticky":false,"template":"","format":"standard","meta":{"_crdt_document":"","_uag_custom_page_level_css":"","footnotes":""},"categories":[201,202,206,209,211,218],"tags":[261],"class_list":["post-9381","post","type-post","status-publish","format-standard","hentry","category-a04-de","category-a05-de","category-b02-de","category-b05-de","category-c01-de","category-z03-de","tag-https-doi-org-10-1002-hbm-25559-de"],"yoast_head":"<!-- This site is optimized with the Yoast SEO plugin v27.1.1 - https:\/\/yoast.com\/product\/yoast-seo-wordpress\/ -->\n<title>biomarker for neurocognitive aging<\/title>\n<meta name=\"description\" content=\"A comprehensive score reflecting memory-related fMRI activations and deactivations as potential biomarker for neurocognitive aging.\" \/>\n<meta name=\"robots\" content=\"index, follow, max-snippet:-1, max-image-preview:large, max-video-preview:-1\" \/>\n<link rel=\"canonical\" href=\"https:\/\/sfb1436.de\/de\/a-comprehensive-score-reflecting-memory-related-fmri-activations-and-deactivations-as-potential-biomarker-for-neurocognitive-aging-2\/\" \/>\n<meta property=\"og:locale\" content=\"de_DE\" \/>\n<meta property=\"og:type\" content=\"article\" \/>\n<meta property=\"og:title\" content=\"biomarker for neurocognitive aging\" \/>\n<meta property=\"og:description\" content=\"A comprehensive score reflecting memory-related fMRI activations and deactivations as potential biomarker for neurocognitive aging.\" \/>\n<meta property=\"og:url\" content=\"https:\/\/sfb1436.de\/de\/a-comprehensive-score-reflecting-memory-related-fmri-activations-and-deactivations-as-potential-biomarker-for-neurocognitive-aging-2\/\" \/>\n<meta property=\"og:site_name\" content=\"SFB1436\" \/>\n<meta property=\"article:published_time\" content=\"2021-06-16T11:53:00+00:00\" \/>\n<meta property=\"article:modified_time\" content=\"2024-09-18T08:50:33+00:00\" \/>\n<meta name=\"author\" content=\"redakteur\" \/>\n<meta name=\"twitter:card\" content=\"summary_large_image\" \/>\n<meta name=\"twitter:label1\" content=\"Verfasst von\" \/>\n\t<meta name=\"twitter:data1\" content=\"redakteur\" \/>\n\t<meta name=\"twitter:label2\" content=\"Gesch\u00e4tzte Lesezeit\" \/>\n\t<meta name=\"twitter:data2\" content=\"1\u00a0Minute\" \/>\n<script type=\"application\/ld+json\" class=\"yoast-schema-graph\">{\"@context\":\"https:\/\/schema.org\",\"@graph\":[{\"@type\":\"ScholarlyArticle\",\"@id\":\"https:\/\/sfb1436.de\/de\/a-comprehensive-score-reflecting-memory-related-fmri-activations-and-deactivations-as-potential-biomarker-for-neurocognitive-aging-2\/#article\",\"isPartOf\":{\"@id\":\"https:\/\/sfb1436.de\/de\/a-comprehensive-score-reflecting-memory-related-fmri-activations-and-deactivations-as-potential-biomarker-for-neurocognitive-aging-2\/\"},\"author\":{\"name\":\"redakteur\",\"@id\":\"https:\/\/sfb1436.de\/de\/#\/schema\/person\/c0ef0d254080f73ef2aa76e57caa6d12\"},\"headline\":\"A comprehensive score reflecting memory-related fMRI activations and deactivations as potential biomarker for neurocognitive aging.\",\"datePublished\":\"2021-06-16T11:53:00+00:00\",\"dateModified\":\"2024-09-18T08:50:33+00:00\",\"mainEntityOfPage\":{\"@id\":\"https:\/\/sfb1436.de\/de\/a-comprehensive-score-reflecting-memory-related-fmri-activations-and-deactivations-as-potential-biomarker-for-neurocognitive-aging-2\/\"},\"wordCount\":60,\"publisher\":{\"@id\":\"https:\/\/sfb1436.de\/de\/#organization\"},\"keywords\":[\"https:\/\/doi.org\/10.1002\/hbm.25559\"],\"articleSection\":[\"A04\",\"A05\",\"B02\",\"B05\",\"C01\",\"Z03\"],\"inLanguage\":\"de\"},{\"@type\":\"WebPage\",\"@id\":\"https:\/\/sfb1436.de\/de\/a-comprehensive-score-reflecting-memory-related-fmri-activations-and-deactivations-as-potential-biomarker-for-neurocognitive-aging-2\/\",\"url\":\"https:\/\/sfb1436.de\/de\/a-comprehensive-score-reflecting-memory-related-fmri-activations-and-deactivations-as-potential-biomarker-for-neurocognitive-aging-2\/\",\"name\":\"biomarker for neurocognitive aging\",\"isPartOf\":{\"@id\":\"https:\/\/sfb1436.de\/de\/#website\"},\"datePublished\":\"2021-06-16T11:53:00+00:00\",\"dateModified\":\"2024-09-18T08:50:33+00:00\",\"description\":\"A comprehensive score reflecting memory-related fMRI activations and deactivations as potential biomarker for neurocognitive aging.\",\"breadcrumb\":{\"@id\":\"https:\/\/sfb1436.de\/de\/a-comprehensive-score-reflecting-memory-related-fmri-activations-and-deactivations-as-potential-biomarker-for-neurocognitive-aging-2\/#breadcrumb\"},\"inLanguage\":\"de\",\"potentialAction\":[{\"@type\":\"ReadAction\",\"target\":[\"https:\/\/sfb1436.de\/de\/a-comprehensive-score-reflecting-memory-related-fmri-activations-and-deactivations-as-potential-biomarker-for-neurocognitive-aging-2\/\"]}]},{\"@type\":\"BreadcrumbList\",\"@id\":\"https:\/\/sfb1436.de\/de\/a-comprehensive-score-reflecting-memory-related-fmri-activations-and-deactivations-as-potential-biomarker-for-neurocognitive-aging-2\/#breadcrumb\",\"itemListElement\":[{\"@type\":\"ListItem\",\"position\":1,\"name\":\"Startseite\",\"item\":\"https:\/\/sfb1436.de\/de\/\"},{\"@type\":\"ListItem\",\"position\":2,\"name\":\"A comprehensive score reflecting memory-related fMRI activations and deactivations as potential biomarker for neurocognitive aging.\"}]},{\"@type\":\"WebSite\",\"@id\":\"https:\/\/sfb1436.de\/de\/#website\",\"url\":\"https:\/\/sfb1436.de\/de\/\",\"name\":\"SFB1436\",\"description\":\"\",\"publisher\":{\"@id\":\"https:\/\/sfb1436.de\/de\/#organization\"},\"potentialAction\":[{\"@type\":\"SearchAction\",\"target\":{\"@type\":\"EntryPoint\",\"urlTemplate\":\"https:\/\/sfb1436.de\/de\/?s={search_term_string}\"},\"query-input\":{\"@type\":\"PropertyValueSpecification\",\"valueRequired\":true,\"valueName\":\"search_term_string\"}}],\"inLanguage\":\"de\"},{\"@type\":\"Organization\",\"@id\":\"https:\/\/sfb1436.de\/de\/#organization\",\"name\":\"Otto-von-Guericke Universit\u00e4t Medizinische Fakult\u00e4t Institut f\u00fcr Kognitive Neurologie und Demenzforschung\",\"url\":\"https:\/\/sfb1436.de\/de\/\",\"logo\":{\"@type\":\"ImageObject\",\"inLanguage\":\"de\",\"@id\":\"https:\/\/sfb1436.de\/de\/#\/schema\/logo\/image\/\",\"url\":\"https:\/\/sfb1436.de\/wp-content\/uploads\/2021\/12\/logo-sfb.png\",\"contentUrl\":\"https:\/\/sfb1436.de\/wp-content\/uploads\/2021\/12\/logo-sfb.png\",\"width\":1244,\"height\":820,\"caption\":\"Otto-von-Guericke Universit\u00e4t Medizinische Fakult\u00e4t Institut f\u00fcr Kognitive Neurologie und Demenzforschung\"},\"image\":{\"@id\":\"https:\/\/sfb1436.de\/de\/#\/schema\/logo\/image\/\"}},{\"@type\":\"Person\",\"@id\":\"https:\/\/sfb1436.de\/de\/#\/schema\/person\/c0ef0d254080f73ef2aa76e57caa6d12\",\"name\":\"redakteur\"}]}<\/script>\n<!-- \/ Yoast SEO plugin. -->","yoast_head_json":{"title":"biomarker for neurocognitive aging","description":"A comprehensive score reflecting memory-related fMRI activations and deactivations as potential biomarker for neurocognitive aging.","robots":{"index":"index","follow":"follow","max-snippet":"max-snippet:-1","max-image-preview":"max-image-preview:large","max-video-preview":"max-video-preview:-1"},"canonical":"https:\/\/sfb1436.de\/de\/a-comprehensive-score-reflecting-memory-related-fmri-activations-and-deactivations-as-potential-biomarker-for-neurocognitive-aging-2\/","og_locale":"de_DE","og_type":"article","og_title":"biomarker for neurocognitive aging","og_description":"A comprehensive score reflecting memory-related fMRI activations and deactivations as potential biomarker for neurocognitive aging.","og_url":"https:\/\/sfb1436.de\/de\/a-comprehensive-score-reflecting-memory-related-fmri-activations-and-deactivations-as-potential-biomarker-for-neurocognitive-aging-2\/","og_site_name":"SFB1436","article_published_time":"2021-06-16T11:53:00+00:00","article_modified_time":"2024-09-18T08:50:33+00:00","author":"redakteur","twitter_card":"summary_large_image","twitter_misc":{"Verfasst von":"redakteur","Gesch\u00e4tzte Lesezeit":"1\u00a0Minute"},"schema":{"@context":"https:\/\/schema.org","@graph":[{"@type":"ScholarlyArticle","@id":"https:\/\/sfb1436.de\/de\/a-comprehensive-score-reflecting-memory-related-fmri-activations-and-deactivations-as-potential-biomarker-for-neurocognitive-aging-2\/#article","isPartOf":{"@id":"https:\/\/sfb1436.de\/de\/a-comprehensive-score-reflecting-memory-related-fmri-activations-and-deactivations-as-potential-biomarker-for-neurocognitive-aging-2\/"},"author":{"name":"redakteur","@id":"https:\/\/sfb1436.de\/de\/#\/schema\/person\/c0ef0d254080f73ef2aa76e57caa6d12"},"headline":"A comprehensive score reflecting memory-related fMRI activations and deactivations as potential biomarker for neurocognitive aging.","datePublished":"2021-06-16T11:53:00+00:00","dateModified":"2024-09-18T08:50:33+00:00","mainEntityOfPage":{"@id":"https:\/\/sfb1436.de\/de\/a-comprehensive-score-reflecting-memory-related-fmri-activations-and-deactivations-as-potential-biomarker-for-neurocognitive-aging-2\/"},"wordCount":60,"publisher":{"@id":"https:\/\/sfb1436.de\/de\/#organization"},"keywords":["https:\/\/doi.org\/10.1002\/hbm.25559"],"articleSection":["A04","A05","B02","B05","C01","Z03"],"inLanguage":"de"},{"@type":"WebPage","@id":"https:\/\/sfb1436.de\/de\/a-comprehensive-score-reflecting-memory-related-fmri-activations-and-deactivations-as-potential-biomarker-for-neurocognitive-aging-2\/","url":"https:\/\/sfb1436.de\/de\/a-comprehensive-score-reflecting-memory-related-fmri-activations-and-deactivations-as-potential-biomarker-for-neurocognitive-aging-2\/","name":"biomarker for neurocognitive aging","isPartOf":{"@id":"https:\/\/sfb1436.de\/de\/#website"},"datePublished":"2021-06-16T11:53:00+00:00","dateModified":"2024-09-18T08:50:33+00:00","description":"A comprehensive score reflecting memory-related fMRI activations and deactivations as potential biomarker for neurocognitive aging.","breadcrumb":{"@id":"https:\/\/sfb1436.de\/de\/a-comprehensive-score-reflecting-memory-related-fmri-activations-and-deactivations-as-potential-biomarker-for-neurocognitive-aging-2\/#breadcrumb"},"inLanguage":"de","potentialAction":[{"@type":"ReadAction","target":["https:\/\/sfb1436.de\/de\/a-comprehensive-score-reflecting-memory-related-fmri-activations-and-deactivations-as-potential-biomarker-for-neurocognitive-aging-2\/"]}]},{"@type":"BreadcrumbList","@id":"https:\/\/sfb1436.de\/de\/a-comprehensive-score-reflecting-memory-related-fmri-activations-and-deactivations-as-potential-biomarker-for-neurocognitive-aging-2\/#breadcrumb","itemListElement":[{"@type":"ListItem","position":1,"name":"Startseite","item":"https:\/\/sfb1436.de\/de\/"},{"@type":"ListItem","position":2,"name":"A comprehensive score reflecting memory-related fMRI activations and deactivations as potential biomarker for neurocognitive aging."}]},{"@type":"WebSite","@id":"https:\/\/sfb1436.de\/de\/#website","url":"https:\/\/sfb1436.de\/de\/","name":"SFB1436","description":"","publisher":{"@id":"https:\/\/sfb1436.de\/de\/#organization"},"potentialAction":[{"@type":"SearchAction","target":{"@type":"EntryPoint","urlTemplate":"https:\/\/sfb1436.de\/de\/?s={search_term_string}"},"query-input":{"@type":"PropertyValueSpecification","valueRequired":true,"valueName":"search_term_string"}}],"inLanguage":"de"},{"@type":"Organization","@id":"https:\/\/sfb1436.de\/de\/#organization","name":"Otto-von-Guericke Universit\u00e4t Medizinische Fakult\u00e4t Institut f\u00fcr Kognitive Neurologie und Demenzforschung","url":"https:\/\/sfb1436.de\/de\/","logo":{"@type":"ImageObject","inLanguage":"de","@id":"https:\/\/sfb1436.de\/de\/#\/schema\/logo\/image\/","url":"https:\/\/sfb1436.de\/wp-content\/uploads\/2021\/12\/logo-sfb.png","contentUrl":"https:\/\/sfb1436.de\/wp-content\/uploads\/2021\/12\/logo-sfb.png","width":1244,"height":820,"caption":"Otto-von-Guericke Universit\u00e4t Medizinische Fakult\u00e4t Institut f\u00fcr Kognitive Neurologie und Demenzforschung"},"image":{"@id":"https:\/\/sfb1436.de\/de\/#\/schema\/logo\/image\/"}},{"@type":"Person","@id":"https:\/\/sfb1436.de\/de\/#\/schema\/person\/c0ef0d254080f73ef2aa76e57caa6d12","name":"redakteur"}]}},"uagb_featured_image_src":{"full":false,"thumbnail":false,"medium":false,"medium_large":false,"large":false,"gs-tiny":false,"xl":false,"xxl":false,"xxxl":false,"xxxxl":false,"xxxxxl":false,"1536x1536":false,"2048x2048":false,"awsm_team":false},"uagb_author_info":{"display_name":"redakteur","author_link":"https:\/\/sfb1436.de\/de\/author\/redakteur\/"},"uagb_comment_info":0,"uagb_excerpt":"Soch J, Richter A, Sch\u00fctze H, Kizilirmak JM, Assmann A, Behnisch G, Feldhoff H, Fischer L, Heil J, Knopf L, Merkel C, Raschick M, Schietke CJ, Schult A, Seidenbecher CI, Yakupov R, Ziegler G, Wiltfang J, D\u00fczel E, Schott BH.","_links":{"self":[{"href":"https:\/\/sfb1436.de\/de\/wp-json\/wp\/v2\/posts\/9381","targetHints":{"allow":["GET"]}}],"collection":[{"href":"https:\/\/sfb1436.de\/de\/wp-json\/wp\/v2\/posts"}],"about":[{"href":"https:\/\/sfb1436.de\/de\/wp-json\/wp\/v2\/types\/post"}],"author":[{"embeddable":true,"href":"https:\/\/sfb1436.de\/de\/wp-json\/wp\/v2\/users\/4"}],"replies":[{"embeddable":true,"href":"https:\/\/sfb1436.de\/de\/wp-json\/wp\/v2\/comments?post=9381"}],"version-history":[{"count":9,"href":"https:\/\/sfb1436.de\/de\/wp-json\/wp\/v2\/posts\/9381\/revisions"}],"predecessor-version":[{"id":19586,"href":"https:\/\/sfb1436.de\/de\/wp-json\/wp\/v2\/posts\/9381\/revisions\/19586"}],"wp:attachment":[{"href":"https:\/\/sfb1436.de\/de\/wp-json\/wp\/v2\/media?parent=9381"}],"wp:term":[{"taxonomy":"category","embeddable":true,"href":"https:\/\/sfb1436.de\/de\/wp-json\/wp\/v2\/categories?post=9381"},{"taxonomy":"post_tag","embeddable":true,"href":"https:\/\/sfb1436.de\/de\/wp-json\/wp\/v2\/tags?post=9381"}],"curies":[{"name":"wp","href":"https:\/\/api.w.org\/{rel}","templated":true}]}}