{"id":30188,"date":"2026-04-07T10:00:00","date_gmt":"2026-04-07T08:00:00","guid":{"rendered":"https:\/\/sfb1436.de\/?p=30188"},"modified":"2026-04-10T12:33:39","modified_gmt":"2026-04-10T10:33:39","slug":"ausbau-neurowissenschaftlichen-spitzenforschung","status":"publish","type":"post","link":"https:\/\/sfb1436.de\/de\/ausbau-neurowissenschaftlichen-spitzenforschung\/","title":{"rendered":"Ausbau der internationalen neurowissenschaftlichen Spitzenforschung"},"content":{"rendered":"\n<p class=\"wp-block-paragraph\">Mit einem Memorandum of Understanding zwischen der Universit\u00e4t Iowa und der Otto-von-Guericke-Universit\u00e4t baut der Standort Magdeburg seine internationalen Kooperationen in den Neurowissenschaften weiter aus. Die Kooperation bildet die Grundlage f\u00fcr eine vertiefte Zusammenarbeit in Forschung, Lehre und akademischer Ausbildung.<\/p>\n\n\n\n<p class=\"wp-block-paragraph\"><a href=\"https:\/\/www.ovgu.de\/Presse+_+Medien\/Pressemitteilungen\/PM+2026\/M%C3%A4rz\/PM+27_2025-p-154264.html\" target=\"_blank\" rel=\"noreferrer noopener\">Einen ausf\u00fchrlichen Bericht der OVGU-Presseabteilung dazu finden Sie hier.<\/a><\/p>\n","protected":false},"excerpt":{"rendered":"<p>Mit einem Memorandum of Understanding zwischen der Universit\u00e4t Iowa und der Otto-von-Guericke-Universit\u00e4t baut der Standort Magdeburg seine internationalen Kooperationen in den Neurowissenschaften weiter aus. Die Kooperation bildet die Grundlage f\u00fcr eine vertiefte Zusammenarbeit in Forschung, Lehre und akademischer Ausbildung. Einen ausf\u00fchrlichen Bericht der OVGU-Presseabteilung dazu finden Sie hier.<\/p>\n","protected":false},"author":4,"featured_media":22105,"comment_status":"closed","ping_status":"closed","sticky":false,"template":"","format":"standard","meta":{"_crdt_document":"","_uag_custom_page_level_css":"","footnotes":""},"categories":[288,281,219,220],"tags":[1754,331,372,330,1205,1753],"class_list":["post-30188","post","type-post","status-publish","format-standard","has-post-thumbnail","hentry","category-all-news-and-events-de","category-alle-news-und-events","category-events-de","category-news-de","tag-kooperation","tag-magdeburg","tag-neurowissenschaften","tag-sfb-1436","tag-thomas-nickl-jockschat-2","tag-universitaet-iowa"],"yoast_head":"<!-- This site is optimized with the Yoast SEO plugin v27.1.1 - https:\/\/yoast.com\/product\/yoast-seo-wordpress\/ -->\n<title>Ausbau neurowissenschaftlichen Spitzenforschung<\/title>\n<meta name=\"description\" content=\"Bedeutendes Memorandum of Understanding zwischen der Universit\u00e4t Iowa und der Otto-von-Guericke-Universit\u00e4t\" \/>\n<meta name=\"robots\" content=\"index, follow, max-snippet:-1, max-image-preview:large, max-video-preview:-1\" \/>\n<link rel=\"canonical\" href=\"https:\/\/sfb1436.de\/de\/ausbau-neurowissenschaftlichen-spitzenforschung\/\" \/>\n<meta property=\"og:locale\" content=\"de_DE\" \/>\n<meta property=\"og:type\" content=\"article\" \/>\n<meta property=\"og:title\" content=\"Ausbau neurowissenschaftlichen Spitzenforschung\" \/>\n<meta property=\"og:description\" content=\"Bedeutendes Memorandum of Understanding zwischen der Universit\u00e4t Iowa und der Otto-von-Guericke-Universit\u00e4t\" \/>\n<meta property=\"og:url\" content=\"https:\/\/sfb1436.de\/de\/ausbau-neurowissenschaftlichen-spitzenforschung\/\" \/>\n<meta property=\"og:site_name\" content=\"SFB1436\" \/>\n<meta property=\"article:published_time\" content=\"2026-04-07T08:00:00+00:00\" \/>\n<meta property=\"article:modified_time\" content=\"2026-04-10T10:33:39+00:00\" \/>\n<meta property=\"og:image\" content=\"https:\/\/sfb1436.de\/wp-content\/uploads\/2024\/08\/OVGU-Logo.png\" \/>\n\t<meta property=\"og:image:width\" content=\"511\" \/>\n\t<meta property=\"og:image:height\" content=\"216\" \/>\n\t<meta property=\"og:image:type\" content=\"image\/png\" \/>\n<meta name=\"author\" content=\"redakteur\" \/>\n<meta name=\"twitter:card\" content=\"summary_large_image\" \/>\n<meta name=\"twitter:label1\" content=\"Verfasst von\" \/>\n\t<meta name=\"twitter:data1\" content=\"redakteur\" \/>\n<script type=\"application\/ld+json\" class=\"yoast-schema-graph\">{\"@context\":\"https:\/\/schema.org\",\"@graph\":[{\"@type\":\"ScholarlyArticle\",\"@id\":\"https:\/\/sfb1436.de\/de\/ausbau-neurowissenschaftlichen-spitzenforschung\/#article\",\"isPartOf\":{\"@id\":\"https:\/\/sfb1436.de\/de\/ausbau-neurowissenschaftlichen-spitzenforschung\/\"},\"author\":{\"name\":\"redakteur\",\"@id\":\"https:\/\/sfb1436.de\/de\/#\/schema\/person\/c0ef0d254080f73ef2aa76e57caa6d12\"},\"headline\":\"Ausbau der internationalen neurowissenschaftlichen Spitzenforschung\",\"datePublished\":\"2026-04-07T08:00:00+00:00\",\"dateModified\":\"2026-04-10T10:33:39+00:00\",\"mainEntityOfPage\":{\"@id\":\"https:\/\/sfb1436.de\/de\/ausbau-neurowissenschaftlichen-spitzenforschung\/\"},\"wordCount\":57,\"publisher\":{\"@id\":\"https:\/\/sfb1436.de\/de\/#organization\"},\"image\":{\"@id\":\"https:\/\/sfb1436.de\/de\/ausbau-neurowissenschaftlichen-spitzenforschung\/#primaryimage\"},\"thumbnailUrl\":\"https:\/\/sfb1436.de\/wp-content\/uploads\/2024\/08\/OVGU-Logo.png\",\"keywords\":[\"Kooperation\",\"Magdeburg\",\"Neurowissenschaften\",\"SFB 1436\",\"Thomas Nickl-Jockschat\",\"Universit\u00e4t Iowa\"],\"articleSection\":[\"All News and Events\",\"Alle News und Events\",\"Events\",\"News\"],\"inLanguage\":\"de\"},{\"@type\":\"WebPage\",\"@id\":\"https:\/\/sfb1436.de\/de\/ausbau-neurowissenschaftlichen-spitzenforschung\/\",\"url\":\"https:\/\/sfb1436.de\/de\/ausbau-neurowissenschaftlichen-spitzenforschung\/\",\"name\":\"Ausbau neurowissenschaftlichen Spitzenforschung\",\"isPartOf\":{\"@id\":\"https:\/\/sfb1436.de\/de\/#website\"},\"primaryImageOfPage\":{\"@id\":\"https:\/\/sfb1436.de\/de\/ausbau-neurowissenschaftlichen-spitzenforschung\/#primaryimage\"},\"image\":{\"@id\":\"https:\/\/sfb1436.de\/de\/ausbau-neurowissenschaftlichen-spitzenforschung\/#primaryimage\"},\"thumbnailUrl\":\"https:\/\/sfb1436.de\/wp-content\/uploads\/2024\/08\/OVGU-Logo.png\",\"datePublished\":\"2026-04-07T08:00:00+00:00\",\"dateModified\":\"2026-04-10T10:33:39+00:00\",\"description\":\"Bedeutendes Memorandum of Understanding zwischen der Universit\u00e4t Iowa und der Otto-von-Guericke-Universit\u00e4t\",\"breadcrumb\":{\"@id\":\"https:\/\/sfb1436.de\/de\/ausbau-neurowissenschaftlichen-spitzenforschung\/#breadcrumb\"},\"inLanguage\":\"de\",\"potentialAction\":[{\"@type\":\"ReadAction\",\"target\":[\"https:\/\/sfb1436.de\/de\/ausbau-neurowissenschaftlichen-spitzenforschung\/\"]}]},{\"@type\":\"ImageObject\",\"inLanguage\":\"de\",\"@id\":\"https:\/\/sfb1436.de\/de\/ausbau-neurowissenschaftlichen-spitzenforschung\/#primaryimage\",\"url\":\"https:\/\/sfb1436.de\/wp-content\/uploads\/2024\/08\/OVGU-Logo.png\",\"contentUrl\":\"https:\/\/sfb1436.de\/wp-content\/uploads\/2024\/08\/OVGU-Logo.png\",\"width\":511,\"height\":216,\"caption\":\"Logo of OVGU\"},{\"@type\":\"BreadcrumbList\",\"@id\":\"https:\/\/sfb1436.de\/de\/ausbau-neurowissenschaftlichen-spitzenforschung\/#breadcrumb\",\"itemListElement\":[{\"@type\":\"ListItem\",\"position\":1,\"name\":\"Startseite\",\"item\":\"https:\/\/sfb1436.de\/de\/\"},{\"@type\":\"ListItem\",\"position\":2,\"name\":\"Ausbau der internationalen neurowissenschaftlichen Spitzenforschung\"}]},{\"@type\":\"WebSite\",\"@id\":\"https:\/\/sfb1436.de\/de\/#website\",\"url\":\"https:\/\/sfb1436.de\/de\/\",\"name\":\"SFB1436\",\"description\":\"\",\"publisher\":{\"@id\":\"https:\/\/sfb1436.de\/de\/#organization\"},\"potentialAction\":[{\"@type\":\"SearchAction\",\"target\":{\"@type\":\"EntryPoint\",\"urlTemplate\":\"https:\/\/sfb1436.de\/de\/?s={search_term_string}\"},\"query-input\":{\"@type\":\"PropertyValueSpecification\",\"valueRequired\":true,\"valueName\":\"search_term_string\"}}],\"inLanguage\":\"de\"},{\"@type\":\"Organization\",\"@id\":\"https:\/\/sfb1436.de\/de\/#organization\",\"name\":\"Otto-von-Guericke Universit\u00e4t Medizinische Fakult\u00e4t Institut f\u00fcr Kognitive Neurologie und Demenzforschung\",\"url\":\"https:\/\/sfb1436.de\/de\/\",\"logo\":{\"@type\":\"ImageObject\",\"inLanguage\":\"de\",\"@id\":\"https:\/\/sfb1436.de\/de\/#\/schema\/logo\/image\/\",\"url\":\"https:\/\/sfb1436.de\/wp-content\/uploads\/2021\/12\/logo-sfb.png\",\"contentUrl\":\"https:\/\/sfb1436.de\/wp-content\/uploads\/2021\/12\/logo-sfb.png\",\"width\":1244,\"height\":820,\"caption\":\"Otto-von-Guericke Universit\u00e4t Medizinische Fakult\u00e4t Institut f\u00fcr Kognitive Neurologie und Demenzforschung\"},\"image\":{\"@id\":\"https:\/\/sfb1436.de\/de\/#\/schema\/logo\/image\/\"}},{\"@type\":\"Person\",\"@id\":\"https:\/\/sfb1436.de\/de\/#\/schema\/person\/c0ef0d254080f73ef2aa76e57caa6d12\",\"name\":\"redakteur\"}]}<\/script>\n<!-- \/ Yoast SEO plugin. -->","yoast_head_json":{"title":"Ausbau neurowissenschaftlichen Spitzenforschung","description":"Bedeutendes Memorandum of Understanding zwischen der Universit\u00e4t Iowa und der Otto-von-Guericke-Universit\u00e4t","robots":{"index":"index","follow":"follow","max-snippet":"max-snippet:-1","max-image-preview":"max-image-preview:large","max-video-preview":"max-video-preview:-1"},"canonical":"https:\/\/sfb1436.de\/de\/ausbau-neurowissenschaftlichen-spitzenforschung\/","og_locale":"de_DE","og_type":"article","og_title":"Ausbau neurowissenschaftlichen Spitzenforschung","og_description":"Bedeutendes Memorandum of Understanding zwischen der Universit\u00e4t Iowa und der Otto-von-Guericke-Universit\u00e4t","og_url":"https:\/\/sfb1436.de\/de\/ausbau-neurowissenschaftlichen-spitzenforschung\/","og_site_name":"SFB1436","article_published_time":"2026-04-07T08:00:00+00:00","article_modified_time":"2026-04-10T10:33:39+00:00","og_image":[{"width":511,"height":216,"url":"https:\/\/sfb1436.de\/wp-content\/uploads\/2024\/08\/OVGU-Logo.png","type":"image\/png"}],"author":"redakteur","twitter_card":"summary_large_image","twitter_misc":{"Verfasst von":"redakteur"},"schema":{"@context":"https:\/\/schema.org","@graph":[{"@type":"ScholarlyArticle","@id":"https:\/\/sfb1436.de\/de\/ausbau-neurowissenschaftlichen-spitzenforschung\/#article","isPartOf":{"@id":"https:\/\/sfb1436.de\/de\/ausbau-neurowissenschaftlichen-spitzenforschung\/"},"author":{"name":"redakteur","@id":"https:\/\/sfb1436.de\/de\/#\/schema\/person\/c0ef0d254080f73ef2aa76e57caa6d12"},"headline":"Ausbau der internationalen neurowissenschaftlichen Spitzenforschung","datePublished":"2026-04-07T08:00:00+00:00","dateModified":"2026-04-10T10:33:39+00:00","mainEntityOfPage":{"@id":"https:\/\/sfb1436.de\/de\/ausbau-neurowissenschaftlichen-spitzenforschung\/"},"wordCount":57,"publisher":{"@id":"https:\/\/sfb1436.de\/de\/#organization"},"image":{"@id":"https:\/\/sfb1436.de\/de\/ausbau-neurowissenschaftlichen-spitzenforschung\/#primaryimage"},"thumbnailUrl":"https:\/\/sfb1436.de\/wp-content\/uploads\/2024\/08\/OVGU-Logo.png","keywords":["Kooperation","Magdeburg","Neurowissenschaften","SFB 1436","Thomas Nickl-Jockschat","Universit\u00e4t Iowa"],"articleSection":["All News and Events","Alle News und Events","Events","News"],"inLanguage":"de"},{"@type":"WebPage","@id":"https:\/\/sfb1436.de\/de\/ausbau-neurowissenschaftlichen-spitzenforschung\/","url":"https:\/\/sfb1436.de\/de\/ausbau-neurowissenschaftlichen-spitzenforschung\/","name":"Ausbau neurowissenschaftlichen Spitzenforschung","isPartOf":{"@id":"https:\/\/sfb1436.de\/de\/#website"},"primaryImageOfPage":{"@id":"https:\/\/sfb1436.de\/de\/ausbau-neurowissenschaftlichen-spitzenforschung\/#primaryimage"},"image":{"@id":"https:\/\/sfb1436.de\/de\/ausbau-neurowissenschaftlichen-spitzenforschung\/#primaryimage"},"thumbnailUrl":"https:\/\/sfb1436.de\/wp-content\/uploads\/2024\/08\/OVGU-Logo.png","datePublished":"2026-04-07T08:00:00+00:00","dateModified":"2026-04-10T10:33:39+00:00","description":"Bedeutendes Memorandum of Understanding zwischen der Universit\u00e4t Iowa und der Otto-von-Guericke-Universit\u00e4t","breadcrumb":{"@id":"https:\/\/sfb1436.de\/de\/ausbau-neurowissenschaftlichen-spitzenforschung\/#breadcrumb"},"inLanguage":"de","potentialAction":[{"@type":"ReadAction","target":["https:\/\/sfb1436.de\/de\/ausbau-neurowissenschaftlichen-spitzenforschung\/"]}]},{"@type":"ImageObject","inLanguage":"de","@id":"https:\/\/sfb1436.de\/de\/ausbau-neurowissenschaftlichen-spitzenforschung\/#primaryimage","url":"https:\/\/sfb1436.de\/wp-content\/uploads\/2024\/08\/OVGU-Logo.png","contentUrl":"https:\/\/sfb1436.de\/wp-content\/uploads\/2024\/08\/OVGU-Logo.png","width":511,"height":216,"caption":"Logo of OVGU"},{"@type":"BreadcrumbList","@id":"https:\/\/sfb1436.de\/de\/ausbau-neurowissenschaftlichen-spitzenforschung\/#breadcrumb","itemListElement":[{"@type":"ListItem","position":1,"name":"Startseite","item":"https:\/\/sfb1436.de\/de\/"},{"@type":"ListItem","position":2,"name":"Ausbau der internationalen neurowissenschaftlichen Spitzenforschung"}]},{"@type":"WebSite","@id":"https:\/\/sfb1436.de\/de\/#website","url":"https:\/\/sfb1436.de\/de\/","name":"SFB1436","description":"","publisher":{"@id":"https:\/\/sfb1436.de\/de\/#organization"},"potentialAction":[{"@type":"SearchAction","target":{"@type":"EntryPoint","urlTemplate":"https:\/\/sfb1436.de\/de\/?s={search_term_string}"},"query-input":{"@type":"PropertyValueSpecification","valueRequired":true,"valueName":"search_term_string"}}],"inLanguage":"de"},{"@type":"Organization","@id":"https:\/\/sfb1436.de\/de\/#organization","name":"Otto-von-Guericke Universit\u00e4t Medizinische Fakult\u00e4t Institut f\u00fcr Kognitive Neurologie und Demenzforschung","url":"https:\/\/sfb1436.de\/de\/","logo":{"@type":"ImageObject","inLanguage":"de","@id":"https:\/\/sfb1436.de\/de\/#\/schema\/logo\/image\/","url":"https:\/\/sfb1436.de\/wp-content\/uploads\/2021\/12\/logo-sfb.png","contentUrl":"https:\/\/sfb1436.de\/wp-content\/uploads\/2021\/12\/logo-sfb.png","width":1244,"height":820,"caption":"Otto-von-Guericke Universit\u00e4t Medizinische Fakult\u00e4t Institut f\u00fcr Kognitive Neurologie und Demenzforschung"},"image":{"@id":"https:\/\/sfb1436.de\/de\/#\/schema\/logo\/image\/"}},{"@type":"Person","@id":"https:\/\/sfb1436.de\/de\/#\/schema\/person\/c0ef0d254080f73ef2aa76e57caa6d12","name":"redakteur"}]}},"uagb_featured_image_src":{"full":["https:\/\/sfb1436.de\/wp-content\/uploads\/2024\/08\/OVGU-Logo.png",511,216,false],"thumbnail":["https:\/\/sfb1436.de\/wp-content\/uploads\/2024\/08\/OVGU-Logo-150x150.png",150,150,true],"medium":["https:\/\/sfb1436.de\/wp-content\/uploads\/2024\/08\/OVGU-Logo-300x127.png",300,127,true],"medium_large":["https:\/\/sfb1436.de\/wp-content\/uploads\/2024\/08\/OVGU-Logo.png",511,216,false],"large":["https:\/\/sfb1436.de\/wp-content\/uploads\/2024\/08\/OVGU-Logo.png",511,216,false],"gs-tiny":["https:\/\/sfb1436.de\/wp-content\/uploads\/2024\/08\/OVGU-Logo-50x21.png",50,21,true],"xl":["https:\/\/sfb1436.de\/wp-content\/uploads\/2024\/08\/OVGU-Logo.png",511,216,false],"xxl":["https:\/\/sfb1436.de\/wp-content\/uploads\/2024\/08\/OVGU-Logo.png",511,216,false],"xxxl":["https:\/\/sfb1436.de\/wp-content\/uploads\/2024\/08\/OVGU-Logo.png",511,216,false],"xxxxl":["https:\/\/sfb1436.de\/wp-content\/uploads\/2024\/08\/OVGU-Logo.png",511,216,false],"xxxxxl":["https:\/\/sfb1436.de\/wp-content\/uploads\/2024\/08\/OVGU-Logo.png",511,216,false],"1536x1536":["https:\/\/sfb1436.de\/wp-content\/uploads\/2024\/08\/OVGU-Logo.png",511,216,false],"2048x2048":["https:\/\/sfb1436.de\/wp-content\/uploads\/2024\/08\/OVGU-Logo.png",511,216,false],"awsm_team":["https:\/\/sfb1436.de\/wp-content\/uploads\/2024\/08\/OVGU-Logo.png",511,216,false]},"uagb_author_info":{"display_name":"redakteur","author_link":"https:\/\/sfb1436.de\/de\/author\/redakteur\/"},"uagb_comment_info":0,"uagb_excerpt":"Mit einem Memorandum of Understanding zwischen der Universit\u00e4t Iowa und der Otto-von-Guericke-Universit\u00e4t baut der Standort Magdeburg seine internationalen Kooperationen in den Neurowissenschaften weiter aus. Die Kooperation bildet die Grundlage f\u00fcr eine vertiefte Zusammenarbeit in Forschung, Lehre und akademischer Ausbildung. Einen ausf\u00fchrlichen Bericht der OVGU-Presseabteilung dazu finden Sie hier.","_links":{"self":[{"href":"https:\/\/sfb1436.de\/de\/wp-json\/wp\/v2\/posts\/30188","targetHints":{"allow":["GET"]}}],"collection":[{"href":"https:\/\/sfb1436.de\/de\/wp-json\/wp\/v2\/posts"}],"about":[{"href":"https:\/\/sfb1436.de\/de\/wp-json\/wp\/v2\/types\/post"}],"author":[{"embeddable":true,"href":"https:\/\/sfb1436.de\/de\/wp-json\/wp\/v2\/users\/4"}],"replies":[{"embeddable":true,"href":"https:\/\/sfb1436.de\/de\/wp-json\/wp\/v2\/comments?post=30188"}],"version-history":[{"count":2,"href":"https:\/\/sfb1436.de\/de\/wp-json\/wp\/v2\/posts\/30188\/revisions"}],"predecessor-version":[{"id":30190,"href":"https:\/\/sfb1436.de\/de\/wp-json\/wp\/v2\/posts\/30188\/revisions\/30190"}],"wp:featuredmedia":[{"embeddable":true,"href":"https:\/\/sfb1436.de\/de\/wp-json\/wp\/v2\/media\/22105"}],"wp:attachment":[{"href":"https:\/\/sfb1436.de\/de\/wp-json\/wp\/v2\/media?parent=30188"}],"wp:term":[{"taxonomy":"category","embeddable":true,"href":"https:\/\/sfb1436.de\/de\/wp-json\/wp\/v2\/categories?post=30188"},{"taxonomy":"post_tag","embeddable":true,"href":"https:\/\/sfb1436.de\/de\/wp-json\/wp\/v2\/tags?post=30188"}],"curies":[{"name":"wp","href":"https:\/\/api.w.org\/{rel}","templated":true}]}}