{"id":30180,"date":"2026-04-02T12:20:44","date_gmt":"2026-04-02T10:20:44","guid":{"rendered":"https:\/\/sfb1436.de\/?p=30180"},"modified":"2026-04-10T12:23:09","modified_gmt":"2026-04-10T10:23:09","slug":"thomas-nickl-jockschat-im-podcast-wdr-5-quarks-wissenschaft-und-mehr","status":"publish","type":"post","link":"https:\/\/sfb1436.de\/de\/thomas-nickl-jockschat-im-podcast-wdr-5-quarks-wissenschaft-und-mehr\/","title":{"rendered":"Thomas Nickl-Jockschat im Podcast WDR 5 Quarks &#8211; Wissenschaft und mehr"},"content":{"rendered":"\n<p class=\"wp-block-paragraph\">In der Reihe Quarks \u2013 Wissenschaft und mehr des WDR5 vom 16.03.2026 spricht SFB 1436 Projektleiter Thomas Nickl-Jockschat \u00fcber das Vergessen und warum es so wichtig ist, dass wir nicht alle Information stets behalten.<\/p>\n\n\n\n<p class=\"wp-block-paragraph\"><a href=\"https:\/\/www1.wdr.de\/mediathek\/audio\/wdr5\/quarks\/index.html\" target=\"_blank\" rel=\"noreferrer noopener\">Die Folge hei\u00dft Ketamin &#8211; Parken &#8211; Doping und kann hier abgerufen werden.<\/a><\/p>\n\n\n\n<p class=\"wp-block-paragraph\">Viel Spa\u00df beim Reinh\u00f6ren.<\/p>\n","protected":false},"excerpt":{"rendered":"<p>In der Reihe Quarks \u2013 Wissenschaft und mehr des WDR5 vom 16.03.2026 spricht SFB 1436 Projektleiter Thomas Nickl-Jockschat \u00fcber das Vergessen und warum es so wichtig ist, dass wir nicht alle Information stets behalten. Die Folge hei\u00dft Ketamin &#8211; Parken &#8211; Doping und kann hier abgerufen werden. Viel Spa\u00df beim Reinh\u00f6ren.<\/p>\n","protected":false},"author":4,"featured_media":30184,"comment_status":"closed","ping_status":"closed","sticky":false,"template":"","format":"standard","meta":{"_crdt_document":"","_uag_custom_page_level_css":"","footnotes":""},"categories":[288,281,219,220],"tags":[566,1750,331,372,330,1205],"class_list":["post-30180","post","type-post","status-publish","format-standard","has-post-thumbnail","hentry","category-all-news-and-events-de","category-alle-news-und-events","category-events-de","category-news-de","tag-crc-1436-de","tag-das-vergessen","tag-magdeburg","tag-neurowissenschaften","tag-sfb-1436","tag-thomas-nickl-jockschat-2"],"yoast_head":"<!-- This site is optimized with the Yoast SEO plugin v27.1.1 - https:\/\/yoast.com\/product\/yoast-seo-wordpress\/ -->\n<title>Thomas Nickl-Jockschat im Podcast<\/title>\n<meta name=\"description\" content=\"In der Reihe Quarks \u2013 Wissenschaft und mehr des WDR5 spricht SFB 1436 Projektleiter Thomas Nickl-Jockschat \u00fcber das Vergessen.\" \/>\n<meta name=\"robots\" content=\"index, follow, max-snippet:-1, max-image-preview:large, max-video-preview:-1\" \/>\n<link rel=\"canonical\" href=\"https:\/\/sfb1436.de\/de\/thomas-nickl-jockschat-im-podcast-wdr-5-quarks-wissenschaft-und-mehr\/\" \/>\n<meta property=\"og:locale\" content=\"de_DE\" \/>\n<meta property=\"og:type\" content=\"article\" \/>\n<meta property=\"og:title\" content=\"Thomas Nickl-Jockschat im Podcast\" \/>\n<meta property=\"og:description\" content=\"In der Reihe Quarks \u2013 Wissenschaft und mehr des WDR5 spricht SFB 1436 Projektleiter Thomas Nickl-Jockschat \u00fcber das Vergessen.\" \/>\n<meta property=\"og:url\" content=\"https:\/\/sfb1436.de\/de\/thomas-nickl-jockschat-im-podcast-wdr-5-quarks-wissenschaft-und-mehr\/\" \/>\n<meta property=\"og:site_name\" content=\"SFB1436\" \/>\n<meta property=\"article:published_time\" content=\"2026-04-02T10:20:44+00:00\" \/>\n<meta property=\"article:modified_time\" content=\"2026-04-10T10:23:09+00:00\" \/>\n<meta property=\"og:image\" content=\"https:\/\/sfb1436.de\/wp-content\/uploads\/2026\/04\/WDR_Logo.webp\" \/>\n\t<meta property=\"og:image:width\" content=\"600\" \/>\n\t<meta property=\"og:image:height\" content=\"150\" \/>\n\t<meta property=\"og:image:type\" content=\"image\/webp\" \/>\n<meta name=\"author\" content=\"redakteur\" \/>\n<meta name=\"twitter:card\" content=\"summary_large_image\" \/>\n<meta name=\"twitter:label1\" content=\"Verfasst von\" \/>\n\t<meta name=\"twitter:data1\" content=\"redakteur\" \/>\n<script type=\"application\/ld+json\" class=\"yoast-schema-graph\">{\"@context\":\"https:\/\/schema.org\",\"@graph\":[{\"@type\":\"ScholarlyArticle\",\"@id\":\"https:\/\/sfb1436.de\/de\/thomas-nickl-jockschat-im-podcast-wdr-5-quarks-wissenschaft-und-mehr\/#article\",\"isPartOf\":{\"@id\":\"https:\/\/sfb1436.de\/de\/thomas-nickl-jockschat-im-podcast-wdr-5-quarks-wissenschaft-und-mehr\/\"},\"author\":{\"name\":\"redakteur\",\"@id\":\"https:\/\/sfb1436.de\/de\/#\/schema\/person\/c0ef0d254080f73ef2aa76e57caa6d12\"},\"headline\":\"Thomas Nickl-Jockschat im Podcast WDR 5 Quarks &#8211; Wissenschaft und mehr\",\"datePublished\":\"2026-04-02T10:20:44+00:00\",\"dateModified\":\"2026-04-10T10:23:09+00:00\",\"mainEntityOfPage\":{\"@id\":\"https:\/\/sfb1436.de\/de\/thomas-nickl-jockschat-im-podcast-wdr-5-quarks-wissenschaft-und-mehr\/\"},\"wordCount\":60,\"publisher\":{\"@id\":\"https:\/\/sfb1436.de\/de\/#organization\"},\"image\":{\"@id\":\"https:\/\/sfb1436.de\/de\/thomas-nickl-jockschat-im-podcast-wdr-5-quarks-wissenschaft-und-mehr\/#primaryimage\"},\"thumbnailUrl\":\"https:\/\/sfb1436.de\/wp-content\/uploads\/2026\/04\/WDR_Logo.webp\",\"keywords\":[\"CRC 1436\",\"Das Vergessen\",\"Magdeburg\",\"Neurowissenschaften\",\"SFB 1436\",\"Thomas Nickl-Jockschat\"],\"articleSection\":[\"All News and Events\",\"Alle News und Events\",\"Events\",\"News\"],\"inLanguage\":\"de\"},{\"@type\":\"WebPage\",\"@id\":\"https:\/\/sfb1436.de\/de\/thomas-nickl-jockschat-im-podcast-wdr-5-quarks-wissenschaft-und-mehr\/\",\"url\":\"https:\/\/sfb1436.de\/de\/thomas-nickl-jockschat-im-podcast-wdr-5-quarks-wissenschaft-und-mehr\/\",\"name\":\"Thomas Nickl-Jockschat im Podcast\",\"isPartOf\":{\"@id\":\"https:\/\/sfb1436.de\/de\/#website\"},\"primaryImageOfPage\":{\"@id\":\"https:\/\/sfb1436.de\/de\/thomas-nickl-jockschat-im-podcast-wdr-5-quarks-wissenschaft-und-mehr\/#primaryimage\"},\"image\":{\"@id\":\"https:\/\/sfb1436.de\/de\/thomas-nickl-jockschat-im-podcast-wdr-5-quarks-wissenschaft-und-mehr\/#primaryimage\"},\"thumbnailUrl\":\"https:\/\/sfb1436.de\/wp-content\/uploads\/2026\/04\/WDR_Logo.webp\",\"datePublished\":\"2026-04-02T10:20:44+00:00\",\"dateModified\":\"2026-04-10T10:23:09+00:00\",\"description\":\"In der Reihe Quarks \u2013 Wissenschaft und mehr des WDR5 spricht SFB 1436 Projektleiter Thomas Nickl-Jockschat \u00fcber das Vergessen.\",\"breadcrumb\":{\"@id\":\"https:\/\/sfb1436.de\/de\/thomas-nickl-jockschat-im-podcast-wdr-5-quarks-wissenschaft-und-mehr\/#breadcrumb\"},\"inLanguage\":\"de\",\"potentialAction\":[{\"@type\":\"ReadAction\",\"target\":[\"https:\/\/sfb1436.de\/de\/thomas-nickl-jockschat-im-podcast-wdr-5-quarks-wissenschaft-und-mehr\/\"]}]},{\"@type\":\"ImageObject\",\"inLanguage\":\"de\",\"@id\":\"https:\/\/sfb1436.de\/de\/thomas-nickl-jockschat-im-podcast-wdr-5-quarks-wissenschaft-und-mehr\/#primaryimage\",\"url\":\"https:\/\/sfb1436.de\/wp-content\/uploads\/2026\/04\/WDR_Logo.webp\",\"contentUrl\":\"https:\/\/sfb1436.de\/wp-content\/uploads\/2026\/04\/WDR_Logo.webp\",\"width\":600,\"height\":150,\"caption\":\"Logo WDR\"},{\"@type\":\"BreadcrumbList\",\"@id\":\"https:\/\/sfb1436.de\/de\/thomas-nickl-jockschat-im-podcast-wdr-5-quarks-wissenschaft-und-mehr\/#breadcrumb\",\"itemListElement\":[{\"@type\":\"ListItem\",\"position\":1,\"name\":\"Startseite\",\"item\":\"https:\/\/sfb1436.de\/de\/\"},{\"@type\":\"ListItem\",\"position\":2,\"name\":\"Thomas Nickl-Jockschat im Podcast WDR 5 Quarks - Wissenschaft und mehr\"}]},{\"@type\":\"WebSite\",\"@id\":\"https:\/\/sfb1436.de\/de\/#website\",\"url\":\"https:\/\/sfb1436.de\/de\/\",\"name\":\"SFB1436\",\"description\":\"\",\"publisher\":{\"@id\":\"https:\/\/sfb1436.de\/de\/#organization\"},\"potentialAction\":[{\"@type\":\"SearchAction\",\"target\":{\"@type\":\"EntryPoint\",\"urlTemplate\":\"https:\/\/sfb1436.de\/de\/?s={search_term_string}\"},\"query-input\":{\"@type\":\"PropertyValueSpecification\",\"valueRequired\":true,\"valueName\":\"search_term_string\"}}],\"inLanguage\":\"de\"},{\"@type\":\"Organization\",\"@id\":\"https:\/\/sfb1436.de\/de\/#organization\",\"name\":\"Otto-von-Guericke Universit\u00e4t Medizinische Fakult\u00e4t Institut f\u00fcr Kognitive Neurologie und Demenzforschung\",\"url\":\"https:\/\/sfb1436.de\/de\/\",\"logo\":{\"@type\":\"ImageObject\",\"inLanguage\":\"de\",\"@id\":\"https:\/\/sfb1436.de\/de\/#\/schema\/logo\/image\/\",\"url\":\"https:\/\/sfb1436.de\/wp-content\/uploads\/2021\/12\/logo-sfb.png\",\"contentUrl\":\"https:\/\/sfb1436.de\/wp-content\/uploads\/2021\/12\/logo-sfb.png\",\"width\":1244,\"height\":820,\"caption\":\"Otto-von-Guericke Universit\u00e4t Medizinische Fakult\u00e4t Institut f\u00fcr Kognitive Neurologie und Demenzforschung\"},\"image\":{\"@id\":\"https:\/\/sfb1436.de\/de\/#\/schema\/logo\/image\/\"}},{\"@type\":\"Person\",\"@id\":\"https:\/\/sfb1436.de\/de\/#\/schema\/person\/c0ef0d254080f73ef2aa76e57caa6d12\",\"name\":\"redakteur\"}]}<\/script>\n<!-- \/ Yoast SEO plugin. -->","yoast_head_json":{"title":"Thomas Nickl-Jockschat im Podcast","description":"In der Reihe Quarks \u2013 Wissenschaft und mehr des WDR5 spricht SFB 1436 Projektleiter Thomas Nickl-Jockschat \u00fcber das Vergessen.","robots":{"index":"index","follow":"follow","max-snippet":"max-snippet:-1","max-image-preview":"max-image-preview:large","max-video-preview":"max-video-preview:-1"},"canonical":"https:\/\/sfb1436.de\/de\/thomas-nickl-jockschat-im-podcast-wdr-5-quarks-wissenschaft-und-mehr\/","og_locale":"de_DE","og_type":"article","og_title":"Thomas Nickl-Jockschat im Podcast","og_description":"In der Reihe Quarks \u2013 Wissenschaft und mehr des WDR5 spricht SFB 1436 Projektleiter Thomas Nickl-Jockschat \u00fcber das Vergessen.","og_url":"https:\/\/sfb1436.de\/de\/thomas-nickl-jockschat-im-podcast-wdr-5-quarks-wissenschaft-und-mehr\/","og_site_name":"SFB1436","article_published_time":"2026-04-02T10:20:44+00:00","article_modified_time":"2026-04-10T10:23:09+00:00","og_image":[{"width":600,"height":150,"url":"https:\/\/sfb1436.de\/wp-content\/uploads\/2026\/04\/WDR_Logo.webp","type":"image\/webp"}],"author":"redakteur","twitter_card":"summary_large_image","twitter_misc":{"Verfasst von":"redakteur"},"schema":{"@context":"https:\/\/schema.org","@graph":[{"@type":"ScholarlyArticle","@id":"https:\/\/sfb1436.de\/de\/thomas-nickl-jockschat-im-podcast-wdr-5-quarks-wissenschaft-und-mehr\/#article","isPartOf":{"@id":"https:\/\/sfb1436.de\/de\/thomas-nickl-jockschat-im-podcast-wdr-5-quarks-wissenschaft-und-mehr\/"},"author":{"name":"redakteur","@id":"https:\/\/sfb1436.de\/de\/#\/schema\/person\/c0ef0d254080f73ef2aa76e57caa6d12"},"headline":"Thomas Nickl-Jockschat im Podcast WDR 5 Quarks &#8211; Wissenschaft und mehr","datePublished":"2026-04-02T10:20:44+00:00","dateModified":"2026-04-10T10:23:09+00:00","mainEntityOfPage":{"@id":"https:\/\/sfb1436.de\/de\/thomas-nickl-jockschat-im-podcast-wdr-5-quarks-wissenschaft-und-mehr\/"},"wordCount":60,"publisher":{"@id":"https:\/\/sfb1436.de\/de\/#organization"},"image":{"@id":"https:\/\/sfb1436.de\/de\/thomas-nickl-jockschat-im-podcast-wdr-5-quarks-wissenschaft-und-mehr\/#primaryimage"},"thumbnailUrl":"https:\/\/sfb1436.de\/wp-content\/uploads\/2026\/04\/WDR_Logo.webp","keywords":["CRC 1436","Das Vergessen","Magdeburg","Neurowissenschaften","SFB 1436","Thomas Nickl-Jockschat"],"articleSection":["All News and Events","Alle News und Events","Events","News"],"inLanguage":"de"},{"@type":"WebPage","@id":"https:\/\/sfb1436.de\/de\/thomas-nickl-jockschat-im-podcast-wdr-5-quarks-wissenschaft-und-mehr\/","url":"https:\/\/sfb1436.de\/de\/thomas-nickl-jockschat-im-podcast-wdr-5-quarks-wissenschaft-und-mehr\/","name":"Thomas Nickl-Jockschat im Podcast","isPartOf":{"@id":"https:\/\/sfb1436.de\/de\/#website"},"primaryImageOfPage":{"@id":"https:\/\/sfb1436.de\/de\/thomas-nickl-jockschat-im-podcast-wdr-5-quarks-wissenschaft-und-mehr\/#primaryimage"},"image":{"@id":"https:\/\/sfb1436.de\/de\/thomas-nickl-jockschat-im-podcast-wdr-5-quarks-wissenschaft-und-mehr\/#primaryimage"},"thumbnailUrl":"https:\/\/sfb1436.de\/wp-content\/uploads\/2026\/04\/WDR_Logo.webp","datePublished":"2026-04-02T10:20:44+00:00","dateModified":"2026-04-10T10:23:09+00:00","description":"In der Reihe Quarks \u2013 Wissenschaft und mehr des WDR5 spricht SFB 1436 Projektleiter Thomas Nickl-Jockschat \u00fcber das Vergessen.","breadcrumb":{"@id":"https:\/\/sfb1436.de\/de\/thomas-nickl-jockschat-im-podcast-wdr-5-quarks-wissenschaft-und-mehr\/#breadcrumb"},"inLanguage":"de","potentialAction":[{"@type":"ReadAction","target":["https:\/\/sfb1436.de\/de\/thomas-nickl-jockschat-im-podcast-wdr-5-quarks-wissenschaft-und-mehr\/"]}]},{"@type":"ImageObject","inLanguage":"de","@id":"https:\/\/sfb1436.de\/de\/thomas-nickl-jockschat-im-podcast-wdr-5-quarks-wissenschaft-und-mehr\/#primaryimage","url":"https:\/\/sfb1436.de\/wp-content\/uploads\/2026\/04\/WDR_Logo.webp","contentUrl":"https:\/\/sfb1436.de\/wp-content\/uploads\/2026\/04\/WDR_Logo.webp","width":600,"height":150,"caption":"Logo WDR"},{"@type":"BreadcrumbList","@id":"https:\/\/sfb1436.de\/de\/thomas-nickl-jockschat-im-podcast-wdr-5-quarks-wissenschaft-und-mehr\/#breadcrumb","itemListElement":[{"@type":"ListItem","position":1,"name":"Startseite","item":"https:\/\/sfb1436.de\/de\/"},{"@type":"ListItem","position":2,"name":"Thomas Nickl-Jockschat im Podcast WDR 5 Quarks - Wissenschaft und mehr"}]},{"@type":"WebSite","@id":"https:\/\/sfb1436.de\/de\/#website","url":"https:\/\/sfb1436.de\/de\/","name":"SFB1436","description":"","publisher":{"@id":"https:\/\/sfb1436.de\/de\/#organization"},"potentialAction":[{"@type":"SearchAction","target":{"@type":"EntryPoint","urlTemplate":"https:\/\/sfb1436.de\/de\/?s={search_term_string}"},"query-input":{"@type":"PropertyValueSpecification","valueRequired":true,"valueName":"search_term_string"}}],"inLanguage":"de"},{"@type":"Organization","@id":"https:\/\/sfb1436.de\/de\/#organization","name":"Otto-von-Guericke Universit\u00e4t Medizinische Fakult\u00e4t Institut f\u00fcr Kognitive Neurologie und Demenzforschung","url":"https:\/\/sfb1436.de\/de\/","logo":{"@type":"ImageObject","inLanguage":"de","@id":"https:\/\/sfb1436.de\/de\/#\/schema\/logo\/image\/","url":"https:\/\/sfb1436.de\/wp-content\/uploads\/2021\/12\/logo-sfb.png","contentUrl":"https:\/\/sfb1436.de\/wp-content\/uploads\/2021\/12\/logo-sfb.png","width":1244,"height":820,"caption":"Otto-von-Guericke Universit\u00e4t Medizinische Fakult\u00e4t Institut f\u00fcr Kognitive Neurologie und Demenzforschung"},"image":{"@id":"https:\/\/sfb1436.de\/de\/#\/schema\/logo\/image\/"}},{"@type":"Person","@id":"https:\/\/sfb1436.de\/de\/#\/schema\/person\/c0ef0d254080f73ef2aa76e57caa6d12","name":"redakteur"}]}},"uagb_featured_image_src":{"full":["https:\/\/sfb1436.de\/wp-content\/uploads\/2026\/04\/WDR_Logo.webp",600,150,false],"thumbnail":["https:\/\/sfb1436.de\/wp-content\/uploads\/2026\/04\/WDR_Logo-150x150.webp",150,150,true],"medium":["https:\/\/sfb1436.de\/wp-content\/uploads\/2026\/04\/WDR_Logo-300x75.webp",300,75,true],"medium_large":["https:\/\/sfb1436.de\/wp-content\/uploads\/2026\/04\/WDR_Logo.webp",600,150,false],"large":["https:\/\/sfb1436.de\/wp-content\/uploads\/2026\/04\/WDR_Logo.webp",600,150,false],"gs-tiny":["https:\/\/sfb1436.de\/wp-content\/uploads\/2026\/04\/WDR_Logo-50x13.webp",50,13,true],"xl":["https:\/\/sfb1436.de\/wp-content\/uploads\/2026\/04\/WDR_Logo.webp",600,150,false],"xxl":["https:\/\/sfb1436.de\/wp-content\/uploads\/2026\/04\/WDR_Logo.webp",600,150,false],"xxxl":["https:\/\/sfb1436.de\/wp-content\/uploads\/2026\/04\/WDR_Logo.webp",600,150,false],"xxxxl":["https:\/\/sfb1436.de\/wp-content\/uploads\/2026\/04\/WDR_Logo.webp",600,150,false],"xxxxxl":["https:\/\/sfb1436.de\/wp-content\/uploads\/2026\/04\/WDR_Logo.webp",600,150,false],"1536x1536":["https:\/\/sfb1436.de\/wp-content\/uploads\/2026\/04\/WDR_Logo.webp",600,150,false],"2048x2048":["https:\/\/sfb1436.de\/wp-content\/uploads\/2026\/04\/WDR_Logo.webp",600,150,false],"awsm_team":["https:\/\/sfb1436.de\/wp-content\/uploads\/2026\/04\/WDR_Logo.webp",600,150,false]},"uagb_author_info":{"display_name":"redakteur","author_link":"https:\/\/sfb1436.de\/de\/author\/redakteur\/"},"uagb_comment_info":0,"uagb_excerpt":"In der Reihe Quarks \u2013 Wissenschaft und mehr des WDR5 vom 16.03.2026 spricht SFB 1436 Projektleiter Thomas Nickl-Jockschat \u00fcber das Vergessen und warum es so wichtig ist, dass wir nicht alle Information stets behalten. Die Folge hei\u00dft Ketamin &#8211; Parken &#8211; Doping und kann hier abgerufen werden. Viel Spa\u00df beim Reinh\u00f6ren.","_links":{"self":[{"href":"https:\/\/sfb1436.de\/de\/wp-json\/wp\/v2\/posts\/30180","targetHints":{"allow":["GET"]}}],"collection":[{"href":"https:\/\/sfb1436.de\/de\/wp-json\/wp\/v2\/posts"}],"about":[{"href":"https:\/\/sfb1436.de\/de\/wp-json\/wp\/v2\/types\/post"}],"author":[{"embeddable":true,"href":"https:\/\/sfb1436.de\/de\/wp-json\/wp\/v2\/users\/4"}],"replies":[{"embeddable":true,"href":"https:\/\/sfb1436.de\/de\/wp-json\/wp\/v2\/comments?post=30180"}],"version-history":[{"count":2,"href":"https:\/\/sfb1436.de\/de\/wp-json\/wp\/v2\/posts\/30180\/revisions"}],"predecessor-version":[{"id":30182,"href":"https:\/\/sfb1436.de\/de\/wp-json\/wp\/v2\/posts\/30180\/revisions\/30182"}],"wp:featuredmedia":[{"embeddable":true,"href":"https:\/\/sfb1436.de\/de\/wp-json\/wp\/v2\/media\/30184"}],"wp:attachment":[{"href":"https:\/\/sfb1436.de\/de\/wp-json\/wp\/v2\/media?parent=30180"}],"wp:term":[{"taxonomy":"category","embeddable":true,"href":"https:\/\/sfb1436.de\/de\/wp-json\/wp\/v2\/categories?post=30180"},{"taxonomy":"post_tag","embeddable":true,"href":"https:\/\/sfb1436.de\/de\/wp-json\/wp\/v2\/tags?post=30180"}],"curies":[{"name":"wp","href":"https:\/\/api.w.org\/{rel}","templated":true}]}}