{"id":29688,"date":"2025-12-17T10:00:00","date_gmt":"2025-12-17T09:00:00","guid":{"rendered":"https:\/\/sfb1436.de\/?p=29688"},"modified":"2025-12-19T11:56:44","modified_gmt":"2025-12-19T10:56:44","slug":"verlaengerung-der-for-5228-syntophagy","status":"publish","type":"post","link":"https:\/\/sfb1436.de\/de\/verlaengerung-der-for-5228-syntophagy\/","title":{"rendered":"Verl\u00e4ngerung der FOR 5228 &#8211; Syntophagy"},"content":{"rendered":"\n<p class=\"wp-block-paragraph\">Mit der Verl\u00e4ngerung der Forschungsgruppe &#8222;<a href=\"https:\/\/syntophagy.de\/\" target=\"_blank\" rel=\"noreferrer noopener\">Syntophagy<\/a>&#8220; f\u00fcr weitere vier Jahre kann auch SFB Co-Sprecher und PI der Teilprojekt A02, A04 und Z01 Michael R. Kreutz auf ein besonders erfolgreiches Jahr zur\u00fcckblicken. In der vergangenen Woche gab die <a href=\"https:\/\/www.dfg.de\/de\/service\/presse\/pressemitteilungen\/2025\/pressemitteilung-nr-42\" target=\"_blank\" rel=\"noreferrer noopener\">DFG die Entscheidung zur Neuf\u00f6rderung und F\u00f6rderverl\u00e4ngerung f\u00fcr die FOR <\/a>bekannt. Die Forschungsgruppe \u201eMembrantransportprozesse zur Regulation pr\u00e4synaptischer Proteostase&#8220; unter der Leitung von Professor Michael R. Kreutz (LIN), Magdeburg konnte die DFG von ihrer beeindruckenden wissenschaftlichen Arbeit der zur\u00fcckliegenden vier Jahre \u00fcberzeugen, wurde entsprechend positiv evaluiert und darf diese nun fortsetzen.<\/p>\n\n\n\n<p class=\"wp-block-paragraph\">Wir gratulieren Michael R. Kreutz und dem gesamten Team recht herzlich.<\/p>\n","protected":false},"excerpt":{"rendered":"<p>Mit der Verl\u00e4ngerung der Forschungsgruppe &#8222;Syntophagy&#8220; f\u00fcr weitere vier Jahre kann auch SFB Co-Sprecher und PI der Teilprojekt A02, A04 und Z01 Michael R. Kreutz auf ein besonders erfolgreiches Jahr zur\u00fcckblicken. In der vergangenen Woche gab die DFG die Entscheidung zur Neuf\u00f6rderung und F\u00f6rderverl\u00e4ngerung f\u00fcr die FOR bekannt. Die Forschungsgruppe \u201eMembrantransportprozesse zur Regulation pr\u00e4synaptischer Proteostase&#8220; [&hellip;]<\/p>\n","protected":false},"author":4,"featured_media":26413,"comment_status":"closed","ping_status":"closed","sticky":false,"template":"","format":"standard","meta":{"_crdt_document":"","_uag_custom_page_level_css":"","footnotes":""},"categories":[288,281,219,220],"tags":[771,1694,331,1230,372,330,1380],"class_list":["post-29688","post","type-post","status-publish","format-standard","has-post-thumbnail","hentry","category-all-news-and-events-de","category-alle-news-und-events","category-events-de","category-news-de","tag-dfg","tag-for-5228","tag-magdeburg","tag-michael-r-kreutz-2","tag-neurowissenschaften","tag-sfb-1436","tag-syntophagy"],"yoast_head":"<!-- This site is optimized with the Yoast SEO plugin v27.1.1 - https:\/\/yoast.com\/product\/yoast-seo-wordpress\/ -->\n<title>Verl\u00e4ngerung der FOR 5228 - Syntophagy<\/title>\n<meta name=\"description\" content=\"Mit der Verl\u00e4ngerung der Forschungsgruppe &quot;Syntophagy&quot; kann Michael R. Kreutz auf ein besonders erfolgreiches Jahr zur\u00fcckblicken.\" \/>\n<meta name=\"robots\" content=\"index, follow, max-snippet:-1, max-image-preview:large, max-video-preview:-1\" \/>\n<link rel=\"canonical\" href=\"https:\/\/sfb1436.de\/de\/verlaengerung-der-for-5228-syntophagy\/\" \/>\n<meta property=\"og:locale\" content=\"de_DE\" \/>\n<meta property=\"og:type\" content=\"article\" \/>\n<meta property=\"og:title\" content=\"Verl\u00e4ngerung der FOR 5228 - Syntophagy\" \/>\n<meta property=\"og:description\" content=\"Mit der Verl\u00e4ngerung der Forschungsgruppe &quot;Syntophagy&quot; kann Michael R. Kreutz auf ein besonders erfolgreiches Jahr zur\u00fcckblicken.\" \/>\n<meta property=\"og:url\" content=\"https:\/\/sfb1436.de\/de\/verlaengerung-der-for-5228-syntophagy\/\" \/>\n<meta property=\"og:site_name\" content=\"SFB1436\" \/>\n<meta property=\"article:published_time\" content=\"2025-12-17T09:00:00+00:00\" \/>\n<meta property=\"article:modified_time\" content=\"2025-12-19T10:56:44+00:00\" \/>\n<meta property=\"og:image\" content=\"https:\/\/sfb1436.de\/wp-content\/uploads\/2025\/03\/Syntophagy.png\" \/>\n\t<meta property=\"og:image:width\" content=\"683\" \/>\n\t<meta property=\"og:image:height\" content=\"224\" \/>\n\t<meta property=\"og:image:type\" content=\"image\/png\" \/>\n<meta name=\"author\" content=\"redakteur\" \/>\n<meta name=\"twitter:card\" content=\"summary_large_image\" \/>\n<meta name=\"twitter:label1\" content=\"Verfasst von\" \/>\n\t<meta name=\"twitter:data1\" content=\"redakteur\" \/>\n\t<meta name=\"twitter:label2\" content=\"Gesch\u00e4tzte Lesezeit\" \/>\n\t<meta name=\"twitter:data2\" content=\"1\u00a0Minute\" \/>\n<script type=\"application\/ld+json\" class=\"yoast-schema-graph\">{\"@context\":\"https:\/\/schema.org\",\"@graph\":[{\"@type\":\"ScholarlyArticle\",\"@id\":\"https:\/\/sfb1436.de\/de\/verlaengerung-der-for-5228-syntophagy\/#article\",\"isPartOf\":{\"@id\":\"https:\/\/sfb1436.de\/de\/verlaengerung-der-for-5228-syntophagy\/\"},\"author\":{\"name\":\"redakteur\",\"@id\":\"https:\/\/sfb1436.de\/de\/#\/schema\/person\/c0ef0d254080f73ef2aa76e57caa6d12\"},\"headline\":\"Verl\u00e4ngerung der FOR 5228 &#8211; Syntophagy\",\"datePublished\":\"2025-12-17T09:00:00+00:00\",\"dateModified\":\"2025-12-19T10:56:44+00:00\",\"mainEntityOfPage\":{\"@id\":\"https:\/\/sfb1436.de\/de\/verlaengerung-der-for-5228-syntophagy\/\"},\"wordCount\":113,\"publisher\":{\"@id\":\"https:\/\/sfb1436.de\/de\/#organization\"},\"image\":{\"@id\":\"https:\/\/sfb1436.de\/de\/verlaengerung-der-for-5228-syntophagy\/#primaryimage\"},\"thumbnailUrl\":\"https:\/\/sfb1436.de\/wp-content\/uploads\/2025\/03\/Syntophagy.png\",\"keywords\":[\"DFG\",\"FOR 5228\",\"Magdeburg\",\"Michael R. Kreutz\",\"Neurowissenschaften\",\"SFB 1436\",\"Syntophagy\"],\"articleSection\":[\"All News and Events\",\"Alle News und Events\",\"Events\",\"News\"],\"inLanguage\":\"de\"},{\"@type\":\"WebPage\",\"@id\":\"https:\/\/sfb1436.de\/de\/verlaengerung-der-for-5228-syntophagy\/\",\"url\":\"https:\/\/sfb1436.de\/de\/verlaengerung-der-for-5228-syntophagy\/\",\"name\":\"Verl\u00e4ngerung der FOR 5228 - Syntophagy\",\"isPartOf\":{\"@id\":\"https:\/\/sfb1436.de\/de\/#website\"},\"primaryImageOfPage\":{\"@id\":\"https:\/\/sfb1436.de\/de\/verlaengerung-der-for-5228-syntophagy\/#primaryimage\"},\"image\":{\"@id\":\"https:\/\/sfb1436.de\/de\/verlaengerung-der-for-5228-syntophagy\/#primaryimage\"},\"thumbnailUrl\":\"https:\/\/sfb1436.de\/wp-content\/uploads\/2025\/03\/Syntophagy.png\",\"datePublished\":\"2025-12-17T09:00:00+00:00\",\"dateModified\":\"2025-12-19T10:56:44+00:00\",\"description\":\"Mit der Verl\u00e4ngerung der Forschungsgruppe \\\"Syntophagy\\\" kann Michael R. Kreutz auf ein besonders erfolgreiches Jahr zur\u00fcckblicken.\",\"breadcrumb\":{\"@id\":\"https:\/\/sfb1436.de\/de\/verlaengerung-der-for-5228-syntophagy\/#breadcrumb\"},\"inLanguage\":\"de\",\"potentialAction\":[{\"@type\":\"ReadAction\",\"target\":[\"https:\/\/sfb1436.de\/de\/verlaengerung-der-for-5228-syntophagy\/\"]}]},{\"@type\":\"ImageObject\",\"inLanguage\":\"de\",\"@id\":\"https:\/\/sfb1436.de\/de\/verlaengerung-der-for-5228-syntophagy\/#primaryimage\",\"url\":\"https:\/\/sfb1436.de\/wp-content\/uploads\/2025\/03\/Syntophagy.png\",\"contentUrl\":\"https:\/\/sfb1436.de\/wp-content\/uploads\/2025\/03\/Syntophagy.png\",\"width\":683,\"height\":224,\"caption\":\"Illustration von Syntophagie, einem biologischen Prozess.\"},{\"@type\":\"BreadcrumbList\",\"@id\":\"https:\/\/sfb1436.de\/de\/verlaengerung-der-for-5228-syntophagy\/#breadcrumb\",\"itemListElement\":[{\"@type\":\"ListItem\",\"position\":1,\"name\":\"Startseite\",\"item\":\"https:\/\/sfb1436.de\/de\/\"},{\"@type\":\"ListItem\",\"position\":2,\"name\":\"Verl\u00e4ngerung der FOR 5228 &#8211; Syntophagy\"}]},{\"@type\":\"WebSite\",\"@id\":\"https:\/\/sfb1436.de\/de\/#website\",\"url\":\"https:\/\/sfb1436.de\/de\/\",\"name\":\"SFB1436\",\"description\":\"\",\"publisher\":{\"@id\":\"https:\/\/sfb1436.de\/de\/#organization\"},\"potentialAction\":[{\"@type\":\"SearchAction\",\"target\":{\"@type\":\"EntryPoint\",\"urlTemplate\":\"https:\/\/sfb1436.de\/de\/?s={search_term_string}\"},\"query-input\":{\"@type\":\"PropertyValueSpecification\",\"valueRequired\":true,\"valueName\":\"search_term_string\"}}],\"inLanguage\":\"de\"},{\"@type\":\"Organization\",\"@id\":\"https:\/\/sfb1436.de\/de\/#organization\",\"name\":\"Otto-von-Guericke Universit\u00e4t Medizinische Fakult\u00e4t Institut f\u00fcr Kognitive Neurologie und Demenzforschung\",\"url\":\"https:\/\/sfb1436.de\/de\/\",\"logo\":{\"@type\":\"ImageObject\",\"inLanguage\":\"de\",\"@id\":\"https:\/\/sfb1436.de\/de\/#\/schema\/logo\/image\/\",\"url\":\"https:\/\/sfb1436.de\/wp-content\/uploads\/2021\/12\/logo-sfb.png\",\"contentUrl\":\"https:\/\/sfb1436.de\/wp-content\/uploads\/2021\/12\/logo-sfb.png\",\"width\":1244,\"height\":820,\"caption\":\"Otto-von-Guericke Universit\u00e4t Medizinische Fakult\u00e4t Institut f\u00fcr Kognitive Neurologie und Demenzforschung\"},\"image\":{\"@id\":\"https:\/\/sfb1436.de\/de\/#\/schema\/logo\/image\/\"}},{\"@type\":\"Person\",\"@id\":\"https:\/\/sfb1436.de\/de\/#\/schema\/person\/c0ef0d254080f73ef2aa76e57caa6d12\",\"name\":\"redakteur\"}]}<\/script>\n<!-- \/ Yoast SEO plugin. -->","yoast_head_json":{"title":"Verl\u00e4ngerung der FOR 5228 - Syntophagy","description":"Mit der Verl\u00e4ngerung der Forschungsgruppe \"Syntophagy\" kann Michael R. Kreutz auf ein besonders erfolgreiches Jahr zur\u00fcckblicken.","robots":{"index":"index","follow":"follow","max-snippet":"max-snippet:-1","max-image-preview":"max-image-preview:large","max-video-preview":"max-video-preview:-1"},"canonical":"https:\/\/sfb1436.de\/de\/verlaengerung-der-for-5228-syntophagy\/","og_locale":"de_DE","og_type":"article","og_title":"Verl\u00e4ngerung der FOR 5228 - Syntophagy","og_description":"Mit der Verl\u00e4ngerung der Forschungsgruppe \"Syntophagy\" kann Michael R. Kreutz auf ein besonders erfolgreiches Jahr zur\u00fcckblicken.","og_url":"https:\/\/sfb1436.de\/de\/verlaengerung-der-for-5228-syntophagy\/","og_site_name":"SFB1436","article_published_time":"2025-12-17T09:00:00+00:00","article_modified_time":"2025-12-19T10:56:44+00:00","og_image":[{"width":683,"height":224,"url":"https:\/\/sfb1436.de\/wp-content\/uploads\/2025\/03\/Syntophagy.png","type":"image\/png"}],"author":"redakteur","twitter_card":"summary_large_image","twitter_misc":{"Verfasst von":"redakteur","Gesch\u00e4tzte Lesezeit":"1\u00a0Minute"},"schema":{"@context":"https:\/\/schema.org","@graph":[{"@type":"ScholarlyArticle","@id":"https:\/\/sfb1436.de\/de\/verlaengerung-der-for-5228-syntophagy\/#article","isPartOf":{"@id":"https:\/\/sfb1436.de\/de\/verlaengerung-der-for-5228-syntophagy\/"},"author":{"name":"redakteur","@id":"https:\/\/sfb1436.de\/de\/#\/schema\/person\/c0ef0d254080f73ef2aa76e57caa6d12"},"headline":"Verl\u00e4ngerung der FOR 5228 &#8211; Syntophagy","datePublished":"2025-12-17T09:00:00+00:00","dateModified":"2025-12-19T10:56:44+00:00","mainEntityOfPage":{"@id":"https:\/\/sfb1436.de\/de\/verlaengerung-der-for-5228-syntophagy\/"},"wordCount":113,"publisher":{"@id":"https:\/\/sfb1436.de\/de\/#organization"},"image":{"@id":"https:\/\/sfb1436.de\/de\/verlaengerung-der-for-5228-syntophagy\/#primaryimage"},"thumbnailUrl":"https:\/\/sfb1436.de\/wp-content\/uploads\/2025\/03\/Syntophagy.png","keywords":["DFG","FOR 5228","Magdeburg","Michael R. Kreutz","Neurowissenschaften","SFB 1436","Syntophagy"],"articleSection":["All News and Events","Alle News und Events","Events","News"],"inLanguage":"de"},{"@type":"WebPage","@id":"https:\/\/sfb1436.de\/de\/verlaengerung-der-for-5228-syntophagy\/","url":"https:\/\/sfb1436.de\/de\/verlaengerung-der-for-5228-syntophagy\/","name":"Verl\u00e4ngerung der FOR 5228 - Syntophagy","isPartOf":{"@id":"https:\/\/sfb1436.de\/de\/#website"},"primaryImageOfPage":{"@id":"https:\/\/sfb1436.de\/de\/verlaengerung-der-for-5228-syntophagy\/#primaryimage"},"image":{"@id":"https:\/\/sfb1436.de\/de\/verlaengerung-der-for-5228-syntophagy\/#primaryimage"},"thumbnailUrl":"https:\/\/sfb1436.de\/wp-content\/uploads\/2025\/03\/Syntophagy.png","datePublished":"2025-12-17T09:00:00+00:00","dateModified":"2025-12-19T10:56:44+00:00","description":"Mit der Verl\u00e4ngerung der Forschungsgruppe \"Syntophagy\" kann Michael R. Kreutz auf ein besonders erfolgreiches Jahr zur\u00fcckblicken.","breadcrumb":{"@id":"https:\/\/sfb1436.de\/de\/verlaengerung-der-for-5228-syntophagy\/#breadcrumb"},"inLanguage":"de","potentialAction":[{"@type":"ReadAction","target":["https:\/\/sfb1436.de\/de\/verlaengerung-der-for-5228-syntophagy\/"]}]},{"@type":"ImageObject","inLanguage":"de","@id":"https:\/\/sfb1436.de\/de\/verlaengerung-der-for-5228-syntophagy\/#primaryimage","url":"https:\/\/sfb1436.de\/wp-content\/uploads\/2025\/03\/Syntophagy.png","contentUrl":"https:\/\/sfb1436.de\/wp-content\/uploads\/2025\/03\/Syntophagy.png","width":683,"height":224,"caption":"Illustration von Syntophagie, einem biologischen Prozess."},{"@type":"BreadcrumbList","@id":"https:\/\/sfb1436.de\/de\/verlaengerung-der-for-5228-syntophagy\/#breadcrumb","itemListElement":[{"@type":"ListItem","position":1,"name":"Startseite","item":"https:\/\/sfb1436.de\/de\/"},{"@type":"ListItem","position":2,"name":"Verl\u00e4ngerung der FOR 5228 &#8211; Syntophagy"}]},{"@type":"WebSite","@id":"https:\/\/sfb1436.de\/de\/#website","url":"https:\/\/sfb1436.de\/de\/","name":"SFB1436","description":"","publisher":{"@id":"https:\/\/sfb1436.de\/de\/#organization"},"potentialAction":[{"@type":"SearchAction","target":{"@type":"EntryPoint","urlTemplate":"https:\/\/sfb1436.de\/de\/?s={search_term_string}"},"query-input":{"@type":"PropertyValueSpecification","valueRequired":true,"valueName":"search_term_string"}}],"inLanguage":"de"},{"@type":"Organization","@id":"https:\/\/sfb1436.de\/de\/#organization","name":"Otto-von-Guericke Universit\u00e4t Medizinische Fakult\u00e4t Institut f\u00fcr Kognitive Neurologie und Demenzforschung","url":"https:\/\/sfb1436.de\/de\/","logo":{"@type":"ImageObject","inLanguage":"de","@id":"https:\/\/sfb1436.de\/de\/#\/schema\/logo\/image\/","url":"https:\/\/sfb1436.de\/wp-content\/uploads\/2021\/12\/logo-sfb.png","contentUrl":"https:\/\/sfb1436.de\/wp-content\/uploads\/2021\/12\/logo-sfb.png","width":1244,"height":820,"caption":"Otto-von-Guericke Universit\u00e4t Medizinische Fakult\u00e4t Institut f\u00fcr Kognitive Neurologie und Demenzforschung"},"image":{"@id":"https:\/\/sfb1436.de\/de\/#\/schema\/logo\/image\/"}},{"@type":"Person","@id":"https:\/\/sfb1436.de\/de\/#\/schema\/person\/c0ef0d254080f73ef2aa76e57caa6d12","name":"redakteur"}]}},"uagb_featured_image_src":{"full":["https:\/\/sfb1436.de\/wp-content\/uploads\/2025\/03\/Syntophagy.png",683,224,false],"thumbnail":["https:\/\/sfb1436.de\/wp-content\/uploads\/2025\/03\/Syntophagy-150x150.png",150,150,true],"medium":["https:\/\/sfb1436.de\/wp-content\/uploads\/2025\/03\/Syntophagy-300x98.png",300,98,true],"medium_large":["https:\/\/sfb1436.de\/wp-content\/uploads\/2025\/03\/Syntophagy.png",683,224,false],"large":["https:\/\/sfb1436.de\/wp-content\/uploads\/2025\/03\/Syntophagy.png",683,224,false],"gs-tiny":["https:\/\/sfb1436.de\/wp-content\/uploads\/2025\/03\/Syntophagy-50x16.png",50,16,true],"xl":["https:\/\/sfb1436.de\/wp-content\/uploads\/2025\/03\/Syntophagy.png",683,224,false],"xxl":["https:\/\/sfb1436.de\/wp-content\/uploads\/2025\/03\/Syntophagy.png",683,224,false],"xxxl":["https:\/\/sfb1436.de\/wp-content\/uploads\/2025\/03\/Syntophagy.png",683,224,false],"xxxxl":["https:\/\/sfb1436.de\/wp-content\/uploads\/2025\/03\/Syntophagy.png",683,224,false],"xxxxxl":["https:\/\/sfb1436.de\/wp-content\/uploads\/2025\/03\/Syntophagy.png",683,224,false],"1536x1536":["https:\/\/sfb1436.de\/wp-content\/uploads\/2025\/03\/Syntophagy.png",683,224,false],"2048x2048":["https:\/\/sfb1436.de\/wp-content\/uploads\/2025\/03\/Syntophagy.png",683,224,false],"awsm_team":["https:\/\/sfb1436.de\/wp-content\/uploads\/2025\/03\/Syntophagy.png",683,224,false]},"uagb_author_info":{"display_name":"redakteur","author_link":"https:\/\/sfb1436.de\/de\/author\/redakteur\/"},"uagb_comment_info":0,"uagb_excerpt":"Mit der Verl\u00e4ngerung der Forschungsgruppe &#8222;Syntophagy&#8220; f\u00fcr weitere vier Jahre kann auch SFB Co-Sprecher und PI der Teilprojekt A02, A04 und Z01 Michael R. Kreutz auf ein besonders erfolgreiches Jahr zur\u00fcckblicken. In der vergangenen Woche gab die DFG die Entscheidung zur Neuf\u00f6rderung und F\u00f6rderverl\u00e4ngerung f\u00fcr die FOR bekannt. Die Forschungsgruppe \u201eMembrantransportprozesse zur Regulation pr\u00e4synaptischer Proteostase&#8220;&hellip;","_links":{"self":[{"href":"https:\/\/sfb1436.de\/de\/wp-json\/wp\/v2\/posts\/29688","targetHints":{"allow":["GET"]}}],"collection":[{"href":"https:\/\/sfb1436.de\/de\/wp-json\/wp\/v2\/posts"}],"about":[{"href":"https:\/\/sfb1436.de\/de\/wp-json\/wp\/v2\/types\/post"}],"author":[{"embeddable":true,"href":"https:\/\/sfb1436.de\/de\/wp-json\/wp\/v2\/users\/4"}],"replies":[{"embeddable":true,"href":"https:\/\/sfb1436.de\/de\/wp-json\/wp\/v2\/comments?post=29688"}],"version-history":[{"count":1,"href":"https:\/\/sfb1436.de\/de\/wp-json\/wp\/v2\/posts\/29688\/revisions"}],"predecessor-version":[{"id":29689,"href":"https:\/\/sfb1436.de\/de\/wp-json\/wp\/v2\/posts\/29688\/revisions\/29689"}],"wp:featuredmedia":[{"embeddable":true,"href":"https:\/\/sfb1436.de\/de\/wp-json\/wp\/v2\/media\/26413"}],"wp:attachment":[{"href":"https:\/\/sfb1436.de\/de\/wp-json\/wp\/v2\/media?parent=29688"}],"wp:term":[{"taxonomy":"category","embeddable":true,"href":"https:\/\/sfb1436.de\/de\/wp-json\/wp\/v2\/categories?post=29688"},{"taxonomy":"post_tag","embeddable":true,"href":"https:\/\/sfb1436.de\/de\/wp-json\/wp\/v2\/tags?post=29688"}],"curies":[{"name":"wp","href":"https:\/\/api.w.org\/{rel}","templated":true}]}}