{"id":28955,"date":"2025-10-07T09:00:40","date_gmt":"2025-10-07T07:00:40","guid":{"rendered":"https:\/\/sfb1436.de\/?p=28955"},"modified":"2025-12-12T04:08:25","modified_gmt":"2025-12-12T03:08:25","slug":"05-11-2025-online-veranstaltung-amyloidantikoerper","status":"publish","type":"post","link":"https:\/\/sfb1436.de\/de\/05-11-2025-online-veranstaltung-amyloidantikoerper\/","title":{"rendered":"05.11.2025 &#8211; Online-Veranstaltung Amyloidantik\u00f6rper"},"content":{"rendered":"\n<p class=\"wp-block-paragraph\">Am <strong>5. November 2025 von 18:00 bis 19:00 Uhr<\/strong>&nbsp;findet im Rahmen der Ged\u00e4chtnissprechstunde Magdeburg eine Online-Veranstaltung zur Therapie mit den Amyloidantik\u00f6rpern bei der Behandlung von Alzheimer statt. Das Team der Ged\u00e4chtnissprechstunde Magdeburg m\u00f6chte Ihnen die neuen Therapieans\u00e4tze vorstellen und gemeinsam \u00fcber praktische Fragen wie Patientenauswahl, ARIA-Monitoring und Notfallmanagement diskutieren.<\/p>\n\n\n\n<p class=\"wp-block-paragraph\"><a href=\"https:\/\/ovgu.zoom.us\/j\/66265704208?pwd=RGpJNXRNeC8wblpMTmFEQk5RS2pCdz09#success\">Hier k\u00f6nnen Sie sich anmelden.<\/a><\/p>\n\n\n\n<figure class=\"wp-block-image aligncenter size-large\"><a href=\"https:\/\/sfb1436.de\/wp-content\/uploads\/2025\/09\/Flyer-Amyliodantiko_rper-05.11.2025.pdf\"><img fetchpriority=\"high\" decoding=\"async\" width=\"1024\" height=\"576\" src=\"https:\/\/sfb1436.de\/wp-content\/uploads\/2025\/09\/Amyliodantikoerper-1024x576.webp\" alt=\"Amyliodantik\u00f6rper_Einladung\" class=\"wp-image-28949\" srcset=\"https:\/\/sfb1436.de\/wp-content\/uploads\/2025\/09\/Amyliodantikoerper-1024x576.webp 1024w, https:\/\/sfb1436.de\/wp-content\/uploads\/2025\/09\/Amyliodantikoerper-300x169.webp 300w, https:\/\/sfb1436.de\/wp-content\/uploads\/2025\/09\/Amyliodantikoerper-768x432.webp 768w, https:\/\/sfb1436.de\/wp-content\/uploads\/2025\/09\/Amyliodantikoerper-50x28.webp 50w, https:\/\/sfb1436.de\/wp-content\/uploads\/2025\/09\/Amyliodantikoerper-1600x900.webp 1600w, https:\/\/sfb1436.de\/wp-content\/uploads\/2025\/09\/Amyliodantikoerper-1536x864.webp 1536w, https:\/\/sfb1436.de\/wp-content\/uploads\/2025\/09\/Amyliodantikoerper-2048x1152.webp 2048w\" sizes=\"(max-width: 1024px) 100vw, 1024px\" \/><\/a><\/figure>\n","protected":false},"excerpt":{"rendered":"<p>Am 5. November 2025 von 18:00 bis 19:00 Uhr&nbsp;findet im Rahmen der Ged\u00e4chtnissprechstunde Magdeburg eine Online-Veranstaltung zur Therapie mit den Amyloidantik\u00f6rpern bei der Behandlung von Alzheimer statt. Das Team der Ged\u00e4chtnissprechstunde Magdeburg m\u00f6chte Ihnen die neuen Therapieans\u00e4tze vorstellen und gemeinsam \u00fcber praktische Fragen wie Patientenauswahl, ARIA-Monitoring und Notfallmanagement diskutieren. Hier k\u00f6nnen Sie sich anmelden.<\/p>\n","protected":false},"author":4,"featured_media":0,"comment_status":"closed","ping_status":"closed","sticky":false,"template":"","format":"standard","meta":{"_crdt_document":"","_uag_custom_page_level_css":"","footnotes":""},"categories":[288,281,219,220,15],"tags":[354,1645,357,331,372],"class_list":["post-28955","post","type-post","status-publish","format-standard","hentry","category-all-news-and-events-de","category-alle-news-und-events","category-events-de","category-news-de","category-unkategorisiert","tag-alzheimer","tag-amyloidantikoerper","tag-forschung","tag-magdeburg","tag-neurowissenschaften"],"yoast_head":"<!-- This site is optimized with the Yoast SEO plugin v27.1.1 - https:\/\/yoast.com\/product\/yoast-seo-wordpress\/ -->\n<title>05.11.2025 - Online-Veranstaltung Amyloidantik\u00f6rper<\/title>\n<meta name=\"description\" content=\"Am 5. November 2025 von 18:00 bis 19:00 Uhr findet eine Online-Veranstaltung zur Therapie mit den Amyloidantik\u00f6rpern statt.\" \/>\n<meta name=\"robots\" content=\"index, follow, max-snippet:-1, max-image-preview:large, max-video-preview:-1\" \/>\n<link rel=\"canonical\" href=\"https:\/\/sfb1436.de\/de\/05-11-2025-online-veranstaltung-amyloidantikoerper\/\" \/>\n<meta property=\"og:locale\" content=\"de_DE\" \/>\n<meta property=\"og:type\" content=\"article\" \/>\n<meta property=\"og:title\" content=\"05.11.2025 - Online-Veranstaltung Amyloidantik\u00f6rper\" \/>\n<meta property=\"og:description\" content=\"Am 5. November 2025 von 18:00 bis 19:00 Uhr findet eine Online-Veranstaltung zur Therapie mit den Amyloidantik\u00f6rpern statt.\" \/>\n<meta property=\"og:url\" content=\"https:\/\/sfb1436.de\/de\/05-11-2025-online-veranstaltung-amyloidantikoerper\/\" \/>\n<meta property=\"og:site_name\" content=\"SFB1436\" \/>\n<meta property=\"article:published_time\" content=\"2025-10-07T07:00:40+00:00\" \/>\n<meta property=\"article:modified_time\" content=\"2025-12-12T03:08:25+00:00\" \/>\n<meta property=\"og:image\" content=\"https:\/\/sfb1436.de\/wp-content\/uploads\/2025\/09\/Amyliodantikoerper.webp\" \/>\n\t<meta property=\"og:image:width\" content=\"2560\" \/>\n\t<meta property=\"og:image:height\" content=\"1440\" \/>\n\t<meta property=\"og:image:type\" content=\"image\/webp\" \/>\n<meta name=\"author\" content=\"redakteur\" \/>\n<meta name=\"twitter:card\" content=\"summary_large_image\" \/>\n<meta name=\"twitter:label1\" content=\"Verfasst von\" \/>\n\t<meta name=\"twitter:data1\" content=\"redakteur\" \/>\n\t<meta name=\"twitter:label2\" content=\"Gesch\u00e4tzte Lesezeit\" \/>\n\t<meta name=\"twitter:data2\" content=\"1\u00a0Minute\" \/>\n<script type=\"application\/ld+json\" class=\"yoast-schema-graph\">{\"@context\":\"https:\/\/schema.org\",\"@graph\":[{\"@type\":\"ScholarlyArticle\",\"@id\":\"https:\/\/sfb1436.de\/de\/05-11-2025-online-veranstaltung-amyloidantikoerper\/#article\",\"isPartOf\":{\"@id\":\"https:\/\/sfb1436.de\/de\/05-11-2025-online-veranstaltung-amyloidantikoerper\/\"},\"author\":{\"name\":\"redakteur\",\"@id\":\"https:\/\/sfb1436.de\/de\/#\/schema\/person\/c0ef0d254080f73ef2aa76e57caa6d12\"},\"headline\":\"05.11.2025 &#8211; Online-Veranstaltung Amyloidantik\u00f6rper\",\"datePublished\":\"2025-10-07T07:00:40+00:00\",\"dateModified\":\"2025-12-12T03:08:25+00:00\",\"mainEntityOfPage\":{\"@id\":\"https:\/\/sfb1436.de\/de\/05-11-2025-online-veranstaltung-amyloidantikoerper\/\"},\"wordCount\":62,\"publisher\":{\"@id\":\"https:\/\/sfb1436.de\/de\/#organization\"},\"image\":{\"@id\":\"https:\/\/sfb1436.de\/de\/05-11-2025-online-veranstaltung-amyloidantikoerper\/#primaryimage\"},\"thumbnailUrl\":\"https:\/\/sfb1436.de\/wp-content\/uploads\/2025\/09\/Amyliodantikoerper-1024x576.webp\",\"keywords\":[\"Alzheimer\",\"Amyloidantik\u00f6rper\",\"Forschung\",\"Magdeburg\",\"Neurowissenschaften\"],\"articleSection\":[\"All News and Events\",\"Alle News und Events\",\"Events\",\"News\",\"Unkategorisiert\"],\"inLanguage\":\"de\"},{\"@type\":\"WebPage\",\"@id\":\"https:\/\/sfb1436.de\/de\/05-11-2025-online-veranstaltung-amyloidantikoerper\/\",\"url\":\"https:\/\/sfb1436.de\/de\/05-11-2025-online-veranstaltung-amyloidantikoerper\/\",\"name\":\"05.11.2025 - Online-Veranstaltung Amyloidantik\u00f6rper\",\"isPartOf\":{\"@id\":\"https:\/\/sfb1436.de\/de\/#website\"},\"primaryImageOfPage\":{\"@id\":\"https:\/\/sfb1436.de\/de\/05-11-2025-online-veranstaltung-amyloidantikoerper\/#primaryimage\"},\"image\":{\"@id\":\"https:\/\/sfb1436.de\/de\/05-11-2025-online-veranstaltung-amyloidantikoerper\/#primaryimage\"},\"thumbnailUrl\":\"https:\/\/sfb1436.de\/wp-content\/uploads\/2025\/09\/Amyliodantikoerper-1024x576.webp\",\"datePublished\":\"2025-10-07T07:00:40+00:00\",\"dateModified\":\"2025-12-12T03:08:25+00:00\",\"description\":\"Am 5. November 2025 von 18:00 bis 19:00 Uhr findet eine Online-Veranstaltung zur Therapie mit den Amyloidantik\u00f6rpern statt.\",\"breadcrumb\":{\"@id\":\"https:\/\/sfb1436.de\/de\/05-11-2025-online-veranstaltung-amyloidantikoerper\/#breadcrumb\"},\"inLanguage\":\"de\",\"potentialAction\":[{\"@type\":\"ReadAction\",\"target\":[\"https:\/\/sfb1436.de\/de\/05-11-2025-online-veranstaltung-amyloidantikoerper\/\"]}]},{\"@type\":\"ImageObject\",\"inLanguage\":\"de\",\"@id\":\"https:\/\/sfb1436.de\/de\/05-11-2025-online-veranstaltung-amyloidantikoerper\/#primaryimage\",\"url\":\"https:\/\/sfb1436.de\/wp-content\/uploads\/2025\/09\/Amyliodantikoerper-1024x576.webp\",\"contentUrl\":\"https:\/\/sfb1436.de\/wp-content\/uploads\/2025\/09\/Amyliodantikoerper-1024x576.webp\"},{\"@type\":\"BreadcrumbList\",\"@id\":\"https:\/\/sfb1436.de\/de\/05-11-2025-online-veranstaltung-amyloidantikoerper\/#breadcrumb\",\"itemListElement\":[{\"@type\":\"ListItem\",\"position\":1,\"name\":\"Startseite\",\"item\":\"https:\/\/sfb1436.de\/de\/\"},{\"@type\":\"ListItem\",\"position\":2,\"name\":\"05.11.2025 &#8211; Online-Veranstaltung Amyloidantik\u00f6rper\"}]},{\"@type\":\"WebSite\",\"@id\":\"https:\/\/sfb1436.de\/de\/#website\",\"url\":\"https:\/\/sfb1436.de\/de\/\",\"name\":\"SFB1436\",\"description\":\"\",\"publisher\":{\"@id\":\"https:\/\/sfb1436.de\/de\/#organization\"},\"potentialAction\":[{\"@type\":\"SearchAction\",\"target\":{\"@type\":\"EntryPoint\",\"urlTemplate\":\"https:\/\/sfb1436.de\/de\/?s={search_term_string}\"},\"query-input\":{\"@type\":\"PropertyValueSpecification\",\"valueRequired\":true,\"valueName\":\"search_term_string\"}}],\"inLanguage\":\"de\"},{\"@type\":\"Organization\",\"@id\":\"https:\/\/sfb1436.de\/de\/#organization\",\"name\":\"Otto-von-Guericke Universit\u00e4t Medizinische Fakult\u00e4t Institut f\u00fcr Kognitive Neurologie und Demenzforschung\",\"url\":\"https:\/\/sfb1436.de\/de\/\",\"logo\":{\"@type\":\"ImageObject\",\"inLanguage\":\"de\",\"@id\":\"https:\/\/sfb1436.de\/de\/#\/schema\/logo\/image\/\",\"url\":\"https:\/\/sfb1436.de\/wp-content\/uploads\/2021\/12\/logo-sfb.png\",\"contentUrl\":\"https:\/\/sfb1436.de\/wp-content\/uploads\/2021\/12\/logo-sfb.png\",\"width\":1244,\"height\":820,\"caption\":\"Otto-von-Guericke Universit\u00e4t Medizinische Fakult\u00e4t Institut f\u00fcr Kognitive Neurologie und Demenzforschung\"},\"image\":{\"@id\":\"https:\/\/sfb1436.de\/de\/#\/schema\/logo\/image\/\"}},{\"@type\":\"Person\",\"@id\":\"https:\/\/sfb1436.de\/de\/#\/schema\/person\/c0ef0d254080f73ef2aa76e57caa6d12\",\"name\":\"redakteur\"}]}<\/script>\n<!-- \/ Yoast SEO plugin. -->","yoast_head_json":{"title":"05.11.2025 - Online-Veranstaltung Amyloidantik\u00f6rper","description":"Am 5. November 2025 von 18:00 bis 19:00 Uhr findet eine Online-Veranstaltung zur Therapie mit den Amyloidantik\u00f6rpern statt.","robots":{"index":"index","follow":"follow","max-snippet":"max-snippet:-1","max-image-preview":"max-image-preview:large","max-video-preview":"max-video-preview:-1"},"canonical":"https:\/\/sfb1436.de\/de\/05-11-2025-online-veranstaltung-amyloidantikoerper\/","og_locale":"de_DE","og_type":"article","og_title":"05.11.2025 - Online-Veranstaltung Amyloidantik\u00f6rper","og_description":"Am 5. November 2025 von 18:00 bis 19:00 Uhr findet eine Online-Veranstaltung zur Therapie mit den Amyloidantik\u00f6rpern statt.","og_url":"https:\/\/sfb1436.de\/de\/05-11-2025-online-veranstaltung-amyloidantikoerper\/","og_site_name":"SFB1436","article_published_time":"2025-10-07T07:00:40+00:00","article_modified_time":"2025-12-12T03:08:25+00:00","og_image":[{"width":2560,"height":1440,"url":"https:\/\/sfb1436.de\/wp-content\/uploads\/2025\/09\/Amyliodantikoerper.webp","type":"image\/webp"}],"author":"redakteur","twitter_card":"summary_large_image","twitter_misc":{"Verfasst von":"redakteur","Gesch\u00e4tzte Lesezeit":"1\u00a0Minute"},"schema":{"@context":"https:\/\/schema.org","@graph":[{"@type":"ScholarlyArticle","@id":"https:\/\/sfb1436.de\/de\/05-11-2025-online-veranstaltung-amyloidantikoerper\/#article","isPartOf":{"@id":"https:\/\/sfb1436.de\/de\/05-11-2025-online-veranstaltung-amyloidantikoerper\/"},"author":{"name":"redakteur","@id":"https:\/\/sfb1436.de\/de\/#\/schema\/person\/c0ef0d254080f73ef2aa76e57caa6d12"},"headline":"05.11.2025 &#8211; Online-Veranstaltung Amyloidantik\u00f6rper","datePublished":"2025-10-07T07:00:40+00:00","dateModified":"2025-12-12T03:08:25+00:00","mainEntityOfPage":{"@id":"https:\/\/sfb1436.de\/de\/05-11-2025-online-veranstaltung-amyloidantikoerper\/"},"wordCount":62,"publisher":{"@id":"https:\/\/sfb1436.de\/de\/#organization"},"image":{"@id":"https:\/\/sfb1436.de\/de\/05-11-2025-online-veranstaltung-amyloidantikoerper\/#primaryimage"},"thumbnailUrl":"https:\/\/sfb1436.de\/wp-content\/uploads\/2025\/09\/Amyliodantikoerper-1024x576.webp","keywords":["Alzheimer","Amyloidantik\u00f6rper","Forschung","Magdeburg","Neurowissenschaften"],"articleSection":["All News and Events","Alle News und Events","Events","News","Unkategorisiert"],"inLanguage":"de"},{"@type":"WebPage","@id":"https:\/\/sfb1436.de\/de\/05-11-2025-online-veranstaltung-amyloidantikoerper\/","url":"https:\/\/sfb1436.de\/de\/05-11-2025-online-veranstaltung-amyloidantikoerper\/","name":"05.11.2025 - Online-Veranstaltung Amyloidantik\u00f6rper","isPartOf":{"@id":"https:\/\/sfb1436.de\/de\/#website"},"primaryImageOfPage":{"@id":"https:\/\/sfb1436.de\/de\/05-11-2025-online-veranstaltung-amyloidantikoerper\/#primaryimage"},"image":{"@id":"https:\/\/sfb1436.de\/de\/05-11-2025-online-veranstaltung-amyloidantikoerper\/#primaryimage"},"thumbnailUrl":"https:\/\/sfb1436.de\/wp-content\/uploads\/2025\/09\/Amyliodantikoerper-1024x576.webp","datePublished":"2025-10-07T07:00:40+00:00","dateModified":"2025-12-12T03:08:25+00:00","description":"Am 5. November 2025 von 18:00 bis 19:00 Uhr findet eine Online-Veranstaltung zur Therapie mit den Amyloidantik\u00f6rpern statt.","breadcrumb":{"@id":"https:\/\/sfb1436.de\/de\/05-11-2025-online-veranstaltung-amyloidantikoerper\/#breadcrumb"},"inLanguage":"de","potentialAction":[{"@type":"ReadAction","target":["https:\/\/sfb1436.de\/de\/05-11-2025-online-veranstaltung-amyloidantikoerper\/"]}]},{"@type":"ImageObject","inLanguage":"de","@id":"https:\/\/sfb1436.de\/de\/05-11-2025-online-veranstaltung-amyloidantikoerper\/#primaryimage","url":"https:\/\/sfb1436.de\/wp-content\/uploads\/2025\/09\/Amyliodantikoerper-1024x576.webp","contentUrl":"https:\/\/sfb1436.de\/wp-content\/uploads\/2025\/09\/Amyliodantikoerper-1024x576.webp"},{"@type":"BreadcrumbList","@id":"https:\/\/sfb1436.de\/de\/05-11-2025-online-veranstaltung-amyloidantikoerper\/#breadcrumb","itemListElement":[{"@type":"ListItem","position":1,"name":"Startseite","item":"https:\/\/sfb1436.de\/de\/"},{"@type":"ListItem","position":2,"name":"05.11.2025 &#8211; Online-Veranstaltung Amyloidantik\u00f6rper"}]},{"@type":"WebSite","@id":"https:\/\/sfb1436.de\/de\/#website","url":"https:\/\/sfb1436.de\/de\/","name":"SFB1436","description":"","publisher":{"@id":"https:\/\/sfb1436.de\/de\/#organization"},"potentialAction":[{"@type":"SearchAction","target":{"@type":"EntryPoint","urlTemplate":"https:\/\/sfb1436.de\/de\/?s={search_term_string}"},"query-input":{"@type":"PropertyValueSpecification","valueRequired":true,"valueName":"search_term_string"}}],"inLanguage":"de"},{"@type":"Organization","@id":"https:\/\/sfb1436.de\/de\/#organization","name":"Otto-von-Guericke Universit\u00e4t Medizinische Fakult\u00e4t Institut f\u00fcr Kognitive Neurologie und Demenzforschung","url":"https:\/\/sfb1436.de\/de\/","logo":{"@type":"ImageObject","inLanguage":"de","@id":"https:\/\/sfb1436.de\/de\/#\/schema\/logo\/image\/","url":"https:\/\/sfb1436.de\/wp-content\/uploads\/2021\/12\/logo-sfb.png","contentUrl":"https:\/\/sfb1436.de\/wp-content\/uploads\/2021\/12\/logo-sfb.png","width":1244,"height":820,"caption":"Otto-von-Guericke Universit\u00e4t Medizinische Fakult\u00e4t Institut f\u00fcr Kognitive Neurologie und Demenzforschung"},"image":{"@id":"https:\/\/sfb1436.de\/de\/#\/schema\/logo\/image\/"}},{"@type":"Person","@id":"https:\/\/sfb1436.de\/de\/#\/schema\/person\/c0ef0d254080f73ef2aa76e57caa6d12","name":"redakteur"}]}},"uagb_featured_image_src":{"full":false,"thumbnail":false,"medium":false,"medium_large":false,"large":false,"gs-tiny":false,"xl":false,"xxl":false,"xxxl":false,"xxxxl":false,"xxxxxl":false,"1536x1536":false,"2048x2048":false,"awsm_team":false},"uagb_author_info":{"display_name":"redakteur","author_link":"https:\/\/sfb1436.de\/de\/author\/redakteur\/"},"uagb_comment_info":0,"uagb_excerpt":"Am 5. November 2025 von 18:00 bis 19:00 Uhr&nbsp;findet im Rahmen der Ged\u00e4chtnissprechstunde Magdeburg eine Online-Veranstaltung zur Therapie mit den Amyloidantik\u00f6rpern bei der Behandlung von Alzheimer statt. Das Team der Ged\u00e4chtnissprechstunde Magdeburg m\u00f6chte Ihnen die neuen Therapieans\u00e4tze vorstellen und gemeinsam \u00fcber praktische Fragen wie Patientenauswahl, ARIA-Monitoring und Notfallmanagement diskutieren. Hier k\u00f6nnen Sie sich anmelden.","_links":{"self":[{"href":"https:\/\/sfb1436.de\/de\/wp-json\/wp\/v2\/posts\/28955","targetHints":{"allow":["GET"]}}],"collection":[{"href":"https:\/\/sfb1436.de\/de\/wp-json\/wp\/v2\/posts"}],"about":[{"href":"https:\/\/sfb1436.de\/de\/wp-json\/wp\/v2\/types\/post"}],"author":[{"embeddable":true,"href":"https:\/\/sfb1436.de\/de\/wp-json\/wp\/v2\/users\/4"}],"replies":[{"embeddable":true,"href":"https:\/\/sfb1436.de\/de\/wp-json\/wp\/v2\/comments?post=28955"}],"version-history":[{"count":3,"href":"https:\/\/sfb1436.de\/de\/wp-json\/wp\/v2\/posts\/28955\/revisions"}],"predecessor-version":[{"id":29627,"href":"https:\/\/sfb1436.de\/de\/wp-json\/wp\/v2\/posts\/28955\/revisions\/29627"}],"wp:attachment":[{"href":"https:\/\/sfb1436.de\/de\/wp-json\/wp\/v2\/media?parent=28955"}],"wp:term":[{"taxonomy":"category","embeddable":true,"href":"https:\/\/sfb1436.de\/de\/wp-json\/wp\/v2\/categories?post=28955"},{"taxonomy":"post_tag","embeddable":true,"href":"https:\/\/sfb1436.de\/de\/wp-json\/wp\/v2\/tags?post=28955"}],"curies":[{"name":"wp","href":"https:\/\/api.w.org\/{rel}","templated":true}]}}