{"id":28578,"date":"2025-09-05T12:00:00","date_gmt":"2025-09-05T10:00:00","guid":{"rendered":"https:\/\/sfb1436.de\/?p=28578"},"modified":"2025-09-05T08:34:19","modified_gmt":"2025-09-05T06:34:19","slug":"neue-publikation-aus-projekt-b03","status":"publish","type":"post","link":"https:\/\/sfb1436.de\/de\/neue-publikation-aus-projekt-b03\/","title":{"rendered":"Neue Publikation aus Projekt B03"},"content":{"rendered":"\n<p class=\"wp-block-paragraph\">Das Projekt B03 rund um SFB-Mitglied Vlada Segen und PI Thomas Wolbers freut sich \u00fcber einen Publikationserfolg in Science Advances. Die Studie zeigt, dass Personen mit subjektiven kognitiven Beeintr\u00e4chtigungen (SCD) bei virtuellen Navigationsexperimenten geringere Orientierungsf\u00e4higkeiten aufweisen \u2013 obwohl sie in herk\u00f6mmlichen kognitiven Tests unauff\u00e4llig abschneiden. Damit k\u00f6nnte ein neuartiger Ansatz zur Fr\u00fcherkennung von Alzheimer entwickelt werden.<\/p>\n\n\n\n<p class=\"wp-block-paragraph\"><a href=\"https:\/\/www.dzne.de\/aktuelles\/pressemitteilungen\/presse\/fehlpeilung-bei-erhoehtem-demenzrisiko-hakt-der-kompass-im-gehirn\/\" target=\"_blank\" rel=\"noreferrer noopener\">Einen ausf\u00fchrlichen Bericht des DZNE finden Sie hier.<\/a><\/p>\n\n\n\n<p class=\"has-text-align-center wp-block-paragraph\">Gratulation Vlada &amp; Thomas!<\/p>\n\n\n\n<p class=\"wp-block-paragraph\">Paper: <a href=\"https:\/\/www.science.org\/doi\/10.1126\/sciadv.adw6404\" target=\"_blank\" rel=\"noreferrer noopener\">Path integration impairments reveal early cognitive changes in subjective cognitive decline | Science Advances<\/a><\/p>\n","protected":false},"excerpt":{"rendered":"<p>Das Projekt B03 rund um SFB-Mitglied Vlada Segen und PI Thomas Wolbers freut sich \u00fcber einen Publikationserfolg in Science Advances. Die Studie zeigt, dass Personen mit subjektiven kognitiven Beeintr\u00e4chtigungen (SCD) bei virtuellen Navigationsexperimenten geringere Orientierungsf\u00e4higkeiten aufweisen \u2013 obwohl sie in herk\u00f6mmlichen kognitiven Tests unauff\u00e4llig abschneiden. Damit k\u00f6nnte ein neuartiger Ansatz zur Fr\u00fcherkennung von Alzheimer entwickelt [&hellip;]<\/p>\n","protected":false},"author":4,"featured_media":28575,"comment_status":"closed","ping_status":"closed","sticky":false,"template":"","format":"standard","meta":{"_crdt_document":"","_uag_custom_page_level_css":"","footnotes":""},"categories":[288,281,220],"tags":[354,566,598,357,1217,331,372,605,1602,330,596,611],"class_list":["post-28578","post","type-post","status-publish","format-standard","has-post-thumbnail","hentry","category-all-news-and-events-de","category-alle-news-und-events","category-news-de","tag-alzheimer","tag-crc-1436-de","tag-demenzforschung","tag-forschung","tag-frueherkennung","tag-magdeburg","tag-neurowissenschaften","tag-publikation","tag-science-advances-2","tag-sfb-1436","tag-thomas-wolbers-2","tag-vladislava-segen"],"yoast_head":"<!-- This site is optimized with the Yoast SEO plugin v27.1.1 - https:\/\/yoast.com\/product\/yoast-seo-wordpress\/ -->\n<title>Neue Publikation aus Projekt B03<\/title>\n<meta name=\"description\" content=\"Das Projekt B03 rund um SFB-Mitglied Vlada Segen und PI Thomas Wolbers freut sich \u00fcber einen Publikationserfolg in Science Advances.\" \/>\n<meta name=\"robots\" content=\"index, follow, max-snippet:-1, max-image-preview:large, max-video-preview:-1\" \/>\n<link rel=\"canonical\" href=\"https:\/\/sfb1436.de\/de\/neue-publikation-aus-projekt-b03\/\" \/>\n<meta property=\"og:locale\" content=\"de_DE\" \/>\n<meta property=\"og:type\" content=\"article\" \/>\n<meta property=\"og:title\" content=\"Neue Publikation aus Projekt B03\" \/>\n<meta property=\"og:description\" content=\"Das Projekt B03 rund um SFB-Mitglied Vlada Segen und PI Thomas Wolbers freut sich \u00fcber einen Publikationserfolg in Science Advances.\" \/>\n<meta property=\"og:url\" content=\"https:\/\/sfb1436.de\/de\/neue-publikation-aus-projekt-b03\/\" \/>\n<meta property=\"og:site_name\" content=\"SFB1436\" \/>\n<meta property=\"article:published_time\" content=\"2025-09-05T10:00:00+00:00\" \/>\n<meta property=\"og:image\" content=\"https:\/\/sfb1436.de\/wp-content\/uploads\/2025\/09\/ScienceAdvances.webp\" \/>\n\t<meta property=\"og:image:width\" content=\"630\" \/>\n\t<meta property=\"og:image:height\" content=\"110\" \/>\n\t<meta property=\"og:image:type\" content=\"image\/webp\" \/>\n<meta name=\"author\" content=\"redakteur\" \/>\n<meta name=\"twitter:card\" content=\"summary_large_image\" \/>\n<meta name=\"twitter:label1\" content=\"Verfasst von\" \/>\n\t<meta name=\"twitter:data1\" content=\"redakteur\" \/>\n\t<meta name=\"twitter:label2\" content=\"Gesch\u00e4tzte Lesezeit\" \/>\n\t<meta name=\"twitter:data2\" content=\"1\u00a0Minute\" \/>\n<script type=\"application\/ld+json\" class=\"yoast-schema-graph\">{\"@context\":\"https:\/\/schema.org\",\"@graph\":[{\"@type\":\"ScholarlyArticle\",\"@id\":\"https:\/\/sfb1436.de\/de\/neue-publikation-aus-projekt-b03\/#article\",\"isPartOf\":{\"@id\":\"https:\/\/sfb1436.de\/de\/neue-publikation-aus-projekt-b03\/\"},\"author\":{\"name\":\"redakteur\",\"@id\":\"https:\/\/sfb1436.de\/de\/#\/schema\/person\/c0ef0d254080f73ef2aa76e57caa6d12\"},\"headline\":\"Neue Publikation aus Projekt B03\",\"datePublished\":\"2025-09-05T10:00:00+00:00\",\"mainEntityOfPage\":{\"@id\":\"https:\/\/sfb1436.de\/de\/neue-publikation-aus-projekt-b03\/\"},\"wordCount\":93,\"publisher\":{\"@id\":\"https:\/\/sfb1436.de\/de\/#organization\"},\"image\":{\"@id\":\"https:\/\/sfb1436.de\/de\/neue-publikation-aus-projekt-b03\/#primaryimage\"},\"thumbnailUrl\":\"https:\/\/sfb1436.de\/wp-content\/uploads\/2025\/09\/ScienceAdvances.webp\",\"keywords\":[\"Alzheimer\",\"CRC 1436\",\"Demenzforschung\",\"Forschung\",\"Fr\u00fcherkennung\",\"Magdeburg\",\"Neurowissenschaften\",\"Publikation\",\"Science Advances\",\"SFB 1436\",\"Thomas Wolbers\",\"Vladislava Segen\"],\"articleSection\":[\"All News and Events\",\"Alle News und Events\",\"News\"],\"inLanguage\":\"de\"},{\"@type\":\"WebPage\",\"@id\":\"https:\/\/sfb1436.de\/de\/neue-publikation-aus-projekt-b03\/\",\"url\":\"https:\/\/sfb1436.de\/de\/neue-publikation-aus-projekt-b03\/\",\"name\":\"Neue Publikation aus Projekt B03\",\"isPartOf\":{\"@id\":\"https:\/\/sfb1436.de\/de\/#website\"},\"primaryImageOfPage\":{\"@id\":\"https:\/\/sfb1436.de\/de\/neue-publikation-aus-projekt-b03\/#primaryimage\"},\"image\":{\"@id\":\"https:\/\/sfb1436.de\/de\/neue-publikation-aus-projekt-b03\/#primaryimage\"},\"thumbnailUrl\":\"https:\/\/sfb1436.de\/wp-content\/uploads\/2025\/09\/ScienceAdvances.webp\",\"datePublished\":\"2025-09-05T10:00:00+00:00\",\"description\":\"Das Projekt B03 rund um SFB-Mitglied Vlada Segen und PI Thomas Wolbers freut sich \u00fcber einen Publikationserfolg in Science Advances.\",\"breadcrumb\":{\"@id\":\"https:\/\/sfb1436.de\/de\/neue-publikation-aus-projekt-b03\/#breadcrumb\"},\"inLanguage\":\"de\",\"potentialAction\":[{\"@type\":\"ReadAction\",\"target\":[\"https:\/\/sfb1436.de\/de\/neue-publikation-aus-projekt-b03\/\"]}]},{\"@type\":\"ImageObject\",\"inLanguage\":\"de\",\"@id\":\"https:\/\/sfb1436.de\/de\/neue-publikation-aus-projekt-b03\/#primaryimage\",\"url\":\"https:\/\/sfb1436.de\/wp-content\/uploads\/2025\/09\/ScienceAdvances.webp\",\"contentUrl\":\"https:\/\/sfb1436.de\/wp-content\/uploads\/2025\/09\/ScienceAdvances.webp\",\"width\":630,\"height\":110,\"caption\":\"SFB1436.de \u2013 Logo der Fachzeitschrift Science Advances, neue Publikation aus dem Projekt B03\"},{\"@type\":\"BreadcrumbList\",\"@id\":\"https:\/\/sfb1436.de\/de\/neue-publikation-aus-projekt-b03\/#breadcrumb\",\"itemListElement\":[{\"@type\":\"ListItem\",\"position\":1,\"name\":\"Startseite\",\"item\":\"https:\/\/sfb1436.de\/de\/\"},{\"@type\":\"ListItem\",\"position\":2,\"name\":\"Neue Publikation aus Projekt B03\"}]},{\"@type\":\"WebSite\",\"@id\":\"https:\/\/sfb1436.de\/de\/#website\",\"url\":\"https:\/\/sfb1436.de\/de\/\",\"name\":\"SFB1436\",\"description\":\"\",\"publisher\":{\"@id\":\"https:\/\/sfb1436.de\/de\/#organization\"},\"potentialAction\":[{\"@type\":\"SearchAction\",\"target\":{\"@type\":\"EntryPoint\",\"urlTemplate\":\"https:\/\/sfb1436.de\/de\/?s={search_term_string}\"},\"query-input\":{\"@type\":\"PropertyValueSpecification\",\"valueRequired\":true,\"valueName\":\"search_term_string\"}}],\"inLanguage\":\"de\"},{\"@type\":\"Organization\",\"@id\":\"https:\/\/sfb1436.de\/de\/#organization\",\"name\":\"Otto-von-Guericke Universit\u00e4t Medizinische Fakult\u00e4t Institut f\u00fcr Kognitive Neurologie und Demenzforschung\",\"url\":\"https:\/\/sfb1436.de\/de\/\",\"logo\":{\"@type\":\"ImageObject\",\"inLanguage\":\"de\",\"@id\":\"https:\/\/sfb1436.de\/de\/#\/schema\/logo\/image\/\",\"url\":\"https:\/\/sfb1436.de\/wp-content\/uploads\/2021\/12\/logo-sfb.png\",\"contentUrl\":\"https:\/\/sfb1436.de\/wp-content\/uploads\/2021\/12\/logo-sfb.png\",\"width\":1244,\"height\":820,\"caption\":\"Otto-von-Guericke Universit\u00e4t Medizinische Fakult\u00e4t Institut f\u00fcr Kognitive Neurologie und Demenzforschung\"},\"image\":{\"@id\":\"https:\/\/sfb1436.de\/de\/#\/schema\/logo\/image\/\"}},{\"@type\":\"Person\",\"@id\":\"https:\/\/sfb1436.de\/de\/#\/schema\/person\/c0ef0d254080f73ef2aa76e57caa6d12\",\"name\":\"redakteur\"}]}<\/script>\n<!-- \/ Yoast SEO plugin. -->","yoast_head_json":{"title":"Neue Publikation aus Projekt B03","description":"Das Projekt B03 rund um SFB-Mitglied Vlada Segen und PI Thomas Wolbers freut sich \u00fcber einen Publikationserfolg in Science Advances.","robots":{"index":"index","follow":"follow","max-snippet":"max-snippet:-1","max-image-preview":"max-image-preview:large","max-video-preview":"max-video-preview:-1"},"canonical":"https:\/\/sfb1436.de\/de\/neue-publikation-aus-projekt-b03\/","og_locale":"de_DE","og_type":"article","og_title":"Neue Publikation aus Projekt B03","og_description":"Das Projekt B03 rund um SFB-Mitglied Vlada Segen und PI Thomas Wolbers freut sich \u00fcber einen Publikationserfolg in Science Advances.","og_url":"https:\/\/sfb1436.de\/de\/neue-publikation-aus-projekt-b03\/","og_site_name":"SFB1436","article_published_time":"2025-09-05T10:00:00+00:00","og_image":[{"width":630,"height":110,"url":"https:\/\/sfb1436.de\/wp-content\/uploads\/2025\/09\/ScienceAdvances.webp","type":"image\/webp"}],"author":"redakteur","twitter_card":"summary_large_image","twitter_misc":{"Verfasst von":"redakteur","Gesch\u00e4tzte Lesezeit":"1\u00a0Minute"},"schema":{"@context":"https:\/\/schema.org","@graph":[{"@type":"ScholarlyArticle","@id":"https:\/\/sfb1436.de\/de\/neue-publikation-aus-projekt-b03\/#article","isPartOf":{"@id":"https:\/\/sfb1436.de\/de\/neue-publikation-aus-projekt-b03\/"},"author":{"name":"redakteur","@id":"https:\/\/sfb1436.de\/de\/#\/schema\/person\/c0ef0d254080f73ef2aa76e57caa6d12"},"headline":"Neue Publikation aus Projekt B03","datePublished":"2025-09-05T10:00:00+00:00","mainEntityOfPage":{"@id":"https:\/\/sfb1436.de\/de\/neue-publikation-aus-projekt-b03\/"},"wordCount":93,"publisher":{"@id":"https:\/\/sfb1436.de\/de\/#organization"},"image":{"@id":"https:\/\/sfb1436.de\/de\/neue-publikation-aus-projekt-b03\/#primaryimage"},"thumbnailUrl":"https:\/\/sfb1436.de\/wp-content\/uploads\/2025\/09\/ScienceAdvances.webp","keywords":["Alzheimer","CRC 1436","Demenzforschung","Forschung","Fr\u00fcherkennung","Magdeburg","Neurowissenschaften","Publikation","Science Advances","SFB 1436","Thomas Wolbers","Vladislava Segen"],"articleSection":["All News and Events","Alle News und Events","News"],"inLanguage":"de"},{"@type":"WebPage","@id":"https:\/\/sfb1436.de\/de\/neue-publikation-aus-projekt-b03\/","url":"https:\/\/sfb1436.de\/de\/neue-publikation-aus-projekt-b03\/","name":"Neue Publikation aus Projekt B03","isPartOf":{"@id":"https:\/\/sfb1436.de\/de\/#website"},"primaryImageOfPage":{"@id":"https:\/\/sfb1436.de\/de\/neue-publikation-aus-projekt-b03\/#primaryimage"},"image":{"@id":"https:\/\/sfb1436.de\/de\/neue-publikation-aus-projekt-b03\/#primaryimage"},"thumbnailUrl":"https:\/\/sfb1436.de\/wp-content\/uploads\/2025\/09\/ScienceAdvances.webp","datePublished":"2025-09-05T10:00:00+00:00","description":"Das Projekt B03 rund um SFB-Mitglied Vlada Segen und PI Thomas Wolbers freut sich \u00fcber einen Publikationserfolg in Science Advances.","breadcrumb":{"@id":"https:\/\/sfb1436.de\/de\/neue-publikation-aus-projekt-b03\/#breadcrumb"},"inLanguage":"de","potentialAction":[{"@type":"ReadAction","target":["https:\/\/sfb1436.de\/de\/neue-publikation-aus-projekt-b03\/"]}]},{"@type":"ImageObject","inLanguage":"de","@id":"https:\/\/sfb1436.de\/de\/neue-publikation-aus-projekt-b03\/#primaryimage","url":"https:\/\/sfb1436.de\/wp-content\/uploads\/2025\/09\/ScienceAdvances.webp","contentUrl":"https:\/\/sfb1436.de\/wp-content\/uploads\/2025\/09\/ScienceAdvances.webp","width":630,"height":110,"caption":"SFB1436.de \u2013 Logo der Fachzeitschrift Science Advances, neue Publikation aus dem Projekt B03"},{"@type":"BreadcrumbList","@id":"https:\/\/sfb1436.de\/de\/neue-publikation-aus-projekt-b03\/#breadcrumb","itemListElement":[{"@type":"ListItem","position":1,"name":"Startseite","item":"https:\/\/sfb1436.de\/de\/"},{"@type":"ListItem","position":2,"name":"Neue Publikation aus Projekt B03"}]},{"@type":"WebSite","@id":"https:\/\/sfb1436.de\/de\/#website","url":"https:\/\/sfb1436.de\/de\/","name":"SFB1436","description":"","publisher":{"@id":"https:\/\/sfb1436.de\/de\/#organization"},"potentialAction":[{"@type":"SearchAction","target":{"@type":"EntryPoint","urlTemplate":"https:\/\/sfb1436.de\/de\/?s={search_term_string}"},"query-input":{"@type":"PropertyValueSpecification","valueRequired":true,"valueName":"search_term_string"}}],"inLanguage":"de"},{"@type":"Organization","@id":"https:\/\/sfb1436.de\/de\/#organization","name":"Otto-von-Guericke Universit\u00e4t Medizinische Fakult\u00e4t Institut f\u00fcr Kognitive Neurologie und Demenzforschung","url":"https:\/\/sfb1436.de\/de\/","logo":{"@type":"ImageObject","inLanguage":"de","@id":"https:\/\/sfb1436.de\/de\/#\/schema\/logo\/image\/","url":"https:\/\/sfb1436.de\/wp-content\/uploads\/2021\/12\/logo-sfb.png","contentUrl":"https:\/\/sfb1436.de\/wp-content\/uploads\/2021\/12\/logo-sfb.png","width":1244,"height":820,"caption":"Otto-von-Guericke Universit\u00e4t Medizinische Fakult\u00e4t Institut f\u00fcr Kognitive Neurologie und Demenzforschung"},"image":{"@id":"https:\/\/sfb1436.de\/de\/#\/schema\/logo\/image\/"}},{"@type":"Person","@id":"https:\/\/sfb1436.de\/de\/#\/schema\/person\/c0ef0d254080f73ef2aa76e57caa6d12","name":"redakteur"}]}},"uagb_featured_image_src":{"full":["https:\/\/sfb1436.de\/wp-content\/uploads\/2025\/09\/ScienceAdvances.webp",630,110,false],"thumbnail":["https:\/\/sfb1436.de\/wp-content\/uploads\/2025\/09\/ScienceAdvances-150x110.webp",150,110,true],"medium":["https:\/\/sfb1436.de\/wp-content\/uploads\/2025\/09\/ScienceAdvances-300x52.webp",300,52,true],"medium_large":["https:\/\/sfb1436.de\/wp-content\/uploads\/2025\/09\/ScienceAdvances.webp",630,110,false],"large":["https:\/\/sfb1436.de\/wp-content\/uploads\/2025\/09\/ScienceAdvances.webp",630,110,false],"gs-tiny":["https:\/\/sfb1436.de\/wp-content\/uploads\/2025\/09\/ScienceAdvances-50x9.webp",50,9,true],"xl":["https:\/\/sfb1436.de\/wp-content\/uploads\/2025\/09\/ScienceAdvances.webp",630,110,false],"xxl":["https:\/\/sfb1436.de\/wp-content\/uploads\/2025\/09\/ScienceAdvances.webp",630,110,false],"xxxl":["https:\/\/sfb1436.de\/wp-content\/uploads\/2025\/09\/ScienceAdvances.webp",630,110,false],"xxxxl":["https:\/\/sfb1436.de\/wp-content\/uploads\/2025\/09\/ScienceAdvances.webp",630,110,false],"xxxxxl":["https:\/\/sfb1436.de\/wp-content\/uploads\/2025\/09\/ScienceAdvances.webp",630,110,false],"1536x1536":["https:\/\/sfb1436.de\/wp-content\/uploads\/2025\/09\/ScienceAdvances.webp",630,110,false],"2048x2048":["https:\/\/sfb1436.de\/wp-content\/uploads\/2025\/09\/ScienceAdvances.webp",630,110,false],"awsm_team":["https:\/\/sfb1436.de\/wp-content\/uploads\/2025\/09\/ScienceAdvances.webp",630,110,false]},"uagb_author_info":{"display_name":"redakteur","author_link":"https:\/\/sfb1436.de\/de\/author\/redakteur\/"},"uagb_comment_info":0,"uagb_excerpt":"Das Projekt B03 rund um SFB-Mitglied Vlada Segen und PI Thomas Wolbers freut sich \u00fcber einen Publikationserfolg in Science Advances. Die Studie zeigt, dass Personen mit subjektiven kognitiven Beeintr\u00e4chtigungen (SCD) bei virtuellen Navigationsexperimenten geringere Orientierungsf\u00e4higkeiten aufweisen \u2013 obwohl sie in herk\u00f6mmlichen kognitiven Tests unauff\u00e4llig abschneiden. Damit k\u00f6nnte ein neuartiger Ansatz zur Fr\u00fcherkennung von Alzheimer entwickelt&hellip;","_links":{"self":[{"href":"https:\/\/sfb1436.de\/de\/wp-json\/wp\/v2\/posts\/28578","targetHints":{"allow":["GET"]}}],"collection":[{"href":"https:\/\/sfb1436.de\/de\/wp-json\/wp\/v2\/posts"}],"about":[{"href":"https:\/\/sfb1436.de\/de\/wp-json\/wp\/v2\/types\/post"}],"author":[{"embeddable":true,"href":"https:\/\/sfb1436.de\/de\/wp-json\/wp\/v2\/users\/4"}],"replies":[{"embeddable":true,"href":"https:\/\/sfb1436.de\/de\/wp-json\/wp\/v2\/comments?post=28578"}],"version-history":[{"count":1,"href":"https:\/\/sfb1436.de\/de\/wp-json\/wp\/v2\/posts\/28578\/revisions"}],"predecessor-version":[{"id":28580,"href":"https:\/\/sfb1436.de\/de\/wp-json\/wp\/v2\/posts\/28578\/revisions\/28580"}],"wp:featuredmedia":[{"embeddable":true,"href":"https:\/\/sfb1436.de\/de\/wp-json\/wp\/v2\/media\/28575"}],"wp:attachment":[{"href":"https:\/\/sfb1436.de\/de\/wp-json\/wp\/v2\/media?parent=28578"}],"wp:term":[{"taxonomy":"category","embeddable":true,"href":"https:\/\/sfb1436.de\/de\/wp-json\/wp\/v2\/categories?post=28578"},{"taxonomy":"post_tag","embeddable":true,"href":"https:\/\/sfb1436.de\/de\/wp-json\/wp\/v2\/tags?post=28578"}],"curies":[{"name":"wp","href":"https:\/\/api.w.org\/{rel}","templated":true}]}}