{"id":28571,"date":"2025-09-08T09:00:00","date_gmt":"2025-09-08T07:00:00","guid":{"rendered":"https:\/\/sfb1436.de\/?p=28571"},"modified":"2025-09-05T08:02:47","modified_gmt":"2025-09-05T06:02:47","slug":"tag-der-gedaechtnissprechstunde","status":"publish","type":"post","link":"https:\/\/sfb1436.de\/de\/tag-der-gedaechtnissprechstunde\/","title":{"rendered":"13.09.2025 &#8211; Tag der Ged\u00e4chtnissprechstunde"},"content":{"rendered":"\n<p class=\"wp-block-paragraph\">Alle Interessierten, Betroffenen und Angeh\u00f6rigen sind am Sonnabend, den 13. September 2025, recht herzlich zum Tag der Ged\u00e4chtnissprechstunde eingeladen. Anl\u00e4sslich des Welt-Alzheimertages im September stellen die Universit\u00e4tsmedizin Magdeburg und das Deutsche Zentrum f\u00fcr Neurodegenerative Erkrankungen\u00a0(DZNE) Magdeburg hier <strong>aktuelle Entwicklungen in der Diagnostik, Therapie und Begleitung von Demenzerkrankungen vor<\/strong>. Die Teilnahme ist kostenfrei.<\/p>\n\n\n\n<p class=\"wp-block-paragraph\"><strong>Wann:<\/strong>\u00a013. September 2025, 9:00 bis 13:00 Uhr<br><strong>Wo:<\/strong>\u00a0Haus 64 | DZNE, auf dem Campus der Universit\u00e4tsmedizin Magdeburg, Leipziger Str. 44, 39120 Magdeburg<br><strong>Parken:<\/strong>\u00a0Geb\u00fchrenpflichtige Parkm\u00f6glichkeiten befinden sich in unmittelbarer N\u00e4he.<\/p>\n\n\n\n<p class=\"wp-block-paragraph\"><a href=\"https:\/\/www.med.ovgu.de\/Presse\/Presse\/Pressemitteilungen\/Einladung_+Tag+der+Ged%C3%A4chtnissprechstunde+an+der+Universit%C3%A4tsmedizin+Magdeburg-p-46592.html\" target=\"_blank\" rel=\"noreferrer noopener\">Alle Details finden Sie hier.<\/a><\/p>\n","protected":false},"excerpt":{"rendered":"<p>Alle Interessierten, Betroffenen und Angeh\u00f6rigen sind am Sonnabend, den 13. September 2025, recht herzlich zum Tag der Ged\u00e4chtnissprechstunde eingeladen. Anl\u00e4sslich des Welt-Alzheimertages im September stellen die Universit\u00e4tsmedizin Magdeburg und das Deutsche Zentrum f\u00fcr Neurodegenerative Erkrankungen\u00a0(DZNE) Magdeburg hier aktuelle Entwicklungen in der Diagnostik, Therapie und Begleitung von Demenzerkrankungen vor. Die Teilnahme ist kostenfrei. Wann:\u00a013. September 2025, [&hellip;]<\/p>\n","protected":false},"author":4,"featured_media":0,"comment_status":"closed","ping_status":"closed","sticky":false,"template":"","format":"standard","meta":{"_crdt_document":"","_uag_custom_page_level_css":"","footnotes":""},"categories":[288,281,219,220],"tags":[363,368,1599,357,331,372,1600,355],"class_list":["post-28571","post","type-post","status-publish","format-standard","hentry","category-all-news-and-events-de","category-alle-news-und-events","category-events-de","category-news-de","tag-crc-1436","tag-demenz","tag-diagnostik","tag-forschung","tag-magdeburg","tag-neurowissenschaften","tag-therapie","tag-welt-alzheimertag"],"yoast_head":"<!-- This site is optimized with the Yoast SEO plugin v27.1.1 - https:\/\/yoast.com\/product\/yoast-seo-wordpress\/ -->\n<title>Tag der Ged\u00e4chtnissprechstunde<\/title>\n<meta name=\"description\" content=\"Alle Interessierten, Betroffenen und Angeh\u00f6rigen sind am 13.09.2025, recht herzlich zum Tag der Ged\u00e4chtnissprechstunde eingeladen.\" \/>\n<meta name=\"robots\" content=\"index, follow, max-snippet:-1, max-image-preview:large, max-video-preview:-1\" \/>\n<link rel=\"canonical\" href=\"https:\/\/sfb1436.de\/de\/tag-der-gedaechtnissprechstunde\/\" \/>\n<meta property=\"og:locale\" content=\"de_DE\" \/>\n<meta property=\"og:type\" content=\"article\" \/>\n<meta property=\"og:title\" content=\"Tag der Ged\u00e4chtnissprechstunde\" \/>\n<meta property=\"og:description\" content=\"Alle Interessierten, Betroffenen und Angeh\u00f6rigen sind am 13.09.2025, recht herzlich zum Tag der Ged\u00e4chtnissprechstunde eingeladen.\" \/>\n<meta property=\"og:url\" content=\"https:\/\/sfb1436.de\/de\/tag-der-gedaechtnissprechstunde\/\" \/>\n<meta property=\"og:site_name\" content=\"SFB1436\" \/>\n<meta property=\"article:published_time\" content=\"2025-09-08T07:00:00+00:00\" \/>\n<meta name=\"author\" content=\"redakteur\" \/>\n<meta name=\"twitter:card\" content=\"summary_large_image\" \/>\n<meta name=\"twitter:label1\" content=\"Verfasst von\" \/>\n\t<meta name=\"twitter:data1\" content=\"redakteur\" \/>\n\t<meta name=\"twitter:label2\" content=\"Gesch\u00e4tzte Lesezeit\" \/>\n\t<meta name=\"twitter:data2\" content=\"1\u00a0Minute\" \/>\n<script type=\"application\/ld+json\" class=\"yoast-schema-graph\">{\"@context\":\"https:\/\/schema.org\",\"@graph\":[{\"@type\":\"ScholarlyArticle\",\"@id\":\"https:\/\/sfb1436.de\/de\/tag-der-gedaechtnissprechstunde\/#article\",\"isPartOf\":{\"@id\":\"https:\/\/sfb1436.de\/de\/tag-der-gedaechtnissprechstunde\/\"},\"author\":{\"name\":\"redakteur\",\"@id\":\"https:\/\/sfb1436.de\/de\/#\/schema\/person\/c0ef0d254080f73ef2aa76e57caa6d12\"},\"headline\":\"13.09.2025 &#8211; Tag der Ged\u00e4chtnissprechstunde\",\"datePublished\":\"2025-09-08T07:00:00+00:00\",\"mainEntityOfPage\":{\"@id\":\"https:\/\/sfb1436.de\/de\/tag-der-gedaechtnissprechstunde\/\"},\"wordCount\":94,\"publisher\":{\"@id\":\"https:\/\/sfb1436.de\/de\/#organization\"},\"keywords\":[\"CRC 1436\",\"Demenz\",\"Diagnostik\",\"Forschung\",\"Magdeburg\",\"Neurowissenschaften\",\"Therapie\",\"Welt-Alzheimertag\"],\"articleSection\":[\"All News and Events\",\"Alle News und Events\",\"Events\",\"News\"],\"inLanguage\":\"de\"},{\"@type\":\"WebPage\",\"@id\":\"https:\/\/sfb1436.de\/de\/tag-der-gedaechtnissprechstunde\/\",\"url\":\"https:\/\/sfb1436.de\/de\/tag-der-gedaechtnissprechstunde\/\",\"name\":\"Tag der Ged\u00e4chtnissprechstunde\",\"isPartOf\":{\"@id\":\"https:\/\/sfb1436.de\/de\/#website\"},\"datePublished\":\"2025-09-08T07:00:00+00:00\",\"description\":\"Alle Interessierten, Betroffenen und Angeh\u00f6rigen sind am 13.09.2025, recht herzlich zum Tag der Ged\u00e4chtnissprechstunde eingeladen.\",\"breadcrumb\":{\"@id\":\"https:\/\/sfb1436.de\/de\/tag-der-gedaechtnissprechstunde\/#breadcrumb\"},\"inLanguage\":\"de\",\"potentialAction\":[{\"@type\":\"ReadAction\",\"target\":[\"https:\/\/sfb1436.de\/de\/tag-der-gedaechtnissprechstunde\/\"]}]},{\"@type\":\"BreadcrumbList\",\"@id\":\"https:\/\/sfb1436.de\/de\/tag-der-gedaechtnissprechstunde\/#breadcrumb\",\"itemListElement\":[{\"@type\":\"ListItem\",\"position\":1,\"name\":\"Startseite\",\"item\":\"https:\/\/sfb1436.de\/de\/\"},{\"@type\":\"ListItem\",\"position\":2,\"name\":\"13.09.2025 &#8211; Tag der Ged\u00e4chtnissprechstunde\"}]},{\"@type\":\"WebSite\",\"@id\":\"https:\/\/sfb1436.de\/de\/#website\",\"url\":\"https:\/\/sfb1436.de\/de\/\",\"name\":\"SFB1436\",\"description\":\"\",\"publisher\":{\"@id\":\"https:\/\/sfb1436.de\/de\/#organization\"},\"potentialAction\":[{\"@type\":\"SearchAction\",\"target\":{\"@type\":\"EntryPoint\",\"urlTemplate\":\"https:\/\/sfb1436.de\/de\/?s={search_term_string}\"},\"query-input\":{\"@type\":\"PropertyValueSpecification\",\"valueRequired\":true,\"valueName\":\"search_term_string\"}}],\"inLanguage\":\"de\"},{\"@type\":\"Organization\",\"@id\":\"https:\/\/sfb1436.de\/de\/#organization\",\"name\":\"Otto-von-Guericke Universit\u00e4t Medizinische Fakult\u00e4t Institut f\u00fcr Kognitive Neurologie und Demenzforschung\",\"url\":\"https:\/\/sfb1436.de\/de\/\",\"logo\":{\"@type\":\"ImageObject\",\"inLanguage\":\"de\",\"@id\":\"https:\/\/sfb1436.de\/de\/#\/schema\/logo\/image\/\",\"url\":\"https:\/\/sfb1436.de\/wp-content\/uploads\/2021\/12\/logo-sfb.png\",\"contentUrl\":\"https:\/\/sfb1436.de\/wp-content\/uploads\/2021\/12\/logo-sfb.png\",\"width\":1244,\"height\":820,\"caption\":\"Otto-von-Guericke Universit\u00e4t Medizinische Fakult\u00e4t Institut f\u00fcr Kognitive Neurologie und Demenzforschung\"},\"image\":{\"@id\":\"https:\/\/sfb1436.de\/de\/#\/schema\/logo\/image\/\"}},{\"@type\":\"Person\",\"@id\":\"https:\/\/sfb1436.de\/de\/#\/schema\/person\/c0ef0d254080f73ef2aa76e57caa6d12\",\"name\":\"redakteur\"}]}<\/script>\n<!-- \/ Yoast SEO plugin. -->","yoast_head_json":{"title":"Tag der Ged\u00e4chtnissprechstunde","description":"Alle Interessierten, Betroffenen und Angeh\u00f6rigen sind am 13.09.2025, recht herzlich zum Tag der Ged\u00e4chtnissprechstunde eingeladen.","robots":{"index":"index","follow":"follow","max-snippet":"max-snippet:-1","max-image-preview":"max-image-preview:large","max-video-preview":"max-video-preview:-1"},"canonical":"https:\/\/sfb1436.de\/de\/tag-der-gedaechtnissprechstunde\/","og_locale":"de_DE","og_type":"article","og_title":"Tag der Ged\u00e4chtnissprechstunde","og_description":"Alle Interessierten, Betroffenen und Angeh\u00f6rigen sind am 13.09.2025, recht herzlich zum Tag der Ged\u00e4chtnissprechstunde eingeladen.","og_url":"https:\/\/sfb1436.de\/de\/tag-der-gedaechtnissprechstunde\/","og_site_name":"SFB1436","article_published_time":"2025-09-08T07:00:00+00:00","author":"redakteur","twitter_card":"summary_large_image","twitter_misc":{"Verfasst von":"redakteur","Gesch\u00e4tzte Lesezeit":"1\u00a0Minute"},"schema":{"@context":"https:\/\/schema.org","@graph":[{"@type":"ScholarlyArticle","@id":"https:\/\/sfb1436.de\/de\/tag-der-gedaechtnissprechstunde\/#article","isPartOf":{"@id":"https:\/\/sfb1436.de\/de\/tag-der-gedaechtnissprechstunde\/"},"author":{"name":"redakteur","@id":"https:\/\/sfb1436.de\/de\/#\/schema\/person\/c0ef0d254080f73ef2aa76e57caa6d12"},"headline":"13.09.2025 &#8211; Tag der Ged\u00e4chtnissprechstunde","datePublished":"2025-09-08T07:00:00+00:00","mainEntityOfPage":{"@id":"https:\/\/sfb1436.de\/de\/tag-der-gedaechtnissprechstunde\/"},"wordCount":94,"publisher":{"@id":"https:\/\/sfb1436.de\/de\/#organization"},"keywords":["CRC 1436","Demenz","Diagnostik","Forschung","Magdeburg","Neurowissenschaften","Therapie","Welt-Alzheimertag"],"articleSection":["All News and Events","Alle News und Events","Events","News"],"inLanguage":"de"},{"@type":"WebPage","@id":"https:\/\/sfb1436.de\/de\/tag-der-gedaechtnissprechstunde\/","url":"https:\/\/sfb1436.de\/de\/tag-der-gedaechtnissprechstunde\/","name":"Tag der Ged\u00e4chtnissprechstunde","isPartOf":{"@id":"https:\/\/sfb1436.de\/de\/#website"},"datePublished":"2025-09-08T07:00:00+00:00","description":"Alle Interessierten, Betroffenen und Angeh\u00f6rigen sind am 13.09.2025, recht herzlich zum Tag der Ged\u00e4chtnissprechstunde eingeladen.","breadcrumb":{"@id":"https:\/\/sfb1436.de\/de\/tag-der-gedaechtnissprechstunde\/#breadcrumb"},"inLanguage":"de","potentialAction":[{"@type":"ReadAction","target":["https:\/\/sfb1436.de\/de\/tag-der-gedaechtnissprechstunde\/"]}]},{"@type":"BreadcrumbList","@id":"https:\/\/sfb1436.de\/de\/tag-der-gedaechtnissprechstunde\/#breadcrumb","itemListElement":[{"@type":"ListItem","position":1,"name":"Startseite","item":"https:\/\/sfb1436.de\/de\/"},{"@type":"ListItem","position":2,"name":"13.09.2025 &#8211; Tag der Ged\u00e4chtnissprechstunde"}]},{"@type":"WebSite","@id":"https:\/\/sfb1436.de\/de\/#website","url":"https:\/\/sfb1436.de\/de\/","name":"SFB1436","description":"","publisher":{"@id":"https:\/\/sfb1436.de\/de\/#organization"},"potentialAction":[{"@type":"SearchAction","target":{"@type":"EntryPoint","urlTemplate":"https:\/\/sfb1436.de\/de\/?s={search_term_string}"},"query-input":{"@type":"PropertyValueSpecification","valueRequired":true,"valueName":"search_term_string"}}],"inLanguage":"de"},{"@type":"Organization","@id":"https:\/\/sfb1436.de\/de\/#organization","name":"Otto-von-Guericke Universit\u00e4t Medizinische Fakult\u00e4t Institut f\u00fcr Kognitive Neurologie und Demenzforschung","url":"https:\/\/sfb1436.de\/de\/","logo":{"@type":"ImageObject","inLanguage":"de","@id":"https:\/\/sfb1436.de\/de\/#\/schema\/logo\/image\/","url":"https:\/\/sfb1436.de\/wp-content\/uploads\/2021\/12\/logo-sfb.png","contentUrl":"https:\/\/sfb1436.de\/wp-content\/uploads\/2021\/12\/logo-sfb.png","width":1244,"height":820,"caption":"Otto-von-Guericke Universit\u00e4t Medizinische Fakult\u00e4t Institut f\u00fcr Kognitive Neurologie und Demenzforschung"},"image":{"@id":"https:\/\/sfb1436.de\/de\/#\/schema\/logo\/image\/"}},{"@type":"Person","@id":"https:\/\/sfb1436.de\/de\/#\/schema\/person\/c0ef0d254080f73ef2aa76e57caa6d12","name":"redakteur"}]}},"uagb_featured_image_src":{"full":false,"thumbnail":false,"medium":false,"medium_large":false,"large":false,"gs-tiny":false,"xl":false,"xxl":false,"xxxl":false,"xxxxl":false,"xxxxxl":false,"1536x1536":false,"2048x2048":false,"awsm_team":false},"uagb_author_info":{"display_name":"redakteur","author_link":"https:\/\/sfb1436.de\/de\/author\/redakteur\/"},"uagb_comment_info":0,"uagb_excerpt":"Alle Interessierten, Betroffenen und Angeh\u00f6rigen sind am Sonnabend, den 13. September 2025, recht herzlich zum Tag der Ged\u00e4chtnissprechstunde eingeladen. Anl\u00e4sslich des Welt-Alzheimertages im September stellen die Universit\u00e4tsmedizin Magdeburg und das Deutsche Zentrum f\u00fcr Neurodegenerative Erkrankungen\u00a0(DZNE) Magdeburg hier aktuelle Entwicklungen in der Diagnostik, Therapie und Begleitung von Demenzerkrankungen vor. Die Teilnahme ist kostenfrei. Wann:\u00a013. September 2025,&hellip;","_links":{"self":[{"href":"https:\/\/sfb1436.de\/de\/wp-json\/wp\/v2\/posts\/28571","targetHints":{"allow":["GET"]}}],"collection":[{"href":"https:\/\/sfb1436.de\/de\/wp-json\/wp\/v2\/posts"}],"about":[{"href":"https:\/\/sfb1436.de\/de\/wp-json\/wp\/v2\/types\/post"}],"author":[{"embeddable":true,"href":"https:\/\/sfb1436.de\/de\/wp-json\/wp\/v2\/users\/4"}],"replies":[{"embeddable":true,"href":"https:\/\/sfb1436.de\/de\/wp-json\/wp\/v2\/comments?post=28571"}],"version-history":[{"count":1,"href":"https:\/\/sfb1436.de\/de\/wp-json\/wp\/v2\/posts\/28571\/revisions"}],"predecessor-version":[{"id":28572,"href":"https:\/\/sfb1436.de\/de\/wp-json\/wp\/v2\/posts\/28571\/revisions\/28572"}],"wp:attachment":[{"href":"https:\/\/sfb1436.de\/de\/wp-json\/wp\/v2\/media?parent=28571"}],"wp:term":[{"taxonomy":"category","embeddable":true,"href":"https:\/\/sfb1436.de\/de\/wp-json\/wp\/v2\/categories?post=28571"},{"taxonomy":"post_tag","embeddable":true,"href":"https:\/\/sfb1436.de\/de\/wp-json\/wp\/v2\/tags?post=28571"}],"curies":[{"name":"wp","href":"https:\/\/api.w.org\/{rel}","templated":true}]}}