{"id":28553,"date":"2025-09-04T09:00:00","date_gmt":"2025-09-04T07:00:00","guid":{"rendered":"https:\/\/sfb1436.de\/?p=28553"},"modified":"2025-09-04T16:06:08","modified_gmt":"2025-09-04T14:06:08","slug":"michael-r-kreutz-zum-honorarprofessor-ernannt","status":"publish","type":"post","link":"https:\/\/sfb1436.de\/de\/michael-r-kreutz-zum-honorarprofessor-ernannt\/","title":{"rendered":"Michael R. Kreutz zum Honorarprofessor ernannt"},"content":{"rendered":"\n<p class=\"wp-block-paragraph\">Unser SFB 1436 Co-Sprecher und Projektleiter in den Teilprojekten <a href=\"https:\/\/sfb1436.de\/de\/projekte\/a02_die-bildung-von-gedaechtnisspuren-ueber-exzitations-transkriptionskopplung\/\">A02<\/a>, <a href=\"https:\/\/sfb1436.de\/de\/projekte\/a04_verbesserung-der-kognitiven-leistungsfaehigkeit-durch-das-anti-aging-hormon-klotho\/\">A04<\/a> und <a href=\"https:\/\/sfb1436.de\/de\/projekte\/z01-funktionelle-analyse-von-neuronalen-netzwerken-in-nagern\/\">Z01 <\/a>Michael R. Kreutz ist zum Honorarprofessor f\u00fcr molekulare und zellul\u00e4re Neurowissenschaften\u00a0an der Medizinischen Fakult\u00e4t der\u00a0<a href=\"https:\/\/www.ovgu.de\/\" target=\"_blank\" rel=\"noreferrer noopener\">Otto-von-Guericke-Universit\u00e4t Magdeburg<\/a>\u00a0ernannt worden.<\/p>\n\n\n\n<p class=\"wp-block-paragraph\">Der gesamte Sonderforschungsbereich 1436 freut sich \u00fcber diese W\u00fcrdigung, die Dr. Michael Kreutz damit f\u00fcr seine langj\u00e4hrige und international herausragende Forschungsarbeit erh\u00e4lt.<\/p>\n\n\n\n<figure class=\"wp-block-image aligncenter size-large\"><img fetchpriority=\"high\" decoding=\"async\" width=\"1024\" height=\"683\" src=\"https:\/\/sfb1436.de\/wp-content\/uploads\/2021\/12\/michael-kreutz-1024x683.jpg\" alt=\"SFB 1436 Mitglied Michael Kreutz\" class=\"wp-image-1188\" srcset=\"https:\/\/sfb1436.de\/wp-content\/uploads\/2021\/12\/michael-kreutz-1024x683.jpg 1024w, https:\/\/sfb1436.de\/wp-content\/uploads\/2021\/12\/michael-kreutz-300x200.jpg 300w, https:\/\/sfb1436.de\/wp-content\/uploads\/2021\/12\/michael-kreutz-768x512.jpg 768w, https:\/\/sfb1436.de\/wp-content\/uploads\/2021\/12\/michael-kreutz-1600x1067.jpg 1600w, https:\/\/sfb1436.de\/wp-content\/uploads\/2021\/12\/michael-kreutz-1536x1024.jpg 1536w, https:\/\/sfb1436.de\/wp-content\/uploads\/2021\/12\/michael-kreutz-2048x1366.jpg 2048w\" sizes=\"(max-width: 1024px) 100vw, 1024px\" \/><figcaption class=\"wp-element-caption\">Prof. Dr. Michael R. Kreutz<\/figcaption><\/figure>\n\n\n\n<p class=\"has-text-align-center wp-block-paragraph\"><a href=\"https:\/\/www.med.ovgu.de\/Presse\/Presse\/Pressemitteilungen\/Experte+f%C3%BCr+Ged%C3%A4chtnisforschung+zum+Honorarprofessor+der+Universit%C3%A4t+Magdeburg+ernannt.html\">Die ausf\u00fchrliche Pressemitteilung der UMMD finden Sie hier.<\/a><\/p>\n\n\n\n<p class=\"has-text-align-center wp-block-paragraph\">Herzlichen Gl\u00fcckwunsch Michael!<\/p>\n","protected":false},"excerpt":{"rendered":"<p>Unser SFB 1436 Co-Sprecher und Projektleiter in den Teilprojekten A02, A04 und Z01 Michael R. Kreutz ist zum Honorarprofessor f\u00fcr molekulare und zellul\u00e4re Neurowissenschaften\u00a0an der Medizinischen Fakult\u00e4t der\u00a0Otto-von-Guericke-Universit\u00e4t Magdeburg\u00a0ernannt worden. Der gesamte Sonderforschungsbereich 1436 freut sich \u00fcber diese W\u00fcrdigung, die Dr. Michael Kreutz damit f\u00fcr seine langj\u00e4hrige und international herausragende Forschungsarbeit erh\u00e4lt. Die ausf\u00fchrliche Pressemitteilung [&hellip;]<\/p>\n","protected":false},"author":4,"featured_media":0,"comment_status":"closed","ping_status":"closed","sticky":false,"template":"","format":"standard","meta":{"_crdt_document":"","_uag_custom_page_level_css":"","footnotes":""},"categories":[288,281,220],"tags":[566,1596,331,1230,372,330],"class_list":["post-28553","post","type-post","status-publish","format-standard","hentry","category-all-news-and-events-de","category-alle-news-und-events","category-news-de","tag-crc-1436-de","tag-honorarprofessor","tag-magdeburg","tag-michael-r-kreutz-2","tag-neurowissenschaften","tag-sfb-1436"],"yoast_head":"<!-- This site is optimized with the Yoast SEO plugin v27.1.1 - https:\/\/yoast.com\/product\/yoast-seo-wordpress\/ -->\n<title>Michael R. Kreutz zum Honorarprofessor ernannt<\/title>\n<meta name=\"description\" content=\"Unser SFB 1436 Co-Sprecher und Projektleiter in den Teilprojekten A02, A04 und Z01 Michael R. Kreutz ist zum Honorarprofessor\u00a0ernannt worden.\" \/>\n<meta name=\"robots\" content=\"index, follow, max-snippet:-1, max-image-preview:large, max-video-preview:-1\" \/>\n<link rel=\"canonical\" href=\"https:\/\/sfb1436.de\/de\/michael-r-kreutz-zum-honorarprofessor-ernannt\/\" \/>\n<meta property=\"og:locale\" content=\"de_DE\" \/>\n<meta property=\"og:type\" content=\"article\" \/>\n<meta property=\"og:title\" content=\"Michael R. Kreutz zum Honorarprofessor ernannt\" \/>\n<meta property=\"og:description\" content=\"Unser SFB 1436 Co-Sprecher und Projektleiter in den Teilprojekten A02, A04 und Z01 Michael R. Kreutz ist zum Honorarprofessor\u00a0ernannt worden.\" \/>\n<meta property=\"og:url\" content=\"https:\/\/sfb1436.de\/de\/michael-r-kreutz-zum-honorarprofessor-ernannt\/\" \/>\n<meta property=\"og:site_name\" content=\"SFB1436\" \/>\n<meta property=\"article:published_time\" content=\"2025-09-04T07:00:00+00:00\" \/>\n<meta property=\"article:modified_time\" content=\"2025-09-04T14:06:08+00:00\" \/>\n<meta property=\"og:image\" content=\"https:\/\/sfb1436.de\/wp-content\/uploads\/2021\/12\/michael-kreutz-scaled.jpg\" \/>\n\t<meta property=\"og:image:width\" content=\"2560\" \/>\n\t<meta property=\"og:image:height\" content=\"1707\" \/>\n\t<meta property=\"og:image:type\" content=\"image\/jpeg\" \/>\n<meta name=\"author\" content=\"redakteur\" \/>\n<meta name=\"twitter:card\" content=\"summary_large_image\" \/>\n<meta name=\"twitter:label1\" content=\"Verfasst von\" \/>\n\t<meta name=\"twitter:data1\" content=\"redakteur\" \/>\n\t<meta name=\"twitter:label2\" content=\"Gesch\u00e4tzte Lesezeit\" \/>\n\t<meta name=\"twitter:data2\" content=\"1\u00a0Minute\" \/>\n<script type=\"application\/ld+json\" class=\"yoast-schema-graph\">{\"@context\":\"https:\/\/schema.org\",\"@graph\":[{\"@type\":\"ScholarlyArticle\",\"@id\":\"https:\/\/sfb1436.de\/de\/michael-r-kreutz-zum-honorarprofessor-ernannt\/#article\",\"isPartOf\":{\"@id\":\"https:\/\/sfb1436.de\/de\/michael-r-kreutz-zum-honorarprofessor-ernannt\/\"},\"author\":{\"name\":\"redakteur\",\"@id\":\"https:\/\/sfb1436.de\/de\/#\/schema\/person\/c0ef0d254080f73ef2aa76e57caa6d12\"},\"headline\":\"Michael R. Kreutz zum Honorarprofessor ernannt\",\"datePublished\":\"2025-09-04T07:00:00+00:00\",\"dateModified\":\"2025-09-04T14:06:08+00:00\",\"mainEntityOfPage\":{\"@id\":\"https:\/\/sfb1436.de\/de\/michael-r-kreutz-zum-honorarprofessor-ernannt\/\"},\"wordCount\":85,\"publisher\":{\"@id\":\"https:\/\/sfb1436.de\/de\/#organization\"},\"image\":{\"@id\":\"https:\/\/sfb1436.de\/de\/michael-r-kreutz-zum-honorarprofessor-ernannt\/#primaryimage\"},\"thumbnailUrl\":\"https:\/\/sfb1436.de\/wp-content\/uploads\/2021\/12\/michael-kreutz-1024x683.jpg\",\"keywords\":[\"CRC 1436\",\"Honorarprofessor\",\"Magdeburg\",\"Michael R. Kreutz\",\"Neurowissenschaften\",\"SFB 1436\"],\"articleSection\":[\"All News and Events\",\"Alle News und Events\",\"News\"],\"inLanguage\":\"de\"},{\"@type\":\"WebPage\",\"@id\":\"https:\/\/sfb1436.de\/de\/michael-r-kreutz-zum-honorarprofessor-ernannt\/\",\"url\":\"https:\/\/sfb1436.de\/de\/michael-r-kreutz-zum-honorarprofessor-ernannt\/\",\"name\":\"Michael R. Kreutz zum Honorarprofessor ernannt\",\"isPartOf\":{\"@id\":\"https:\/\/sfb1436.de\/de\/#website\"},\"primaryImageOfPage\":{\"@id\":\"https:\/\/sfb1436.de\/de\/michael-r-kreutz-zum-honorarprofessor-ernannt\/#primaryimage\"},\"image\":{\"@id\":\"https:\/\/sfb1436.de\/de\/michael-r-kreutz-zum-honorarprofessor-ernannt\/#primaryimage\"},\"thumbnailUrl\":\"https:\/\/sfb1436.de\/wp-content\/uploads\/2021\/12\/michael-kreutz-1024x683.jpg\",\"datePublished\":\"2025-09-04T07:00:00+00:00\",\"dateModified\":\"2025-09-04T14:06:08+00:00\",\"description\":\"Unser SFB 1436 Co-Sprecher und Projektleiter in den Teilprojekten A02, A04 und Z01 Michael R. Kreutz ist zum Honorarprofessor\u00a0ernannt worden.\",\"breadcrumb\":{\"@id\":\"https:\/\/sfb1436.de\/de\/michael-r-kreutz-zum-honorarprofessor-ernannt\/#breadcrumb\"},\"inLanguage\":\"de\",\"potentialAction\":[{\"@type\":\"ReadAction\",\"target\":[\"https:\/\/sfb1436.de\/de\/michael-r-kreutz-zum-honorarprofessor-ernannt\/\"]}]},{\"@type\":\"ImageObject\",\"inLanguage\":\"de\",\"@id\":\"https:\/\/sfb1436.de\/de\/michael-r-kreutz-zum-honorarprofessor-ernannt\/#primaryimage\",\"url\":\"https:\/\/sfb1436.de\/wp-content\/uploads\/2021\/12\/michael-kreutz-1024x683.jpg\",\"contentUrl\":\"https:\/\/sfb1436.de\/wp-content\/uploads\/2021\/12\/michael-kreutz-1024x683.jpg\"},{\"@type\":\"BreadcrumbList\",\"@id\":\"https:\/\/sfb1436.de\/de\/michael-r-kreutz-zum-honorarprofessor-ernannt\/#breadcrumb\",\"itemListElement\":[{\"@type\":\"ListItem\",\"position\":1,\"name\":\"Startseite\",\"item\":\"https:\/\/sfb1436.de\/de\/\"},{\"@type\":\"ListItem\",\"position\":2,\"name\":\"Michael R. Kreutz zum Honorarprofessor ernannt\"}]},{\"@type\":\"WebSite\",\"@id\":\"https:\/\/sfb1436.de\/de\/#website\",\"url\":\"https:\/\/sfb1436.de\/de\/\",\"name\":\"SFB1436\",\"description\":\"\",\"publisher\":{\"@id\":\"https:\/\/sfb1436.de\/de\/#organization\"},\"potentialAction\":[{\"@type\":\"SearchAction\",\"target\":{\"@type\":\"EntryPoint\",\"urlTemplate\":\"https:\/\/sfb1436.de\/de\/?s={search_term_string}\"},\"query-input\":{\"@type\":\"PropertyValueSpecification\",\"valueRequired\":true,\"valueName\":\"search_term_string\"}}],\"inLanguage\":\"de\"},{\"@type\":\"Organization\",\"@id\":\"https:\/\/sfb1436.de\/de\/#organization\",\"name\":\"Otto-von-Guericke Universit\u00e4t Medizinische Fakult\u00e4t Institut f\u00fcr Kognitive Neurologie und Demenzforschung\",\"url\":\"https:\/\/sfb1436.de\/de\/\",\"logo\":{\"@type\":\"ImageObject\",\"inLanguage\":\"de\",\"@id\":\"https:\/\/sfb1436.de\/de\/#\/schema\/logo\/image\/\",\"url\":\"https:\/\/sfb1436.de\/wp-content\/uploads\/2021\/12\/logo-sfb.png\",\"contentUrl\":\"https:\/\/sfb1436.de\/wp-content\/uploads\/2021\/12\/logo-sfb.png\",\"width\":1244,\"height\":820,\"caption\":\"Otto-von-Guericke Universit\u00e4t Medizinische Fakult\u00e4t Institut f\u00fcr Kognitive Neurologie und Demenzforschung\"},\"image\":{\"@id\":\"https:\/\/sfb1436.de\/de\/#\/schema\/logo\/image\/\"}},{\"@type\":\"Person\",\"@id\":\"https:\/\/sfb1436.de\/de\/#\/schema\/person\/c0ef0d254080f73ef2aa76e57caa6d12\",\"name\":\"redakteur\"}]}<\/script>\n<!-- \/ Yoast SEO plugin. -->","yoast_head_json":{"title":"Michael R. Kreutz zum Honorarprofessor ernannt","description":"Unser SFB 1436 Co-Sprecher und Projektleiter in den Teilprojekten A02, A04 und Z01 Michael R. Kreutz ist zum Honorarprofessor\u00a0ernannt worden.","robots":{"index":"index","follow":"follow","max-snippet":"max-snippet:-1","max-image-preview":"max-image-preview:large","max-video-preview":"max-video-preview:-1"},"canonical":"https:\/\/sfb1436.de\/de\/michael-r-kreutz-zum-honorarprofessor-ernannt\/","og_locale":"de_DE","og_type":"article","og_title":"Michael R. Kreutz zum Honorarprofessor ernannt","og_description":"Unser SFB 1436 Co-Sprecher und Projektleiter in den Teilprojekten A02, A04 und Z01 Michael R. Kreutz ist zum Honorarprofessor\u00a0ernannt worden.","og_url":"https:\/\/sfb1436.de\/de\/michael-r-kreutz-zum-honorarprofessor-ernannt\/","og_site_name":"SFB1436","article_published_time":"2025-09-04T07:00:00+00:00","article_modified_time":"2025-09-04T14:06:08+00:00","og_image":[{"width":2560,"height":1707,"url":"https:\/\/sfb1436.de\/wp-content\/uploads\/2021\/12\/michael-kreutz-scaled.jpg","type":"image\/jpeg"}],"author":"redakteur","twitter_card":"summary_large_image","twitter_misc":{"Verfasst von":"redakteur","Gesch\u00e4tzte Lesezeit":"1\u00a0Minute"},"schema":{"@context":"https:\/\/schema.org","@graph":[{"@type":"ScholarlyArticle","@id":"https:\/\/sfb1436.de\/de\/michael-r-kreutz-zum-honorarprofessor-ernannt\/#article","isPartOf":{"@id":"https:\/\/sfb1436.de\/de\/michael-r-kreutz-zum-honorarprofessor-ernannt\/"},"author":{"name":"redakteur","@id":"https:\/\/sfb1436.de\/de\/#\/schema\/person\/c0ef0d254080f73ef2aa76e57caa6d12"},"headline":"Michael R. Kreutz zum Honorarprofessor ernannt","datePublished":"2025-09-04T07:00:00+00:00","dateModified":"2025-09-04T14:06:08+00:00","mainEntityOfPage":{"@id":"https:\/\/sfb1436.de\/de\/michael-r-kreutz-zum-honorarprofessor-ernannt\/"},"wordCount":85,"publisher":{"@id":"https:\/\/sfb1436.de\/de\/#organization"},"image":{"@id":"https:\/\/sfb1436.de\/de\/michael-r-kreutz-zum-honorarprofessor-ernannt\/#primaryimage"},"thumbnailUrl":"https:\/\/sfb1436.de\/wp-content\/uploads\/2021\/12\/michael-kreutz-1024x683.jpg","keywords":["CRC 1436","Honorarprofessor","Magdeburg","Michael R. Kreutz","Neurowissenschaften","SFB 1436"],"articleSection":["All News and Events","Alle News und Events","News"],"inLanguage":"de"},{"@type":"WebPage","@id":"https:\/\/sfb1436.de\/de\/michael-r-kreutz-zum-honorarprofessor-ernannt\/","url":"https:\/\/sfb1436.de\/de\/michael-r-kreutz-zum-honorarprofessor-ernannt\/","name":"Michael R. Kreutz zum Honorarprofessor ernannt","isPartOf":{"@id":"https:\/\/sfb1436.de\/de\/#website"},"primaryImageOfPage":{"@id":"https:\/\/sfb1436.de\/de\/michael-r-kreutz-zum-honorarprofessor-ernannt\/#primaryimage"},"image":{"@id":"https:\/\/sfb1436.de\/de\/michael-r-kreutz-zum-honorarprofessor-ernannt\/#primaryimage"},"thumbnailUrl":"https:\/\/sfb1436.de\/wp-content\/uploads\/2021\/12\/michael-kreutz-1024x683.jpg","datePublished":"2025-09-04T07:00:00+00:00","dateModified":"2025-09-04T14:06:08+00:00","description":"Unser SFB 1436 Co-Sprecher und Projektleiter in den Teilprojekten A02, A04 und Z01 Michael R. Kreutz ist zum Honorarprofessor\u00a0ernannt worden.","breadcrumb":{"@id":"https:\/\/sfb1436.de\/de\/michael-r-kreutz-zum-honorarprofessor-ernannt\/#breadcrumb"},"inLanguage":"de","potentialAction":[{"@type":"ReadAction","target":["https:\/\/sfb1436.de\/de\/michael-r-kreutz-zum-honorarprofessor-ernannt\/"]}]},{"@type":"ImageObject","inLanguage":"de","@id":"https:\/\/sfb1436.de\/de\/michael-r-kreutz-zum-honorarprofessor-ernannt\/#primaryimage","url":"https:\/\/sfb1436.de\/wp-content\/uploads\/2021\/12\/michael-kreutz-1024x683.jpg","contentUrl":"https:\/\/sfb1436.de\/wp-content\/uploads\/2021\/12\/michael-kreutz-1024x683.jpg"},{"@type":"BreadcrumbList","@id":"https:\/\/sfb1436.de\/de\/michael-r-kreutz-zum-honorarprofessor-ernannt\/#breadcrumb","itemListElement":[{"@type":"ListItem","position":1,"name":"Startseite","item":"https:\/\/sfb1436.de\/de\/"},{"@type":"ListItem","position":2,"name":"Michael R. Kreutz zum Honorarprofessor ernannt"}]},{"@type":"WebSite","@id":"https:\/\/sfb1436.de\/de\/#website","url":"https:\/\/sfb1436.de\/de\/","name":"SFB1436","description":"","publisher":{"@id":"https:\/\/sfb1436.de\/de\/#organization"},"potentialAction":[{"@type":"SearchAction","target":{"@type":"EntryPoint","urlTemplate":"https:\/\/sfb1436.de\/de\/?s={search_term_string}"},"query-input":{"@type":"PropertyValueSpecification","valueRequired":true,"valueName":"search_term_string"}}],"inLanguage":"de"},{"@type":"Organization","@id":"https:\/\/sfb1436.de\/de\/#organization","name":"Otto-von-Guericke Universit\u00e4t Medizinische Fakult\u00e4t Institut f\u00fcr Kognitive Neurologie und Demenzforschung","url":"https:\/\/sfb1436.de\/de\/","logo":{"@type":"ImageObject","inLanguage":"de","@id":"https:\/\/sfb1436.de\/de\/#\/schema\/logo\/image\/","url":"https:\/\/sfb1436.de\/wp-content\/uploads\/2021\/12\/logo-sfb.png","contentUrl":"https:\/\/sfb1436.de\/wp-content\/uploads\/2021\/12\/logo-sfb.png","width":1244,"height":820,"caption":"Otto-von-Guericke Universit\u00e4t Medizinische Fakult\u00e4t Institut f\u00fcr Kognitive Neurologie und Demenzforschung"},"image":{"@id":"https:\/\/sfb1436.de\/de\/#\/schema\/logo\/image\/"}},{"@type":"Person","@id":"https:\/\/sfb1436.de\/de\/#\/schema\/person\/c0ef0d254080f73ef2aa76e57caa6d12","name":"redakteur"}]}},"uagb_featured_image_src":{"full":false,"thumbnail":false,"medium":false,"medium_large":false,"large":false,"gs-tiny":false,"xl":false,"xxl":false,"xxxl":false,"xxxxl":false,"xxxxxl":false,"1536x1536":false,"2048x2048":false,"awsm_team":false},"uagb_author_info":{"display_name":"redakteur","author_link":"https:\/\/sfb1436.de\/de\/author\/redakteur\/"},"uagb_comment_info":0,"uagb_excerpt":"Unser SFB 1436 Co-Sprecher und Projektleiter in den Teilprojekten A02, A04 und Z01 Michael R. Kreutz ist zum Honorarprofessor f\u00fcr molekulare und zellul\u00e4re Neurowissenschaften\u00a0an der Medizinischen Fakult\u00e4t der\u00a0Otto-von-Guericke-Universit\u00e4t Magdeburg\u00a0ernannt worden. Der gesamte Sonderforschungsbereich 1436 freut sich \u00fcber diese W\u00fcrdigung, die Dr. Michael Kreutz damit f\u00fcr seine langj\u00e4hrige und international herausragende Forschungsarbeit erh\u00e4lt. Die ausf\u00fchrliche Pressemitteilung&hellip;","_links":{"self":[{"href":"https:\/\/sfb1436.de\/de\/wp-json\/wp\/v2\/posts\/28553","targetHints":{"allow":["GET"]}}],"collection":[{"href":"https:\/\/sfb1436.de\/de\/wp-json\/wp\/v2\/posts"}],"about":[{"href":"https:\/\/sfb1436.de\/de\/wp-json\/wp\/v2\/types\/post"}],"author":[{"embeddable":true,"href":"https:\/\/sfb1436.de\/de\/wp-json\/wp\/v2\/users\/4"}],"replies":[{"embeddable":true,"href":"https:\/\/sfb1436.de\/de\/wp-json\/wp\/v2\/comments?post=28553"}],"version-history":[{"count":1,"href":"https:\/\/sfb1436.de\/de\/wp-json\/wp\/v2\/posts\/28553\/revisions"}],"predecessor-version":[{"id":28554,"href":"https:\/\/sfb1436.de\/de\/wp-json\/wp\/v2\/posts\/28553\/revisions\/28554"}],"wp:attachment":[{"href":"https:\/\/sfb1436.de\/de\/wp-json\/wp\/v2\/media?parent=28553"}],"wp:term":[{"taxonomy":"category","embeddable":true,"href":"https:\/\/sfb1436.de\/de\/wp-json\/wp\/v2\/categories?post=28553"},{"taxonomy":"post_tag","embeddable":true,"href":"https:\/\/sfb1436.de\/de\/wp-json\/wp\/v2\/tags?post=28553"}],"curies":[{"name":"wp","href":"https:\/\/api.w.org\/{rel}","templated":true}]}}