{"id":28426,"date":"2025-08-18T09:00:00","date_gmt":"2025-08-18T07:00:00","guid":{"rendered":"https:\/\/sfb1436.de\/?p=28426"},"modified":"2025-08-14T14:23:03","modified_gmt":"2025-08-14T12:23:03","slug":"nachwuchswissenschaftler-aufgepasst","status":"publish","type":"post","link":"https:\/\/sfb1436.de\/de\/nachwuchswissenschaftler-aufgepasst\/","title":{"rendered":"Nachwuchswissenschaftler aufgepasst"},"content":{"rendered":"\n<p class=\"wp-block-paragraph\">Die DFG setzt ihre Informationsreihe &#8222;Prospects&#8220; fort. Im September und Dezember gibt es zwei englischsprachige Online-Veranstaltungen zu den F\u00f6rderm\u00f6glichkeiten der DFG f\u00fcr Postdocs. Hier erhaltet ihr einen \u00dcberblick \u00fcber die zentralen F\u00f6rderm\u00f6glichkeiten und einzelne Programme.<\/p>\n\n\n\n<p class=\"wp-block-paragraph\">Au\u00dferdem k\u00f6nnt ihr euch im Oktober gezielt zum Walter Benjamin Programm informieren. Auch diese Veranstaltung findet online statt.<\/p>\n\n\n\n<p class=\"wp-block-paragraph\">Hilfreich kann weiterhin die aktuelle Pr\u00e4sentation zum Emmy Noether Programm vom Juli 2025 sein. <\/p>\n\n\n\n<p class=\"wp-block-paragraph\"><a href=\"https:\/\/www.dfg.de\/de\/foerderung\/foerdermoeglichkeiten\/wissenschaftliche-karriere\/veranstaltungen\">Schaut einfach auf der DFG-Seite vorbei.<\/a><\/p>\n","protected":false},"excerpt":{"rendered":"<p>Die DFG setzt ihre Informationsreihe &#8222;Prospects&#8220; fort. Im September und Dezember gibt es zwei englischsprachige Online-Veranstaltungen zu den F\u00f6rderm\u00f6glichkeiten der DFG f\u00fcr Postdocs. Hier erhaltet ihr einen \u00dcberblick \u00fcber die zentralen F\u00f6rderm\u00f6glichkeiten und einzelne Programme. Au\u00dferdem k\u00f6nnt ihr euch im Oktober gezielt zum Walter Benjamin Programm informieren. Auch diese Veranstaltung findet online statt. Hilfreich kann [&hellip;]<\/p>\n","protected":false},"author":4,"featured_media":0,"comment_status":"closed","ping_status":"closed","sticky":false,"template":"","format":"standard","meta":{"_crdt_document":"","_uag_custom_page_level_css":"","footnotes":""},"categories":[281,219,220],"tags":[771,1579,1578,357,1581,914,707,1580],"class_list":["post-28426","post","type-post","status-publish","format-standard","hentry","category-alle-news-und-events","category-events-de","category-news-de","tag-dfg","tag-emmy-noether-4","tag-foerdermoeglichkeiten","tag-forschung","tag-heisenberg","tag-nachwuchswissenschaftler","tag-nachwuchswissenschaftlerinnen","tag-walter-benjamin"],"yoast_head":"<!-- This site is optimized with the Yoast SEO plugin v27.1.1 - https:\/\/yoast.com\/product\/yoast-seo-wordpress\/ -->\n<title>Nachwuchswissenschaftler aufgepasst<\/title>\n<meta name=\"description\" content=\"Die DFG setzt ihre Informationsreihe &quot;Prospects&quot; im September mit Online-Veranstaltungen zu den F\u00f6rderm\u00f6glichkeiten f\u00fcr Postdocs fort.\" \/>\n<meta name=\"robots\" content=\"index, follow, max-snippet:-1, max-image-preview:large, max-video-preview:-1\" \/>\n<link rel=\"canonical\" href=\"https:\/\/sfb1436.de\/de\/nachwuchswissenschaftler-aufgepasst\/\" \/>\n<meta property=\"og:locale\" content=\"de_DE\" \/>\n<meta property=\"og:type\" content=\"article\" \/>\n<meta property=\"og:title\" content=\"Nachwuchswissenschaftler aufgepasst\" \/>\n<meta property=\"og:description\" content=\"Die DFG setzt ihre Informationsreihe &quot;Prospects&quot; im September mit Online-Veranstaltungen zu den F\u00f6rderm\u00f6glichkeiten f\u00fcr Postdocs fort.\" \/>\n<meta property=\"og:url\" content=\"https:\/\/sfb1436.de\/de\/nachwuchswissenschaftler-aufgepasst\/\" \/>\n<meta property=\"og:site_name\" content=\"SFB1436\" \/>\n<meta property=\"article:published_time\" content=\"2025-08-18T07:00:00+00:00\" \/>\n<meta name=\"author\" content=\"redakteur\" \/>\n<meta name=\"twitter:card\" content=\"summary_large_image\" \/>\n<meta name=\"twitter:label1\" content=\"Verfasst von\" \/>\n\t<meta name=\"twitter:data1\" content=\"redakteur\" \/>\n\t<meta name=\"twitter:label2\" content=\"Gesch\u00e4tzte Lesezeit\" \/>\n\t<meta name=\"twitter:data2\" content=\"1\u00a0Minute\" \/>\n<script type=\"application\/ld+json\" class=\"yoast-schema-graph\">{\"@context\":\"https:\/\/schema.org\",\"@graph\":[{\"@type\":\"ScholarlyArticle\",\"@id\":\"https:\/\/sfb1436.de\/de\/nachwuchswissenschaftler-aufgepasst\/#article\",\"isPartOf\":{\"@id\":\"https:\/\/sfb1436.de\/de\/nachwuchswissenschaftler-aufgepasst\/\"},\"author\":{\"name\":\"redakteur\",\"@id\":\"https:\/\/sfb1436.de\/de\/#\/schema\/person\/c0ef0d254080f73ef2aa76e57caa6d12\"},\"headline\":\"Nachwuchswissenschaftler aufgepasst\",\"datePublished\":\"2025-08-18T07:00:00+00:00\",\"mainEntityOfPage\":{\"@id\":\"https:\/\/sfb1436.de\/de\/nachwuchswissenschaftler-aufgepasst\/\"},\"wordCount\":82,\"publisher\":{\"@id\":\"https:\/\/sfb1436.de\/de\/#organization\"},\"keywords\":[\"DFG\",\"Emmy Noether\",\"F\u00f6rderm\u00f6glichkeiten\",\"Forschung\",\"Heisenberg\",\"Nachwuchswissenschaftler\",\"Nachwuchswissenschaftlerinnen\",\"Walter Benjamin\"],\"articleSection\":[\"Alle News und Events\",\"Events\",\"News\"],\"inLanguage\":\"de\"},{\"@type\":\"WebPage\",\"@id\":\"https:\/\/sfb1436.de\/de\/nachwuchswissenschaftler-aufgepasst\/\",\"url\":\"https:\/\/sfb1436.de\/de\/nachwuchswissenschaftler-aufgepasst\/\",\"name\":\"Nachwuchswissenschaftler aufgepasst\",\"isPartOf\":{\"@id\":\"https:\/\/sfb1436.de\/de\/#website\"},\"datePublished\":\"2025-08-18T07:00:00+00:00\",\"description\":\"Die DFG setzt ihre Informationsreihe \\\"Prospects\\\" im September mit Online-Veranstaltungen zu den F\u00f6rderm\u00f6glichkeiten f\u00fcr Postdocs fort.\",\"breadcrumb\":{\"@id\":\"https:\/\/sfb1436.de\/de\/nachwuchswissenschaftler-aufgepasst\/#breadcrumb\"},\"inLanguage\":\"de\",\"potentialAction\":[{\"@type\":\"ReadAction\",\"target\":[\"https:\/\/sfb1436.de\/de\/nachwuchswissenschaftler-aufgepasst\/\"]}]},{\"@type\":\"BreadcrumbList\",\"@id\":\"https:\/\/sfb1436.de\/de\/nachwuchswissenschaftler-aufgepasst\/#breadcrumb\",\"itemListElement\":[{\"@type\":\"ListItem\",\"position\":1,\"name\":\"Startseite\",\"item\":\"https:\/\/sfb1436.de\/de\/\"},{\"@type\":\"ListItem\",\"position\":2,\"name\":\"Nachwuchswissenschaftler aufgepasst\"}]},{\"@type\":\"WebSite\",\"@id\":\"https:\/\/sfb1436.de\/de\/#website\",\"url\":\"https:\/\/sfb1436.de\/de\/\",\"name\":\"SFB1436\",\"description\":\"\",\"publisher\":{\"@id\":\"https:\/\/sfb1436.de\/de\/#organization\"},\"potentialAction\":[{\"@type\":\"SearchAction\",\"target\":{\"@type\":\"EntryPoint\",\"urlTemplate\":\"https:\/\/sfb1436.de\/de\/?s={search_term_string}\"},\"query-input\":{\"@type\":\"PropertyValueSpecification\",\"valueRequired\":true,\"valueName\":\"search_term_string\"}}],\"inLanguage\":\"de\"},{\"@type\":\"Organization\",\"@id\":\"https:\/\/sfb1436.de\/de\/#organization\",\"name\":\"Otto-von-Guericke Universit\u00e4t Medizinische Fakult\u00e4t Institut f\u00fcr Kognitive Neurologie und Demenzforschung\",\"url\":\"https:\/\/sfb1436.de\/de\/\",\"logo\":{\"@type\":\"ImageObject\",\"inLanguage\":\"de\",\"@id\":\"https:\/\/sfb1436.de\/de\/#\/schema\/logo\/image\/\",\"url\":\"https:\/\/sfb1436.de\/wp-content\/uploads\/2021\/12\/logo-sfb.png\",\"contentUrl\":\"https:\/\/sfb1436.de\/wp-content\/uploads\/2021\/12\/logo-sfb.png\",\"width\":1244,\"height\":820,\"caption\":\"Otto-von-Guericke Universit\u00e4t Medizinische Fakult\u00e4t Institut f\u00fcr Kognitive Neurologie und Demenzforschung\"},\"image\":{\"@id\":\"https:\/\/sfb1436.de\/de\/#\/schema\/logo\/image\/\"}},{\"@type\":\"Person\",\"@id\":\"https:\/\/sfb1436.de\/de\/#\/schema\/person\/c0ef0d254080f73ef2aa76e57caa6d12\",\"name\":\"redakteur\"}]}<\/script>\n<!-- \/ Yoast SEO plugin. -->","yoast_head_json":{"title":"Nachwuchswissenschaftler aufgepasst","description":"Die DFG setzt ihre Informationsreihe \"Prospects\" im September mit Online-Veranstaltungen zu den F\u00f6rderm\u00f6glichkeiten f\u00fcr Postdocs fort.","robots":{"index":"index","follow":"follow","max-snippet":"max-snippet:-1","max-image-preview":"max-image-preview:large","max-video-preview":"max-video-preview:-1"},"canonical":"https:\/\/sfb1436.de\/de\/nachwuchswissenschaftler-aufgepasst\/","og_locale":"de_DE","og_type":"article","og_title":"Nachwuchswissenschaftler aufgepasst","og_description":"Die DFG setzt ihre Informationsreihe \"Prospects\" im September mit Online-Veranstaltungen zu den F\u00f6rderm\u00f6glichkeiten f\u00fcr Postdocs fort.","og_url":"https:\/\/sfb1436.de\/de\/nachwuchswissenschaftler-aufgepasst\/","og_site_name":"SFB1436","article_published_time":"2025-08-18T07:00:00+00:00","author":"redakteur","twitter_card":"summary_large_image","twitter_misc":{"Verfasst von":"redakteur","Gesch\u00e4tzte Lesezeit":"1\u00a0Minute"},"schema":{"@context":"https:\/\/schema.org","@graph":[{"@type":"ScholarlyArticle","@id":"https:\/\/sfb1436.de\/de\/nachwuchswissenschaftler-aufgepasst\/#article","isPartOf":{"@id":"https:\/\/sfb1436.de\/de\/nachwuchswissenschaftler-aufgepasst\/"},"author":{"name":"redakteur","@id":"https:\/\/sfb1436.de\/de\/#\/schema\/person\/c0ef0d254080f73ef2aa76e57caa6d12"},"headline":"Nachwuchswissenschaftler aufgepasst","datePublished":"2025-08-18T07:00:00+00:00","mainEntityOfPage":{"@id":"https:\/\/sfb1436.de\/de\/nachwuchswissenschaftler-aufgepasst\/"},"wordCount":82,"publisher":{"@id":"https:\/\/sfb1436.de\/de\/#organization"},"keywords":["DFG","Emmy Noether","F\u00f6rderm\u00f6glichkeiten","Forschung","Heisenberg","Nachwuchswissenschaftler","Nachwuchswissenschaftlerinnen","Walter Benjamin"],"articleSection":["Alle News und Events","Events","News"],"inLanguage":"de"},{"@type":"WebPage","@id":"https:\/\/sfb1436.de\/de\/nachwuchswissenschaftler-aufgepasst\/","url":"https:\/\/sfb1436.de\/de\/nachwuchswissenschaftler-aufgepasst\/","name":"Nachwuchswissenschaftler aufgepasst","isPartOf":{"@id":"https:\/\/sfb1436.de\/de\/#website"},"datePublished":"2025-08-18T07:00:00+00:00","description":"Die DFG setzt ihre Informationsreihe \"Prospects\" im September mit Online-Veranstaltungen zu den F\u00f6rderm\u00f6glichkeiten f\u00fcr Postdocs fort.","breadcrumb":{"@id":"https:\/\/sfb1436.de\/de\/nachwuchswissenschaftler-aufgepasst\/#breadcrumb"},"inLanguage":"de","potentialAction":[{"@type":"ReadAction","target":["https:\/\/sfb1436.de\/de\/nachwuchswissenschaftler-aufgepasst\/"]}]},{"@type":"BreadcrumbList","@id":"https:\/\/sfb1436.de\/de\/nachwuchswissenschaftler-aufgepasst\/#breadcrumb","itemListElement":[{"@type":"ListItem","position":1,"name":"Startseite","item":"https:\/\/sfb1436.de\/de\/"},{"@type":"ListItem","position":2,"name":"Nachwuchswissenschaftler aufgepasst"}]},{"@type":"WebSite","@id":"https:\/\/sfb1436.de\/de\/#website","url":"https:\/\/sfb1436.de\/de\/","name":"SFB1436","description":"","publisher":{"@id":"https:\/\/sfb1436.de\/de\/#organization"},"potentialAction":[{"@type":"SearchAction","target":{"@type":"EntryPoint","urlTemplate":"https:\/\/sfb1436.de\/de\/?s={search_term_string}"},"query-input":{"@type":"PropertyValueSpecification","valueRequired":true,"valueName":"search_term_string"}}],"inLanguage":"de"},{"@type":"Organization","@id":"https:\/\/sfb1436.de\/de\/#organization","name":"Otto-von-Guericke Universit\u00e4t Medizinische Fakult\u00e4t Institut f\u00fcr Kognitive Neurologie und Demenzforschung","url":"https:\/\/sfb1436.de\/de\/","logo":{"@type":"ImageObject","inLanguage":"de","@id":"https:\/\/sfb1436.de\/de\/#\/schema\/logo\/image\/","url":"https:\/\/sfb1436.de\/wp-content\/uploads\/2021\/12\/logo-sfb.png","contentUrl":"https:\/\/sfb1436.de\/wp-content\/uploads\/2021\/12\/logo-sfb.png","width":1244,"height":820,"caption":"Otto-von-Guericke Universit\u00e4t Medizinische Fakult\u00e4t Institut f\u00fcr Kognitive Neurologie und Demenzforschung"},"image":{"@id":"https:\/\/sfb1436.de\/de\/#\/schema\/logo\/image\/"}},{"@type":"Person","@id":"https:\/\/sfb1436.de\/de\/#\/schema\/person\/c0ef0d254080f73ef2aa76e57caa6d12","name":"redakteur"}]}},"uagb_featured_image_src":{"full":false,"thumbnail":false,"medium":false,"medium_large":false,"large":false,"gs-tiny":false,"xl":false,"xxl":false,"xxxl":false,"xxxxl":false,"xxxxxl":false,"1536x1536":false,"2048x2048":false,"awsm_team":false},"uagb_author_info":{"display_name":"redakteur","author_link":"https:\/\/sfb1436.de\/de\/author\/redakteur\/"},"uagb_comment_info":0,"uagb_excerpt":"Die DFG setzt ihre Informationsreihe &#8222;Prospects&#8220; fort. Im September und Dezember gibt es zwei englischsprachige Online-Veranstaltungen zu den F\u00f6rderm\u00f6glichkeiten der DFG f\u00fcr Postdocs. Hier erhaltet ihr einen \u00dcberblick \u00fcber die zentralen F\u00f6rderm\u00f6glichkeiten und einzelne Programme. Au\u00dferdem k\u00f6nnt ihr euch im Oktober gezielt zum Walter Benjamin Programm informieren. Auch diese Veranstaltung findet online statt. Hilfreich kann&hellip;","_links":{"self":[{"href":"https:\/\/sfb1436.de\/de\/wp-json\/wp\/v2\/posts\/28426","targetHints":{"allow":["GET"]}}],"collection":[{"href":"https:\/\/sfb1436.de\/de\/wp-json\/wp\/v2\/posts"}],"about":[{"href":"https:\/\/sfb1436.de\/de\/wp-json\/wp\/v2\/types\/post"}],"author":[{"embeddable":true,"href":"https:\/\/sfb1436.de\/de\/wp-json\/wp\/v2\/users\/4"}],"replies":[{"embeddable":true,"href":"https:\/\/sfb1436.de\/de\/wp-json\/wp\/v2\/comments?post=28426"}],"version-history":[{"count":2,"href":"https:\/\/sfb1436.de\/de\/wp-json\/wp\/v2\/posts\/28426\/revisions"}],"predecessor-version":[{"id":28430,"href":"https:\/\/sfb1436.de\/de\/wp-json\/wp\/v2\/posts\/28426\/revisions\/28430"}],"wp:attachment":[{"href":"https:\/\/sfb1436.de\/de\/wp-json\/wp\/v2\/media?parent=28426"}],"wp:term":[{"taxonomy":"category","embeddable":true,"href":"https:\/\/sfb1436.de\/de\/wp-json\/wp\/v2\/categories?post=28426"},{"taxonomy":"post_tag","embeddable":true,"href":"https:\/\/sfb1436.de\/de\/wp-json\/wp\/v2\/tags?post=28426"}],"curies":[{"name":"wp","href":"https:\/\/api.w.org\/{rel}","templated":true}]}}