{"id":28407,"date":"2025-08-12T09:14:27","date_gmt":"2025-08-12T07:14:27","guid":{"rendered":"https:\/\/sfb1436.de\/?p=28407"},"modified":"2025-08-12T09:14:29","modified_gmt":"2025-08-12T07:14:29","slug":"ibio-forschungsvortrag-mit-prof-cong-yu","status":"publish","type":"post","link":"https:\/\/sfb1436.de\/de\/ibio-forschungsvortrag-mit-prof-cong-yu\/","title":{"rendered":"IBIO-Forschungsvortrag mit Prof. Cong Yu"},"content":{"rendered":"\n<p class=\"wp-block-paragraph\">Sie sind herzlich zu einem spannenden IBIO-Forschungsvortrag eingeladen:<\/p>\n\n\n\n<p class=\"wp-block-paragraph\"><strong>Wann:<\/strong> Donnerstag, 21. August, um 11 Uhr im IBIO (Haus 91), Raum 001<br><strong>Titel:<\/strong> Population Orientation Coding in Macaque V1, aufgezeigt durch Zwei-Photonen-Kalzium-Imaging und Transformator-Modellierung<br><strong>Wer:<\/strong> Prof. Cong Yu, Fakult\u00e4t f\u00fcr Psychologie und Kognitionswissenschaften, Peking-Universit\u00e4t<\/p>\n\n\n\n<p class=\"wp-block-paragraph\">Bitte teilen Sie <a href=\"mailto: linda.schimrock@ovgu.de\">Linda Schimrock<\/a> mit, wenn Sie Cong Yu am 21. August treffen m\u00f6chten. Sie sind auch herzlich eingeladen, an diesem Abend mit uns zu Abend zu essen \u2013 bitte geben Frau Schimrock Bescheid.<\/p>\n\n\n\n<p class=\"wp-block-paragraph\"><strong>Talk summary:<\/strong> l will present recent studies combining two-photon calcium imaging and machine learning to investigate population orientation coding and related issues in macaque V1.<br>The first study demonstrates that the orthogonality of stimulus features, including orientation, spatial frequency, and ocularity, is not represented in the relationships among functional maps as originally hypothesized by Hubel and Wiesel. The intersection angles among these maps at cellular resolution are not orthogonal, but evenly distributed. However, the orthogonality is represented by neural geometries of population responses to these features, which are orthogonal to each other in a PCA space. <br>The second study develops a transformer model that reveals V1 orientation decoding relies on a sparse set of \u201chub\u201d neurons receiving strong self-attention from other neurons.&nbsp;<br>These&nbsp;neurons are tuned to stimulus orientation and the tuning properties are enhanced by self-attention.&nbsp;Moreover, knocking out hub neurons does not impair orientation decoding, as the transformer recruits substitute hubs that are largely non-contributing prior to knockout. These modeling results point to a combination of redundant encoding and sparse decoding of orientation information.<br>The third study demonstrates ocular-dominance-dependent continuous flashing suppression (CFS) of V1 responses. Classification and transformer analyses further indicate that, while CFS-suppressed orientation signals can still support low-level coarse orientation discrimination, it may not suffice for object-level visual and cognitive processing. These results may help resolve the long-standing debate regarding the nature of subconscious visual processing.<br>Finally, time permitting, I will preview my upcoming ECVP talk. We use a transformer with a cross-attention mechanism to analyze orientation biases in population responses induced by preceding trials. The results suggest that the repulsion effect due to orientation adaptation and the attractive serial dependence effect are likely based on the readout of distinct V1 response patterns.<\/p>\n","protected":false},"excerpt":{"rendered":"<p>Sie sind herzlich zu einem spannenden IBIO-Forschungsvortrag eingeladen: Wann: Donnerstag, 21. August, um 11 Uhr im IBIO (Haus 91), Raum 001Titel: Population Orientation Coding in Macaque V1, aufgezeigt durch Zwei-Photonen-Kalzium-Imaging und Transformator-ModellierungWer: Prof. Cong Yu, Fakult\u00e4t f\u00fcr Psychologie und Kognitionswissenschaften, Peking-Universit\u00e4t Bitte teilen Sie Linda Schimrock mit, wenn Sie Cong Yu am 21. August treffen [&hellip;]<\/p>\n","protected":false},"author":4,"featured_media":0,"comment_status":"closed","ping_status":"closed","sticky":false,"template":"","format":"standard","meta":{"_crdt_document":"","_uag_custom_page_level_css":"","footnotes":""},"categories":[288,281,219,220],"tags":[331,372,1569,330,1570,478],"class_list":["post-28407","post","type-post","status-publish","format-standard","hentry","category-all-news-and-events-de","category-alle-news-und-events","category-events-de","category-news-de","tag-magdeburg","tag-neurowissenschaften","tag-prof-cong-yu-2","tag-sfb-1436","tag-universitaet-peking","tag-vortrag"],"yoast_head":"<!-- This site is optimized with the Yoast SEO plugin v27.1.1 - https:\/\/yoast.com\/product\/yoast-seo-wordpress\/ -->\n<title>IBIO-Forschungsvortrag mit Prof. Cong Yu<\/title>\n<meta name=\"description\" content=\"Am 21.08.2025 findet ein Vortrag mit Cong Yu von der Fakult\u00e4t f\u00fcr Psychologie und Kognitionswissenschaften der Peking-Universit\u00e4t statt.\" \/>\n<meta name=\"robots\" content=\"index, follow, max-snippet:-1, max-image-preview:large, max-video-preview:-1\" \/>\n<link rel=\"canonical\" href=\"https:\/\/sfb1436.de\/de\/ibio-forschungsvortrag-mit-prof-cong-yu\/\" \/>\n<meta property=\"og:locale\" content=\"de_DE\" \/>\n<meta property=\"og:type\" content=\"article\" \/>\n<meta property=\"og:title\" content=\"IBIO-Forschungsvortrag mit Prof. Cong Yu\" \/>\n<meta property=\"og:description\" content=\"Am 21.08.2025 findet ein Vortrag mit Cong Yu von der Fakult\u00e4t f\u00fcr Psychologie und Kognitionswissenschaften der Peking-Universit\u00e4t statt.\" \/>\n<meta property=\"og:url\" content=\"https:\/\/sfb1436.de\/de\/ibio-forschungsvortrag-mit-prof-cong-yu\/\" \/>\n<meta property=\"og:site_name\" content=\"SFB1436\" \/>\n<meta property=\"article:published_time\" content=\"2025-08-12T07:14:27+00:00\" \/>\n<meta property=\"article:modified_time\" content=\"2025-08-12T07:14:29+00:00\" \/>\n<meta name=\"author\" content=\"redakteur\" \/>\n<meta name=\"twitter:card\" content=\"summary_large_image\" \/>\n<meta name=\"twitter:label1\" content=\"Verfasst von\" \/>\n\t<meta name=\"twitter:data1\" content=\"redakteur\" \/>\n\t<meta name=\"twitter:label2\" content=\"Gesch\u00e4tzte Lesezeit\" \/>\n\t<meta name=\"twitter:data2\" content=\"3\u00a0Minuten\" \/>\n<script type=\"application\/ld+json\" class=\"yoast-schema-graph\">{\"@context\":\"https:\/\/schema.org\",\"@graph\":[{\"@type\":\"ScholarlyArticle\",\"@id\":\"https:\/\/sfb1436.de\/de\/ibio-forschungsvortrag-mit-prof-cong-yu\/#article\",\"isPartOf\":{\"@id\":\"https:\/\/sfb1436.de\/de\/ibio-forschungsvortrag-mit-prof-cong-yu\/\"},\"author\":{\"name\":\"redakteur\",\"@id\":\"https:\/\/sfb1436.de\/de\/#\/schema\/person\/c0ef0d254080f73ef2aa76e57caa6d12\"},\"headline\":\"IBIO-Forschungsvortrag mit Prof. Cong Yu\",\"datePublished\":\"2025-08-12T07:14:27+00:00\",\"dateModified\":\"2025-08-12T07:14:29+00:00\",\"mainEntityOfPage\":{\"@id\":\"https:\/\/sfb1436.de\/de\/ibio-forschungsvortrag-mit-prof-cong-yu\/\"},\"wordCount\":372,\"publisher\":{\"@id\":\"https:\/\/sfb1436.de\/de\/#organization\"},\"keywords\":[\"Magdeburg\",\"Neurowissenschaften\",\"Prof. Cong Yu\",\"SFB 1436\",\"Universit\u00e4t Peking\",\"Vortrag\"],\"articleSection\":[\"All News and Events\",\"Alle News und Events\",\"Events\",\"News\"],\"inLanguage\":\"de\"},{\"@type\":\"WebPage\",\"@id\":\"https:\/\/sfb1436.de\/de\/ibio-forschungsvortrag-mit-prof-cong-yu\/\",\"url\":\"https:\/\/sfb1436.de\/de\/ibio-forschungsvortrag-mit-prof-cong-yu\/\",\"name\":\"IBIO-Forschungsvortrag mit Prof. Cong Yu\",\"isPartOf\":{\"@id\":\"https:\/\/sfb1436.de\/de\/#website\"},\"datePublished\":\"2025-08-12T07:14:27+00:00\",\"dateModified\":\"2025-08-12T07:14:29+00:00\",\"description\":\"Am 21.08.2025 findet ein Vortrag mit Cong Yu von der Fakult\u00e4t f\u00fcr Psychologie und Kognitionswissenschaften der Peking-Universit\u00e4t statt.\",\"breadcrumb\":{\"@id\":\"https:\/\/sfb1436.de\/de\/ibio-forschungsvortrag-mit-prof-cong-yu\/#breadcrumb\"},\"inLanguage\":\"de\",\"potentialAction\":[{\"@type\":\"ReadAction\",\"target\":[\"https:\/\/sfb1436.de\/de\/ibio-forschungsvortrag-mit-prof-cong-yu\/\"]}]},{\"@type\":\"BreadcrumbList\",\"@id\":\"https:\/\/sfb1436.de\/de\/ibio-forschungsvortrag-mit-prof-cong-yu\/#breadcrumb\",\"itemListElement\":[{\"@type\":\"ListItem\",\"position\":1,\"name\":\"Startseite\",\"item\":\"https:\/\/sfb1436.de\/de\/\"},{\"@type\":\"ListItem\",\"position\":2,\"name\":\"IBIO-Forschungsvortrag mit Prof. Cong Yu\"}]},{\"@type\":\"WebSite\",\"@id\":\"https:\/\/sfb1436.de\/de\/#website\",\"url\":\"https:\/\/sfb1436.de\/de\/\",\"name\":\"SFB1436\",\"description\":\"\",\"publisher\":{\"@id\":\"https:\/\/sfb1436.de\/de\/#organization\"},\"potentialAction\":[{\"@type\":\"SearchAction\",\"target\":{\"@type\":\"EntryPoint\",\"urlTemplate\":\"https:\/\/sfb1436.de\/de\/?s={search_term_string}\"},\"query-input\":{\"@type\":\"PropertyValueSpecification\",\"valueRequired\":true,\"valueName\":\"search_term_string\"}}],\"inLanguage\":\"de\"},{\"@type\":\"Organization\",\"@id\":\"https:\/\/sfb1436.de\/de\/#organization\",\"name\":\"Otto-von-Guericke Universit\u00e4t Medizinische Fakult\u00e4t Institut f\u00fcr Kognitive Neurologie und Demenzforschung\",\"url\":\"https:\/\/sfb1436.de\/de\/\",\"logo\":{\"@type\":\"ImageObject\",\"inLanguage\":\"de\",\"@id\":\"https:\/\/sfb1436.de\/de\/#\/schema\/logo\/image\/\",\"url\":\"https:\/\/sfb1436.de\/wp-content\/uploads\/2021\/12\/logo-sfb.png\",\"contentUrl\":\"https:\/\/sfb1436.de\/wp-content\/uploads\/2021\/12\/logo-sfb.png\",\"width\":1244,\"height\":820,\"caption\":\"Otto-von-Guericke Universit\u00e4t Medizinische Fakult\u00e4t Institut f\u00fcr Kognitive Neurologie und Demenzforschung\"},\"image\":{\"@id\":\"https:\/\/sfb1436.de\/de\/#\/schema\/logo\/image\/\"}},{\"@type\":\"Person\",\"@id\":\"https:\/\/sfb1436.de\/de\/#\/schema\/person\/c0ef0d254080f73ef2aa76e57caa6d12\",\"name\":\"redakteur\"}]}<\/script>\n<!-- \/ Yoast SEO plugin. -->","yoast_head_json":{"title":"IBIO-Forschungsvortrag mit Prof. Cong Yu","description":"Am 21.08.2025 findet ein Vortrag mit Cong Yu von der Fakult\u00e4t f\u00fcr Psychologie und Kognitionswissenschaften der Peking-Universit\u00e4t statt.","robots":{"index":"index","follow":"follow","max-snippet":"max-snippet:-1","max-image-preview":"max-image-preview:large","max-video-preview":"max-video-preview:-1"},"canonical":"https:\/\/sfb1436.de\/de\/ibio-forschungsvortrag-mit-prof-cong-yu\/","og_locale":"de_DE","og_type":"article","og_title":"IBIO-Forschungsvortrag mit Prof. Cong Yu","og_description":"Am 21.08.2025 findet ein Vortrag mit Cong Yu von der Fakult\u00e4t f\u00fcr Psychologie und Kognitionswissenschaften der Peking-Universit\u00e4t statt.","og_url":"https:\/\/sfb1436.de\/de\/ibio-forschungsvortrag-mit-prof-cong-yu\/","og_site_name":"SFB1436","article_published_time":"2025-08-12T07:14:27+00:00","article_modified_time":"2025-08-12T07:14:29+00:00","author":"redakteur","twitter_card":"summary_large_image","twitter_misc":{"Verfasst von":"redakteur","Gesch\u00e4tzte Lesezeit":"3\u00a0Minuten"},"schema":{"@context":"https:\/\/schema.org","@graph":[{"@type":"ScholarlyArticle","@id":"https:\/\/sfb1436.de\/de\/ibio-forschungsvortrag-mit-prof-cong-yu\/#article","isPartOf":{"@id":"https:\/\/sfb1436.de\/de\/ibio-forschungsvortrag-mit-prof-cong-yu\/"},"author":{"name":"redakteur","@id":"https:\/\/sfb1436.de\/de\/#\/schema\/person\/c0ef0d254080f73ef2aa76e57caa6d12"},"headline":"IBIO-Forschungsvortrag mit Prof. Cong Yu","datePublished":"2025-08-12T07:14:27+00:00","dateModified":"2025-08-12T07:14:29+00:00","mainEntityOfPage":{"@id":"https:\/\/sfb1436.de\/de\/ibio-forschungsvortrag-mit-prof-cong-yu\/"},"wordCount":372,"publisher":{"@id":"https:\/\/sfb1436.de\/de\/#organization"},"keywords":["Magdeburg","Neurowissenschaften","Prof. Cong Yu","SFB 1436","Universit\u00e4t Peking","Vortrag"],"articleSection":["All News and Events","Alle News und Events","Events","News"],"inLanguage":"de"},{"@type":"WebPage","@id":"https:\/\/sfb1436.de\/de\/ibio-forschungsvortrag-mit-prof-cong-yu\/","url":"https:\/\/sfb1436.de\/de\/ibio-forschungsvortrag-mit-prof-cong-yu\/","name":"IBIO-Forschungsvortrag mit Prof. Cong Yu","isPartOf":{"@id":"https:\/\/sfb1436.de\/de\/#website"},"datePublished":"2025-08-12T07:14:27+00:00","dateModified":"2025-08-12T07:14:29+00:00","description":"Am 21.08.2025 findet ein Vortrag mit Cong Yu von der Fakult\u00e4t f\u00fcr Psychologie und Kognitionswissenschaften der Peking-Universit\u00e4t statt.","breadcrumb":{"@id":"https:\/\/sfb1436.de\/de\/ibio-forschungsvortrag-mit-prof-cong-yu\/#breadcrumb"},"inLanguage":"de","potentialAction":[{"@type":"ReadAction","target":["https:\/\/sfb1436.de\/de\/ibio-forschungsvortrag-mit-prof-cong-yu\/"]}]},{"@type":"BreadcrumbList","@id":"https:\/\/sfb1436.de\/de\/ibio-forschungsvortrag-mit-prof-cong-yu\/#breadcrumb","itemListElement":[{"@type":"ListItem","position":1,"name":"Startseite","item":"https:\/\/sfb1436.de\/de\/"},{"@type":"ListItem","position":2,"name":"IBIO-Forschungsvortrag mit Prof. Cong Yu"}]},{"@type":"WebSite","@id":"https:\/\/sfb1436.de\/de\/#website","url":"https:\/\/sfb1436.de\/de\/","name":"SFB1436","description":"","publisher":{"@id":"https:\/\/sfb1436.de\/de\/#organization"},"potentialAction":[{"@type":"SearchAction","target":{"@type":"EntryPoint","urlTemplate":"https:\/\/sfb1436.de\/de\/?s={search_term_string}"},"query-input":{"@type":"PropertyValueSpecification","valueRequired":true,"valueName":"search_term_string"}}],"inLanguage":"de"},{"@type":"Organization","@id":"https:\/\/sfb1436.de\/de\/#organization","name":"Otto-von-Guericke Universit\u00e4t Medizinische Fakult\u00e4t Institut f\u00fcr Kognitive Neurologie und Demenzforschung","url":"https:\/\/sfb1436.de\/de\/","logo":{"@type":"ImageObject","inLanguage":"de","@id":"https:\/\/sfb1436.de\/de\/#\/schema\/logo\/image\/","url":"https:\/\/sfb1436.de\/wp-content\/uploads\/2021\/12\/logo-sfb.png","contentUrl":"https:\/\/sfb1436.de\/wp-content\/uploads\/2021\/12\/logo-sfb.png","width":1244,"height":820,"caption":"Otto-von-Guericke Universit\u00e4t Medizinische Fakult\u00e4t Institut f\u00fcr Kognitive Neurologie und Demenzforschung"},"image":{"@id":"https:\/\/sfb1436.de\/de\/#\/schema\/logo\/image\/"}},{"@type":"Person","@id":"https:\/\/sfb1436.de\/de\/#\/schema\/person\/c0ef0d254080f73ef2aa76e57caa6d12","name":"redakteur"}]}},"uagb_featured_image_src":{"full":false,"thumbnail":false,"medium":false,"medium_large":false,"large":false,"gs-tiny":false,"xl":false,"xxl":false,"xxxl":false,"xxxxl":false,"xxxxxl":false,"1536x1536":false,"2048x2048":false,"awsm_team":false},"uagb_author_info":{"display_name":"redakteur","author_link":"https:\/\/sfb1436.de\/de\/author\/redakteur\/"},"uagb_comment_info":0,"uagb_excerpt":"Sie sind herzlich zu einem spannenden IBIO-Forschungsvortrag eingeladen: Wann: Donnerstag, 21. August, um 11 Uhr im IBIO (Haus 91), Raum 001Titel: Population Orientation Coding in Macaque V1, aufgezeigt durch Zwei-Photonen-Kalzium-Imaging und Transformator-ModellierungWer: Prof. Cong Yu, Fakult\u00e4t f\u00fcr Psychologie und Kognitionswissenschaften, Peking-Universit\u00e4t Bitte teilen Sie Linda Schimrock mit, wenn Sie Cong Yu am 21. August treffen&hellip;","_links":{"self":[{"href":"https:\/\/sfb1436.de\/de\/wp-json\/wp\/v2\/posts\/28407","targetHints":{"allow":["GET"]}}],"collection":[{"href":"https:\/\/sfb1436.de\/de\/wp-json\/wp\/v2\/posts"}],"about":[{"href":"https:\/\/sfb1436.de\/de\/wp-json\/wp\/v2\/types\/post"}],"author":[{"embeddable":true,"href":"https:\/\/sfb1436.de\/de\/wp-json\/wp\/v2\/users\/4"}],"replies":[{"embeddable":true,"href":"https:\/\/sfb1436.de\/de\/wp-json\/wp\/v2\/comments?post=28407"}],"version-history":[{"count":1,"href":"https:\/\/sfb1436.de\/de\/wp-json\/wp\/v2\/posts\/28407\/revisions"}],"predecessor-version":[{"id":28408,"href":"https:\/\/sfb1436.de\/de\/wp-json\/wp\/v2\/posts\/28407\/revisions\/28408"}],"wp:attachment":[{"href":"https:\/\/sfb1436.de\/de\/wp-json\/wp\/v2\/media?parent=28407"}],"wp:term":[{"taxonomy":"category","embeddable":true,"href":"https:\/\/sfb1436.de\/de\/wp-json\/wp\/v2\/categories?post=28407"},{"taxonomy":"post_tag","embeddable":true,"href":"https:\/\/sfb1436.de\/de\/wp-json\/wp\/v2\/tags?post=28407"}],"curies":[{"name":"wp","href":"https:\/\/api.w.org\/{rel}","templated":true}]}}