{"id":28347,"date":"2025-07-24T09:00:00","date_gmt":"2025-07-24T07:00:00","guid":{"rendered":"https:\/\/sfb1436.de\/?p=28347"},"modified":"2025-07-23T16:18:47","modified_gmt":"2025-07-23T14:18:47","slug":"20-jahre-7t-mrt-programm-und-anmeldung-geoeffnet","status":"publish","type":"post","link":"https:\/\/sfb1436.de\/de\/20-jahre-7t-mrt-programm-und-anmeldung-geoeffnet\/","title":{"rendered":"20 Jahre 7T-MRT &#8211; Programm und Anmeldung ge\u00f6ffnet"},"content":{"rendered":"\n<p class=\"wp-block-paragraph\">Die OVGU l\u00e4dt alle Interessierten zu einem Symposium anl\u00e4sslich von \u00fcber 20 Jahren Ultrahochfeld-MRT-Forschung in Europa und Magdeburg am Mittwoch, den 17. September 2025, ein.<\/p>\n\n\n\n<p class=\"wp-block-paragraph\">Diese eint\u00e4gige Veranstaltung bringt f\u00fchrende Experten der Ultrahochfeld-MRT zusammen. Erleben Sie mit uns einen Blick in die Geschichte, aufschlussreiche Diskussionen und einen Blick in die Zukunft der MR-Bildgebung.<\/p>\n\n\n\n<p class=\"wp-block-paragraph\">Details zur Veranstaltung<br>Wann: Mittwoch, 17. September 2025<br>Was: Programmbeginn: 9:15 Uhr <br>Wo: Magdeburg, Deutschland<\/p>\n\n\n\n<p class=\"wp-block-paragraph\">Ausf\u00fchrliche Informationen zum Programm und zur Anmeldung finden Sie auf der Website des Symposiums unter <a href=\"https:\/\/20years-uhf.ovgu.de\/\">https:\/\/20years-uhf.ovgu.de\/<\/a>.<\/p>\n\n\n\n<p class=\"wp-block-paragraph\"><a href=\"http:\/\/www.mri.ovgu.de\">F\u00fcr weitere Fragen wenden Sie sich bitte an Oliver Speck.<\/a><\/p>\n","protected":false},"excerpt":{"rendered":"<p>Die OVGU l\u00e4dt alle Interessierten zu einem Symposium anl\u00e4sslich von \u00fcber 20 Jahren Ultrahochfeld-MRT-Forschung in Europa und Magdeburg am Mittwoch, den 17. September 2025, ein. Diese eint\u00e4gige Veranstaltung bringt f\u00fchrende Experten der Ultrahochfeld-MRT zusammen. Erleben Sie mit uns einen Blick in die Geschichte, aufschlussreiche Diskussionen und einen Blick in die Zukunft der MR-Bildgebung. Details zur [&hellip;]<\/p>\n","protected":false},"author":4,"featured_media":28344,"comment_status":"closed","ping_status":"closed","sticky":false,"template":"","format":"standard","meta":{"_crdt_document":"","_uag_custom_page_level_css":"","footnotes":""},"categories":[288,281,219,220],"tags":[363,357,331,372,987,330,1557],"class_list":["post-28347","post","type-post","status-publish","format-standard","has-post-thumbnail","hentry","category-all-news-and-events-de","category-alle-news-und-events","category-events-de","category-news-de","tag-crc-1436","tag-forschung","tag-magdeburg","tag-neurowissenschaften","tag-oliver-speck-2","tag-sfb-1436","tag-ultrahochfeld-mrt"],"yoast_head":"<!-- This site is optimized with the Yoast SEO plugin v27.1.1 - https:\/\/yoast.com\/product\/yoast-seo-wordpress\/ -->\n<title>20 Jahre 7T-MRT - Programm und Anmeldung ge\u00f6ffnet<\/title>\n<meta name=\"description\" content=\"Die OVGU l\u00e4dt alle Interessierten zu einem Symposium anl\u00e4sslich von \u00fcber 20 Jahren Ultrahochfeld-MRT-Forschung am 17. September 2025 ein.\" \/>\n<meta name=\"robots\" content=\"index, follow, max-snippet:-1, max-image-preview:large, max-video-preview:-1\" \/>\n<link rel=\"canonical\" href=\"https:\/\/sfb1436.de\/de\/20-jahre-7t-mrt-programm-und-anmeldung-geoeffnet\/\" \/>\n<meta property=\"og:locale\" content=\"de_DE\" \/>\n<meta property=\"og:type\" content=\"article\" \/>\n<meta property=\"og:title\" content=\"20 Jahre 7T-MRT - Programm und Anmeldung ge\u00f6ffnet\" \/>\n<meta property=\"og:description\" content=\"Die OVGU l\u00e4dt alle Interessierten zu einem Symposium anl\u00e4sslich von \u00fcber 20 Jahren Ultrahochfeld-MRT-Forschung am 17. September 2025 ein.\" \/>\n<meta property=\"og:url\" content=\"https:\/\/sfb1436.de\/de\/20-jahre-7t-mrt-programm-und-anmeldung-geoeffnet\/\" \/>\n<meta property=\"og:site_name\" content=\"SFB1436\" \/>\n<meta property=\"article:published_time\" content=\"2025-07-24T07:00:00+00:00\" \/>\n<meta property=\"og:image\" content=\"https:\/\/sfb1436.de\/wp-content\/uploads\/2025\/07\/20years_MRI.webp\" \/>\n\t<meta property=\"og:image:width\" content=\"1874\" \/>\n\t<meta property=\"og:image:height\" content=\"497\" \/>\n\t<meta property=\"og:image:type\" content=\"image\/webp\" \/>\n<meta name=\"author\" content=\"redakteur\" \/>\n<meta name=\"twitter:card\" content=\"summary_large_image\" \/>\n<meta name=\"twitter:label1\" content=\"Verfasst von\" \/>\n\t<meta name=\"twitter:data1\" content=\"redakteur\" \/>\n\t<meta name=\"twitter:label2\" content=\"Gesch\u00e4tzte Lesezeit\" \/>\n\t<meta name=\"twitter:data2\" content=\"1\u00a0Minute\" \/>\n<script type=\"application\/ld+json\" class=\"yoast-schema-graph\">{\"@context\":\"https:\/\/schema.org\",\"@graph\":[{\"@type\":\"ScholarlyArticle\",\"@id\":\"https:\/\/sfb1436.de\/de\/20-jahre-7t-mrt-programm-und-anmeldung-geoeffnet\/#article\",\"isPartOf\":{\"@id\":\"https:\/\/sfb1436.de\/de\/20-jahre-7t-mrt-programm-und-anmeldung-geoeffnet\/\"},\"author\":{\"name\":\"redakteur\",\"@id\":\"https:\/\/sfb1436.de\/de\/#\/schema\/person\/c0ef0d254080f73ef2aa76e57caa6d12\"},\"headline\":\"20 Jahre 7T-MRT &#8211; Programm und Anmeldung ge\u00f6ffnet\",\"datePublished\":\"2025-07-24T07:00:00+00:00\",\"mainEntityOfPage\":{\"@id\":\"https:\/\/sfb1436.de\/de\/20-jahre-7t-mrt-programm-und-anmeldung-geoeffnet\/\"},\"wordCount\":104,\"publisher\":{\"@id\":\"https:\/\/sfb1436.de\/de\/#organization\"},\"image\":{\"@id\":\"https:\/\/sfb1436.de\/de\/20-jahre-7t-mrt-programm-und-anmeldung-geoeffnet\/#primaryimage\"},\"thumbnailUrl\":\"https:\/\/sfb1436.de\/wp-content\/uploads\/2025\/07\/20years_MRI.webp\",\"keywords\":[\"CRC 1436\",\"Forschung\",\"Magdeburg\",\"Neurowissenschaften\",\"Oliver Speck\",\"SFB 1436\",\"Ultrahochfeld-MRT\"],\"articleSection\":[\"All News and Events\",\"Alle News und Events\",\"Events\",\"News\"],\"inLanguage\":\"de\"},{\"@type\":\"WebPage\",\"@id\":\"https:\/\/sfb1436.de\/de\/20-jahre-7t-mrt-programm-und-anmeldung-geoeffnet\/\",\"url\":\"https:\/\/sfb1436.de\/de\/20-jahre-7t-mrt-programm-und-anmeldung-geoeffnet\/\",\"name\":\"20 Jahre 7T-MRT - Programm und Anmeldung ge\u00f6ffnet\",\"isPartOf\":{\"@id\":\"https:\/\/sfb1436.de\/de\/#website\"},\"primaryImageOfPage\":{\"@id\":\"https:\/\/sfb1436.de\/de\/20-jahre-7t-mrt-programm-und-anmeldung-geoeffnet\/#primaryimage\"},\"image\":{\"@id\":\"https:\/\/sfb1436.de\/de\/20-jahre-7t-mrt-programm-und-anmeldung-geoeffnet\/#primaryimage\"},\"thumbnailUrl\":\"https:\/\/sfb1436.de\/wp-content\/uploads\/2025\/07\/20years_MRI.webp\",\"datePublished\":\"2025-07-24T07:00:00+00:00\",\"description\":\"Die OVGU l\u00e4dt alle Interessierten zu einem Symposium anl\u00e4sslich von \u00fcber 20 Jahren Ultrahochfeld-MRT-Forschung am 17. September 2025 ein.\",\"breadcrumb\":{\"@id\":\"https:\/\/sfb1436.de\/de\/20-jahre-7t-mrt-programm-und-anmeldung-geoeffnet\/#breadcrumb\"},\"inLanguage\":\"de\",\"potentialAction\":[{\"@type\":\"ReadAction\",\"target\":[\"https:\/\/sfb1436.de\/de\/20-jahre-7t-mrt-programm-und-anmeldung-geoeffnet\/\"]}]},{\"@type\":\"ImageObject\",\"inLanguage\":\"de\",\"@id\":\"https:\/\/sfb1436.de\/de\/20-jahre-7t-mrt-programm-und-anmeldung-geoeffnet\/#primaryimage\",\"url\":\"https:\/\/sfb1436.de\/wp-content\/uploads\/2025\/07\/20years_MRI.webp\",\"contentUrl\":\"https:\/\/sfb1436.de\/wp-content\/uploads\/2025\/07\/20years_MRI.webp\",\"width\":1874,\"height\":497,\"caption\":\"20 Jahre UHF MRT_Forschung\"},{\"@type\":\"BreadcrumbList\",\"@id\":\"https:\/\/sfb1436.de\/de\/20-jahre-7t-mrt-programm-und-anmeldung-geoeffnet\/#breadcrumb\",\"itemListElement\":[{\"@type\":\"ListItem\",\"position\":1,\"name\":\"Startseite\",\"item\":\"https:\/\/sfb1436.de\/de\/\"},{\"@type\":\"ListItem\",\"position\":2,\"name\":\"20 Jahre 7T-MRT &#8211; Programm und Anmeldung ge\u00f6ffnet\"}]},{\"@type\":\"WebSite\",\"@id\":\"https:\/\/sfb1436.de\/de\/#website\",\"url\":\"https:\/\/sfb1436.de\/de\/\",\"name\":\"SFB1436\",\"description\":\"\",\"publisher\":{\"@id\":\"https:\/\/sfb1436.de\/de\/#organization\"},\"potentialAction\":[{\"@type\":\"SearchAction\",\"target\":{\"@type\":\"EntryPoint\",\"urlTemplate\":\"https:\/\/sfb1436.de\/de\/?s={search_term_string}\"},\"query-input\":{\"@type\":\"PropertyValueSpecification\",\"valueRequired\":true,\"valueName\":\"search_term_string\"}}],\"inLanguage\":\"de\"},{\"@type\":\"Organization\",\"@id\":\"https:\/\/sfb1436.de\/de\/#organization\",\"name\":\"Otto-von-Guericke Universit\u00e4t Medizinische Fakult\u00e4t Institut f\u00fcr Kognitive Neurologie und Demenzforschung\",\"url\":\"https:\/\/sfb1436.de\/de\/\",\"logo\":{\"@type\":\"ImageObject\",\"inLanguage\":\"de\",\"@id\":\"https:\/\/sfb1436.de\/de\/#\/schema\/logo\/image\/\",\"url\":\"https:\/\/sfb1436.de\/wp-content\/uploads\/2021\/12\/logo-sfb.png\",\"contentUrl\":\"https:\/\/sfb1436.de\/wp-content\/uploads\/2021\/12\/logo-sfb.png\",\"width\":1244,\"height\":820,\"caption\":\"Otto-von-Guericke Universit\u00e4t Medizinische Fakult\u00e4t Institut f\u00fcr Kognitive Neurologie und Demenzforschung\"},\"image\":{\"@id\":\"https:\/\/sfb1436.de\/de\/#\/schema\/logo\/image\/\"}},{\"@type\":\"Person\",\"@id\":\"https:\/\/sfb1436.de\/de\/#\/schema\/person\/c0ef0d254080f73ef2aa76e57caa6d12\",\"name\":\"redakteur\"}]}<\/script>\n<!-- \/ Yoast SEO plugin. -->","yoast_head_json":{"title":"20 Jahre 7T-MRT - Programm und Anmeldung ge\u00f6ffnet","description":"Die OVGU l\u00e4dt alle Interessierten zu einem Symposium anl\u00e4sslich von \u00fcber 20 Jahren Ultrahochfeld-MRT-Forschung am 17. September 2025 ein.","robots":{"index":"index","follow":"follow","max-snippet":"max-snippet:-1","max-image-preview":"max-image-preview:large","max-video-preview":"max-video-preview:-1"},"canonical":"https:\/\/sfb1436.de\/de\/20-jahre-7t-mrt-programm-und-anmeldung-geoeffnet\/","og_locale":"de_DE","og_type":"article","og_title":"20 Jahre 7T-MRT - Programm und Anmeldung ge\u00f6ffnet","og_description":"Die OVGU l\u00e4dt alle Interessierten zu einem Symposium anl\u00e4sslich von \u00fcber 20 Jahren Ultrahochfeld-MRT-Forschung am 17. September 2025 ein.","og_url":"https:\/\/sfb1436.de\/de\/20-jahre-7t-mrt-programm-und-anmeldung-geoeffnet\/","og_site_name":"SFB1436","article_published_time":"2025-07-24T07:00:00+00:00","og_image":[{"width":1874,"height":497,"url":"https:\/\/sfb1436.de\/wp-content\/uploads\/2025\/07\/20years_MRI.webp","type":"image\/webp"}],"author":"redakteur","twitter_card":"summary_large_image","twitter_misc":{"Verfasst von":"redakteur","Gesch\u00e4tzte Lesezeit":"1\u00a0Minute"},"schema":{"@context":"https:\/\/schema.org","@graph":[{"@type":"ScholarlyArticle","@id":"https:\/\/sfb1436.de\/de\/20-jahre-7t-mrt-programm-und-anmeldung-geoeffnet\/#article","isPartOf":{"@id":"https:\/\/sfb1436.de\/de\/20-jahre-7t-mrt-programm-und-anmeldung-geoeffnet\/"},"author":{"name":"redakteur","@id":"https:\/\/sfb1436.de\/de\/#\/schema\/person\/c0ef0d254080f73ef2aa76e57caa6d12"},"headline":"20 Jahre 7T-MRT &#8211; Programm und Anmeldung ge\u00f6ffnet","datePublished":"2025-07-24T07:00:00+00:00","mainEntityOfPage":{"@id":"https:\/\/sfb1436.de\/de\/20-jahre-7t-mrt-programm-und-anmeldung-geoeffnet\/"},"wordCount":104,"publisher":{"@id":"https:\/\/sfb1436.de\/de\/#organization"},"image":{"@id":"https:\/\/sfb1436.de\/de\/20-jahre-7t-mrt-programm-und-anmeldung-geoeffnet\/#primaryimage"},"thumbnailUrl":"https:\/\/sfb1436.de\/wp-content\/uploads\/2025\/07\/20years_MRI.webp","keywords":["CRC 1436","Forschung","Magdeburg","Neurowissenschaften","Oliver Speck","SFB 1436","Ultrahochfeld-MRT"],"articleSection":["All News and Events","Alle News und Events","Events","News"],"inLanguage":"de"},{"@type":"WebPage","@id":"https:\/\/sfb1436.de\/de\/20-jahre-7t-mrt-programm-und-anmeldung-geoeffnet\/","url":"https:\/\/sfb1436.de\/de\/20-jahre-7t-mrt-programm-und-anmeldung-geoeffnet\/","name":"20 Jahre 7T-MRT - Programm und Anmeldung ge\u00f6ffnet","isPartOf":{"@id":"https:\/\/sfb1436.de\/de\/#website"},"primaryImageOfPage":{"@id":"https:\/\/sfb1436.de\/de\/20-jahre-7t-mrt-programm-und-anmeldung-geoeffnet\/#primaryimage"},"image":{"@id":"https:\/\/sfb1436.de\/de\/20-jahre-7t-mrt-programm-und-anmeldung-geoeffnet\/#primaryimage"},"thumbnailUrl":"https:\/\/sfb1436.de\/wp-content\/uploads\/2025\/07\/20years_MRI.webp","datePublished":"2025-07-24T07:00:00+00:00","description":"Die OVGU l\u00e4dt alle Interessierten zu einem Symposium anl\u00e4sslich von \u00fcber 20 Jahren Ultrahochfeld-MRT-Forschung am 17. September 2025 ein.","breadcrumb":{"@id":"https:\/\/sfb1436.de\/de\/20-jahre-7t-mrt-programm-und-anmeldung-geoeffnet\/#breadcrumb"},"inLanguage":"de","potentialAction":[{"@type":"ReadAction","target":["https:\/\/sfb1436.de\/de\/20-jahre-7t-mrt-programm-und-anmeldung-geoeffnet\/"]}]},{"@type":"ImageObject","inLanguage":"de","@id":"https:\/\/sfb1436.de\/de\/20-jahre-7t-mrt-programm-und-anmeldung-geoeffnet\/#primaryimage","url":"https:\/\/sfb1436.de\/wp-content\/uploads\/2025\/07\/20years_MRI.webp","contentUrl":"https:\/\/sfb1436.de\/wp-content\/uploads\/2025\/07\/20years_MRI.webp","width":1874,"height":497,"caption":"20 Jahre UHF MRT_Forschung"},{"@type":"BreadcrumbList","@id":"https:\/\/sfb1436.de\/de\/20-jahre-7t-mrt-programm-und-anmeldung-geoeffnet\/#breadcrumb","itemListElement":[{"@type":"ListItem","position":1,"name":"Startseite","item":"https:\/\/sfb1436.de\/de\/"},{"@type":"ListItem","position":2,"name":"20 Jahre 7T-MRT &#8211; Programm und Anmeldung ge\u00f6ffnet"}]},{"@type":"WebSite","@id":"https:\/\/sfb1436.de\/de\/#website","url":"https:\/\/sfb1436.de\/de\/","name":"SFB1436","description":"","publisher":{"@id":"https:\/\/sfb1436.de\/de\/#organization"},"potentialAction":[{"@type":"SearchAction","target":{"@type":"EntryPoint","urlTemplate":"https:\/\/sfb1436.de\/de\/?s={search_term_string}"},"query-input":{"@type":"PropertyValueSpecification","valueRequired":true,"valueName":"search_term_string"}}],"inLanguage":"de"},{"@type":"Organization","@id":"https:\/\/sfb1436.de\/de\/#organization","name":"Otto-von-Guericke Universit\u00e4t Medizinische Fakult\u00e4t Institut f\u00fcr Kognitive Neurologie und Demenzforschung","url":"https:\/\/sfb1436.de\/de\/","logo":{"@type":"ImageObject","inLanguage":"de","@id":"https:\/\/sfb1436.de\/de\/#\/schema\/logo\/image\/","url":"https:\/\/sfb1436.de\/wp-content\/uploads\/2021\/12\/logo-sfb.png","contentUrl":"https:\/\/sfb1436.de\/wp-content\/uploads\/2021\/12\/logo-sfb.png","width":1244,"height":820,"caption":"Otto-von-Guericke Universit\u00e4t Medizinische Fakult\u00e4t Institut f\u00fcr Kognitive Neurologie und Demenzforschung"},"image":{"@id":"https:\/\/sfb1436.de\/de\/#\/schema\/logo\/image\/"}},{"@type":"Person","@id":"https:\/\/sfb1436.de\/de\/#\/schema\/person\/c0ef0d254080f73ef2aa76e57caa6d12","name":"redakteur"}]}},"uagb_featured_image_src":{"full":["https:\/\/sfb1436.de\/wp-content\/uploads\/2025\/07\/20years_MRI.webp",1874,497,false],"thumbnail":["https:\/\/sfb1436.de\/wp-content\/uploads\/2025\/07\/20years_MRI-150x150.webp",150,150,true],"medium":["https:\/\/sfb1436.de\/wp-content\/uploads\/2025\/07\/20years_MRI-300x80.webp",300,80,true],"medium_large":["https:\/\/sfb1436.de\/wp-content\/uploads\/2025\/07\/20years_MRI-768x204.webp",768,204,true],"large":["https:\/\/sfb1436.de\/wp-content\/uploads\/2025\/07\/20years_MRI-1024x272.webp",1024,272,true],"gs-tiny":["https:\/\/sfb1436.de\/wp-content\/uploads\/2025\/07\/20years_MRI-50x13.webp",50,13,true],"xl":["https:\/\/sfb1436.de\/wp-content\/uploads\/2025\/07\/20years_MRI-1600x424.webp",1600,424,true],"xxl":["https:\/\/sfb1436.de\/wp-content\/uploads\/2025\/07\/20years_MRI.webp",1874,497,false],"xxxl":["https:\/\/sfb1436.de\/wp-content\/uploads\/2025\/07\/20years_MRI.webp",1874,497,false],"xxxxl":["https:\/\/sfb1436.de\/wp-content\/uploads\/2025\/07\/20years_MRI.webp",1874,497,false],"xxxxxl":["https:\/\/sfb1436.de\/wp-content\/uploads\/2025\/07\/20years_MRI.webp",1874,497,false],"1536x1536":["https:\/\/sfb1436.de\/wp-content\/uploads\/2025\/07\/20years_MRI-1536x407.webp",1536,407,true],"2048x2048":["https:\/\/sfb1436.de\/wp-content\/uploads\/2025\/07\/20years_MRI.webp",1874,497,false],"awsm_team":["https:\/\/sfb1436.de\/wp-content\/uploads\/2025\/07\/20years_MRI-800x497.webp",800,497,true]},"uagb_author_info":{"display_name":"redakteur","author_link":"https:\/\/sfb1436.de\/de\/author\/redakteur\/"},"uagb_comment_info":0,"uagb_excerpt":"Die OVGU l\u00e4dt alle Interessierten zu einem Symposium anl\u00e4sslich von \u00fcber 20 Jahren Ultrahochfeld-MRT-Forschung in Europa und Magdeburg am Mittwoch, den 17. September 2025, ein. Diese eint\u00e4gige Veranstaltung bringt f\u00fchrende Experten der Ultrahochfeld-MRT zusammen. Erleben Sie mit uns einen Blick in die Geschichte, aufschlussreiche Diskussionen und einen Blick in die Zukunft der MR-Bildgebung. Details zur&hellip;","_links":{"self":[{"href":"https:\/\/sfb1436.de\/de\/wp-json\/wp\/v2\/posts\/28347","targetHints":{"allow":["GET"]}}],"collection":[{"href":"https:\/\/sfb1436.de\/de\/wp-json\/wp\/v2\/posts"}],"about":[{"href":"https:\/\/sfb1436.de\/de\/wp-json\/wp\/v2\/types\/post"}],"author":[{"embeddable":true,"href":"https:\/\/sfb1436.de\/de\/wp-json\/wp\/v2\/users\/4"}],"replies":[{"embeddable":true,"href":"https:\/\/sfb1436.de\/de\/wp-json\/wp\/v2\/comments?post=28347"}],"version-history":[{"count":1,"href":"https:\/\/sfb1436.de\/de\/wp-json\/wp\/v2\/posts\/28347\/revisions"}],"predecessor-version":[{"id":28348,"href":"https:\/\/sfb1436.de\/de\/wp-json\/wp\/v2\/posts\/28347\/revisions\/28348"}],"wp:featuredmedia":[{"embeddable":true,"href":"https:\/\/sfb1436.de\/de\/wp-json\/wp\/v2\/media\/28344"}],"wp:attachment":[{"href":"https:\/\/sfb1436.de\/de\/wp-json\/wp\/v2\/media?parent=28347"}],"wp:term":[{"taxonomy":"category","embeddable":true,"href":"https:\/\/sfb1436.de\/de\/wp-json\/wp\/v2\/categories?post=28347"},{"taxonomy":"post_tag","embeddable":true,"href":"https:\/\/sfb1436.de\/de\/wp-json\/wp\/v2\/tags?post=28347"}],"curies":[{"name":"wp","href":"https:\/\/api.w.org\/{rel}","templated":true}]}}