{"id":27994,"date":"2025-06-10T09:00:00","date_gmt":"2025-06-10T07:00:00","guid":{"rendered":"https:\/\/sfb1436.de\/?p=27994"},"modified":"2025-06-10T08:25:35","modified_gmt":"2025-06-10T06:25:35","slug":"vortrag-mit-eckart-gundelfinger-im-lin","status":"publish","type":"post","link":"https:\/\/sfb1436.de\/de\/vortrag-mit-eckart-gundelfinger-im-lin\/","title":{"rendered":"Vortrag mit Eckart Gundelfinger im LIN"},"content":{"rendered":"\n<div class=\"wp-block-columns alignwide are-vertically-aligned-center is-layout-flex wp-container-core-columns-is-layout-f56f613f wp-block-columns-is-layout-flex\">\n<div class=\"wp-block-column is-vertically-aligned-center is-layout-flow wp-block-column-is-layout-flow\" style=\"flex-basis:33.33%\">\n<div style=\"height:25px\" aria-hidden=\"true\" class=\"wp-block-spacer\"><\/div>\n\n\n\n<figure data-wp-context=\"{&quot;imageId&quot;:&quot;69f3200fc4e31&quot;}\" data-wp-interactive=\"core\/image\" data-wp-key=\"69f3200fc4e31\" class=\"wp-block-image size-large wp-lightbox-container\"><img fetchpriority=\"high\" decoding=\"async\" width=\"724\" height=\"1024\" data-wp-class--hide=\"state.isContentHidden\" data-wp-class--show=\"state.isContentVisible\" data-wp-init=\"callbacks.setButtonStyles\" data-wp-on--click=\"actions.showLightbox\" data-wp-on--load=\"callbacks.setButtonStyles\" data-wp-on--pointerdown=\"actions.preloadImage\" data-wp-on--pointerenter=\"actions.preloadImageWithDelay\" data-wp-on--pointerleave=\"actions.cancelPreload\" data-wp-on-window--resize=\"callbacks.setButtonStyles\" src=\"https:\/\/sfb1436.de\/wp-content\/uploads\/2025\/06\/LIN_Lecture-724x1024.webp\" alt=\"Invitation LIN Lecture with Eckart Gundelfinger\" class=\"wp-image-27989\" srcset=\"https:\/\/sfb1436.de\/wp-content\/uploads\/2025\/06\/LIN_Lecture-724x1024.webp 724w, https:\/\/sfb1436.de\/wp-content\/uploads\/2025\/06\/LIN_Lecture-212x300.webp 212w, https:\/\/sfb1436.de\/wp-content\/uploads\/2025\/06\/LIN_Lecture-768x1086.webp 768w, https:\/\/sfb1436.de\/wp-content\/uploads\/2025\/06\/LIN_Lecture-50x71.webp 50w, https:\/\/sfb1436.de\/wp-content\/uploads\/2025\/06\/LIN_Lecture.webp 905w\" sizes=\"(max-width: 724px) 100vw, 724px\" \/><button\n\t\t\tclass=\"lightbox-trigger\"\n\t\t\ttype=\"button\"\n\t\t\taria-haspopup=\"dialog\"\n\t\t\tdata-wp-bind--aria-label=\"state.thisImage.triggerButtonAriaLabel\"\n\t\t\tdata-wp-init=\"callbacks.initTriggerButton\"\n\t\t\tdata-wp-on--click=\"actions.showLightbox\"\n\t\t\tdata-wp-style--right=\"state.thisImage.buttonRight\"\n\t\t\tdata-wp-style--top=\"state.thisImage.buttonTop\"\n\t\t>\n\t\t\t<svg xmlns=\"http:\/\/www.w3.org\/2000\/svg\" width=\"12\" height=\"12\" fill=\"none\" viewBox=\"0 0 12 12\">\n\t\t\t\t<path fill=\"#fff\" d=\"M2 0a2 2 0 0 0-2 2v2h1.5V2a.5.5 0 0 1 .5-.5h2V0H2Zm2 10.5H2a.5.5 0 0 1-.5-.5V8H0v2a2 2 0 0 0 2 2h2v-1.5ZM8 12v-1.5h2a.5.5 0 0 0 .5-.5V8H12v2a2 2 0 0 1-2 2H8Zm2-12a2 2 0 0 1 2 2v2h-1.5V2a.5.5 0 0 0-.5-.5H8V0h2Z\" \/>\n\t\t\t<\/svg>\n\t\t<\/button><\/figure>\n<\/div>\n\n\n\n<div class=\"wp-block-column is-vertically-aligned-center is-layout-flow wp-block-column-is-layout-flow\" style=\"flex-basis:66.66%\">\n<p class=\"wp-block-paragraph\">Das Leibniz-Institut f\u00fcr Neurobiologie in Magdeburg l\u00e4dt alle Interessierten zu einem Vortrag in der Reihe LIN-Lectures mit Eckart Gundelfinger ein.<\/p>\n\n\n\n<p class=\"wp-block-paragraph\">Wann: Montag, 16. Juni, um 11 Uhr.<\/p>\n\n\n\n<p class=\"wp-block-paragraph\">Wo: LIN Ebbinghaus H\u00f6rsaal.<\/p>\n\n\n\n<p class=\"wp-block-paragraph\">Eckart Gundelfinger ist einer der Pioniere der synaptischen Proteinforschung in Deutschland und weltweit. In seinem Vortrag wird er rekapitulieren, wie die \u201eTerra incognita\u201c der Synapse mit Molek\u00fclen besiedelt wurde und wie diese Proteine wie Instrumente in einem Orchester miteinander interagieren.<\/p>\n<\/div>\n<\/div>\n","protected":false},"excerpt":{"rendered":"<p>Das Leibniz-Institut f\u00fcr Neurobiologie in Magdeburg l\u00e4dt alle Interessierten zu einem Vortrag in der Reihe LIN-Lectures mit Eckart Gundelfinger ein. Wann: Montag, 16. Juni, um 11 Uhr. Wo: LIN Ebbinghaus H\u00f6rsaal. Eckart Gundelfinger ist einer der Pioniere der synaptischen Proteinforschung in Deutschland und weltweit. In seinem Vortrag wird er rekapitulieren, wie die \u201eTerra incognita\u201c der [&hellip;]<\/p>\n","protected":false},"author":4,"featured_media":23060,"comment_status":"closed","ping_status":"closed","sticky":false,"template":"","format":"standard","meta":{"_crdt_document":"","_uag_custom_page_level_css":"","footnotes":""},"categories":[288,281,1,219,220],"tags":[363,1475,674,331,372,330],"class_list":["post-27994","post","type-post","status-publish","format-standard","has-post-thumbnail","hentry","category-all-news-and-events-de","category-alle-news-und-events","category-allgemein","category-events-de","category-news-de","tag-crc-1436","tag-eckart-gundelfinger-2","tag-leibniz-institut-fuer-neurobiologie","tag-magdeburg","tag-neurowissenschaften","tag-sfb-1436"],"yoast_head":"<!-- This site is optimized with the Yoast SEO plugin v27.1.1 - https:\/\/yoast.com\/product\/yoast-seo-wordpress\/ -->\n<title>Vortrag mit Eckart Gundelfinger im LIN<\/title>\n<meta name=\"description\" content=\"Am Montag, den 16.06.2025 findet im Leibniz-Institut f\u00fcr Neurobiologie in Magdeburg ein Vortrag mit Eckart Gundelfinger statt.\" \/>\n<meta name=\"robots\" content=\"index, follow, max-snippet:-1, max-image-preview:large, max-video-preview:-1\" \/>\n<link rel=\"canonical\" href=\"https:\/\/sfb1436.de\/de\/vortrag-mit-eckart-gundelfinger-im-lin\/\" \/>\n<meta property=\"og:locale\" content=\"de_DE\" \/>\n<meta property=\"og:type\" content=\"article\" \/>\n<meta property=\"og:title\" content=\"Vortrag mit Eckart Gundelfinger im LIN\" \/>\n<meta property=\"og:description\" content=\"Am Montag, den 16.06.2025 findet im Leibniz-Institut f\u00fcr Neurobiologie in Magdeburg ein Vortrag mit Eckart Gundelfinger statt.\" \/>\n<meta property=\"og:url\" content=\"https:\/\/sfb1436.de\/de\/vortrag-mit-eckart-gundelfinger-im-lin\/\" \/>\n<meta property=\"og:site_name\" content=\"SFB1436\" \/>\n<meta property=\"article:published_time\" content=\"2025-06-10T07:00:00+00:00\" \/>\n<meta property=\"og:image\" content=\"https:\/\/sfb1436.de\/wp-content\/uploads\/2024\/09\/Platzhalter_LIN_Lectures.webp\" \/>\n\t<meta property=\"og:image:width\" content=\"710\" \/>\n\t<meta property=\"og:image:height\" content=\"100\" \/>\n\t<meta property=\"og:image:type\" content=\"image\/webp\" \/>\n<meta name=\"author\" content=\"redakteur\" \/>\n<meta name=\"twitter:card\" content=\"summary_large_image\" \/>\n<meta name=\"twitter:label1\" content=\"Verfasst von\" \/>\n\t<meta name=\"twitter:data1\" content=\"redakteur\" \/>\n\t<meta name=\"twitter:label2\" content=\"Gesch\u00e4tzte Lesezeit\" \/>\n\t<meta name=\"twitter:data2\" content=\"1\u00a0Minute\" \/>\n<script type=\"application\/ld+json\" class=\"yoast-schema-graph\">{\"@context\":\"https:\/\/schema.org\",\"@graph\":[{\"@type\":\"ScholarlyArticle\",\"@id\":\"https:\/\/sfb1436.de\/de\/vortrag-mit-eckart-gundelfinger-im-lin\/#article\",\"isPartOf\":{\"@id\":\"https:\/\/sfb1436.de\/de\/vortrag-mit-eckart-gundelfinger-im-lin\/\"},\"author\":{\"name\":\"redakteur\",\"@id\":\"https:\/\/sfb1436.de\/de\/#\/schema\/person\/c0ef0d254080f73ef2aa76e57caa6d12\"},\"headline\":\"Vortrag mit Eckart Gundelfinger im LIN\",\"datePublished\":\"2025-06-10T07:00:00+00:00\",\"mainEntityOfPage\":{\"@id\":\"https:\/\/sfb1436.de\/de\/vortrag-mit-eckart-gundelfinger-im-lin\/\"},\"wordCount\":79,\"publisher\":{\"@id\":\"https:\/\/sfb1436.de\/de\/#organization\"},\"image\":{\"@id\":\"https:\/\/sfb1436.de\/de\/vortrag-mit-eckart-gundelfinger-im-lin\/#primaryimage\"},\"thumbnailUrl\":\"https:\/\/sfb1436.de\/wp-content\/uploads\/2024\/09\/Platzhalter_LIN_Lectures.webp\",\"keywords\":[\"CRC 1436\",\"Eckart Gundelfinger\",\"Leibniz-Institut f\u00fcr Neurobiologie\",\"Magdeburg\",\"Neurowissenschaften\",\"SFB 1436\"],\"articleSection\":{\"0\":\"All News and Events\",\"1\":\"Alle News und Events\",\"3\":\"Events\",\"4\":\"News\"},\"inLanguage\":\"de\"},{\"@type\":\"WebPage\",\"@id\":\"https:\/\/sfb1436.de\/de\/vortrag-mit-eckart-gundelfinger-im-lin\/\",\"url\":\"https:\/\/sfb1436.de\/de\/vortrag-mit-eckart-gundelfinger-im-lin\/\",\"name\":\"Vortrag mit Eckart Gundelfinger im LIN\",\"isPartOf\":{\"@id\":\"https:\/\/sfb1436.de\/de\/#website\"},\"primaryImageOfPage\":{\"@id\":\"https:\/\/sfb1436.de\/de\/vortrag-mit-eckart-gundelfinger-im-lin\/#primaryimage\"},\"image\":{\"@id\":\"https:\/\/sfb1436.de\/de\/vortrag-mit-eckart-gundelfinger-im-lin\/#primaryimage\"},\"thumbnailUrl\":\"https:\/\/sfb1436.de\/wp-content\/uploads\/2024\/09\/Platzhalter_LIN_Lectures.webp\",\"datePublished\":\"2025-06-10T07:00:00+00:00\",\"description\":\"Am Montag, den 16.06.2025 findet im Leibniz-Institut f\u00fcr Neurobiologie in Magdeburg ein Vortrag mit Eckart Gundelfinger statt.\",\"breadcrumb\":{\"@id\":\"https:\/\/sfb1436.de\/de\/vortrag-mit-eckart-gundelfinger-im-lin\/#breadcrumb\"},\"inLanguage\":\"de\",\"potentialAction\":[{\"@type\":\"ReadAction\",\"target\":[\"https:\/\/sfb1436.de\/de\/vortrag-mit-eckart-gundelfinger-im-lin\/\"]}]},{\"@type\":\"ImageObject\",\"inLanguage\":\"de\",\"@id\":\"https:\/\/sfb1436.de\/de\/vortrag-mit-eckart-gundelfinger-im-lin\/#primaryimage\",\"url\":\"https:\/\/sfb1436.de\/wp-content\/uploads\/2024\/09\/Platzhalter_LIN_Lectures.webp\",\"contentUrl\":\"https:\/\/sfb1436.de\/wp-content\/uploads\/2024\/09\/Platzhalter_LIN_Lectures.webp\",\"width\":710,\"height\":100,\"caption\":\"Lin_Lectures\"},{\"@type\":\"BreadcrumbList\",\"@id\":\"https:\/\/sfb1436.de\/de\/vortrag-mit-eckart-gundelfinger-im-lin\/#breadcrumb\",\"itemListElement\":[{\"@type\":\"ListItem\",\"position\":1,\"name\":\"Startseite\",\"item\":\"https:\/\/sfb1436.de\/de\/\"},{\"@type\":\"ListItem\",\"position\":2,\"name\":\"Vortrag mit Eckart Gundelfinger im LIN\"}]},{\"@type\":\"WebSite\",\"@id\":\"https:\/\/sfb1436.de\/de\/#website\",\"url\":\"https:\/\/sfb1436.de\/de\/\",\"name\":\"SFB1436\",\"description\":\"\",\"publisher\":{\"@id\":\"https:\/\/sfb1436.de\/de\/#organization\"},\"potentialAction\":[{\"@type\":\"SearchAction\",\"target\":{\"@type\":\"EntryPoint\",\"urlTemplate\":\"https:\/\/sfb1436.de\/de\/?s={search_term_string}\"},\"query-input\":{\"@type\":\"PropertyValueSpecification\",\"valueRequired\":true,\"valueName\":\"search_term_string\"}}],\"inLanguage\":\"de\"},{\"@type\":\"Organization\",\"@id\":\"https:\/\/sfb1436.de\/de\/#organization\",\"name\":\"Otto-von-Guericke Universit\u00e4t Medizinische Fakult\u00e4t Institut f\u00fcr Kognitive Neurologie und Demenzforschung\",\"url\":\"https:\/\/sfb1436.de\/de\/\",\"logo\":{\"@type\":\"ImageObject\",\"inLanguage\":\"de\",\"@id\":\"https:\/\/sfb1436.de\/de\/#\/schema\/logo\/image\/\",\"url\":\"https:\/\/sfb1436.de\/wp-content\/uploads\/2021\/12\/logo-sfb.png\",\"contentUrl\":\"https:\/\/sfb1436.de\/wp-content\/uploads\/2021\/12\/logo-sfb.png\",\"width\":1244,\"height\":820,\"caption\":\"Otto-von-Guericke Universit\u00e4t Medizinische Fakult\u00e4t Institut f\u00fcr Kognitive Neurologie und Demenzforschung\"},\"image\":{\"@id\":\"https:\/\/sfb1436.de\/de\/#\/schema\/logo\/image\/\"}},{\"@type\":\"Person\",\"@id\":\"https:\/\/sfb1436.de\/de\/#\/schema\/person\/c0ef0d254080f73ef2aa76e57caa6d12\",\"name\":\"redakteur\"}]}<\/script>\n<!-- \/ Yoast SEO plugin. -->","yoast_head_json":{"title":"Vortrag mit Eckart Gundelfinger im LIN","description":"Am Montag, den 16.06.2025 findet im Leibniz-Institut f\u00fcr Neurobiologie in Magdeburg ein Vortrag mit Eckart Gundelfinger statt.","robots":{"index":"index","follow":"follow","max-snippet":"max-snippet:-1","max-image-preview":"max-image-preview:large","max-video-preview":"max-video-preview:-1"},"canonical":"https:\/\/sfb1436.de\/de\/vortrag-mit-eckart-gundelfinger-im-lin\/","og_locale":"de_DE","og_type":"article","og_title":"Vortrag mit Eckart Gundelfinger im LIN","og_description":"Am Montag, den 16.06.2025 findet im Leibniz-Institut f\u00fcr Neurobiologie in Magdeburg ein Vortrag mit Eckart Gundelfinger statt.","og_url":"https:\/\/sfb1436.de\/de\/vortrag-mit-eckart-gundelfinger-im-lin\/","og_site_name":"SFB1436","article_published_time":"2025-06-10T07:00:00+00:00","og_image":[{"width":710,"height":100,"url":"https:\/\/sfb1436.de\/wp-content\/uploads\/2024\/09\/Platzhalter_LIN_Lectures.webp","type":"image\/webp"}],"author":"redakteur","twitter_card":"summary_large_image","twitter_misc":{"Verfasst von":"redakteur","Gesch\u00e4tzte Lesezeit":"1\u00a0Minute"},"schema":{"@context":"https:\/\/schema.org","@graph":[{"@type":"ScholarlyArticle","@id":"https:\/\/sfb1436.de\/de\/vortrag-mit-eckart-gundelfinger-im-lin\/#article","isPartOf":{"@id":"https:\/\/sfb1436.de\/de\/vortrag-mit-eckart-gundelfinger-im-lin\/"},"author":{"name":"redakteur","@id":"https:\/\/sfb1436.de\/de\/#\/schema\/person\/c0ef0d254080f73ef2aa76e57caa6d12"},"headline":"Vortrag mit Eckart Gundelfinger im LIN","datePublished":"2025-06-10T07:00:00+00:00","mainEntityOfPage":{"@id":"https:\/\/sfb1436.de\/de\/vortrag-mit-eckart-gundelfinger-im-lin\/"},"wordCount":79,"publisher":{"@id":"https:\/\/sfb1436.de\/de\/#organization"},"image":{"@id":"https:\/\/sfb1436.de\/de\/vortrag-mit-eckart-gundelfinger-im-lin\/#primaryimage"},"thumbnailUrl":"https:\/\/sfb1436.de\/wp-content\/uploads\/2024\/09\/Platzhalter_LIN_Lectures.webp","keywords":["CRC 1436","Eckart Gundelfinger","Leibniz-Institut f\u00fcr Neurobiologie","Magdeburg","Neurowissenschaften","SFB 1436"],"articleSection":{"0":"All News and Events","1":"Alle News und Events","3":"Events","4":"News"},"inLanguage":"de"},{"@type":"WebPage","@id":"https:\/\/sfb1436.de\/de\/vortrag-mit-eckart-gundelfinger-im-lin\/","url":"https:\/\/sfb1436.de\/de\/vortrag-mit-eckart-gundelfinger-im-lin\/","name":"Vortrag mit Eckart Gundelfinger im LIN","isPartOf":{"@id":"https:\/\/sfb1436.de\/de\/#website"},"primaryImageOfPage":{"@id":"https:\/\/sfb1436.de\/de\/vortrag-mit-eckart-gundelfinger-im-lin\/#primaryimage"},"image":{"@id":"https:\/\/sfb1436.de\/de\/vortrag-mit-eckart-gundelfinger-im-lin\/#primaryimage"},"thumbnailUrl":"https:\/\/sfb1436.de\/wp-content\/uploads\/2024\/09\/Platzhalter_LIN_Lectures.webp","datePublished":"2025-06-10T07:00:00+00:00","description":"Am Montag, den 16.06.2025 findet im Leibniz-Institut f\u00fcr Neurobiologie in Magdeburg ein Vortrag mit Eckart Gundelfinger statt.","breadcrumb":{"@id":"https:\/\/sfb1436.de\/de\/vortrag-mit-eckart-gundelfinger-im-lin\/#breadcrumb"},"inLanguage":"de","potentialAction":[{"@type":"ReadAction","target":["https:\/\/sfb1436.de\/de\/vortrag-mit-eckart-gundelfinger-im-lin\/"]}]},{"@type":"ImageObject","inLanguage":"de","@id":"https:\/\/sfb1436.de\/de\/vortrag-mit-eckart-gundelfinger-im-lin\/#primaryimage","url":"https:\/\/sfb1436.de\/wp-content\/uploads\/2024\/09\/Platzhalter_LIN_Lectures.webp","contentUrl":"https:\/\/sfb1436.de\/wp-content\/uploads\/2024\/09\/Platzhalter_LIN_Lectures.webp","width":710,"height":100,"caption":"Lin_Lectures"},{"@type":"BreadcrumbList","@id":"https:\/\/sfb1436.de\/de\/vortrag-mit-eckart-gundelfinger-im-lin\/#breadcrumb","itemListElement":[{"@type":"ListItem","position":1,"name":"Startseite","item":"https:\/\/sfb1436.de\/de\/"},{"@type":"ListItem","position":2,"name":"Vortrag mit Eckart Gundelfinger im LIN"}]},{"@type":"WebSite","@id":"https:\/\/sfb1436.de\/de\/#website","url":"https:\/\/sfb1436.de\/de\/","name":"SFB1436","description":"","publisher":{"@id":"https:\/\/sfb1436.de\/de\/#organization"},"potentialAction":[{"@type":"SearchAction","target":{"@type":"EntryPoint","urlTemplate":"https:\/\/sfb1436.de\/de\/?s={search_term_string}"},"query-input":{"@type":"PropertyValueSpecification","valueRequired":true,"valueName":"search_term_string"}}],"inLanguage":"de"},{"@type":"Organization","@id":"https:\/\/sfb1436.de\/de\/#organization","name":"Otto-von-Guericke Universit\u00e4t Medizinische Fakult\u00e4t Institut f\u00fcr Kognitive Neurologie und Demenzforschung","url":"https:\/\/sfb1436.de\/de\/","logo":{"@type":"ImageObject","inLanguage":"de","@id":"https:\/\/sfb1436.de\/de\/#\/schema\/logo\/image\/","url":"https:\/\/sfb1436.de\/wp-content\/uploads\/2021\/12\/logo-sfb.png","contentUrl":"https:\/\/sfb1436.de\/wp-content\/uploads\/2021\/12\/logo-sfb.png","width":1244,"height":820,"caption":"Otto-von-Guericke Universit\u00e4t Medizinische Fakult\u00e4t Institut f\u00fcr Kognitive Neurologie und Demenzforschung"},"image":{"@id":"https:\/\/sfb1436.de\/de\/#\/schema\/logo\/image\/"}},{"@type":"Person","@id":"https:\/\/sfb1436.de\/de\/#\/schema\/person\/c0ef0d254080f73ef2aa76e57caa6d12","name":"redakteur"}]}},"uagb_featured_image_src":{"full":["https:\/\/sfb1436.de\/wp-content\/uploads\/2024\/09\/Platzhalter_LIN_Lectures.webp",710,100,false],"thumbnail":["https:\/\/sfb1436.de\/wp-content\/uploads\/2024\/09\/Platzhalter_LIN_Lectures-150x100.webp",150,100,true],"medium":["https:\/\/sfb1436.de\/wp-content\/uploads\/2024\/09\/Platzhalter_LIN_Lectures-300x42.webp",300,42,true],"medium_large":["https:\/\/sfb1436.de\/wp-content\/uploads\/2024\/09\/Platzhalter_LIN_Lectures.webp",710,100,false],"large":["https:\/\/sfb1436.de\/wp-content\/uploads\/2024\/09\/Platzhalter_LIN_Lectures.webp",710,100,false],"gs-tiny":["https:\/\/sfb1436.de\/wp-content\/uploads\/2024\/09\/Platzhalter_LIN_Lectures-50x7.webp",50,7,true],"xl":["https:\/\/sfb1436.de\/wp-content\/uploads\/2024\/09\/Platzhalter_LIN_Lectures.webp",710,100,false],"xxl":["https:\/\/sfb1436.de\/wp-content\/uploads\/2024\/09\/Platzhalter_LIN_Lectures.webp",710,100,false],"xxxl":["https:\/\/sfb1436.de\/wp-content\/uploads\/2024\/09\/Platzhalter_LIN_Lectures.webp",710,100,false],"xxxxl":["https:\/\/sfb1436.de\/wp-content\/uploads\/2024\/09\/Platzhalter_LIN_Lectures.webp",710,100,false],"xxxxxl":["https:\/\/sfb1436.de\/wp-content\/uploads\/2024\/09\/Platzhalter_LIN_Lectures.webp",710,100,false],"1536x1536":["https:\/\/sfb1436.de\/wp-content\/uploads\/2024\/09\/Platzhalter_LIN_Lectures.webp",710,100,false],"2048x2048":["https:\/\/sfb1436.de\/wp-content\/uploads\/2024\/09\/Platzhalter_LIN_Lectures.webp",710,100,false],"awsm_team":["https:\/\/sfb1436.de\/wp-content\/uploads\/2024\/09\/Platzhalter_LIN_Lectures.webp",710,100,false]},"uagb_author_info":{"display_name":"redakteur","author_link":"https:\/\/sfb1436.de\/de\/author\/redakteur\/"},"uagb_comment_info":0,"uagb_excerpt":"Das Leibniz-Institut f\u00fcr Neurobiologie in Magdeburg l\u00e4dt alle Interessierten zu einem Vortrag in der Reihe LIN-Lectures mit Eckart Gundelfinger ein. Wann: Montag, 16. Juni, um 11 Uhr. Wo: LIN Ebbinghaus H\u00f6rsaal. Eckart Gundelfinger ist einer der Pioniere der synaptischen Proteinforschung in Deutschland und weltweit. In seinem Vortrag wird er rekapitulieren, wie die \u201eTerra incognita\u201c der&hellip;","_links":{"self":[{"href":"https:\/\/sfb1436.de\/de\/wp-json\/wp\/v2\/posts\/27994","targetHints":{"allow":["GET"]}}],"collection":[{"href":"https:\/\/sfb1436.de\/de\/wp-json\/wp\/v2\/posts"}],"about":[{"href":"https:\/\/sfb1436.de\/de\/wp-json\/wp\/v2\/types\/post"}],"author":[{"embeddable":true,"href":"https:\/\/sfb1436.de\/de\/wp-json\/wp\/v2\/users\/4"}],"replies":[{"embeddable":true,"href":"https:\/\/sfb1436.de\/de\/wp-json\/wp\/v2\/comments?post=27994"}],"version-history":[{"count":1,"href":"https:\/\/sfb1436.de\/de\/wp-json\/wp\/v2\/posts\/27994\/revisions"}],"predecessor-version":[{"id":27995,"href":"https:\/\/sfb1436.de\/de\/wp-json\/wp\/v2\/posts\/27994\/revisions\/27995"}],"wp:featuredmedia":[{"embeddable":true,"href":"https:\/\/sfb1436.de\/de\/wp-json\/wp\/v2\/media\/23060"}],"wp:attachment":[{"href":"https:\/\/sfb1436.de\/de\/wp-json\/wp\/v2\/media?parent=27994"}],"wp:term":[{"taxonomy":"category","embeddable":true,"href":"https:\/\/sfb1436.de\/de\/wp-json\/wp\/v2\/categories?post=27994"},{"taxonomy":"post_tag","embeddable":true,"href":"https:\/\/sfb1436.de\/de\/wp-json\/wp\/v2\/tags?post=27994"}],"curies":[{"name":"wp","href":"https:\/\/api.w.org\/{rel}","templated":true}]}}