{"id":27855,"date":"2025-05-20T09:00:00","date_gmt":"2025-05-20T07:00:00","guid":{"rendered":"https:\/\/sfb1436.de\/?p=27855"},"modified":"2025-05-20T07:43:53","modified_gmt":"2025-05-20T05:43:53","slug":"jetzt-anmelden-amc-2025-in-jena","status":"publish","type":"post","link":"https:\/\/sfb1436.de\/de\/jetzt-anmelden-amc-2025-in-jena\/","title":{"rendered":"Jetzt anmelden: AMC 2025 in Jena"},"content":{"rendered":"\n<div class=\"wp-block-columns is-layout-flex wp-container-core-columns-is-layout-f56f613f wp-block-columns-is-layout-flex\">\n<div class=\"wp-block-column is-layout-flow wp-block-column-is-layout-flow\" style=\"flex-basis:33.33%\">\n<div style=\"height:25px\" aria-hidden=\"true\" class=\"wp-block-spacer\"><\/div>\n\n\n\n<figure class=\"wp-block-image size-full\"><a href=\"https:\/\/sfb1436.de\/wp-content\/uploads\/2025\/05\/Poster_AMC_2025.pdf\"><img fetchpriority=\"high\" decoding=\"async\" width=\"387\" height=\"565\" src=\"https:\/\/sfb1436.de\/wp-content\/uploads\/2025\/05\/AMC_2025.png\" alt=\"Ank\u00fcndigung AMC 2025\" class=\"wp-image-27844\" srcset=\"https:\/\/sfb1436.de\/wp-content\/uploads\/2025\/05\/AMC_2025.png 387w, https:\/\/sfb1436.de\/wp-content\/uploads\/2025\/05\/AMC_2025-205x300.png 205w, https:\/\/sfb1436.de\/wp-content\/uploads\/2025\/05\/AMC_2025-50x73.png 50w\" sizes=\"(max-width: 387px) 100vw, 387px\" \/><\/a><\/figure>\n<\/div>\n\n\n\n<div class=\"wp-block-column is-layout-flow wp-block-column-is-layout-flow\" style=\"flex-basis:66.66%\">\n<p class=\"wp-block-paragraph\">Das &#8222;Aging and Microbiome Meeting (AMC) 2025\u201c wird vom 28. bis zum 29. Oktober 2025 in Jena stattfinden.<\/p>\n\n\n\n<p class=\"wp-block-paragraph\">Die Anmeldung ist ab sofort m\u00f6glich und Abstracts k\u00f6nnen bis zum 31. Mai 2025 eingereicht werden. Eine Reihe von Beitr\u00e4gen wird f\u00fcr Kurzvortr\u00e4ge ausgew\u00e4hlt werden.<\/p>\n\n\n\n<p class=\"wp-block-paragraph\">Die AMC ist ein neues Forum f\u00fcr die Diskussion aktueller Erkenntnisse und neuer Entwicklungen in der Grundlagenforschung und der klinischen Anwendung an der Schnittstelle zwischen Alterung und Mikrobiomforschung. Wir m\u00f6chten Sie bitten, die Ank\u00fcndigung an interessierte Kollegen weiterzuleiten und Ihre Studenten zu ermutigen, sich anzumelden und Abstracts einzureichen.<\/p>\n<\/div>\n<\/div>\n\n\n\n<p class=\"wp-block-paragraph\">Weitere Informationen finden Sie auf unserer Website: <a href=\"https:\/\/amc25.leibniz-fli.de\/\" target=\"_blank\" rel=\"noreferrer noopener\">https:\/\/amc25.leibniz-fli.de\/<\/a><\/p>\n","protected":false},"excerpt":{"rendered":"<p>Das &#8222;Aging and Microbiome Meeting (AMC) 2025\u201c wird vom 28. bis zum 29. Oktober 2025 in Jena stattfinden. Die Anmeldung ist ab sofort m\u00f6glich und Abstracts k\u00f6nnen bis zum 31. Mai 2025 eingereicht werden. Eine Reihe von Beitr\u00e4gen wird f\u00fcr Kurzvortr\u00e4ge ausgew\u00e4hlt werden. Die AMC ist ein neues Forum f\u00fcr die Diskussion aktueller Erkenntnisse und [&hellip;]<\/p>\n","protected":false},"author":4,"featured_media":0,"comment_status":"closed","ping_status":"closed","sticky":false,"template":"","format":"standard","meta":{"_crdt_document":"","_uag_custom_page_level_css":"","footnotes":""},"categories":[288,281,219,220],"tags":[1435,1434,357,1433,331,1436,372],"class_list":["post-27855","post","type-post","status-publish","format-standard","hentry","category-all-news-and-events-de","category-alle-news-und-events","category-events-de","category-news-de","tag-aging-2","tag-amc2025","tag-forschung","tag-jena-2","tag-magdeburg","tag-mikrobiom","tag-neurowissenschaften"],"yoast_head":"<!-- This site is optimized with the Yoast SEO plugin v27.1.1 - https:\/\/yoast.com\/product\/yoast-seo-wordpress\/ -->\n<title>Jetzt anmelden: AMC 2025 in Jena<\/title>\n<meta name=\"description\" content=\"Das &quot;Aging and Microbiome Meeting (AMC) 2025\u201c wird vom 28. bis zum 29. Oktober 2025 in Jena stattfinden - jetzt anmelden!\" \/>\n<meta name=\"robots\" content=\"index, follow, max-snippet:-1, max-image-preview:large, max-video-preview:-1\" \/>\n<link rel=\"canonical\" href=\"https:\/\/sfb1436.de\/de\/jetzt-anmelden-amc-2025-in-jena\/\" \/>\n<meta property=\"og:locale\" content=\"de_DE\" \/>\n<meta property=\"og:type\" content=\"article\" \/>\n<meta property=\"og:title\" content=\"Jetzt anmelden: AMC 2025 in Jena\" \/>\n<meta property=\"og:description\" content=\"Das &quot;Aging and Microbiome Meeting (AMC) 2025\u201c wird vom 28. bis zum 29. Oktober 2025 in Jena stattfinden - jetzt anmelden!\" \/>\n<meta property=\"og:url\" content=\"https:\/\/sfb1436.de\/de\/jetzt-anmelden-amc-2025-in-jena\/\" \/>\n<meta property=\"og:site_name\" content=\"SFB1436\" \/>\n<meta property=\"article:published_time\" content=\"2025-05-20T07:00:00+00:00\" \/>\n<meta property=\"og:image\" content=\"https:\/\/sfb1436.de\/wp-content\/uploads\/2025\/05\/AMC_2025.png\" \/>\n\t<meta property=\"og:image:width\" content=\"387\" \/>\n\t<meta property=\"og:image:height\" content=\"565\" \/>\n\t<meta property=\"og:image:type\" content=\"image\/png\" \/>\n<meta name=\"author\" content=\"redakteur\" \/>\n<meta name=\"twitter:card\" content=\"summary_large_image\" \/>\n<meta name=\"twitter:label1\" content=\"Verfasst von\" \/>\n\t<meta name=\"twitter:data1\" content=\"redakteur\" \/>\n\t<meta name=\"twitter:label2\" content=\"Gesch\u00e4tzte Lesezeit\" \/>\n\t<meta name=\"twitter:data2\" content=\"1\u00a0Minute\" \/>\n<script type=\"application\/ld+json\" class=\"yoast-schema-graph\">{\"@context\":\"https:\/\/schema.org\",\"@graph\":[{\"@type\":\"ScholarlyArticle\",\"@id\":\"https:\/\/sfb1436.de\/de\/jetzt-anmelden-amc-2025-in-jena\/#article\",\"isPartOf\":{\"@id\":\"https:\/\/sfb1436.de\/de\/jetzt-anmelden-amc-2025-in-jena\/\"},\"author\":{\"name\":\"redakteur\",\"@id\":\"https:\/\/sfb1436.de\/de\/#\/schema\/person\/c0ef0d254080f73ef2aa76e57caa6d12\"},\"headline\":\"Jetzt anmelden: AMC 2025 in Jena\",\"datePublished\":\"2025-05-20T07:00:00+00:00\",\"mainEntityOfPage\":{\"@id\":\"https:\/\/sfb1436.de\/de\/jetzt-anmelden-amc-2025-in-jena\/\"},\"wordCount\":110,\"publisher\":{\"@id\":\"https:\/\/sfb1436.de\/de\/#organization\"},\"image\":{\"@id\":\"https:\/\/sfb1436.de\/de\/jetzt-anmelden-amc-2025-in-jena\/#primaryimage\"},\"thumbnailUrl\":\"https:\/\/sfb1436.de\/wp-content\/uploads\/2025\/05\/AMC_2025.png\",\"keywords\":[\"Aging\",\"AMC2025\",\"Forschung\",\"Jena\",\"Magdeburg\",\"Mikrobiom\",\"Neurowissenschaften\"],\"articleSection\":[\"All News and Events\",\"Alle News und Events\",\"Events\",\"News\"],\"inLanguage\":\"de\"},{\"@type\":\"WebPage\",\"@id\":\"https:\/\/sfb1436.de\/de\/jetzt-anmelden-amc-2025-in-jena\/\",\"url\":\"https:\/\/sfb1436.de\/de\/jetzt-anmelden-amc-2025-in-jena\/\",\"name\":\"Jetzt anmelden: AMC 2025 in Jena\",\"isPartOf\":{\"@id\":\"https:\/\/sfb1436.de\/de\/#website\"},\"primaryImageOfPage\":{\"@id\":\"https:\/\/sfb1436.de\/de\/jetzt-anmelden-amc-2025-in-jena\/#primaryimage\"},\"image\":{\"@id\":\"https:\/\/sfb1436.de\/de\/jetzt-anmelden-amc-2025-in-jena\/#primaryimage\"},\"thumbnailUrl\":\"https:\/\/sfb1436.de\/wp-content\/uploads\/2025\/05\/AMC_2025.png\",\"datePublished\":\"2025-05-20T07:00:00+00:00\",\"description\":\"Das \\\"Aging and Microbiome Meeting (AMC) 2025\u201c wird vom 28. bis zum 29. Oktober 2025 in Jena stattfinden - jetzt anmelden!\",\"breadcrumb\":{\"@id\":\"https:\/\/sfb1436.de\/de\/jetzt-anmelden-amc-2025-in-jena\/#breadcrumb\"},\"inLanguage\":\"de\",\"potentialAction\":[{\"@type\":\"ReadAction\",\"target\":[\"https:\/\/sfb1436.de\/de\/jetzt-anmelden-amc-2025-in-jena\/\"]}]},{\"@type\":\"ImageObject\",\"inLanguage\":\"de\",\"@id\":\"https:\/\/sfb1436.de\/de\/jetzt-anmelden-amc-2025-in-jena\/#primaryimage\",\"url\":\"https:\/\/sfb1436.de\/wp-content\/uploads\/2025\/05\/AMC_2025.png\",\"contentUrl\":\"https:\/\/sfb1436.de\/wp-content\/uploads\/2025\/05\/AMC_2025.png\"},{\"@type\":\"BreadcrumbList\",\"@id\":\"https:\/\/sfb1436.de\/de\/jetzt-anmelden-amc-2025-in-jena\/#breadcrumb\",\"itemListElement\":[{\"@type\":\"ListItem\",\"position\":1,\"name\":\"Startseite\",\"item\":\"https:\/\/sfb1436.de\/de\/\"},{\"@type\":\"ListItem\",\"position\":2,\"name\":\"Jetzt anmelden: AMC 2025 in Jena\"}]},{\"@type\":\"WebSite\",\"@id\":\"https:\/\/sfb1436.de\/de\/#website\",\"url\":\"https:\/\/sfb1436.de\/de\/\",\"name\":\"SFB1436\",\"description\":\"\",\"publisher\":{\"@id\":\"https:\/\/sfb1436.de\/de\/#organization\"},\"potentialAction\":[{\"@type\":\"SearchAction\",\"target\":{\"@type\":\"EntryPoint\",\"urlTemplate\":\"https:\/\/sfb1436.de\/de\/?s={search_term_string}\"},\"query-input\":{\"@type\":\"PropertyValueSpecification\",\"valueRequired\":true,\"valueName\":\"search_term_string\"}}],\"inLanguage\":\"de\"},{\"@type\":\"Organization\",\"@id\":\"https:\/\/sfb1436.de\/de\/#organization\",\"name\":\"Otto-von-Guericke Universit\u00e4t Medizinische Fakult\u00e4t Institut f\u00fcr Kognitive Neurologie und Demenzforschung\",\"url\":\"https:\/\/sfb1436.de\/de\/\",\"logo\":{\"@type\":\"ImageObject\",\"inLanguage\":\"de\",\"@id\":\"https:\/\/sfb1436.de\/de\/#\/schema\/logo\/image\/\",\"url\":\"https:\/\/sfb1436.de\/wp-content\/uploads\/2021\/12\/logo-sfb.png\",\"contentUrl\":\"https:\/\/sfb1436.de\/wp-content\/uploads\/2021\/12\/logo-sfb.png\",\"width\":1244,\"height\":820,\"caption\":\"Otto-von-Guericke Universit\u00e4t Medizinische Fakult\u00e4t Institut f\u00fcr Kognitive Neurologie und Demenzforschung\"},\"image\":{\"@id\":\"https:\/\/sfb1436.de\/de\/#\/schema\/logo\/image\/\"}},{\"@type\":\"Person\",\"@id\":\"https:\/\/sfb1436.de\/de\/#\/schema\/person\/c0ef0d254080f73ef2aa76e57caa6d12\",\"name\":\"redakteur\"}]}<\/script>\n<!-- \/ Yoast SEO plugin. -->","yoast_head_json":{"title":"Jetzt anmelden: AMC 2025 in Jena","description":"Das \"Aging and Microbiome Meeting (AMC) 2025\u201c wird vom 28. bis zum 29. Oktober 2025 in Jena stattfinden - jetzt anmelden!","robots":{"index":"index","follow":"follow","max-snippet":"max-snippet:-1","max-image-preview":"max-image-preview:large","max-video-preview":"max-video-preview:-1"},"canonical":"https:\/\/sfb1436.de\/de\/jetzt-anmelden-amc-2025-in-jena\/","og_locale":"de_DE","og_type":"article","og_title":"Jetzt anmelden: AMC 2025 in Jena","og_description":"Das \"Aging and Microbiome Meeting (AMC) 2025\u201c wird vom 28. bis zum 29. Oktober 2025 in Jena stattfinden - jetzt anmelden!","og_url":"https:\/\/sfb1436.de\/de\/jetzt-anmelden-amc-2025-in-jena\/","og_site_name":"SFB1436","article_published_time":"2025-05-20T07:00:00+00:00","og_image":[{"width":387,"height":565,"url":"https:\/\/sfb1436.de\/wp-content\/uploads\/2025\/05\/AMC_2025.png","type":"image\/png"}],"author":"redakteur","twitter_card":"summary_large_image","twitter_misc":{"Verfasst von":"redakteur","Gesch\u00e4tzte Lesezeit":"1\u00a0Minute"},"schema":{"@context":"https:\/\/schema.org","@graph":[{"@type":"ScholarlyArticle","@id":"https:\/\/sfb1436.de\/de\/jetzt-anmelden-amc-2025-in-jena\/#article","isPartOf":{"@id":"https:\/\/sfb1436.de\/de\/jetzt-anmelden-amc-2025-in-jena\/"},"author":{"name":"redakteur","@id":"https:\/\/sfb1436.de\/de\/#\/schema\/person\/c0ef0d254080f73ef2aa76e57caa6d12"},"headline":"Jetzt anmelden: AMC 2025 in Jena","datePublished":"2025-05-20T07:00:00+00:00","mainEntityOfPage":{"@id":"https:\/\/sfb1436.de\/de\/jetzt-anmelden-amc-2025-in-jena\/"},"wordCount":110,"publisher":{"@id":"https:\/\/sfb1436.de\/de\/#organization"},"image":{"@id":"https:\/\/sfb1436.de\/de\/jetzt-anmelden-amc-2025-in-jena\/#primaryimage"},"thumbnailUrl":"https:\/\/sfb1436.de\/wp-content\/uploads\/2025\/05\/AMC_2025.png","keywords":["Aging","AMC2025","Forschung","Jena","Magdeburg","Mikrobiom","Neurowissenschaften"],"articleSection":["All News and Events","Alle News und Events","Events","News"],"inLanguage":"de"},{"@type":"WebPage","@id":"https:\/\/sfb1436.de\/de\/jetzt-anmelden-amc-2025-in-jena\/","url":"https:\/\/sfb1436.de\/de\/jetzt-anmelden-amc-2025-in-jena\/","name":"Jetzt anmelden: AMC 2025 in Jena","isPartOf":{"@id":"https:\/\/sfb1436.de\/de\/#website"},"primaryImageOfPage":{"@id":"https:\/\/sfb1436.de\/de\/jetzt-anmelden-amc-2025-in-jena\/#primaryimage"},"image":{"@id":"https:\/\/sfb1436.de\/de\/jetzt-anmelden-amc-2025-in-jena\/#primaryimage"},"thumbnailUrl":"https:\/\/sfb1436.de\/wp-content\/uploads\/2025\/05\/AMC_2025.png","datePublished":"2025-05-20T07:00:00+00:00","description":"Das \"Aging and Microbiome Meeting (AMC) 2025\u201c wird vom 28. bis zum 29. Oktober 2025 in Jena stattfinden - jetzt anmelden!","breadcrumb":{"@id":"https:\/\/sfb1436.de\/de\/jetzt-anmelden-amc-2025-in-jena\/#breadcrumb"},"inLanguage":"de","potentialAction":[{"@type":"ReadAction","target":["https:\/\/sfb1436.de\/de\/jetzt-anmelden-amc-2025-in-jena\/"]}]},{"@type":"ImageObject","inLanguage":"de","@id":"https:\/\/sfb1436.de\/de\/jetzt-anmelden-amc-2025-in-jena\/#primaryimage","url":"https:\/\/sfb1436.de\/wp-content\/uploads\/2025\/05\/AMC_2025.png","contentUrl":"https:\/\/sfb1436.de\/wp-content\/uploads\/2025\/05\/AMC_2025.png"},{"@type":"BreadcrumbList","@id":"https:\/\/sfb1436.de\/de\/jetzt-anmelden-amc-2025-in-jena\/#breadcrumb","itemListElement":[{"@type":"ListItem","position":1,"name":"Startseite","item":"https:\/\/sfb1436.de\/de\/"},{"@type":"ListItem","position":2,"name":"Jetzt anmelden: AMC 2025 in Jena"}]},{"@type":"WebSite","@id":"https:\/\/sfb1436.de\/de\/#website","url":"https:\/\/sfb1436.de\/de\/","name":"SFB1436","description":"","publisher":{"@id":"https:\/\/sfb1436.de\/de\/#organization"},"potentialAction":[{"@type":"SearchAction","target":{"@type":"EntryPoint","urlTemplate":"https:\/\/sfb1436.de\/de\/?s={search_term_string}"},"query-input":{"@type":"PropertyValueSpecification","valueRequired":true,"valueName":"search_term_string"}}],"inLanguage":"de"},{"@type":"Organization","@id":"https:\/\/sfb1436.de\/de\/#organization","name":"Otto-von-Guericke Universit\u00e4t Medizinische Fakult\u00e4t Institut f\u00fcr Kognitive Neurologie und Demenzforschung","url":"https:\/\/sfb1436.de\/de\/","logo":{"@type":"ImageObject","inLanguage":"de","@id":"https:\/\/sfb1436.de\/de\/#\/schema\/logo\/image\/","url":"https:\/\/sfb1436.de\/wp-content\/uploads\/2021\/12\/logo-sfb.png","contentUrl":"https:\/\/sfb1436.de\/wp-content\/uploads\/2021\/12\/logo-sfb.png","width":1244,"height":820,"caption":"Otto-von-Guericke Universit\u00e4t Medizinische Fakult\u00e4t Institut f\u00fcr Kognitive Neurologie und Demenzforschung"},"image":{"@id":"https:\/\/sfb1436.de\/de\/#\/schema\/logo\/image\/"}},{"@type":"Person","@id":"https:\/\/sfb1436.de\/de\/#\/schema\/person\/c0ef0d254080f73ef2aa76e57caa6d12","name":"redakteur"}]}},"uagb_featured_image_src":{"full":false,"thumbnail":false,"medium":false,"medium_large":false,"large":false,"gs-tiny":false,"xl":false,"xxl":false,"xxxl":false,"xxxxl":false,"xxxxxl":false,"1536x1536":false,"2048x2048":false,"awsm_team":false},"uagb_author_info":{"display_name":"redakteur","author_link":"https:\/\/sfb1436.de\/de\/author\/redakteur\/"},"uagb_comment_info":0,"uagb_excerpt":"Das &#8222;Aging and Microbiome Meeting (AMC) 2025\u201c wird vom 28. bis zum 29. Oktober 2025 in Jena stattfinden. Die Anmeldung ist ab sofort m\u00f6glich und Abstracts k\u00f6nnen bis zum 31. Mai 2025 eingereicht werden. Eine Reihe von Beitr\u00e4gen wird f\u00fcr Kurzvortr\u00e4ge ausgew\u00e4hlt werden. Die AMC ist ein neues Forum f\u00fcr die Diskussion aktueller Erkenntnisse und&hellip;","_links":{"self":[{"href":"https:\/\/sfb1436.de\/de\/wp-json\/wp\/v2\/posts\/27855","targetHints":{"allow":["GET"]}}],"collection":[{"href":"https:\/\/sfb1436.de\/de\/wp-json\/wp\/v2\/posts"}],"about":[{"href":"https:\/\/sfb1436.de\/de\/wp-json\/wp\/v2\/types\/post"}],"author":[{"embeddable":true,"href":"https:\/\/sfb1436.de\/de\/wp-json\/wp\/v2\/users\/4"}],"replies":[{"embeddable":true,"href":"https:\/\/sfb1436.de\/de\/wp-json\/wp\/v2\/comments?post=27855"}],"version-history":[{"count":1,"href":"https:\/\/sfb1436.de\/de\/wp-json\/wp\/v2\/posts\/27855\/revisions"}],"predecessor-version":[{"id":27856,"href":"https:\/\/sfb1436.de\/de\/wp-json\/wp\/v2\/posts\/27855\/revisions\/27856"}],"wp:attachment":[{"href":"https:\/\/sfb1436.de\/de\/wp-json\/wp\/v2\/media?parent=27855"}],"wp:term":[{"taxonomy":"category","embeddable":true,"href":"https:\/\/sfb1436.de\/de\/wp-json\/wp\/v2\/categories?post=27855"},{"taxonomy":"post_tag","embeddable":true,"href":"https:\/\/sfb1436.de\/de\/wp-json\/wp\/v2\/tags?post=27855"}],"curies":[{"name":"wp","href":"https:\/\/api.w.org\/{rel}","templated":true}]}}