{"id":26425,"date":"2025-03-20T12:00:00","date_gmt":"2025-03-20T11:00:00","guid":{"rendered":"https:\/\/sfb1436.de\/?p=26425"},"modified":"2025-03-26T16:21:14","modified_gmt":"2025-03-26T15:21:14","slug":"dorothea-erxleben-gastprofessur","status":"publish","type":"post","link":"https:\/\/sfb1436.de\/de\/dorothea-erxleben-gastprofessur\/","title":{"rendered":"Jetzt auf die Dorothea-Erxleben-Gastprofessur bewerben"},"content":{"rendered":"\n<p class=\"wp-block-paragraph\">Zum\u00a01. Oktober 2025\u00a0ist an der OVGU zum 26. Mal die\u00a0Dorothea-Erxleben-Gastprofessur\u00a0ausgeschrieben. Diese Professur erm\u00f6glicht es nicht nur, wertvolle Forschungserfahrung zu sammeln und das eigene wissenschaftliche Profil zu sch\u00e4rfen, sondern auch, sich exzellent innerhalb der akademischen Gemeinschaft zu positionieren. Sie hat sich bereits f\u00fcr viele ehemalige Inhaberinnen als ein entscheidender Meilenstein auf ihrem Weg zu einer regul\u00e4ren Professur erwiesen. Weitere Informationen finden Sie unter:\u00a0<a href=\"http:\/\/www.bfg.ovgu.de\/-p-224\" target=\"_blank\" rel=\"noreferrer noopener\"><strong>http:\/\/www.bfg.ovgu.de\/-p-224<\/strong><\/a>.<\/p>\n\n\n\n<p class=\"wp-block-paragraph\">Die Universit\u00e4t vergibt die Gastprofessur f\u00fcr eine Dauer von zwei Jahren. Bewerben k\u00f6nnen sich Frauen, die eine akademische Laufbahn anstreben. Die Gastprofessur hat das Ziel, weibliche wissenschaftliche Karrieren zu f\u00f6rdern und herausragende Kandidatinnen auf eine Laufbahn als Hochschullehrerin vorzubereiten. In besonders begr\u00fcndeten F\u00e4llen ist die Besetzung auch f\u00fcr nur ein Jahr m\u00f6glich.<\/p>\n\n\n\n<p class=\"wp-block-paragraph\">Das fachliche Profil der Bewerberinnen ist nicht strikt vorgegeben, sollte jedoch an die Fachgebiete der Otto-von-Guericke-Universit\u00e4t anschlussf\u00e4hig sein.<\/p>\n\n\n\n<p class=\"wp-block-paragraph\">Bei inhaltlichen Fragen zur ausgeschriebenen Stelle wenden Sie sich bitte an Dr. Anne Teller unter Tel. 0391\/67-58020 bzw. per E-Mail: anne.teller@ovgu.de.<\/p>\n\n\n\n<p class=\"wp-block-paragraph\">Bewerbungen werden bis zum\u00a0<strong>11. April 2025<\/strong>\u00a0unter Beif\u00fcgung der \u00fcblichen Unterlagen (wissenschaftlicher Lebenslauf; Liste der f\u00fcnf wichtigsten Publikationen; Vortragst\u00e4tigkeit; bisherige Lehrerfahrungen; Forschungsthemen; wissenschaftliche Referenzen) erbeten \u00fcber das <a href=\"https:\/\/ovgu.b-ite.careers\/jobposting\/c487a28446f5970153e5c3fef44cc2f6d471755c0?ref=homepage\" target=\"_blank\" rel=\"noreferrer noopener\">Online Bewerbungsportal<\/a>.<\/p>\n","protected":false},"excerpt":{"rendered":"<p>Zum\u00a01. Oktober 2025\u00a0ist an der OVGU zum 26. Mal die\u00a0Dorothea-Erxleben-Gastprofessur\u00a0ausgeschrieben. Diese Professur erm\u00f6glicht es nicht nur, wertvolle Forschungserfahrung zu sammeln und das eigene wissenschaftliche Profil zu sch\u00e4rfen, sondern auch, sich exzellent innerhalb der akademischen Gemeinschaft zu positionieren. Sie hat sich bereits f\u00fcr viele ehemalige Inhaberinnen als ein entscheidender Meilenstein auf ihrem Weg zu einer regul\u00e4ren [&hellip;]<\/p>\n","protected":false},"author":4,"featured_media":0,"comment_status":"closed","ping_status":"closed","sticky":false,"template":"","format":"standard","meta":{"_crdt_document":"","_uag_custom_page_level_css":"","footnotes":""},"categories":[288,281,219,220],"tags":[566,947,357,405,331,372,1390,330,1356],"class_list":["post-26425","post","type-post","status-publish","format-standard","hentry","category-all-news-and-events-de","category-alle-news-und-events","category-events-de","category-news-de","tag-crc-1436-de","tag-dr-elena-azanon","tag-forschung","tag-frauen-in-der-forschung","tag-magdeburg","tag-neurowissenschaften","tag-prof-dr-anne-maass","tag-sfb-1436","tag-wissenschaflerinnen"],"yoast_head":"<!-- This site is optimized with the Yoast SEO plugin v27.1.1 - https:\/\/yoast.com\/product\/yoast-seo-wordpress\/ -->\n<title>Dorothea-Erxleben-Gastprofessur<\/title>\n<meta name=\"description\" content=\"Zum\u00a01. Oktober 2025\u00a0ist an der OVGU zum 26. Mal die\u00a0Dorothea-Erxleben-Gastprofessur\u00a0ausgeschrieben - jetzt bewerben!\" \/>\n<meta name=\"robots\" content=\"index, follow, max-snippet:-1, max-image-preview:large, max-video-preview:-1\" \/>\n<link rel=\"canonical\" href=\"https:\/\/sfb1436.de\/de\/dorothea-erxleben-gastprofessur\/\" \/>\n<meta property=\"og:locale\" content=\"de_DE\" \/>\n<meta property=\"og:type\" content=\"article\" \/>\n<meta property=\"og:title\" content=\"Dorothea-Erxleben-Gastprofessur\" \/>\n<meta property=\"og:description\" content=\"Zum\u00a01. Oktober 2025\u00a0ist an der OVGU zum 26. Mal die\u00a0Dorothea-Erxleben-Gastprofessur\u00a0ausgeschrieben - jetzt bewerben!\" \/>\n<meta property=\"og:url\" content=\"https:\/\/sfb1436.de\/de\/dorothea-erxleben-gastprofessur\/\" \/>\n<meta property=\"og:site_name\" content=\"SFB1436\" \/>\n<meta property=\"article:published_time\" content=\"2025-03-20T11:00:00+00:00\" \/>\n<meta property=\"article:modified_time\" content=\"2025-03-26T15:21:14+00:00\" \/>\n<meta name=\"author\" content=\"redakteur\" \/>\n<meta name=\"twitter:card\" content=\"summary_large_image\" \/>\n<meta name=\"twitter:label1\" content=\"Verfasst von\" \/>\n\t<meta name=\"twitter:data1\" content=\"redakteur\" \/>\n\t<meta name=\"twitter:label2\" content=\"Gesch\u00e4tzte Lesezeit\" \/>\n\t<meta name=\"twitter:data2\" content=\"2\u00a0Minuten\" \/>\n<script type=\"application\/ld+json\" class=\"yoast-schema-graph\">{\"@context\":\"https:\/\/schema.org\",\"@graph\":[{\"@type\":\"ScholarlyArticle\",\"@id\":\"https:\/\/sfb1436.de\/de\/dorothea-erxleben-gastprofessur\/#article\",\"isPartOf\":{\"@id\":\"https:\/\/sfb1436.de\/de\/dorothea-erxleben-gastprofessur\/\"},\"author\":{\"name\":\"redakteur\",\"@id\":\"https:\/\/sfb1436.de\/de\/#\/schema\/person\/c0ef0d254080f73ef2aa76e57caa6d12\"},\"headline\":\"Jetzt auf die Dorothea-Erxleben-Gastprofessur bewerben\",\"datePublished\":\"2025-03-20T11:00:00+00:00\",\"dateModified\":\"2025-03-26T15:21:14+00:00\",\"mainEntityOfPage\":{\"@id\":\"https:\/\/sfb1436.de\/de\/dorothea-erxleben-gastprofessur\/\"},\"wordCount\":213,\"publisher\":{\"@id\":\"https:\/\/sfb1436.de\/de\/#organization\"},\"keywords\":[\"CRC 1436\",\"Dr. Elena Aza\u00f1on\",\"Forschung\",\"Frauen in der Forschung\",\"Magdeburg\",\"Neurowissenschaften\",\"Prof. Dr. Anne Maa\u00df\",\"SFB 1436\",\"Wissenschaflerinnen\"],\"articleSection\":[\"All News and Events\",\"Alle News und Events\",\"Events\",\"News\"],\"inLanguage\":\"de\"},{\"@type\":\"WebPage\",\"@id\":\"https:\/\/sfb1436.de\/de\/dorothea-erxleben-gastprofessur\/\",\"url\":\"https:\/\/sfb1436.de\/de\/dorothea-erxleben-gastprofessur\/\",\"name\":\"Dorothea-Erxleben-Gastprofessur\",\"isPartOf\":{\"@id\":\"https:\/\/sfb1436.de\/de\/#website\"},\"datePublished\":\"2025-03-20T11:00:00+00:00\",\"dateModified\":\"2025-03-26T15:21:14+00:00\",\"description\":\"Zum\u00a01. Oktober 2025\u00a0ist an der OVGU zum 26. Mal die\u00a0Dorothea-Erxleben-Gastprofessur\u00a0ausgeschrieben - jetzt bewerben!\",\"breadcrumb\":{\"@id\":\"https:\/\/sfb1436.de\/de\/dorothea-erxleben-gastprofessur\/#breadcrumb\"},\"inLanguage\":\"de\",\"potentialAction\":[{\"@type\":\"ReadAction\",\"target\":[\"https:\/\/sfb1436.de\/de\/dorothea-erxleben-gastprofessur\/\"]}]},{\"@type\":\"BreadcrumbList\",\"@id\":\"https:\/\/sfb1436.de\/de\/dorothea-erxleben-gastprofessur\/#breadcrumb\",\"itemListElement\":[{\"@type\":\"ListItem\",\"position\":1,\"name\":\"Startseite\",\"item\":\"https:\/\/sfb1436.de\/de\/\"},{\"@type\":\"ListItem\",\"position\":2,\"name\":\"Jetzt auf die Dorothea-Erxleben-Gastprofessur bewerben\"}]},{\"@type\":\"WebSite\",\"@id\":\"https:\/\/sfb1436.de\/de\/#website\",\"url\":\"https:\/\/sfb1436.de\/de\/\",\"name\":\"SFB1436\",\"description\":\"\",\"publisher\":{\"@id\":\"https:\/\/sfb1436.de\/de\/#organization\"},\"potentialAction\":[{\"@type\":\"SearchAction\",\"target\":{\"@type\":\"EntryPoint\",\"urlTemplate\":\"https:\/\/sfb1436.de\/de\/?s={search_term_string}\"},\"query-input\":{\"@type\":\"PropertyValueSpecification\",\"valueRequired\":true,\"valueName\":\"search_term_string\"}}],\"inLanguage\":\"de\"},{\"@type\":\"Organization\",\"@id\":\"https:\/\/sfb1436.de\/de\/#organization\",\"name\":\"Otto-von-Guericke Universit\u00e4t Medizinische Fakult\u00e4t Institut f\u00fcr Kognitive Neurologie und Demenzforschung\",\"url\":\"https:\/\/sfb1436.de\/de\/\",\"logo\":{\"@type\":\"ImageObject\",\"inLanguage\":\"de\",\"@id\":\"https:\/\/sfb1436.de\/de\/#\/schema\/logo\/image\/\",\"url\":\"https:\/\/sfb1436.de\/wp-content\/uploads\/2021\/12\/logo-sfb.png\",\"contentUrl\":\"https:\/\/sfb1436.de\/wp-content\/uploads\/2021\/12\/logo-sfb.png\",\"width\":1244,\"height\":820,\"caption\":\"Otto-von-Guericke Universit\u00e4t Medizinische Fakult\u00e4t Institut f\u00fcr Kognitive Neurologie und Demenzforschung\"},\"image\":{\"@id\":\"https:\/\/sfb1436.de\/de\/#\/schema\/logo\/image\/\"}},{\"@type\":\"Person\",\"@id\":\"https:\/\/sfb1436.de\/de\/#\/schema\/person\/c0ef0d254080f73ef2aa76e57caa6d12\",\"name\":\"redakteur\"}]}<\/script>\n<!-- \/ Yoast SEO plugin. -->","yoast_head_json":{"title":"Dorothea-Erxleben-Gastprofessur","description":"Zum\u00a01. Oktober 2025\u00a0ist an der OVGU zum 26. Mal die\u00a0Dorothea-Erxleben-Gastprofessur\u00a0ausgeschrieben - jetzt bewerben!","robots":{"index":"index","follow":"follow","max-snippet":"max-snippet:-1","max-image-preview":"max-image-preview:large","max-video-preview":"max-video-preview:-1"},"canonical":"https:\/\/sfb1436.de\/de\/dorothea-erxleben-gastprofessur\/","og_locale":"de_DE","og_type":"article","og_title":"Dorothea-Erxleben-Gastprofessur","og_description":"Zum\u00a01. Oktober 2025\u00a0ist an der OVGU zum 26. Mal die\u00a0Dorothea-Erxleben-Gastprofessur\u00a0ausgeschrieben - jetzt bewerben!","og_url":"https:\/\/sfb1436.de\/de\/dorothea-erxleben-gastprofessur\/","og_site_name":"SFB1436","article_published_time":"2025-03-20T11:00:00+00:00","article_modified_time":"2025-03-26T15:21:14+00:00","author":"redakteur","twitter_card":"summary_large_image","twitter_misc":{"Verfasst von":"redakteur","Gesch\u00e4tzte Lesezeit":"2\u00a0Minuten"},"schema":{"@context":"https:\/\/schema.org","@graph":[{"@type":"ScholarlyArticle","@id":"https:\/\/sfb1436.de\/de\/dorothea-erxleben-gastprofessur\/#article","isPartOf":{"@id":"https:\/\/sfb1436.de\/de\/dorothea-erxleben-gastprofessur\/"},"author":{"name":"redakteur","@id":"https:\/\/sfb1436.de\/de\/#\/schema\/person\/c0ef0d254080f73ef2aa76e57caa6d12"},"headline":"Jetzt auf die Dorothea-Erxleben-Gastprofessur bewerben","datePublished":"2025-03-20T11:00:00+00:00","dateModified":"2025-03-26T15:21:14+00:00","mainEntityOfPage":{"@id":"https:\/\/sfb1436.de\/de\/dorothea-erxleben-gastprofessur\/"},"wordCount":213,"publisher":{"@id":"https:\/\/sfb1436.de\/de\/#organization"},"keywords":["CRC 1436","Dr. Elena Aza\u00f1on","Forschung","Frauen in der Forschung","Magdeburg","Neurowissenschaften","Prof. Dr. Anne Maa\u00df","SFB 1436","Wissenschaflerinnen"],"articleSection":["All News and Events","Alle News und Events","Events","News"],"inLanguage":"de"},{"@type":"WebPage","@id":"https:\/\/sfb1436.de\/de\/dorothea-erxleben-gastprofessur\/","url":"https:\/\/sfb1436.de\/de\/dorothea-erxleben-gastprofessur\/","name":"Dorothea-Erxleben-Gastprofessur","isPartOf":{"@id":"https:\/\/sfb1436.de\/de\/#website"},"datePublished":"2025-03-20T11:00:00+00:00","dateModified":"2025-03-26T15:21:14+00:00","description":"Zum\u00a01. Oktober 2025\u00a0ist an der OVGU zum 26. Mal die\u00a0Dorothea-Erxleben-Gastprofessur\u00a0ausgeschrieben - jetzt bewerben!","breadcrumb":{"@id":"https:\/\/sfb1436.de\/de\/dorothea-erxleben-gastprofessur\/#breadcrumb"},"inLanguage":"de","potentialAction":[{"@type":"ReadAction","target":["https:\/\/sfb1436.de\/de\/dorothea-erxleben-gastprofessur\/"]}]},{"@type":"BreadcrumbList","@id":"https:\/\/sfb1436.de\/de\/dorothea-erxleben-gastprofessur\/#breadcrumb","itemListElement":[{"@type":"ListItem","position":1,"name":"Startseite","item":"https:\/\/sfb1436.de\/de\/"},{"@type":"ListItem","position":2,"name":"Jetzt auf die Dorothea-Erxleben-Gastprofessur bewerben"}]},{"@type":"WebSite","@id":"https:\/\/sfb1436.de\/de\/#website","url":"https:\/\/sfb1436.de\/de\/","name":"SFB1436","description":"","publisher":{"@id":"https:\/\/sfb1436.de\/de\/#organization"},"potentialAction":[{"@type":"SearchAction","target":{"@type":"EntryPoint","urlTemplate":"https:\/\/sfb1436.de\/de\/?s={search_term_string}"},"query-input":{"@type":"PropertyValueSpecification","valueRequired":true,"valueName":"search_term_string"}}],"inLanguage":"de"},{"@type":"Organization","@id":"https:\/\/sfb1436.de\/de\/#organization","name":"Otto-von-Guericke Universit\u00e4t Medizinische Fakult\u00e4t Institut f\u00fcr Kognitive Neurologie und Demenzforschung","url":"https:\/\/sfb1436.de\/de\/","logo":{"@type":"ImageObject","inLanguage":"de","@id":"https:\/\/sfb1436.de\/de\/#\/schema\/logo\/image\/","url":"https:\/\/sfb1436.de\/wp-content\/uploads\/2021\/12\/logo-sfb.png","contentUrl":"https:\/\/sfb1436.de\/wp-content\/uploads\/2021\/12\/logo-sfb.png","width":1244,"height":820,"caption":"Otto-von-Guericke Universit\u00e4t Medizinische Fakult\u00e4t Institut f\u00fcr Kognitive Neurologie und Demenzforschung"},"image":{"@id":"https:\/\/sfb1436.de\/de\/#\/schema\/logo\/image\/"}},{"@type":"Person","@id":"https:\/\/sfb1436.de\/de\/#\/schema\/person\/c0ef0d254080f73ef2aa76e57caa6d12","name":"redakteur"}]}},"uagb_featured_image_src":{"full":false,"thumbnail":false,"medium":false,"medium_large":false,"large":false,"gs-tiny":false,"xl":false,"xxl":false,"xxxl":false,"xxxxl":false,"xxxxxl":false,"1536x1536":false,"2048x2048":false,"awsm_team":false},"uagb_author_info":{"display_name":"redakteur","author_link":"https:\/\/sfb1436.de\/de\/author\/redakteur\/"},"uagb_comment_info":0,"uagb_excerpt":"Zum\u00a01. Oktober 2025\u00a0ist an der OVGU zum 26. Mal die\u00a0Dorothea-Erxleben-Gastprofessur\u00a0ausgeschrieben. Diese Professur erm\u00f6glicht es nicht nur, wertvolle Forschungserfahrung zu sammeln und das eigene wissenschaftliche Profil zu sch\u00e4rfen, sondern auch, sich exzellent innerhalb der akademischen Gemeinschaft zu positionieren. Sie hat sich bereits f\u00fcr viele ehemalige Inhaberinnen als ein entscheidender Meilenstein auf ihrem Weg zu einer regul\u00e4ren&hellip;","_links":{"self":[{"href":"https:\/\/sfb1436.de\/de\/wp-json\/wp\/v2\/posts\/26425","targetHints":{"allow":["GET"]}}],"collection":[{"href":"https:\/\/sfb1436.de\/de\/wp-json\/wp\/v2\/posts"}],"about":[{"href":"https:\/\/sfb1436.de\/de\/wp-json\/wp\/v2\/types\/post"}],"author":[{"embeddable":true,"href":"https:\/\/sfb1436.de\/de\/wp-json\/wp\/v2\/users\/4"}],"replies":[{"embeddable":true,"href":"https:\/\/sfb1436.de\/de\/wp-json\/wp\/v2\/comments?post=26425"}],"version-history":[{"count":1,"href":"https:\/\/sfb1436.de\/de\/wp-json\/wp\/v2\/posts\/26425\/revisions"}],"predecessor-version":[{"id":26426,"href":"https:\/\/sfb1436.de\/de\/wp-json\/wp\/v2\/posts\/26425\/revisions\/26426"}],"wp:attachment":[{"href":"https:\/\/sfb1436.de\/de\/wp-json\/wp\/v2\/media?parent=26425"}],"wp:term":[{"taxonomy":"category","embeddable":true,"href":"https:\/\/sfb1436.de\/de\/wp-json\/wp\/v2\/categories?post=26425"},{"taxonomy":"post_tag","embeddable":true,"href":"https:\/\/sfb1436.de\/de\/wp-json\/wp\/v2\/tags?post=26425"}],"curies":[{"name":"wp","href":"https:\/\/api.w.org\/{rel}","templated":true}]}}