{"id":25925,"date":"2025-02-19T08:20:48","date_gmt":"2025-02-19T07:20:48","guid":{"rendered":"https:\/\/sfb1436.de\/?p=25925"},"modified":"2025-03-03T03:49:25","modified_gmt":"2025-03-03T02:49:25","slug":"wie-kann-geistige-gesundheit-bis-ins-hohe-alter-gefoerdert-werden","status":"publish","type":"post","link":"https:\/\/sfb1436.de\/de\/wie-kann-geistige-gesundheit-bis-ins-hohe-alter-gefoerdert-werden\/","title":{"rendered":"Wie kann geistige Gesundheit bis ins hohe Alter gef\u00f6rdert werden?"},"content":{"rendered":"\n<p class=\"wp-block-paragraph\">Im Rahmen des Projektes \u201eKognitive Vitalit\u00e4t \u2013 ein gesunder Geist in jedem K\u00f6rper\u201c haben das Institut f\u00fcr Kognitive Neurologie und Demenzforschung unter der Leitung von Herrn Prof. Dr. D\u00fczel sowie das Institut f\u00fcr Sozialmedizin und Gesundheitssystemforschung unter der Leitung von Herrn Prof. Dr. Dr. Apfelbacher eine engagierte Gruppe von Personen mit pers\u00f6nlichen Erfahrungen zu kognitiven Einschr\u00e4nkungen aus ihrem allt\u00e4glichen Leben und\/oder Ihrem beruflichen\/ehrenamtlichen Umfeld zusammengestellt. Dieser B\u00fcrgerrat wird von Robert Pohl koordiniert und traf sich Ende Januar 2025 erstmals, um Fragen zur Praxisrelevanz und Wirksamkeit verschiedener Ans\u00e4tze gemeinsam zu diskutieren. Hierbei standen die geplanten Ma\u00dfnahmen des Forschungsteams im Mittelpunkt.<\/p>\n\n\n\n<p class=\"wp-block-paragraph\">Die vollst\u00e4ndige Pressemittelung hierzu finden Sie unter <a href=\"https:\/\/www.med.ovgu.de\/Presse\/Presse\/Pressemitteilungen\/Wie+kann+geistige+Gesundheit+bis+ins+hohe+Alter+gef%C3%B6rdert+werden_-p-44212.html\" target=\"_blank\" rel=\"noreferrer noopener\">UMMD-Presse.<\/a><\/p>\n\n\n\n<p class=\"wp-block-paragraph\"><\/p>\n","protected":false},"excerpt":{"rendered":"<p>Im Rahmen des Projektes \u201eKognitive Vitalit\u00e4t \u2013 ein gesunder Geist in jedem K\u00f6rper\u201c haben das Institut f\u00fcr Kognitive Neurologie und Demenzforschung unter der Leitung von Herrn Prof. Dr. D\u00fczel sowie das Institut f\u00fcr Sozialmedizin und Gesundheitssystemforschung unter der Leitung von Herrn Prof. Dr. Dr. Apfelbacher eine engagierte Gruppe von Personen mit pers\u00f6nlichen Erfahrungen zu kognitiven [&hellip;]<\/p>\n","protected":false},"author":4,"featured_media":0,"comment_status":"closed","ping_status":"closed","sticky":false,"template":"","format":"standard","meta":{"_crdt_document":"","_uag_custom_page_level_css":"","footnotes":""},"categories":[288,281,219,220],"tags":[1347,373,1346,331,372,1345],"class_list":["post-25925","post","type-post","status-publish","format-standard","hentry","category-all-news-and-events-de","category-alle-news-und-events","category-events-de","category-news-de","tag-buergerbeirat","tag-emrah-duezel","tag-geistige-gesundheit","tag-magdeburg","tag-neurowissenschaften","tag-robert-pohl-2"],"yoast_head":"<!-- This site is optimized with the Yoast SEO plugin v27.1.1 - https:\/\/yoast.com\/product\/yoast-seo-wordpress\/ -->\n<title>Wie kann geistige Gesundheit bis ins hohe Alter gef\u00f6rdert werden?<\/title>\n<meta name=\"description\" content=\"Der B\u00fcrgerrat zum Thema &quot;geistige Gesundheit&quot; wird von Robert Pohl koordiniert und traf sich Ende Januar 2025 erstmals.\" \/>\n<meta name=\"robots\" content=\"index, follow, max-snippet:-1, max-image-preview:large, max-video-preview:-1\" \/>\n<link rel=\"canonical\" href=\"https:\/\/sfb1436.de\/de\/wie-kann-geistige-gesundheit-bis-ins-hohe-alter-gefoerdert-werden\/\" \/>\n<meta property=\"og:locale\" content=\"de_DE\" \/>\n<meta property=\"og:type\" content=\"article\" \/>\n<meta property=\"og:title\" content=\"Wie kann geistige Gesundheit bis ins hohe Alter gef\u00f6rdert werden?\" \/>\n<meta property=\"og:description\" content=\"Der B\u00fcrgerrat zum Thema &quot;geistige Gesundheit&quot; wird von Robert Pohl koordiniert und traf sich Ende Januar 2025 erstmals.\" \/>\n<meta property=\"og:url\" content=\"https:\/\/sfb1436.de\/de\/wie-kann-geistige-gesundheit-bis-ins-hohe-alter-gefoerdert-werden\/\" \/>\n<meta property=\"og:site_name\" content=\"SFB1436\" \/>\n<meta property=\"article:published_time\" content=\"2025-02-19T07:20:48+00:00\" \/>\n<meta property=\"article:modified_time\" content=\"2025-03-03T02:49:25+00:00\" \/>\n<meta name=\"author\" content=\"redakteur\" \/>\n<meta name=\"twitter:card\" content=\"summary_large_image\" \/>\n<meta name=\"twitter:label1\" content=\"Verfasst von\" \/>\n\t<meta name=\"twitter:data1\" content=\"redakteur\" \/>\n\t<meta name=\"twitter:label2\" content=\"Gesch\u00e4tzte Lesezeit\" \/>\n\t<meta name=\"twitter:data2\" content=\"1\u00a0Minute\" \/>\n<script type=\"application\/ld+json\" class=\"yoast-schema-graph\">{\"@context\":\"https:\/\/schema.org\",\"@graph\":[{\"@type\":\"ScholarlyArticle\",\"@id\":\"https:\/\/sfb1436.de\/de\/wie-kann-geistige-gesundheit-bis-ins-hohe-alter-gefoerdert-werden\/#article\",\"isPartOf\":{\"@id\":\"https:\/\/sfb1436.de\/de\/wie-kann-geistige-gesundheit-bis-ins-hohe-alter-gefoerdert-werden\/\"},\"author\":{\"name\":\"redakteur\",\"@id\":\"https:\/\/sfb1436.de\/de\/#\/schema\/person\/c0ef0d254080f73ef2aa76e57caa6d12\"},\"headline\":\"Wie kann geistige Gesundheit bis ins hohe Alter gef\u00f6rdert werden?\",\"datePublished\":\"2025-02-19T07:20:48+00:00\",\"dateModified\":\"2025-03-03T02:49:25+00:00\",\"mainEntityOfPage\":{\"@id\":\"https:\/\/sfb1436.de\/de\/wie-kann-geistige-gesundheit-bis-ins-hohe-alter-gefoerdert-werden\/\"},\"wordCount\":130,\"publisher\":{\"@id\":\"https:\/\/sfb1436.de\/de\/#organization\"},\"keywords\":[\"B\u00fcrgerbeirat\",\"Emrah D\u00fczel\",\"geistige Gesundheit\",\"Magdeburg\",\"Neurowissenschaften\",\"Robert Pohl\"],\"articleSection\":[\"All News and Events\",\"Alle News und Events\",\"Events\",\"News\"],\"inLanguage\":\"de\"},{\"@type\":\"WebPage\",\"@id\":\"https:\/\/sfb1436.de\/de\/wie-kann-geistige-gesundheit-bis-ins-hohe-alter-gefoerdert-werden\/\",\"url\":\"https:\/\/sfb1436.de\/de\/wie-kann-geistige-gesundheit-bis-ins-hohe-alter-gefoerdert-werden\/\",\"name\":\"Wie kann geistige Gesundheit bis ins hohe Alter gef\u00f6rdert werden?\",\"isPartOf\":{\"@id\":\"https:\/\/sfb1436.de\/de\/#website\"},\"datePublished\":\"2025-02-19T07:20:48+00:00\",\"dateModified\":\"2025-03-03T02:49:25+00:00\",\"description\":\"Der B\u00fcrgerrat zum Thema \\\"geistige Gesundheit\\\" wird von Robert Pohl koordiniert und traf sich Ende Januar 2025 erstmals.\",\"breadcrumb\":{\"@id\":\"https:\/\/sfb1436.de\/de\/wie-kann-geistige-gesundheit-bis-ins-hohe-alter-gefoerdert-werden\/#breadcrumb\"},\"inLanguage\":\"de\",\"potentialAction\":[{\"@type\":\"ReadAction\",\"target\":[\"https:\/\/sfb1436.de\/de\/wie-kann-geistige-gesundheit-bis-ins-hohe-alter-gefoerdert-werden\/\"]}]},{\"@type\":\"BreadcrumbList\",\"@id\":\"https:\/\/sfb1436.de\/de\/wie-kann-geistige-gesundheit-bis-ins-hohe-alter-gefoerdert-werden\/#breadcrumb\",\"itemListElement\":[{\"@type\":\"ListItem\",\"position\":1,\"name\":\"Startseite\",\"item\":\"https:\/\/sfb1436.de\/de\/\"},{\"@type\":\"ListItem\",\"position\":2,\"name\":\"Wie kann geistige Gesundheit bis ins hohe Alter gef\u00f6rdert werden?\"}]},{\"@type\":\"WebSite\",\"@id\":\"https:\/\/sfb1436.de\/de\/#website\",\"url\":\"https:\/\/sfb1436.de\/de\/\",\"name\":\"SFB1436\",\"description\":\"\",\"publisher\":{\"@id\":\"https:\/\/sfb1436.de\/de\/#organization\"},\"potentialAction\":[{\"@type\":\"SearchAction\",\"target\":{\"@type\":\"EntryPoint\",\"urlTemplate\":\"https:\/\/sfb1436.de\/de\/?s={search_term_string}\"},\"query-input\":{\"@type\":\"PropertyValueSpecification\",\"valueRequired\":true,\"valueName\":\"search_term_string\"}}],\"inLanguage\":\"de\"},{\"@type\":\"Organization\",\"@id\":\"https:\/\/sfb1436.de\/de\/#organization\",\"name\":\"Otto-von-Guericke Universit\u00e4t Medizinische Fakult\u00e4t Institut f\u00fcr Kognitive Neurologie und Demenzforschung\",\"url\":\"https:\/\/sfb1436.de\/de\/\",\"logo\":{\"@type\":\"ImageObject\",\"inLanguage\":\"de\",\"@id\":\"https:\/\/sfb1436.de\/de\/#\/schema\/logo\/image\/\",\"url\":\"https:\/\/sfb1436.de\/wp-content\/uploads\/2021\/12\/logo-sfb.png\",\"contentUrl\":\"https:\/\/sfb1436.de\/wp-content\/uploads\/2021\/12\/logo-sfb.png\",\"width\":1244,\"height\":820,\"caption\":\"Otto-von-Guericke Universit\u00e4t Medizinische Fakult\u00e4t Institut f\u00fcr Kognitive Neurologie und Demenzforschung\"},\"image\":{\"@id\":\"https:\/\/sfb1436.de\/de\/#\/schema\/logo\/image\/\"}},{\"@type\":\"Person\",\"@id\":\"https:\/\/sfb1436.de\/de\/#\/schema\/person\/c0ef0d254080f73ef2aa76e57caa6d12\",\"name\":\"redakteur\"}]}<\/script>\n<!-- \/ Yoast SEO plugin. -->","yoast_head_json":{"title":"Wie kann geistige Gesundheit bis ins hohe Alter gef\u00f6rdert werden?","description":"Der B\u00fcrgerrat zum Thema \"geistige Gesundheit\" wird von Robert Pohl koordiniert und traf sich Ende Januar 2025 erstmals.","robots":{"index":"index","follow":"follow","max-snippet":"max-snippet:-1","max-image-preview":"max-image-preview:large","max-video-preview":"max-video-preview:-1"},"canonical":"https:\/\/sfb1436.de\/de\/wie-kann-geistige-gesundheit-bis-ins-hohe-alter-gefoerdert-werden\/","og_locale":"de_DE","og_type":"article","og_title":"Wie kann geistige Gesundheit bis ins hohe Alter gef\u00f6rdert werden?","og_description":"Der B\u00fcrgerrat zum Thema \"geistige Gesundheit\" wird von Robert Pohl koordiniert und traf sich Ende Januar 2025 erstmals.","og_url":"https:\/\/sfb1436.de\/de\/wie-kann-geistige-gesundheit-bis-ins-hohe-alter-gefoerdert-werden\/","og_site_name":"SFB1436","article_published_time":"2025-02-19T07:20:48+00:00","article_modified_time":"2025-03-03T02:49:25+00:00","author":"redakteur","twitter_card":"summary_large_image","twitter_misc":{"Verfasst von":"redakteur","Gesch\u00e4tzte Lesezeit":"1\u00a0Minute"},"schema":{"@context":"https:\/\/schema.org","@graph":[{"@type":"ScholarlyArticle","@id":"https:\/\/sfb1436.de\/de\/wie-kann-geistige-gesundheit-bis-ins-hohe-alter-gefoerdert-werden\/#article","isPartOf":{"@id":"https:\/\/sfb1436.de\/de\/wie-kann-geistige-gesundheit-bis-ins-hohe-alter-gefoerdert-werden\/"},"author":{"name":"redakteur","@id":"https:\/\/sfb1436.de\/de\/#\/schema\/person\/c0ef0d254080f73ef2aa76e57caa6d12"},"headline":"Wie kann geistige Gesundheit bis ins hohe Alter gef\u00f6rdert werden?","datePublished":"2025-02-19T07:20:48+00:00","dateModified":"2025-03-03T02:49:25+00:00","mainEntityOfPage":{"@id":"https:\/\/sfb1436.de\/de\/wie-kann-geistige-gesundheit-bis-ins-hohe-alter-gefoerdert-werden\/"},"wordCount":130,"publisher":{"@id":"https:\/\/sfb1436.de\/de\/#organization"},"keywords":["B\u00fcrgerbeirat","Emrah D\u00fczel","geistige Gesundheit","Magdeburg","Neurowissenschaften","Robert Pohl"],"articleSection":["All News and Events","Alle News und Events","Events","News"],"inLanguage":"de"},{"@type":"WebPage","@id":"https:\/\/sfb1436.de\/de\/wie-kann-geistige-gesundheit-bis-ins-hohe-alter-gefoerdert-werden\/","url":"https:\/\/sfb1436.de\/de\/wie-kann-geistige-gesundheit-bis-ins-hohe-alter-gefoerdert-werden\/","name":"Wie kann geistige Gesundheit bis ins hohe Alter gef\u00f6rdert werden?","isPartOf":{"@id":"https:\/\/sfb1436.de\/de\/#website"},"datePublished":"2025-02-19T07:20:48+00:00","dateModified":"2025-03-03T02:49:25+00:00","description":"Der B\u00fcrgerrat zum Thema \"geistige Gesundheit\" wird von Robert Pohl koordiniert und traf sich Ende Januar 2025 erstmals.","breadcrumb":{"@id":"https:\/\/sfb1436.de\/de\/wie-kann-geistige-gesundheit-bis-ins-hohe-alter-gefoerdert-werden\/#breadcrumb"},"inLanguage":"de","potentialAction":[{"@type":"ReadAction","target":["https:\/\/sfb1436.de\/de\/wie-kann-geistige-gesundheit-bis-ins-hohe-alter-gefoerdert-werden\/"]}]},{"@type":"BreadcrumbList","@id":"https:\/\/sfb1436.de\/de\/wie-kann-geistige-gesundheit-bis-ins-hohe-alter-gefoerdert-werden\/#breadcrumb","itemListElement":[{"@type":"ListItem","position":1,"name":"Startseite","item":"https:\/\/sfb1436.de\/de\/"},{"@type":"ListItem","position":2,"name":"Wie kann geistige Gesundheit bis ins hohe Alter gef\u00f6rdert werden?"}]},{"@type":"WebSite","@id":"https:\/\/sfb1436.de\/de\/#website","url":"https:\/\/sfb1436.de\/de\/","name":"SFB1436","description":"","publisher":{"@id":"https:\/\/sfb1436.de\/de\/#organization"},"potentialAction":[{"@type":"SearchAction","target":{"@type":"EntryPoint","urlTemplate":"https:\/\/sfb1436.de\/de\/?s={search_term_string}"},"query-input":{"@type":"PropertyValueSpecification","valueRequired":true,"valueName":"search_term_string"}}],"inLanguage":"de"},{"@type":"Organization","@id":"https:\/\/sfb1436.de\/de\/#organization","name":"Otto-von-Guericke Universit\u00e4t Medizinische Fakult\u00e4t Institut f\u00fcr Kognitive Neurologie und Demenzforschung","url":"https:\/\/sfb1436.de\/de\/","logo":{"@type":"ImageObject","inLanguage":"de","@id":"https:\/\/sfb1436.de\/de\/#\/schema\/logo\/image\/","url":"https:\/\/sfb1436.de\/wp-content\/uploads\/2021\/12\/logo-sfb.png","contentUrl":"https:\/\/sfb1436.de\/wp-content\/uploads\/2021\/12\/logo-sfb.png","width":1244,"height":820,"caption":"Otto-von-Guericke Universit\u00e4t Medizinische Fakult\u00e4t Institut f\u00fcr Kognitive Neurologie und Demenzforschung"},"image":{"@id":"https:\/\/sfb1436.de\/de\/#\/schema\/logo\/image\/"}},{"@type":"Person","@id":"https:\/\/sfb1436.de\/de\/#\/schema\/person\/c0ef0d254080f73ef2aa76e57caa6d12","name":"redakteur"}]}},"uagb_featured_image_src":{"full":false,"thumbnail":false,"medium":false,"medium_large":false,"large":false,"gs-tiny":false,"xl":false,"xxl":false,"xxxl":false,"xxxxl":false,"xxxxxl":false,"1536x1536":false,"2048x2048":false,"awsm_team":false},"uagb_author_info":{"display_name":"redakteur","author_link":"https:\/\/sfb1436.de\/de\/author\/redakteur\/"},"uagb_comment_info":0,"uagb_excerpt":"Im Rahmen des Projektes \u201eKognitive Vitalit\u00e4t \u2013 ein gesunder Geist in jedem K\u00f6rper\u201c haben das Institut f\u00fcr Kognitive Neurologie und Demenzforschung unter der Leitung von Herrn Prof. Dr. D\u00fczel sowie das Institut f\u00fcr Sozialmedizin und Gesundheitssystemforschung unter der Leitung von Herrn Prof. Dr. Dr. Apfelbacher eine engagierte Gruppe von Personen mit pers\u00f6nlichen Erfahrungen zu kognitiven&hellip;","_links":{"self":[{"href":"https:\/\/sfb1436.de\/de\/wp-json\/wp\/v2\/posts\/25925","targetHints":{"allow":["GET"]}}],"collection":[{"href":"https:\/\/sfb1436.de\/de\/wp-json\/wp\/v2\/posts"}],"about":[{"href":"https:\/\/sfb1436.de\/de\/wp-json\/wp\/v2\/types\/post"}],"author":[{"embeddable":true,"href":"https:\/\/sfb1436.de\/de\/wp-json\/wp\/v2\/users\/4"}],"replies":[{"embeddable":true,"href":"https:\/\/sfb1436.de\/de\/wp-json\/wp\/v2\/comments?post=25925"}],"version-history":[{"count":3,"href":"https:\/\/sfb1436.de\/de\/wp-json\/wp\/v2\/posts\/25925\/revisions"}],"predecessor-version":[{"id":26217,"href":"https:\/\/sfb1436.de\/de\/wp-json\/wp\/v2\/posts\/25925\/revisions\/26217"}],"wp:attachment":[{"href":"https:\/\/sfb1436.de\/de\/wp-json\/wp\/v2\/media?parent=25925"}],"wp:term":[{"taxonomy":"category","embeddable":true,"href":"https:\/\/sfb1436.de\/de\/wp-json\/wp\/v2\/categories?post=25925"},{"taxonomy":"post_tag","embeddable":true,"href":"https:\/\/sfb1436.de\/de\/wp-json\/wp\/v2\/tags?post=25925"}],"curies":[{"name":"wp","href":"https:\/\/api.w.org\/{rel}","templated":true}]}}