{"id":24321,"date":"2025-01-14T09:00:00","date_gmt":"2025-01-14T08:00:00","guid":{"rendered":"https:\/\/sfb1436.de\/?p=24321"},"modified":"2025-01-10T13:43:23","modified_gmt":"2025-01-10T12:43:23","slug":"neuausrichtung-der-sfb-graduiertenschule","status":"publish","type":"post","link":"https:\/\/sfb1436.de\/de\/neuausrichtung-der-sfb-graduiertenschule\/","title":{"rendered":"Neuausrichtung der SFB Graduiertenschule"},"content":{"rendered":"\n<p class=\"wp-block-paragraph\">Mit Beginn der neuen F\u00f6rderperiode befindet sich die SFB 1436 Graduiertenschule in einer spannenden Umstrukturierung. Unter der Leitung von Oliver Stork und Toemme Noesselt sowie den Koordinatorinnen Esra Boz und Elisa Lancini hat sich in den letzten vier Jahren ein au\u00dfergew\u00f6hnliches studentisches Netzwerk etabliert. Ein breites Spektrum an Veranstaltungen, Workshops und Vortr\u00e4gen wurde erfolgreich organisiert, und es wurden zahlreiche Erfolge gefeiert.<\/p>\n\n\n\n<p class=\"wp-block-paragraph\">In Zukunft wird Anne Albrecht die Rolle der Sprecherin \u00fcbernehmen, Christoph Knoll wird sie als Koordinator unterst\u00fctzen und uns weiter voranbringen.<\/p>\n","protected":false},"excerpt":{"rendered":"<p>Mit Beginn der neuen F\u00f6rderperiode befindet sich die SFB 1436 Graduiertenschule in einer spannenden Umstrukturierung. Unter der Leitung von Oliver Stork und Toemme Noesselt sowie den Koordinatorinnen Esra Boz und Elisa Lancini hat sich in den letzten vier Jahren ein au\u00dfergew\u00f6hnliches studentisches Netzwerk etabliert. Ein breites Spektrum an Veranstaltungen, Workshops und Vortr\u00e4gen wurde erfolgreich organisiert, [&hellip;]<\/p>\n","protected":false},"author":4,"featured_media":23254,"comment_status":"closed","ping_status":"closed","sticky":false,"template":"","format":"standard","meta":{"_crdt_document":"","_uag_custom_page_level_css":"","footnotes":""},"categories":[288,281,220],"tags":[565,1324,796,761,398,331,372,572,330,943],"class_list":["post-24321","post","type-post","status-publish","format-standard","has-post-thumbnail","hentry","category-all-news-and-events-de","category-alle-news-und-events","category-news-de","tag-anne-albrecht","tag-christoph-knoll","tag-elisa-lancini-2","tag-esra-boz","tag-graduiertenschule","tag-magdeburg","tag-neurowissenschaften","tag-oliver-stork","tag-sfb-1436","tag-toemme-noesselt-2"],"yoast_head":"<!-- This site is optimized with the Yoast SEO plugin v27.1.1 - https:\/\/yoast.com\/product\/yoast-seo-wordpress\/ -->\n<title>Neuausrichtung der SFB Graduiertenschule<\/title>\n<meta name=\"description\" content=\"Mit Beginn der neuen F\u00f6rderperiode befindet sich die SFB 1436 Graduiertenschule in einer spannenden Umstrukturierung.\" \/>\n<meta name=\"robots\" content=\"index, follow, max-snippet:-1, max-image-preview:large, max-video-preview:-1\" \/>\n<link rel=\"canonical\" href=\"https:\/\/sfb1436.de\/de\/neuausrichtung-der-sfb-graduiertenschule\/\" \/>\n<meta property=\"og:locale\" content=\"de_DE\" \/>\n<meta property=\"og:type\" content=\"article\" \/>\n<meta property=\"og:title\" content=\"Neuausrichtung der SFB Graduiertenschule\" \/>\n<meta property=\"og:description\" content=\"Mit Beginn der neuen F\u00f6rderperiode befindet sich die SFB 1436 Graduiertenschule in einer spannenden Umstrukturierung.\" \/>\n<meta property=\"og:url\" content=\"https:\/\/sfb1436.de\/de\/neuausrichtung-der-sfb-graduiertenschule\/\" \/>\n<meta property=\"og:site_name\" content=\"SFB1436\" \/>\n<meta property=\"article:published_time\" content=\"2025-01-14T08:00:00+00:00\" \/>\n<meta property=\"og:image\" content=\"https:\/\/sfb1436.de\/wp-content\/uploads\/2024\/10\/Screenshot-2024-10-07-at-13.40.46.webp\" \/>\n\t<meta property=\"og:image:width\" content=\"866\" \/>\n\t<meta property=\"og:image:height\" content=\"240\" \/>\n\t<meta property=\"og:image:type\" content=\"image\/webp\" \/>\n<meta name=\"author\" content=\"redakteur\" \/>\n<meta name=\"twitter:card\" content=\"summary_large_image\" \/>\n<meta name=\"twitter:label1\" content=\"Verfasst von\" \/>\n\t<meta name=\"twitter:data1\" content=\"redakteur\" \/>\n\t<meta name=\"twitter:label2\" content=\"Gesch\u00e4tzte Lesezeit\" \/>\n\t<meta name=\"twitter:data2\" content=\"1\u00a0Minute\" \/>\n<script type=\"application\/ld+json\" class=\"yoast-schema-graph\">{\"@context\":\"https:\/\/schema.org\",\"@graph\":[{\"@type\":\"ScholarlyArticle\",\"@id\":\"https:\/\/sfb1436.de\/de\/neuausrichtung-der-sfb-graduiertenschule\/#article\",\"isPartOf\":{\"@id\":\"https:\/\/sfb1436.de\/de\/neuausrichtung-der-sfb-graduiertenschule\/\"},\"author\":{\"name\":\"redakteur\",\"@id\":\"https:\/\/sfb1436.de\/de\/#\/schema\/person\/c0ef0d254080f73ef2aa76e57caa6d12\"},\"headline\":\"Neuausrichtung der SFB Graduiertenschule\",\"datePublished\":\"2025-01-14T08:00:00+00:00\",\"mainEntityOfPage\":{\"@id\":\"https:\/\/sfb1436.de\/de\/neuausrichtung-der-sfb-graduiertenschule\/\"},\"wordCount\":90,\"publisher\":{\"@id\":\"https:\/\/sfb1436.de\/de\/#organization\"},\"image\":{\"@id\":\"https:\/\/sfb1436.de\/de\/neuausrichtung-der-sfb-graduiertenschule\/#primaryimage\"},\"thumbnailUrl\":\"https:\/\/sfb1436.de\/wp-content\/uploads\/2024\/10\/Screenshot-2024-10-07-at-13.40.46.webp\",\"keywords\":[\"Anne Albrecht\",\"Christoph Knoll\",\"Elisa Lancini\",\"Esra Boz\",\"Graduiertenschule\",\"Magdeburg\",\"Neurowissenschaften\",\"Oliver Stork\",\"SFB 1436\",\"Toemme Noesselt\"],\"articleSection\":[\"All News and Events\",\"Alle News und Events\",\"News\"],\"inLanguage\":\"de\"},{\"@type\":\"WebPage\",\"@id\":\"https:\/\/sfb1436.de\/de\/neuausrichtung-der-sfb-graduiertenschule\/\",\"url\":\"https:\/\/sfb1436.de\/de\/neuausrichtung-der-sfb-graduiertenschule\/\",\"name\":\"Neuausrichtung der SFB Graduiertenschule\",\"isPartOf\":{\"@id\":\"https:\/\/sfb1436.de\/de\/#website\"},\"primaryImageOfPage\":{\"@id\":\"https:\/\/sfb1436.de\/de\/neuausrichtung-der-sfb-graduiertenschule\/#primaryimage\"},\"image\":{\"@id\":\"https:\/\/sfb1436.de\/de\/neuausrichtung-der-sfb-graduiertenschule\/#primaryimage\"},\"thumbnailUrl\":\"https:\/\/sfb1436.de\/wp-content\/uploads\/2024\/10\/Screenshot-2024-10-07-at-13.40.46.webp\",\"datePublished\":\"2025-01-14T08:00:00+00:00\",\"description\":\"Mit Beginn der neuen F\u00f6rderperiode befindet sich die SFB 1436 Graduiertenschule in einer spannenden Umstrukturierung.\",\"breadcrumb\":{\"@id\":\"https:\/\/sfb1436.de\/de\/neuausrichtung-der-sfb-graduiertenschule\/#breadcrumb\"},\"inLanguage\":\"de\",\"potentialAction\":[{\"@type\":\"ReadAction\",\"target\":[\"https:\/\/sfb1436.de\/de\/neuausrichtung-der-sfb-graduiertenschule\/\"]}]},{\"@type\":\"ImageObject\",\"inLanguage\":\"de\",\"@id\":\"https:\/\/sfb1436.de\/de\/neuausrichtung-der-sfb-graduiertenschule\/#primaryimage\",\"url\":\"https:\/\/sfb1436.de\/wp-content\/uploads\/2024\/10\/Screenshot-2024-10-07-at-13.40.46.webp\",\"contentUrl\":\"https:\/\/sfb1436.de\/wp-content\/uploads\/2024\/10\/Screenshot-2024-10-07-at-13.40.46.webp\",\"width\":866,\"height\":240,\"caption\":\"News IRTG\"},{\"@type\":\"BreadcrumbList\",\"@id\":\"https:\/\/sfb1436.de\/de\/neuausrichtung-der-sfb-graduiertenschule\/#breadcrumb\",\"itemListElement\":[{\"@type\":\"ListItem\",\"position\":1,\"name\":\"Startseite\",\"item\":\"https:\/\/sfb1436.de\/de\/\"},{\"@type\":\"ListItem\",\"position\":2,\"name\":\"Neuausrichtung der SFB Graduiertenschule\"}]},{\"@type\":\"WebSite\",\"@id\":\"https:\/\/sfb1436.de\/de\/#website\",\"url\":\"https:\/\/sfb1436.de\/de\/\",\"name\":\"SFB1436\",\"description\":\"\",\"publisher\":{\"@id\":\"https:\/\/sfb1436.de\/de\/#organization\"},\"potentialAction\":[{\"@type\":\"SearchAction\",\"target\":{\"@type\":\"EntryPoint\",\"urlTemplate\":\"https:\/\/sfb1436.de\/de\/?s={search_term_string}\"},\"query-input\":{\"@type\":\"PropertyValueSpecification\",\"valueRequired\":true,\"valueName\":\"search_term_string\"}}],\"inLanguage\":\"de\"},{\"@type\":\"Organization\",\"@id\":\"https:\/\/sfb1436.de\/de\/#organization\",\"name\":\"Otto-von-Guericke Universit\u00e4t Medizinische Fakult\u00e4t Institut f\u00fcr Kognitive Neurologie und Demenzforschung\",\"url\":\"https:\/\/sfb1436.de\/de\/\",\"logo\":{\"@type\":\"ImageObject\",\"inLanguage\":\"de\",\"@id\":\"https:\/\/sfb1436.de\/de\/#\/schema\/logo\/image\/\",\"url\":\"https:\/\/sfb1436.de\/wp-content\/uploads\/2021\/12\/logo-sfb.png\",\"contentUrl\":\"https:\/\/sfb1436.de\/wp-content\/uploads\/2021\/12\/logo-sfb.png\",\"width\":1244,\"height\":820,\"caption\":\"Otto-von-Guericke Universit\u00e4t Medizinische Fakult\u00e4t Institut f\u00fcr Kognitive Neurologie und Demenzforschung\"},\"image\":{\"@id\":\"https:\/\/sfb1436.de\/de\/#\/schema\/logo\/image\/\"}},{\"@type\":\"Person\",\"@id\":\"https:\/\/sfb1436.de\/de\/#\/schema\/person\/c0ef0d254080f73ef2aa76e57caa6d12\",\"name\":\"redakteur\"}]}<\/script>\n<!-- \/ Yoast SEO plugin. -->","yoast_head_json":{"title":"Neuausrichtung der SFB Graduiertenschule","description":"Mit Beginn der neuen F\u00f6rderperiode befindet sich die SFB 1436 Graduiertenschule in einer spannenden Umstrukturierung.","robots":{"index":"index","follow":"follow","max-snippet":"max-snippet:-1","max-image-preview":"max-image-preview:large","max-video-preview":"max-video-preview:-1"},"canonical":"https:\/\/sfb1436.de\/de\/neuausrichtung-der-sfb-graduiertenschule\/","og_locale":"de_DE","og_type":"article","og_title":"Neuausrichtung der SFB Graduiertenschule","og_description":"Mit Beginn der neuen F\u00f6rderperiode befindet sich die SFB 1436 Graduiertenschule in einer spannenden Umstrukturierung.","og_url":"https:\/\/sfb1436.de\/de\/neuausrichtung-der-sfb-graduiertenschule\/","og_site_name":"SFB1436","article_published_time":"2025-01-14T08:00:00+00:00","og_image":[{"width":866,"height":240,"url":"https:\/\/sfb1436.de\/wp-content\/uploads\/2024\/10\/Screenshot-2024-10-07-at-13.40.46.webp","type":"image\/webp"}],"author":"redakteur","twitter_card":"summary_large_image","twitter_misc":{"Verfasst von":"redakteur","Gesch\u00e4tzte Lesezeit":"1\u00a0Minute"},"schema":{"@context":"https:\/\/schema.org","@graph":[{"@type":"ScholarlyArticle","@id":"https:\/\/sfb1436.de\/de\/neuausrichtung-der-sfb-graduiertenschule\/#article","isPartOf":{"@id":"https:\/\/sfb1436.de\/de\/neuausrichtung-der-sfb-graduiertenschule\/"},"author":{"name":"redakteur","@id":"https:\/\/sfb1436.de\/de\/#\/schema\/person\/c0ef0d254080f73ef2aa76e57caa6d12"},"headline":"Neuausrichtung der SFB Graduiertenschule","datePublished":"2025-01-14T08:00:00+00:00","mainEntityOfPage":{"@id":"https:\/\/sfb1436.de\/de\/neuausrichtung-der-sfb-graduiertenschule\/"},"wordCount":90,"publisher":{"@id":"https:\/\/sfb1436.de\/de\/#organization"},"image":{"@id":"https:\/\/sfb1436.de\/de\/neuausrichtung-der-sfb-graduiertenschule\/#primaryimage"},"thumbnailUrl":"https:\/\/sfb1436.de\/wp-content\/uploads\/2024\/10\/Screenshot-2024-10-07-at-13.40.46.webp","keywords":["Anne Albrecht","Christoph Knoll","Elisa Lancini","Esra Boz","Graduiertenschule","Magdeburg","Neurowissenschaften","Oliver Stork","SFB 1436","Toemme Noesselt"],"articleSection":["All News and Events","Alle News und Events","News"],"inLanguage":"de"},{"@type":"WebPage","@id":"https:\/\/sfb1436.de\/de\/neuausrichtung-der-sfb-graduiertenschule\/","url":"https:\/\/sfb1436.de\/de\/neuausrichtung-der-sfb-graduiertenschule\/","name":"Neuausrichtung der SFB Graduiertenschule","isPartOf":{"@id":"https:\/\/sfb1436.de\/de\/#website"},"primaryImageOfPage":{"@id":"https:\/\/sfb1436.de\/de\/neuausrichtung-der-sfb-graduiertenschule\/#primaryimage"},"image":{"@id":"https:\/\/sfb1436.de\/de\/neuausrichtung-der-sfb-graduiertenschule\/#primaryimage"},"thumbnailUrl":"https:\/\/sfb1436.de\/wp-content\/uploads\/2024\/10\/Screenshot-2024-10-07-at-13.40.46.webp","datePublished":"2025-01-14T08:00:00+00:00","description":"Mit Beginn der neuen F\u00f6rderperiode befindet sich die SFB 1436 Graduiertenschule in einer spannenden Umstrukturierung.","breadcrumb":{"@id":"https:\/\/sfb1436.de\/de\/neuausrichtung-der-sfb-graduiertenschule\/#breadcrumb"},"inLanguage":"de","potentialAction":[{"@type":"ReadAction","target":["https:\/\/sfb1436.de\/de\/neuausrichtung-der-sfb-graduiertenschule\/"]}]},{"@type":"ImageObject","inLanguage":"de","@id":"https:\/\/sfb1436.de\/de\/neuausrichtung-der-sfb-graduiertenschule\/#primaryimage","url":"https:\/\/sfb1436.de\/wp-content\/uploads\/2024\/10\/Screenshot-2024-10-07-at-13.40.46.webp","contentUrl":"https:\/\/sfb1436.de\/wp-content\/uploads\/2024\/10\/Screenshot-2024-10-07-at-13.40.46.webp","width":866,"height":240,"caption":"News IRTG"},{"@type":"BreadcrumbList","@id":"https:\/\/sfb1436.de\/de\/neuausrichtung-der-sfb-graduiertenschule\/#breadcrumb","itemListElement":[{"@type":"ListItem","position":1,"name":"Startseite","item":"https:\/\/sfb1436.de\/de\/"},{"@type":"ListItem","position":2,"name":"Neuausrichtung der SFB Graduiertenschule"}]},{"@type":"WebSite","@id":"https:\/\/sfb1436.de\/de\/#website","url":"https:\/\/sfb1436.de\/de\/","name":"SFB1436","description":"","publisher":{"@id":"https:\/\/sfb1436.de\/de\/#organization"},"potentialAction":[{"@type":"SearchAction","target":{"@type":"EntryPoint","urlTemplate":"https:\/\/sfb1436.de\/de\/?s={search_term_string}"},"query-input":{"@type":"PropertyValueSpecification","valueRequired":true,"valueName":"search_term_string"}}],"inLanguage":"de"},{"@type":"Organization","@id":"https:\/\/sfb1436.de\/de\/#organization","name":"Otto-von-Guericke Universit\u00e4t Medizinische Fakult\u00e4t Institut f\u00fcr Kognitive Neurologie und Demenzforschung","url":"https:\/\/sfb1436.de\/de\/","logo":{"@type":"ImageObject","inLanguage":"de","@id":"https:\/\/sfb1436.de\/de\/#\/schema\/logo\/image\/","url":"https:\/\/sfb1436.de\/wp-content\/uploads\/2021\/12\/logo-sfb.png","contentUrl":"https:\/\/sfb1436.de\/wp-content\/uploads\/2021\/12\/logo-sfb.png","width":1244,"height":820,"caption":"Otto-von-Guericke Universit\u00e4t Medizinische Fakult\u00e4t Institut f\u00fcr Kognitive Neurologie und Demenzforschung"},"image":{"@id":"https:\/\/sfb1436.de\/de\/#\/schema\/logo\/image\/"}},{"@type":"Person","@id":"https:\/\/sfb1436.de\/de\/#\/schema\/person\/c0ef0d254080f73ef2aa76e57caa6d12","name":"redakteur"}]}},"uagb_featured_image_src":{"full":["https:\/\/sfb1436.de\/wp-content\/uploads\/2024\/10\/Screenshot-2024-10-07-at-13.40.46.webp",866,240,false],"thumbnail":["https:\/\/sfb1436.de\/wp-content\/uploads\/2024\/10\/Screenshot-2024-10-07-at-13.40.46-150x150.webp",150,150,true],"medium":["https:\/\/sfb1436.de\/wp-content\/uploads\/2024\/10\/Screenshot-2024-10-07-at-13.40.46-300x83.webp",300,83,true],"medium_large":["https:\/\/sfb1436.de\/wp-content\/uploads\/2024\/10\/Screenshot-2024-10-07-at-13.40.46-768x213.webp",768,213,true],"large":["https:\/\/sfb1436.de\/wp-content\/uploads\/2024\/10\/Screenshot-2024-10-07-at-13.40.46.webp",866,240,false],"gs-tiny":["https:\/\/sfb1436.de\/wp-content\/uploads\/2024\/10\/Screenshot-2024-10-07-at-13.40.46-50x14.webp",50,14,true],"xl":["https:\/\/sfb1436.de\/wp-content\/uploads\/2024\/10\/Screenshot-2024-10-07-at-13.40.46.webp",866,240,false],"xxl":["https:\/\/sfb1436.de\/wp-content\/uploads\/2024\/10\/Screenshot-2024-10-07-at-13.40.46.webp",866,240,false],"xxxl":["https:\/\/sfb1436.de\/wp-content\/uploads\/2024\/10\/Screenshot-2024-10-07-at-13.40.46.webp",866,240,false],"xxxxl":["https:\/\/sfb1436.de\/wp-content\/uploads\/2024\/10\/Screenshot-2024-10-07-at-13.40.46.webp",866,240,false],"xxxxxl":["https:\/\/sfb1436.de\/wp-content\/uploads\/2024\/10\/Screenshot-2024-10-07-at-13.40.46.webp",866,240,false],"1536x1536":["https:\/\/sfb1436.de\/wp-content\/uploads\/2024\/10\/Screenshot-2024-10-07-at-13.40.46.webp",866,240,false],"2048x2048":["https:\/\/sfb1436.de\/wp-content\/uploads\/2024\/10\/Screenshot-2024-10-07-at-13.40.46.webp",866,240,false],"awsm_team":["https:\/\/sfb1436.de\/wp-content\/uploads\/2024\/10\/Screenshot-2024-10-07-at-13.40.46-800x240.webp",800,240,true]},"uagb_author_info":{"display_name":"redakteur","author_link":"https:\/\/sfb1436.de\/de\/author\/redakteur\/"},"uagb_comment_info":0,"uagb_excerpt":"Mit Beginn der neuen F\u00f6rderperiode befindet sich die SFB 1436 Graduiertenschule in einer spannenden Umstrukturierung. Unter der Leitung von Oliver Stork und Toemme Noesselt sowie den Koordinatorinnen Esra Boz und Elisa Lancini hat sich in den letzten vier Jahren ein au\u00dfergew\u00f6hnliches studentisches Netzwerk etabliert. Ein breites Spektrum an Veranstaltungen, Workshops und Vortr\u00e4gen wurde erfolgreich organisiert,&hellip;","_links":{"self":[{"href":"https:\/\/sfb1436.de\/de\/wp-json\/wp\/v2\/posts\/24321","targetHints":{"allow":["GET"]}}],"collection":[{"href":"https:\/\/sfb1436.de\/de\/wp-json\/wp\/v2\/posts"}],"about":[{"href":"https:\/\/sfb1436.de\/de\/wp-json\/wp\/v2\/types\/post"}],"author":[{"embeddable":true,"href":"https:\/\/sfb1436.de\/de\/wp-json\/wp\/v2\/users\/4"}],"replies":[{"embeddable":true,"href":"https:\/\/sfb1436.de\/de\/wp-json\/wp\/v2\/comments?post=24321"}],"version-history":[{"count":1,"href":"https:\/\/sfb1436.de\/de\/wp-json\/wp\/v2\/posts\/24321\/revisions"}],"predecessor-version":[{"id":24322,"href":"https:\/\/sfb1436.de\/de\/wp-json\/wp\/v2\/posts\/24321\/revisions\/24322"}],"wp:featuredmedia":[{"embeddable":true,"href":"https:\/\/sfb1436.de\/de\/wp-json\/wp\/v2\/media\/23254"}],"wp:attachment":[{"href":"https:\/\/sfb1436.de\/de\/wp-json\/wp\/v2\/media?parent=24321"}],"wp:term":[{"taxonomy":"category","embeddable":true,"href":"https:\/\/sfb1436.de\/de\/wp-json\/wp\/v2\/categories?post=24321"},{"taxonomy":"post_tag","embeddable":true,"href":"https:\/\/sfb1436.de\/de\/wp-json\/wp\/v2\/tags?post=24321"}],"curies":[{"name":"wp","href":"https:\/\/api.w.org\/{rel}","templated":true}]}}