{"id":24254,"date":"2024-12-23T08:38:08","date_gmt":"2024-12-23T07:38:08","guid":{"rendered":"https:\/\/sfb1436.de\/?p=24254"},"modified":"2024-12-23T08:38:09","modified_gmt":"2024-12-23T07:38:09","slug":"wichtige-information","status":"publish","type":"post","link":"https:\/\/sfb1436.de\/de\/wichtige-information\/","title":{"rendered":"Wichtige Information"},"content":{"rendered":"\n<p class=\"wp-block-paragraph\">Wir sind zutiefst ersch\u00fcttert \u00fcber das, was sich auf dem Magdeburger Weihnachtsmarkt ereignet hat und unsere Gedanken sind bei den Betroffenen und ihren Angeh\u00f6rigen. Die Universit\u00e4tsmedizin Magdeburg unterst\u00fctzt in diese Lage mit allen verf\u00fcgbaren Mitteln und steht in engem Austausch mit den zust\u00e4ndigen Beh\u00f6rden und medizinischen Einsatzkr\u00e4ften.<strong><\/strong><\/p>\n\n\n\n<h3 class=\"wp-block-heading\">Kontakt f\u00fcr Angeh\u00f6rige<\/h3>\n\n\n\n<p class=\"wp-block-paragraph\">Ben\u00f6tigen Sie Informationen zu Verletzten, wenden Sie sich bitte an unsere Telefonzentrale, unter&nbsp;<strong>0391-6701<\/strong>.<\/p>\n\n\n\n<h3 class=\"wp-block-heading\">Psychosoziale Notfallhilfe der Universit\u00e4tsmedizin Magdeburg<\/h3>\n\n\n\n<p class=\"wp-block-paragraph\">F\u00fcr Angeh\u00f6rige und Betroffene haben wir in&nbsp;<strong>Haus 8, Ebene 4<\/strong>&nbsp;eine&nbsp;<strong>psychologische Betreuung<\/strong>&nbsp;eingerichtet. Die&nbsp;<strong>psychosoziale Notfallhilfe der&nbsp;<\/strong><strong>Universit\u00e4tsmedizin Magdeburg&nbsp;<\/strong>ist aktuell zwischen 8h und 21h \u00fcber die&nbsp;<strong>0391 &#8211; 67 25380&nbsp;<\/strong>erreichbar. Zwischen 21h und 8h erfolgt die Vermittlung an die Psychosoziale Notfallversorgung \u00fcber unsere Zentrale Notaufnahme des Universit\u00e4tsklinikums.<\/p>\n\n\n\n<h3 class=\"wp-block-heading\">Hilfsangebote<\/h3>\n\n\n\n<p class=\"wp-block-paragraph\">Wir danken f\u00fcr die zahlreichen Anfragen zu Unterst\u00fctzungsm\u00f6glichkeiten. Sollten wir Hilfe ben\u00f6tigen, informieren wir dar\u00fcber offiziell auf unserer Website und \u00fcber unsere Social-Media-Kan\u00e4le. Bitte sehen Sie davon ab, pers\u00f6nlich vorbeizukommen, um die Arbeit der Einsatzkr\u00e4fte nicht zu behindern. Vielen Dank f\u00fcr Ihr Verst\u00e4ndnis und Ihre Hilfsbereitschaft!<\/p>\n\n\n\n<p class=\"wp-block-paragraph\">++++++++++<\/p>\n\n\n\n<p class=\"wp-block-paragraph\">Aktuelle Informationen finden Sie weiterhin auf unserer Website und \u00fcber unsere Social-Media-Kan\u00e4le.<\/p>\n\n\n\n<p class=\"wp-block-paragraph\">Ihr Team der Universit\u00e4tsmedizin Magdeburg<\/p>\n","protected":false},"excerpt":{"rendered":"<p>Wir sind zutiefst ersch\u00fcttert \u00fcber das, was sich auf dem Magdeburger Weihnachtsmarkt ereignet hat und unsere Gedanken sind bei den Betroffenen und ihren Angeh\u00f6rigen. Die Universit\u00e4tsmedizin Magdeburg unterst\u00fctzt in diese Lage mit allen verf\u00fcgbaren Mitteln und steht in engem Austausch mit den zust\u00e4ndigen Beh\u00f6rden und medizinischen Einsatzkr\u00e4ften. Kontakt f\u00fcr Angeh\u00f6rige Ben\u00f6tigen Sie Informationen zu Verletzten, [&hellip;]<\/p>\n","protected":false},"author":4,"featured_media":0,"comment_status":"closed","ping_status":"closed","sticky":false,"template":"","format":"standard","meta":{"_crdt_document":"","_uag_custom_page_level_css":"","footnotes":""},"categories":[288,281,219,220],"tags":[331],"class_list":["post-24254","post","type-post","status-publish","format-standard","hentry","category-all-news-and-events-de","category-alle-news-und-events","category-events-de","category-news-de","tag-magdeburg"],"yoast_head":"<!-- This site is optimized with the Yoast SEO plugin v27.1.1 - https:\/\/yoast.com\/product\/yoast-seo-wordpress\/ -->\n<title>Wichtige Information<\/title>\n<meta name=\"description\" content=\"Wir sind zutiefst ersch\u00fcttert \u00fcber das, was sich auf dem Magdeburger Weihnachtsmarkt ereignet hat und unsere Gedanken sind bei den Betroffenen und ihren Angeh\u00f6rigen.\" \/>\n<meta name=\"robots\" content=\"index, follow, max-snippet:-1, max-image-preview:large, max-video-preview:-1\" \/>\n<link rel=\"canonical\" href=\"https:\/\/sfb1436.de\/de\/wichtige-information\/\" \/>\n<meta property=\"og:locale\" content=\"de_DE\" \/>\n<meta property=\"og:type\" content=\"article\" \/>\n<meta property=\"og:title\" content=\"Wichtige Information\" \/>\n<meta property=\"og:description\" content=\"Wir sind zutiefst ersch\u00fcttert \u00fcber das, was sich auf dem Magdeburger Weihnachtsmarkt ereignet hat und unsere Gedanken sind bei den Betroffenen und ihren Angeh\u00f6rigen.\" \/>\n<meta property=\"og:url\" content=\"https:\/\/sfb1436.de\/de\/wichtige-information\/\" \/>\n<meta property=\"og:site_name\" content=\"SFB1436\" \/>\n<meta property=\"article:published_time\" content=\"2024-12-23T07:38:08+00:00\" \/>\n<meta property=\"article:modified_time\" content=\"2024-12-23T07:38:09+00:00\" \/>\n<meta name=\"author\" content=\"redakteur\" \/>\n<meta name=\"twitter:card\" content=\"summary_large_image\" \/>\n<meta name=\"twitter:label1\" content=\"Verfasst von\" \/>\n\t<meta name=\"twitter:data1\" content=\"redakteur\" \/>\n\t<meta name=\"twitter:label2\" content=\"Gesch\u00e4tzte Lesezeit\" \/>\n\t<meta name=\"twitter:data2\" content=\"2\u00a0Minuten\" \/>\n<script type=\"application\/ld+json\" class=\"yoast-schema-graph\">{\"@context\":\"https:\/\/schema.org\",\"@graph\":[{\"@type\":\"ScholarlyArticle\",\"@id\":\"https:\/\/sfb1436.de\/de\/wichtige-information\/#article\",\"isPartOf\":{\"@id\":\"https:\/\/sfb1436.de\/de\/wichtige-information\/\"},\"author\":{\"name\":\"redakteur\",\"@id\":\"https:\/\/sfb1436.de\/de\/#\/schema\/person\/c0ef0d254080f73ef2aa76e57caa6d12\"},\"headline\":\"Wichtige Information\",\"datePublished\":\"2024-12-23T07:38:08+00:00\",\"dateModified\":\"2024-12-23T07:38:09+00:00\",\"mainEntityOfPage\":{\"@id\":\"https:\/\/sfb1436.de\/de\/wichtige-information\/\"},\"wordCount\":219,\"publisher\":{\"@id\":\"https:\/\/sfb1436.de\/de\/#organization\"},\"keywords\":[\"Magdeburg\"],\"articleSection\":[\"All News and Events\",\"Alle News und Events\",\"Events\",\"News\"],\"inLanguage\":\"de\"},{\"@type\":\"WebPage\",\"@id\":\"https:\/\/sfb1436.de\/de\/wichtige-information\/\",\"url\":\"https:\/\/sfb1436.de\/de\/wichtige-information\/\",\"name\":\"Wichtige Information\",\"isPartOf\":{\"@id\":\"https:\/\/sfb1436.de\/de\/#website\"},\"datePublished\":\"2024-12-23T07:38:08+00:00\",\"dateModified\":\"2024-12-23T07:38:09+00:00\",\"description\":\"Wir sind zutiefst ersch\u00fcttert \u00fcber das, was sich auf dem Magdeburger Weihnachtsmarkt ereignet hat und unsere Gedanken sind bei den Betroffenen und ihren Angeh\u00f6rigen.\",\"breadcrumb\":{\"@id\":\"https:\/\/sfb1436.de\/de\/wichtige-information\/#breadcrumb\"},\"inLanguage\":\"de\",\"potentialAction\":[{\"@type\":\"ReadAction\",\"target\":[\"https:\/\/sfb1436.de\/de\/wichtige-information\/\"]}]},{\"@type\":\"BreadcrumbList\",\"@id\":\"https:\/\/sfb1436.de\/de\/wichtige-information\/#breadcrumb\",\"itemListElement\":[{\"@type\":\"ListItem\",\"position\":1,\"name\":\"Startseite\",\"item\":\"https:\/\/sfb1436.de\/de\/\"},{\"@type\":\"ListItem\",\"position\":2,\"name\":\"Wichtige Information\"}]},{\"@type\":\"WebSite\",\"@id\":\"https:\/\/sfb1436.de\/de\/#website\",\"url\":\"https:\/\/sfb1436.de\/de\/\",\"name\":\"SFB1436\",\"description\":\"\",\"publisher\":{\"@id\":\"https:\/\/sfb1436.de\/de\/#organization\"},\"potentialAction\":[{\"@type\":\"SearchAction\",\"target\":{\"@type\":\"EntryPoint\",\"urlTemplate\":\"https:\/\/sfb1436.de\/de\/?s={search_term_string}\"},\"query-input\":{\"@type\":\"PropertyValueSpecification\",\"valueRequired\":true,\"valueName\":\"search_term_string\"}}],\"inLanguage\":\"de\"},{\"@type\":\"Organization\",\"@id\":\"https:\/\/sfb1436.de\/de\/#organization\",\"name\":\"Otto-von-Guericke Universit\u00e4t Medizinische Fakult\u00e4t Institut f\u00fcr Kognitive Neurologie und Demenzforschung\",\"url\":\"https:\/\/sfb1436.de\/de\/\",\"logo\":{\"@type\":\"ImageObject\",\"inLanguage\":\"de\",\"@id\":\"https:\/\/sfb1436.de\/de\/#\/schema\/logo\/image\/\",\"url\":\"https:\/\/sfb1436.de\/wp-content\/uploads\/2021\/12\/logo-sfb.png\",\"contentUrl\":\"https:\/\/sfb1436.de\/wp-content\/uploads\/2021\/12\/logo-sfb.png\",\"width\":1244,\"height\":820,\"caption\":\"Otto-von-Guericke Universit\u00e4t Medizinische Fakult\u00e4t Institut f\u00fcr Kognitive Neurologie und Demenzforschung\"},\"image\":{\"@id\":\"https:\/\/sfb1436.de\/de\/#\/schema\/logo\/image\/\"}},{\"@type\":\"Person\",\"@id\":\"https:\/\/sfb1436.de\/de\/#\/schema\/person\/c0ef0d254080f73ef2aa76e57caa6d12\",\"name\":\"redakteur\"}]}<\/script>\n<!-- \/ Yoast SEO plugin. -->","yoast_head_json":{"title":"Wichtige Information","description":"Wir sind zutiefst ersch\u00fcttert \u00fcber das, was sich auf dem Magdeburger Weihnachtsmarkt ereignet hat und unsere Gedanken sind bei den Betroffenen und ihren Angeh\u00f6rigen.","robots":{"index":"index","follow":"follow","max-snippet":"max-snippet:-1","max-image-preview":"max-image-preview:large","max-video-preview":"max-video-preview:-1"},"canonical":"https:\/\/sfb1436.de\/de\/wichtige-information\/","og_locale":"de_DE","og_type":"article","og_title":"Wichtige Information","og_description":"Wir sind zutiefst ersch\u00fcttert \u00fcber das, was sich auf dem Magdeburger Weihnachtsmarkt ereignet hat und unsere Gedanken sind bei den Betroffenen und ihren Angeh\u00f6rigen.","og_url":"https:\/\/sfb1436.de\/de\/wichtige-information\/","og_site_name":"SFB1436","article_published_time":"2024-12-23T07:38:08+00:00","article_modified_time":"2024-12-23T07:38:09+00:00","author":"redakteur","twitter_card":"summary_large_image","twitter_misc":{"Verfasst von":"redakteur","Gesch\u00e4tzte Lesezeit":"2\u00a0Minuten"},"schema":{"@context":"https:\/\/schema.org","@graph":[{"@type":"ScholarlyArticle","@id":"https:\/\/sfb1436.de\/de\/wichtige-information\/#article","isPartOf":{"@id":"https:\/\/sfb1436.de\/de\/wichtige-information\/"},"author":{"name":"redakteur","@id":"https:\/\/sfb1436.de\/de\/#\/schema\/person\/c0ef0d254080f73ef2aa76e57caa6d12"},"headline":"Wichtige Information","datePublished":"2024-12-23T07:38:08+00:00","dateModified":"2024-12-23T07:38:09+00:00","mainEntityOfPage":{"@id":"https:\/\/sfb1436.de\/de\/wichtige-information\/"},"wordCount":219,"publisher":{"@id":"https:\/\/sfb1436.de\/de\/#organization"},"keywords":["Magdeburg"],"articleSection":["All News and Events","Alle News und Events","Events","News"],"inLanguage":"de"},{"@type":"WebPage","@id":"https:\/\/sfb1436.de\/de\/wichtige-information\/","url":"https:\/\/sfb1436.de\/de\/wichtige-information\/","name":"Wichtige Information","isPartOf":{"@id":"https:\/\/sfb1436.de\/de\/#website"},"datePublished":"2024-12-23T07:38:08+00:00","dateModified":"2024-12-23T07:38:09+00:00","description":"Wir sind zutiefst ersch\u00fcttert \u00fcber das, was sich auf dem Magdeburger Weihnachtsmarkt ereignet hat und unsere Gedanken sind bei den Betroffenen und ihren Angeh\u00f6rigen.","breadcrumb":{"@id":"https:\/\/sfb1436.de\/de\/wichtige-information\/#breadcrumb"},"inLanguage":"de","potentialAction":[{"@type":"ReadAction","target":["https:\/\/sfb1436.de\/de\/wichtige-information\/"]}]},{"@type":"BreadcrumbList","@id":"https:\/\/sfb1436.de\/de\/wichtige-information\/#breadcrumb","itemListElement":[{"@type":"ListItem","position":1,"name":"Startseite","item":"https:\/\/sfb1436.de\/de\/"},{"@type":"ListItem","position":2,"name":"Wichtige Information"}]},{"@type":"WebSite","@id":"https:\/\/sfb1436.de\/de\/#website","url":"https:\/\/sfb1436.de\/de\/","name":"SFB1436","description":"","publisher":{"@id":"https:\/\/sfb1436.de\/de\/#organization"},"potentialAction":[{"@type":"SearchAction","target":{"@type":"EntryPoint","urlTemplate":"https:\/\/sfb1436.de\/de\/?s={search_term_string}"},"query-input":{"@type":"PropertyValueSpecification","valueRequired":true,"valueName":"search_term_string"}}],"inLanguage":"de"},{"@type":"Organization","@id":"https:\/\/sfb1436.de\/de\/#organization","name":"Otto-von-Guericke Universit\u00e4t Medizinische Fakult\u00e4t Institut f\u00fcr Kognitive Neurologie und Demenzforschung","url":"https:\/\/sfb1436.de\/de\/","logo":{"@type":"ImageObject","inLanguage":"de","@id":"https:\/\/sfb1436.de\/de\/#\/schema\/logo\/image\/","url":"https:\/\/sfb1436.de\/wp-content\/uploads\/2021\/12\/logo-sfb.png","contentUrl":"https:\/\/sfb1436.de\/wp-content\/uploads\/2021\/12\/logo-sfb.png","width":1244,"height":820,"caption":"Otto-von-Guericke Universit\u00e4t Medizinische Fakult\u00e4t Institut f\u00fcr Kognitive Neurologie und Demenzforschung"},"image":{"@id":"https:\/\/sfb1436.de\/de\/#\/schema\/logo\/image\/"}},{"@type":"Person","@id":"https:\/\/sfb1436.de\/de\/#\/schema\/person\/c0ef0d254080f73ef2aa76e57caa6d12","name":"redakteur"}]}},"uagb_featured_image_src":{"full":false,"thumbnail":false,"medium":false,"medium_large":false,"large":false,"gs-tiny":false,"xl":false,"xxl":false,"xxxl":false,"xxxxl":false,"xxxxxl":false,"1536x1536":false,"2048x2048":false,"awsm_team":false},"uagb_author_info":{"display_name":"redakteur","author_link":"https:\/\/sfb1436.de\/de\/author\/redakteur\/"},"uagb_comment_info":0,"uagb_excerpt":"Wir sind zutiefst ersch\u00fcttert \u00fcber das, was sich auf dem Magdeburger Weihnachtsmarkt ereignet hat und unsere Gedanken sind bei den Betroffenen und ihren Angeh\u00f6rigen. Die Universit\u00e4tsmedizin Magdeburg unterst\u00fctzt in diese Lage mit allen verf\u00fcgbaren Mitteln und steht in engem Austausch mit den zust\u00e4ndigen Beh\u00f6rden und medizinischen Einsatzkr\u00e4ften. Kontakt f\u00fcr Angeh\u00f6rige Ben\u00f6tigen Sie Informationen zu Verletzten,&hellip;","_links":{"self":[{"href":"https:\/\/sfb1436.de\/de\/wp-json\/wp\/v2\/posts\/24254","targetHints":{"allow":["GET"]}}],"collection":[{"href":"https:\/\/sfb1436.de\/de\/wp-json\/wp\/v2\/posts"}],"about":[{"href":"https:\/\/sfb1436.de\/de\/wp-json\/wp\/v2\/types\/post"}],"author":[{"embeddable":true,"href":"https:\/\/sfb1436.de\/de\/wp-json\/wp\/v2\/users\/4"}],"replies":[{"embeddable":true,"href":"https:\/\/sfb1436.de\/de\/wp-json\/wp\/v2\/comments?post=24254"}],"version-history":[{"count":1,"href":"https:\/\/sfb1436.de\/de\/wp-json\/wp\/v2\/posts\/24254\/revisions"}],"predecessor-version":[{"id":24255,"href":"https:\/\/sfb1436.de\/de\/wp-json\/wp\/v2\/posts\/24254\/revisions\/24255"}],"wp:attachment":[{"href":"https:\/\/sfb1436.de\/de\/wp-json\/wp\/v2\/media?parent=24254"}],"wp:term":[{"taxonomy":"category","embeddable":true,"href":"https:\/\/sfb1436.de\/de\/wp-json\/wp\/v2\/categories?post=24254"},{"taxonomy":"post_tag","embeddable":true,"href":"https:\/\/sfb1436.de\/de\/wp-json\/wp\/v2\/tags?post=24254"}],"curies":[{"name":"wp","href":"https:\/\/api.w.org\/{rel}","templated":true}]}}