{"id":23534,"date":"2024-12-02T15:30:00","date_gmt":"2024-12-02T14:30:00","guid":{"rendered":"https:\/\/sfb1436.de\/?p=23534"},"modified":"2024-10-30T08:10:01","modified_gmt":"2024-10-30T07:10:01","slug":"jetzt-vormerken-konferenz-learning-memory","status":"publish","type":"post","link":"https:\/\/sfb1436.de\/de\/jetzt-vormerken-konferenz-learning-memory\/","title":{"rendered":"Jetzt schon vormerken: LIN-Leuchtturm Konferenz \u201eLearning &amp; Memory\u201c"},"content":{"rendered":"\n<p class=\"wp-block-paragraph\">Vom 28. September bis 2. Oktober 2025 laden wir zu unserer renommierte Konferenz&nbsp;<strong>Learning &amp; Memory<\/strong>&nbsp;ein. Nach einer pandemiebedingten Pause feiern wir die R\u00fcckkehr dieses internationalen Treffens, das bereits seit 1967 etwa alle f\u00fcnf Jahre in Magdeburg stattfindet.<\/p>\n\n\n\n<p class=\"wp-block-paragraph\">Die Konferenz beginnt am 28. September 2025 mit einem speziell auf Nachwuchswissenschaftler:innen ausgerichteten Workshop und \u00f6ffnet sich am Abend zu einer \u00f6ffentlichen Veranstaltung unter dem Motto \u201eNeurowissenschaft trifft prominente Pers\u00f6nlichkeiten\u201c.<\/p>\n\n\n\n<p class=\"wp-block-paragraph\">In den darauffolgenden vier Tagen erwarten die Teilnehmer:innen zehn Symposien und vier Highlight-Vortr\u00e4ge von f\u00fchrenden Wissenschaftler:innen aus aller Welt.<\/p>\n\n\n\n<p class=\"wp-block-paragraph\">Au\u00dferdem erwarten wir, dass uns Nachwuchswissenschaftler:innen in Postersessions und Vortr\u00e4gen mit neuen, bahnbrechenden Ansichten \u00fcberraschen. Die Konferenz wird eine Plattform bieten, um innovative Ideen aus verschiedenen Perspektiven zu diskutieren und alle neurowissenschaftlichen Ebenen, vom Molek\u00fcl bis zum Menschen, abzudecken.<\/p>\n\n\n\n<p class=\"wp-block-paragraph\">In bew\u00e4hrter Tradition werden wir eine entspannte Atmosph\u00e4re gestalten, in der Wissenschaftler:innen aller Fachrichtungen und Karrierestufen wertvolle Netzwerke kn\u00fcpfen und sich austauschen k\u00f6nnen. Ziel ist es, unsere Teilnehmer:innen mit Themen und Erkenntnissen zu inspirieren, die ihre Arbeit in Zukunft vorantreiben.<\/p>\n\n\n\n<p class=\"wp-block-paragraph\">Details zum Programm und Informationen zur Anmeldung werden zu einem sp\u00e4teren Zeitpunkt bekannt gegeben.<\/p>\n\n\n\n<p class=\"wp-block-paragraph\">Copyright: <a href=\"https:\/\/www.lin-magdeburg.de\/institut\/oeffentlichkeitsarbeit\/news\/beitrag\/lin-leuchtturm-konferenz-learning-memory\">Presse LIN<\/a><\/p>\n","protected":false},"excerpt":{"rendered":"<p>Vom 28. September bis 2. Oktober 2025 laden wir zu unserer renommierte Konferenz&nbsp;Learning &amp; Memory&nbsp;ein. Nach einer pandemiebedingten Pause feiern wir die R\u00fcckkehr dieses internationalen Treffens, das bereits seit 1967 etwa alle f\u00fcnf Jahre in Magdeburg stattfindet. Die Konferenz beginnt am 28. September 2025 mit einem speziell auf Nachwuchswissenschaftler:innen ausgerichteten Workshop und \u00f6ffnet sich am [&hellip;]<\/p>\n","protected":false},"author":4,"featured_media":0,"comment_status":"closed","ping_status":"closed","sticky":false,"template":"","format":"standard","meta":{"_crdt_document":"","_uag_custom_page_level_css":"","footnotes":""},"categories":[288,281,219,220],"tags":[719,1227,1228,331,372,330,478],"class_list":["post-23534","post","type-post","status-publish","format-standard","hentry","category-all-news-and-events-de","category-alle-news-und-events","category-events-de","category-news-de","tag-konferenz","tag-learning-memory","tag-lin-magdeburg","tag-magdeburg","tag-neurowissenschaften","tag-sfb-1436","tag-vortrag"],"yoast_head":"<!-- This site is optimized with the Yoast SEO plugin v27.1.1 - https:\/\/yoast.com\/product\/yoast-seo-wordpress\/ -->\n<title>Jetzt vormerken Konferenz \u201eLearning &amp; Memory\u201c<\/title>\n<meta name=\"description\" content=\"Vom 28. September bis 2. Oktober 2025 l\u00e4dt das LIN Magdeburg zu unserer renommierte Konferenz\u00a0Learning &amp; Memory\u00a0ein.\" \/>\n<meta name=\"robots\" content=\"index, follow, max-snippet:-1, max-image-preview:large, max-video-preview:-1\" \/>\n<link rel=\"canonical\" href=\"https:\/\/sfb1436.de\/de\/jetzt-vormerken-konferenz-learning-memory\/\" \/>\n<meta property=\"og:locale\" content=\"de_DE\" \/>\n<meta property=\"og:type\" content=\"article\" \/>\n<meta property=\"og:title\" content=\"Jetzt vormerken Konferenz \u201eLearning &amp; Memory\u201c\" \/>\n<meta property=\"og:description\" content=\"Vom 28. September bis 2. Oktober 2025 l\u00e4dt das LIN Magdeburg zu unserer renommierte Konferenz\u00a0Learning &amp; Memory\u00a0ein.\" \/>\n<meta property=\"og:url\" content=\"https:\/\/sfb1436.de\/de\/jetzt-vormerken-konferenz-learning-memory\/\" \/>\n<meta property=\"og:site_name\" content=\"SFB1436\" \/>\n<meta property=\"article:published_time\" content=\"2024-12-02T14:30:00+00:00\" \/>\n<meta name=\"author\" content=\"redakteur\" \/>\n<meta name=\"twitter:card\" content=\"summary_large_image\" \/>\n<meta name=\"twitter:label1\" content=\"Verfasst von\" \/>\n\t<meta name=\"twitter:data1\" content=\"redakteur\" \/>\n\t<meta name=\"twitter:label2\" content=\"Gesch\u00e4tzte Lesezeit\" \/>\n\t<meta name=\"twitter:data2\" content=\"2\u00a0Minuten\" \/>\n<script type=\"application\/ld+json\" class=\"yoast-schema-graph\">{\"@context\":\"https:\/\/schema.org\",\"@graph\":[{\"@type\":\"ScholarlyArticle\",\"@id\":\"https:\/\/sfb1436.de\/de\/jetzt-vormerken-konferenz-learning-memory\/#article\",\"isPartOf\":{\"@id\":\"https:\/\/sfb1436.de\/de\/jetzt-vormerken-konferenz-learning-memory\/\"},\"author\":{\"name\":\"redakteur\",\"@id\":\"https:\/\/sfb1436.de\/de\/#\/schema\/person\/c0ef0d254080f73ef2aa76e57caa6d12\"},\"headline\":\"Jetzt schon vormerken: LIN-Leuchtturm Konferenz \u201eLearning &amp; Memory\u201c\",\"datePublished\":\"2024-12-02T14:30:00+00:00\",\"mainEntityOfPage\":{\"@id\":\"https:\/\/sfb1436.de\/de\/jetzt-vormerken-konferenz-learning-memory\/\"},\"wordCount\":207,\"publisher\":{\"@id\":\"https:\/\/sfb1436.de\/de\/#organization\"},\"keywords\":[\"Konferenz\",\"Learning &amp; Memory\",\"LIN Magdeburg\",\"Magdeburg\",\"Neurowissenschaften\",\"SFB 1436\",\"Vortrag\"],\"articleSection\":[\"All News and Events\",\"Alle News und Events\",\"Events\",\"News\"],\"inLanguage\":\"de\"},{\"@type\":\"WebPage\",\"@id\":\"https:\/\/sfb1436.de\/de\/jetzt-vormerken-konferenz-learning-memory\/\",\"url\":\"https:\/\/sfb1436.de\/de\/jetzt-vormerken-konferenz-learning-memory\/\",\"name\":\"Jetzt vormerken Konferenz \u201eLearning & Memory\u201c\",\"isPartOf\":{\"@id\":\"https:\/\/sfb1436.de\/de\/#website\"},\"datePublished\":\"2024-12-02T14:30:00+00:00\",\"description\":\"Vom 28. September bis 2. Oktober 2025 l\u00e4dt das LIN Magdeburg zu unserer renommierte Konferenz\u00a0Learning & Memory\u00a0ein.\",\"breadcrumb\":{\"@id\":\"https:\/\/sfb1436.de\/de\/jetzt-vormerken-konferenz-learning-memory\/#breadcrumb\"},\"inLanguage\":\"de\",\"potentialAction\":[{\"@type\":\"ReadAction\",\"target\":[\"https:\/\/sfb1436.de\/de\/jetzt-vormerken-konferenz-learning-memory\/\"]}]},{\"@type\":\"BreadcrumbList\",\"@id\":\"https:\/\/sfb1436.de\/de\/jetzt-vormerken-konferenz-learning-memory\/#breadcrumb\",\"itemListElement\":[{\"@type\":\"ListItem\",\"position\":1,\"name\":\"Startseite\",\"item\":\"https:\/\/sfb1436.de\/de\/\"},{\"@type\":\"ListItem\",\"position\":2,\"name\":\"Jetzt schon vormerken: LIN-Leuchtturm Konferenz \u201eLearning &amp; Memory\u201c\"}]},{\"@type\":\"WebSite\",\"@id\":\"https:\/\/sfb1436.de\/de\/#website\",\"url\":\"https:\/\/sfb1436.de\/de\/\",\"name\":\"SFB1436\",\"description\":\"\",\"publisher\":{\"@id\":\"https:\/\/sfb1436.de\/de\/#organization\"},\"potentialAction\":[{\"@type\":\"SearchAction\",\"target\":{\"@type\":\"EntryPoint\",\"urlTemplate\":\"https:\/\/sfb1436.de\/de\/?s={search_term_string}\"},\"query-input\":{\"@type\":\"PropertyValueSpecification\",\"valueRequired\":true,\"valueName\":\"search_term_string\"}}],\"inLanguage\":\"de\"},{\"@type\":\"Organization\",\"@id\":\"https:\/\/sfb1436.de\/de\/#organization\",\"name\":\"Otto-von-Guericke Universit\u00e4t Medizinische Fakult\u00e4t Institut f\u00fcr Kognitive Neurologie und Demenzforschung\",\"url\":\"https:\/\/sfb1436.de\/de\/\",\"logo\":{\"@type\":\"ImageObject\",\"inLanguage\":\"de\",\"@id\":\"https:\/\/sfb1436.de\/de\/#\/schema\/logo\/image\/\",\"url\":\"https:\/\/sfb1436.de\/wp-content\/uploads\/2021\/12\/logo-sfb.png\",\"contentUrl\":\"https:\/\/sfb1436.de\/wp-content\/uploads\/2021\/12\/logo-sfb.png\",\"width\":1244,\"height\":820,\"caption\":\"Otto-von-Guericke Universit\u00e4t Medizinische Fakult\u00e4t Institut f\u00fcr Kognitive Neurologie und Demenzforschung\"},\"image\":{\"@id\":\"https:\/\/sfb1436.de\/de\/#\/schema\/logo\/image\/\"}},{\"@type\":\"Person\",\"@id\":\"https:\/\/sfb1436.de\/de\/#\/schema\/person\/c0ef0d254080f73ef2aa76e57caa6d12\",\"name\":\"redakteur\"}]}<\/script>\n<!-- \/ Yoast SEO plugin. -->","yoast_head_json":{"title":"Jetzt vormerken Konferenz \u201eLearning & Memory\u201c","description":"Vom 28. September bis 2. Oktober 2025 l\u00e4dt das LIN Magdeburg zu unserer renommierte Konferenz\u00a0Learning & Memory\u00a0ein.","robots":{"index":"index","follow":"follow","max-snippet":"max-snippet:-1","max-image-preview":"max-image-preview:large","max-video-preview":"max-video-preview:-1"},"canonical":"https:\/\/sfb1436.de\/de\/jetzt-vormerken-konferenz-learning-memory\/","og_locale":"de_DE","og_type":"article","og_title":"Jetzt vormerken Konferenz \u201eLearning & Memory\u201c","og_description":"Vom 28. September bis 2. Oktober 2025 l\u00e4dt das LIN Magdeburg zu unserer renommierte Konferenz\u00a0Learning & Memory\u00a0ein.","og_url":"https:\/\/sfb1436.de\/de\/jetzt-vormerken-konferenz-learning-memory\/","og_site_name":"SFB1436","article_published_time":"2024-12-02T14:30:00+00:00","author":"redakteur","twitter_card":"summary_large_image","twitter_misc":{"Verfasst von":"redakteur","Gesch\u00e4tzte Lesezeit":"2\u00a0Minuten"},"schema":{"@context":"https:\/\/schema.org","@graph":[{"@type":"ScholarlyArticle","@id":"https:\/\/sfb1436.de\/de\/jetzt-vormerken-konferenz-learning-memory\/#article","isPartOf":{"@id":"https:\/\/sfb1436.de\/de\/jetzt-vormerken-konferenz-learning-memory\/"},"author":{"name":"redakteur","@id":"https:\/\/sfb1436.de\/de\/#\/schema\/person\/c0ef0d254080f73ef2aa76e57caa6d12"},"headline":"Jetzt schon vormerken: LIN-Leuchtturm Konferenz \u201eLearning &amp; Memory\u201c","datePublished":"2024-12-02T14:30:00+00:00","mainEntityOfPage":{"@id":"https:\/\/sfb1436.de\/de\/jetzt-vormerken-konferenz-learning-memory\/"},"wordCount":207,"publisher":{"@id":"https:\/\/sfb1436.de\/de\/#organization"},"keywords":["Konferenz","Learning &amp; Memory","LIN Magdeburg","Magdeburg","Neurowissenschaften","SFB 1436","Vortrag"],"articleSection":["All News and Events","Alle News und Events","Events","News"],"inLanguage":"de"},{"@type":"WebPage","@id":"https:\/\/sfb1436.de\/de\/jetzt-vormerken-konferenz-learning-memory\/","url":"https:\/\/sfb1436.de\/de\/jetzt-vormerken-konferenz-learning-memory\/","name":"Jetzt vormerken Konferenz \u201eLearning & Memory\u201c","isPartOf":{"@id":"https:\/\/sfb1436.de\/de\/#website"},"datePublished":"2024-12-02T14:30:00+00:00","description":"Vom 28. September bis 2. Oktober 2025 l\u00e4dt das LIN Magdeburg zu unserer renommierte Konferenz\u00a0Learning & Memory\u00a0ein.","breadcrumb":{"@id":"https:\/\/sfb1436.de\/de\/jetzt-vormerken-konferenz-learning-memory\/#breadcrumb"},"inLanguage":"de","potentialAction":[{"@type":"ReadAction","target":["https:\/\/sfb1436.de\/de\/jetzt-vormerken-konferenz-learning-memory\/"]}]},{"@type":"BreadcrumbList","@id":"https:\/\/sfb1436.de\/de\/jetzt-vormerken-konferenz-learning-memory\/#breadcrumb","itemListElement":[{"@type":"ListItem","position":1,"name":"Startseite","item":"https:\/\/sfb1436.de\/de\/"},{"@type":"ListItem","position":2,"name":"Jetzt schon vormerken: LIN-Leuchtturm Konferenz \u201eLearning &amp; Memory\u201c"}]},{"@type":"WebSite","@id":"https:\/\/sfb1436.de\/de\/#website","url":"https:\/\/sfb1436.de\/de\/","name":"SFB1436","description":"","publisher":{"@id":"https:\/\/sfb1436.de\/de\/#organization"},"potentialAction":[{"@type":"SearchAction","target":{"@type":"EntryPoint","urlTemplate":"https:\/\/sfb1436.de\/de\/?s={search_term_string}"},"query-input":{"@type":"PropertyValueSpecification","valueRequired":true,"valueName":"search_term_string"}}],"inLanguage":"de"},{"@type":"Organization","@id":"https:\/\/sfb1436.de\/de\/#organization","name":"Otto-von-Guericke Universit\u00e4t Medizinische Fakult\u00e4t Institut f\u00fcr Kognitive Neurologie und Demenzforschung","url":"https:\/\/sfb1436.de\/de\/","logo":{"@type":"ImageObject","inLanguage":"de","@id":"https:\/\/sfb1436.de\/de\/#\/schema\/logo\/image\/","url":"https:\/\/sfb1436.de\/wp-content\/uploads\/2021\/12\/logo-sfb.png","contentUrl":"https:\/\/sfb1436.de\/wp-content\/uploads\/2021\/12\/logo-sfb.png","width":1244,"height":820,"caption":"Otto-von-Guericke Universit\u00e4t Medizinische Fakult\u00e4t Institut f\u00fcr Kognitive Neurologie und Demenzforschung"},"image":{"@id":"https:\/\/sfb1436.de\/de\/#\/schema\/logo\/image\/"}},{"@type":"Person","@id":"https:\/\/sfb1436.de\/de\/#\/schema\/person\/c0ef0d254080f73ef2aa76e57caa6d12","name":"redakteur"}]}},"uagb_featured_image_src":{"full":false,"thumbnail":false,"medium":false,"medium_large":false,"large":false,"gs-tiny":false,"xl":false,"xxl":false,"xxxl":false,"xxxxl":false,"xxxxxl":false,"1536x1536":false,"2048x2048":false,"awsm_team":false},"uagb_author_info":{"display_name":"redakteur","author_link":"https:\/\/sfb1436.de\/de\/author\/redakteur\/"},"uagb_comment_info":0,"uagb_excerpt":"Vom 28. September bis 2. Oktober 2025 laden wir zu unserer renommierte Konferenz&nbsp;Learning &amp; Memory&nbsp;ein. Nach einer pandemiebedingten Pause feiern wir die R\u00fcckkehr dieses internationalen Treffens, das bereits seit 1967 etwa alle f\u00fcnf Jahre in Magdeburg stattfindet. Die Konferenz beginnt am 28. September 2025 mit einem speziell auf Nachwuchswissenschaftler:innen ausgerichteten Workshop und \u00f6ffnet sich am&hellip;","_links":{"self":[{"href":"https:\/\/sfb1436.de\/de\/wp-json\/wp\/v2\/posts\/23534","targetHints":{"allow":["GET"]}}],"collection":[{"href":"https:\/\/sfb1436.de\/de\/wp-json\/wp\/v2\/posts"}],"about":[{"href":"https:\/\/sfb1436.de\/de\/wp-json\/wp\/v2\/types\/post"}],"author":[{"embeddable":true,"href":"https:\/\/sfb1436.de\/de\/wp-json\/wp\/v2\/users\/4"}],"replies":[{"embeddable":true,"href":"https:\/\/sfb1436.de\/de\/wp-json\/wp\/v2\/comments?post=23534"}],"version-history":[{"count":1,"href":"https:\/\/sfb1436.de\/de\/wp-json\/wp\/v2\/posts\/23534\/revisions"}],"predecessor-version":[{"id":23535,"href":"https:\/\/sfb1436.de\/de\/wp-json\/wp\/v2\/posts\/23534\/revisions\/23535"}],"wp:attachment":[{"href":"https:\/\/sfb1436.de\/de\/wp-json\/wp\/v2\/media?parent=23534"}],"wp:term":[{"taxonomy":"category","embeddable":true,"href":"https:\/\/sfb1436.de\/de\/wp-json\/wp\/v2\/categories?post=23534"},{"taxonomy":"post_tag","embeddable":true,"href":"https:\/\/sfb1436.de\/de\/wp-json\/wp\/v2\/tags?post=23534"}],"curies":[{"name":"wp","href":"https:\/\/api.w.org\/{rel}","templated":true}]}}