{"id":23394,"date":"2024-10-17T14:13:51","date_gmt":"2024-10-17T12:13:51","guid":{"rendered":"https:\/\/sfb1436.de\/?p=23394"},"modified":"2026-02-04T08:36:51","modified_gmt":"2026-02-04T07:36:51","slug":"warum-frueherkennung-bei-alzheimer-so-wichtig-ist","status":"publish","type":"post","link":"https:\/\/sfb1436.de\/de\/warum-frueherkennung-bei-alzheimer-so-wichtig-ist\/","title":{"rendered":"Warum Fr\u00fcherkennung bei Alzheimer so wichtig ist"},"content":{"rendered":"\n<p class=\"wp-block-paragraph\">von Isabell Spilker<\/p>\n\n\n\n<p class=\"wp-block-paragraph\">Die Alzheimer-Demenz stellt eine der gr\u00f6\u00dften Herausforderungen im Bereich der Neurodegeneration dar. Ein wesentlicher Fortschritt in der Fr\u00fcherkennung der Krankheit wird am Deutschen Zentrum f\u00fcr Neurodegenerative Erkrankungen (DZNE) in Magdeburg vorangetrieben. Dar\u00fcber hinaus geben neue Medikamente Hoffnung im Kampf gegen die Krankheit.<\/p>\n\n\n\n<figure class=\"wp-block-image aligncenter size-full\"><img fetchpriority=\"high\" decoding=\"async\" width=\"737\" height=\"415\" src=\"https:\/\/sfb1436.de\/wp-content\/uploads\/2024\/10\/csm_csm_duezel-header_76a3a702cf_4c85c278a1-1.jpg\" alt=\"Emrah D\u00fczel, Gruppenleiter und klinischer Koordinator am DZNE sowie Direktor des Instituts f\u00fcr Kognitive Neurologie und Demenzforschung (IKND) an der Otto-von-Guericke-Universit\u00e4t Magdeburg. Foto: DZNE\" class=\"wp-image-29893\" title=\"\" srcset=\"https:\/\/sfb1436.de\/wp-content\/uploads\/2024\/10\/csm_csm_duezel-header_76a3a702cf_4c85c278a1-1.jpg 737w, https:\/\/sfb1436.de\/wp-content\/uploads\/2024\/10\/csm_csm_duezel-header_76a3a702cf_4c85c278a1-1-300x169.jpg 300w, https:\/\/sfb1436.de\/wp-content\/uploads\/2024\/10\/csm_csm_duezel-header_76a3a702cf_4c85c278a1-1-50x28.jpg 50w\" sizes=\"(max-width: 737px) 100vw, 737px\" \/><figcaption class=\"wp-element-caption\">Emrah D\u00fczel, Gruppenleiter und Klinische Koordination am DZNE sowie Direktor des Instituts f\u00fcr Kognitive Neurologie und Demenzforschung (IKND) an der Otto-von-Guericke-Universit\u00e4t Magdeburg. Foto: DZNE<\/figcaption><\/figure>\n\n\n\n<p class=\"wp-block-paragraph\">Alzheimer, die h\u00e4ufigste Form der Demenz, ist eine neurodegenerative Erkrankung, die oft schon Jahrzehnte vor den ersten klinischen Symptomen beginnt. Vor allem Ged\u00e4chtnisprobleme sind ein Fr\u00fchsymptom der Krankheit, allerdings kommen sie h\u00e4ufig auch bei gesunden \u00e4lteren Menschen vor. Hier gilt es fr\u00fch einzugreifen, denn experimentelle und klinische Daten zeigen, dass kognitives und physisches Training Ged\u00e4chtnisfunktionen \u00e4lterer Menschen verbessern k\u00f6nnen \u00ad\u2013 auch, wenn sie sich m\u00f6glicherweise im Fr\u00fchstadium der Alzheimer-Krankheit befinden.<br>Emrah&nbsp;D\u00fczel leitet in Magdeburg am DZNE die Klinische Forschung mit Schwerpunkt auf der Alzheimer-Krankheit und ist Direktor des Instituts f\u00fcr Kognitive Neurologie und Demenzforschung (IKND) an der Otto-von-Guericke-Universit\u00e4t Magdeburg. Er erkl\u00e4rt: \u201eDie Erkrankung beginnt mit Ablagerung von giftigen Proteinen im Gehirn. Die ersten Anzeichen daf\u00fcr kann man schon bis zu 20 Jahre vor Beginn einer Demenz sehen.\u201c Eine fr\u00fchzeitige Diagnose sei entscheidend, um das Fortschreiten der Krankheit zu verlangsamen.<\/p>\n\n\n\n<h3 class=\"wp-block-heading\">Alzheimer: Oft zu sp\u00e4t erkannt<\/h3>\n\n\n\n<p class=\"wp-block-paragraph\">Alzheimer entsteht durch eine Kombination aus genetischen Ursachen und Umweltfaktoren. Altersbedingte Ver\u00e4nderungen, Herz-Kreislauf-Erkrankungen, ungesunde Lebensgewohnheiten und chronische Entz\u00fcndungen tragen au\u00dferdem zur Krankheit bei. Ein Schl\u00fcsselmechanismus der Entstehung ist die Bildung von so genannten Beta-Amyloid-Plaques im Gehirn, welche die Kommunikation zwischen den Nervenzellen st\u00f6ren und zur Neurodegeneration beitragen. Dar\u00fcber hinaus kommt es zur Verklumpung sogenannter Tau-Proteine, auch als neurofibrill\u00e4re Tangles bekannt. Tau-Proteine helfen normalerweise, die Struktur der Zellen zu stabilisieren und den Transport von N\u00e4hrstoffen innerhalb der Zellen zu organisieren. Bei Alzheimer allerdings ver\u00e4ndern sich diese Tau-Proteine und beginnen, sich ineinander zu verdrehen.<\/p>\n\n\n\n<p class=\"wp-block-paragraph\">Diese Prozesse f\u00fchren zu Synapsenverlust und neuronaler Degeneration, was Ged\u00e4chtnis und Kognition beeintr\u00e4chtigt. Alzheimer wird oft diagnostiziert, wenn eine Person im mittleren bis sp\u00e4ten Erwachsenenalter ist, typischerweise ab dem Alter von 65 Jahren. Die Diagnose erfolgt in der Regel, wenn die Krankheit fortgeschritten ist und die kognitiven Symptome merklich den Alltag der betroffenen Person beeintr\u00e4chtigen. Die fr\u00fchzeitige Erkennung verbessert nicht nur die Lebensqualit\u00e4t der Betroffenen und deren Familien erheblich, sondern erm\u00f6glicht eine bessere medizinische Versorgung und gezielte Behandlung.<\/p>\n\n\n\n<h3 class=\"wp-block-heading\">Eine App zur Fr\u00fcherkennung<\/h3>\n\n\n\n<p class=\"wp-block-paragraph\">Das Team am DZNE entwickelte deswegen gemeinsam mit der Universit\u00e4t Magdeburg und dem Magdeburger Start-Up neotiv eine App, die darauf ausgelegt ist, die Fr\u00fchzeichen der Erkrankung zu erkennen und somit eine rechtzeitige Intervention zu erm\u00f6glichen. Die App namens \u201e<a href=\"https:\/\/neotiv.com\/de\/\" target=\"_blank\" rel=\"noreferrer noopener\">neotiv<\/a>Care\u201c enth\u00e4lt eine Reihe sensibler kognitiver Tests, die spezifische Gehirnregionen ausleuchten und auf subtile kognitive Ver\u00e4nderungen hinweisen. Diese Tests sind darauf ausgelegt, fr\u00fche Anzeichen von Alzheimer zu erkennen, die in herk\u00f6mmlichen Tests m\u00f6glicherweise nicht erfasst werden. Ein wesentliches Merkmal der App ist ihre Praktikabilit\u00e4t. Patienten und Patientinnen k\u00f6nnen die Tests in ihrer eigenen Zeit und Umgebung durchf\u00fchren, was den Aufwand f\u00fcr Arztbesuche und aufw\u00e4ndige Tests reduziert. Die Ergebnisse werden dem behandelnden Arzt oder der \u00c4rztin zur Verf\u00fcgung gestellt, der basierend auf diesen entscheiden kann, ob weitere Untersuchungen notwendig sind. \u201eUnsere Tests sind so entwickelt, dass sie in der Praxis eines niedergelassenen Arztes angewendet werden k\u00f6nnen, ohne dass eine aufwendige vor-Ort-Untersuchung notwendig ist\u201c, erkl\u00e4rt D\u00fczel. \u201eNiedergelassene \u00c4rzte und \u00c4rztinnen sollen diese App verschreiben k\u00f6nnen, damit die Patienten und Patientinnen ausreichend Zeit haben, die Tests zu Hause durchzuf\u00fchren. Das Resultat ber\u00fccksichtig dann auch Schwankungen \u00fcber einen l\u00e4ngeren Zeitraum.\u201c<\/p>\n\n\n\n<p class=\"wp-block-paragraph\">Die App wird bereits weltweit in klinischen Studien verwendet. In Deutschland wird \u201eneotivCare\u201c bereits in Pilotprojekten mit einigen Krankenkassen eingesetzt und hat in einer gr\u00f6\u00dferen Studie mit \u00fcber 700 Patienten und Patientinnen vielversprechende Ergebnisse gezeigt. Diese Studie wurde unabh\u00e4ngig evaluiert und zeigt, dass die App eine wirksame Erg\u00e4nzung zur traditionellen Diagnosemethodik sein kann \u2013 vor allem, um fr\u00fchzeitig mit der Behandlung zu starten und Lebensstil\u00e4nderungen vorzunehmen.<\/p>\n\n\n\n<h3 class=\"wp-block-heading\">Fortschritte in der Behandlung<\/h3>\n\n\n\n<p class=\"wp-block-paragraph\">Neben der Fr\u00fcherkennung sind auch neue Behandlungsm\u00f6glichkeiten entscheidend, um die Lebensqualit\u00e4t der Patienten und Patientinnen zu verbessern. Ein gro\u00dfes Problem: In der medikament\u00f6sen Therapie der Alzheimer-Krankheit gab es bisher keine die Ursachen bek\u00e4mpfenden Wirkstoffe, lediglich gegen die Nebenwirkungen der Krankheit.&nbsp;Zwei vielversprechende Medikamente, die k\u00fcrzlich die Aufmerksamkeit der wissenschaftlichen Gemeinschaft auf sich gezogen haben, sind Lecanemab und Donanemab. Lecanemab erhielt 2023 in den USA die volle Zulassung. Die intraven\u00f6se Infusionstherapie soll die Beta-Amyloid-Plaques im Gehirn entfernen und zeigte in klinischen Studien eine Verlangsamung des Fortschreitens der Krankheit. Binnen eineinhalb Jahren verz\u00f6gerte das Mittel den geistigen Abbau um gut ein Viertel. F\u00fcr Europa sprach sich die Europ\u00e4ische Arzneimittelagentur (EMA) im Sommer allerdings gegen die Zulassung von Lecanemab aus. Viele Fachleute und Patientenorganisationen reagierten entt\u00e4uscht. Aktuell \u00fcberpr\u00fcft die EMA ihren Beschluss.&nbsp;<\/p>\n\n\n\n<p class=\"wp-block-paragraph\">Ein gro\u00dfes Potenzial zeigt auch der Wirkstoff Donanemab, der ebenfalls Beta-Amyloid-Plaques im Gehirn entfernt und&nbsp;<a href=\"https:\/\/www.alz.org\/news\/2024\/fda-approve-kisunla-donanemab-alzheimers-treatment\" target=\"_blank\" rel=\"noreferrer noopener\">im Juli 2024 in den USA zugelassen wurde<\/a>. Bei 75 Prozent der Studienteilnehmer:innen, die das Medikament in einem fr\u00fchen Stadium der Krankheit erhielten, waren die Beta-Amyloid-Ablagerungen im Gehirn&nbsp; nach 76 Wochen Therapie fast vollst\u00e4ndig abbaut. Auch wenn der Wirkstoff den Krankheitsverlauf weder umkehren noch g\u00e4nzlich stoppen kann, besteht doch die Hoffnung, dass er den geistigen Verfall der Krankheit verz\u00f6gert.&nbsp;Sowohl Lecanemab als auch Donanemab sind jedoch Wirkstoffe, die ausschlie\u00dflich an Menschen mit Alzheimer im fr\u00fchen Stadium gerichtet sind, wenn Symptome die Alltagst\u00e4tigkeiten der Betroffenen noch wenig beeintr\u00e4chtigen. Aus diesem Grund, spielt Fr\u00fcherkennung bei Alzheimer eine ganz entscheidende Rolle.<\/p>\n\n\n\n<h3 class=\"wp-block-heading\">Der Weg nach vorne<\/h3>\n\n\n\n<p class=\"wp-block-paragraph\">Die Fortschritte in der Fr\u00fcherkennung und Behandlung er\u00f6ffnen neue M\u00f6glichkeiten im Umgang mit Alzheimer. Die App aus Magdeburg k\u00f6nnte in der Praxis eine breite Anwendung finden und vielen Menschen helfen, die Krankheit fr\u00fchzeitig zu erkennen. Die Kombination aus innovativer Fr\u00fcherkennung und neuen therapeutischen Ans\u00e4tzen k\u00f6nnte die Zukunft der Alzheimer-Behandlung ma\u00dfgeblich ver\u00e4ndern und vielen Betroffenen eine bessere Lebensqualit\u00e4t erm\u00f6glichen.<\/p>\n\n\n\n<p class=\"wp-block-paragraph\">Copyright: <a href=\"https:\/\/www.helmholtz.de\/newsroom\/artikel\/warum-frueherkennung-bei-alzheimer-so-wichtig-ist\/\">Presse Helmholtz-Gemeinschaft<\/a><\/p>\n","protected":false},"excerpt":{"rendered":"<p>von Isabell Spilker Die Alzheimer-Demenz stellt eine der gr\u00f6\u00dften Herausforderungen im Bereich der Neurodegeneration dar. Ein wesentlicher Fortschritt in der Fr\u00fcherkennung der Krankheit wird am Deutschen Zentrum f\u00fcr Neurodegenerative Erkrankungen (DZNE) in Magdeburg vorangetrieben. Dar\u00fcber hinaus geben neue Medikamente Hoffnung im Kampf gegen die Krankheit. Alzheimer, die h\u00e4ufigste Form der Demenz, ist eine neurodegenerative Erkrankung, [&hellip;]<\/p>\n","protected":false},"author":4,"featured_media":0,"comment_status":"closed","ping_status":"closed","sticky":false,"template":"","format":"standard","meta":{"_crdt_document":"","_uag_custom_page_level_css":"","footnotes":""},"categories":[288,281,219,220],"tags":[354,368,803,373,1217,331,372,330],"class_list":["post-23394","post","type-post","status-publish","format-standard","hentry","category-all-news-and-events-de","category-alle-news-und-events","category-events-de","category-news-de","tag-alzheimer","tag-demenz","tag-dzne-2","tag-emrah-duezel","tag-frueherkennung","tag-magdeburg","tag-neurowissenschaften","tag-sfb-1436"],"yoast_head":"<!-- This site is optimized with the Yoast SEO plugin v27.1.1 - https:\/\/yoast.com\/product\/yoast-seo-wordpress\/ -->\n<title>Warum Fr\u00fcherkennung bei Alzheimer so wichtig ist<\/title>\n<meta name=\"description\" content=\"Warum Fr\u00fcherkennung bei Alzheimer so wichtig ist, diese Frage beantwortet Prof. Dr. Emrah D\u00fczel im Gespr\u00e4ch mit Isabell Spilker.\" \/>\n<meta name=\"robots\" content=\"index, follow, max-snippet:-1, max-image-preview:large, max-video-preview:-1\" \/>\n<link rel=\"canonical\" href=\"https:\/\/sfb1436.de\/de\/warum-frueherkennung-bei-alzheimer-so-wichtig-ist\/\" \/>\n<meta property=\"og:locale\" content=\"de_DE\" \/>\n<meta property=\"og:type\" content=\"article\" \/>\n<meta property=\"og:title\" content=\"Warum Fr\u00fcherkennung bei Alzheimer so wichtig ist\" \/>\n<meta property=\"og:description\" content=\"Warum Fr\u00fcherkennung bei Alzheimer so wichtig ist, diese Frage beantwortet Prof. Dr. Emrah D\u00fczel im Gespr\u00e4ch mit Isabell Spilker.\" \/>\n<meta property=\"og:url\" content=\"https:\/\/sfb1436.de\/de\/warum-frueherkennung-bei-alzheimer-so-wichtig-ist\/\" \/>\n<meta property=\"og:site_name\" content=\"SFB1436\" \/>\n<meta property=\"article:published_time\" content=\"2024-10-17T12:13:51+00:00\" \/>\n<meta property=\"article:modified_time\" content=\"2026-02-04T07:36:51+00:00\" \/>\n<meta property=\"og:image\" content=\"https:\/\/sfb1436.de\/wp-content\/uploads\/2024\/10\/csm_csm_duezel-header_76a3a702cf_4c85c278a1-1.jpg\" \/>\n\t<meta property=\"og:image:width\" content=\"737\" \/>\n\t<meta property=\"og:image:height\" content=\"415\" \/>\n\t<meta property=\"og:image:type\" content=\"image\/jpeg\" \/>\n<meta name=\"author\" content=\"redakteur\" \/>\n<meta name=\"twitter:card\" content=\"summary_large_image\" \/>\n<meta name=\"twitter:label1\" content=\"Verfasst von\" \/>\n\t<meta name=\"twitter:data1\" content=\"redakteur\" \/>\n\t<meta name=\"twitter:label2\" content=\"Gesch\u00e4tzte Lesezeit\" \/>\n\t<meta name=\"twitter:data2\" content=\"5\u00a0Minuten\" \/>\n<script type=\"application\/ld+json\" class=\"yoast-schema-graph\">{\"@context\":\"https:\/\/schema.org\",\"@graph\":[{\"@type\":\"ScholarlyArticle\",\"@id\":\"https:\/\/sfb1436.de\/de\/warum-frueherkennung-bei-alzheimer-so-wichtig-ist\/#article\",\"isPartOf\":{\"@id\":\"https:\/\/sfb1436.de\/de\/warum-frueherkennung-bei-alzheimer-so-wichtig-ist\/\"},\"author\":{\"name\":\"redakteur\",\"@id\":\"https:\/\/sfb1436.de\/de\/#\/schema\/person\/c0ef0d254080f73ef2aa76e57caa6d12\"},\"headline\":\"Warum Fr\u00fcherkennung bei Alzheimer so wichtig ist\",\"datePublished\":\"2024-10-17T12:13:51+00:00\",\"dateModified\":\"2026-02-04T07:36:51+00:00\",\"mainEntityOfPage\":{\"@id\":\"https:\/\/sfb1436.de\/de\/warum-frueherkennung-bei-alzheimer-so-wichtig-ist\/\"},\"wordCount\":1057,\"publisher\":{\"@id\":\"https:\/\/sfb1436.de\/de\/#organization\"},\"image\":{\"@id\":\"https:\/\/sfb1436.de\/de\/warum-frueherkennung-bei-alzheimer-so-wichtig-ist\/#primaryimage\"},\"thumbnailUrl\":\"https:\/\/sfb1436.de\/wp-content\/uploads\/2024\/10\/csm_csm_duezel-header_76a3a702cf_4c85c278a1-1.jpg\",\"keywords\":[\"Alzheimer\",\"Demenz\",\"DZNE\",\"Emrah D\u00fczel\",\"Fr\u00fcherkennung\",\"Magdeburg\",\"Neurowissenschaften\",\"SFB 1436\"],\"articleSection\":[\"All News and Events\",\"Alle News und Events\",\"Events\",\"News\"],\"inLanguage\":\"de\"},{\"@type\":\"WebPage\",\"@id\":\"https:\/\/sfb1436.de\/de\/warum-frueherkennung-bei-alzheimer-so-wichtig-ist\/\",\"url\":\"https:\/\/sfb1436.de\/de\/warum-frueherkennung-bei-alzheimer-so-wichtig-ist\/\",\"name\":\"Warum Fr\u00fcherkennung bei Alzheimer so wichtig ist\",\"isPartOf\":{\"@id\":\"https:\/\/sfb1436.de\/de\/#website\"},\"primaryImageOfPage\":{\"@id\":\"https:\/\/sfb1436.de\/de\/warum-frueherkennung-bei-alzheimer-so-wichtig-ist\/#primaryimage\"},\"image\":{\"@id\":\"https:\/\/sfb1436.de\/de\/warum-frueherkennung-bei-alzheimer-so-wichtig-ist\/#primaryimage\"},\"thumbnailUrl\":\"https:\/\/sfb1436.de\/wp-content\/uploads\/2024\/10\/csm_csm_duezel-header_76a3a702cf_4c85c278a1-1.jpg\",\"datePublished\":\"2024-10-17T12:13:51+00:00\",\"dateModified\":\"2026-02-04T07:36:51+00:00\",\"description\":\"Warum Fr\u00fcherkennung bei Alzheimer so wichtig ist, diese Frage beantwortet Prof. Dr. Emrah D\u00fczel im Gespr\u00e4ch mit Isabell Spilker.\",\"breadcrumb\":{\"@id\":\"https:\/\/sfb1436.de\/de\/warum-frueherkennung-bei-alzheimer-so-wichtig-ist\/#breadcrumb\"},\"inLanguage\":\"de\",\"potentialAction\":[{\"@type\":\"ReadAction\",\"target\":[\"https:\/\/sfb1436.de\/de\/warum-frueherkennung-bei-alzheimer-so-wichtig-ist\/\"]}]},{\"@type\":\"ImageObject\",\"inLanguage\":\"de\",\"@id\":\"https:\/\/sfb1436.de\/de\/warum-frueherkennung-bei-alzheimer-so-wichtig-ist\/#primaryimage\",\"url\":\"https:\/\/sfb1436.de\/wp-content\/uploads\/2024\/10\/csm_csm_duezel-header_76a3a702cf_4c85c278a1-1.jpg\",\"contentUrl\":\"https:\/\/sfb1436.de\/wp-content\/uploads\/2024\/10\/csm_csm_duezel-header_76a3a702cf_4c85c278a1-1.jpg\"},{\"@type\":\"BreadcrumbList\",\"@id\":\"https:\/\/sfb1436.de\/de\/warum-frueherkennung-bei-alzheimer-so-wichtig-ist\/#breadcrumb\",\"itemListElement\":[{\"@type\":\"ListItem\",\"position\":1,\"name\":\"Startseite\",\"item\":\"https:\/\/sfb1436.de\/de\/\"},{\"@type\":\"ListItem\",\"position\":2,\"name\":\"Warum Fr\u00fcherkennung bei Alzheimer so wichtig ist\"}]},{\"@type\":\"WebSite\",\"@id\":\"https:\/\/sfb1436.de\/de\/#website\",\"url\":\"https:\/\/sfb1436.de\/de\/\",\"name\":\"SFB1436\",\"description\":\"\",\"publisher\":{\"@id\":\"https:\/\/sfb1436.de\/de\/#organization\"},\"potentialAction\":[{\"@type\":\"SearchAction\",\"target\":{\"@type\":\"EntryPoint\",\"urlTemplate\":\"https:\/\/sfb1436.de\/de\/?s={search_term_string}\"},\"query-input\":{\"@type\":\"PropertyValueSpecification\",\"valueRequired\":true,\"valueName\":\"search_term_string\"}}],\"inLanguage\":\"de\"},{\"@type\":\"Organization\",\"@id\":\"https:\/\/sfb1436.de\/de\/#organization\",\"name\":\"Otto-von-Guericke Universit\u00e4t Medizinische Fakult\u00e4t Institut f\u00fcr Kognitive Neurologie und Demenzforschung\",\"url\":\"https:\/\/sfb1436.de\/de\/\",\"logo\":{\"@type\":\"ImageObject\",\"inLanguage\":\"de\",\"@id\":\"https:\/\/sfb1436.de\/de\/#\/schema\/logo\/image\/\",\"url\":\"https:\/\/sfb1436.de\/wp-content\/uploads\/2021\/12\/logo-sfb.png\",\"contentUrl\":\"https:\/\/sfb1436.de\/wp-content\/uploads\/2021\/12\/logo-sfb.png\",\"width\":1244,\"height\":820,\"caption\":\"Otto-von-Guericke Universit\u00e4t Medizinische Fakult\u00e4t Institut f\u00fcr Kognitive Neurologie und Demenzforschung\"},\"image\":{\"@id\":\"https:\/\/sfb1436.de\/de\/#\/schema\/logo\/image\/\"}},{\"@type\":\"Person\",\"@id\":\"https:\/\/sfb1436.de\/de\/#\/schema\/person\/c0ef0d254080f73ef2aa76e57caa6d12\",\"name\":\"redakteur\"}]}<\/script>\n<!-- \/ Yoast SEO plugin. -->","yoast_head_json":{"title":"Warum Fr\u00fcherkennung bei Alzheimer so wichtig ist","description":"Warum Fr\u00fcherkennung bei Alzheimer so wichtig ist, diese Frage beantwortet Prof. Dr. Emrah D\u00fczel im Gespr\u00e4ch mit Isabell Spilker.","robots":{"index":"index","follow":"follow","max-snippet":"max-snippet:-1","max-image-preview":"max-image-preview:large","max-video-preview":"max-video-preview:-1"},"canonical":"https:\/\/sfb1436.de\/de\/warum-frueherkennung-bei-alzheimer-so-wichtig-ist\/","og_locale":"de_DE","og_type":"article","og_title":"Warum Fr\u00fcherkennung bei Alzheimer so wichtig ist","og_description":"Warum Fr\u00fcherkennung bei Alzheimer so wichtig ist, diese Frage beantwortet Prof. Dr. Emrah D\u00fczel im Gespr\u00e4ch mit Isabell Spilker.","og_url":"https:\/\/sfb1436.de\/de\/warum-frueherkennung-bei-alzheimer-so-wichtig-ist\/","og_site_name":"SFB1436","article_published_time":"2024-10-17T12:13:51+00:00","article_modified_time":"2026-02-04T07:36:51+00:00","og_image":[{"width":737,"height":415,"url":"https:\/\/sfb1436.de\/wp-content\/uploads\/2024\/10\/csm_csm_duezel-header_76a3a702cf_4c85c278a1-1.jpg","type":"image\/jpeg"}],"author":"redakteur","twitter_card":"summary_large_image","twitter_misc":{"Verfasst von":"redakteur","Gesch\u00e4tzte Lesezeit":"5\u00a0Minuten"},"schema":{"@context":"https:\/\/schema.org","@graph":[{"@type":"ScholarlyArticle","@id":"https:\/\/sfb1436.de\/de\/warum-frueherkennung-bei-alzheimer-so-wichtig-ist\/#article","isPartOf":{"@id":"https:\/\/sfb1436.de\/de\/warum-frueherkennung-bei-alzheimer-so-wichtig-ist\/"},"author":{"name":"redakteur","@id":"https:\/\/sfb1436.de\/de\/#\/schema\/person\/c0ef0d254080f73ef2aa76e57caa6d12"},"headline":"Warum Fr\u00fcherkennung bei Alzheimer so wichtig ist","datePublished":"2024-10-17T12:13:51+00:00","dateModified":"2026-02-04T07:36:51+00:00","mainEntityOfPage":{"@id":"https:\/\/sfb1436.de\/de\/warum-frueherkennung-bei-alzheimer-so-wichtig-ist\/"},"wordCount":1057,"publisher":{"@id":"https:\/\/sfb1436.de\/de\/#organization"},"image":{"@id":"https:\/\/sfb1436.de\/de\/warum-frueherkennung-bei-alzheimer-so-wichtig-ist\/#primaryimage"},"thumbnailUrl":"https:\/\/sfb1436.de\/wp-content\/uploads\/2024\/10\/csm_csm_duezel-header_76a3a702cf_4c85c278a1-1.jpg","keywords":["Alzheimer","Demenz","DZNE","Emrah D\u00fczel","Fr\u00fcherkennung","Magdeburg","Neurowissenschaften","SFB 1436"],"articleSection":["All News and Events","Alle News und Events","Events","News"],"inLanguage":"de"},{"@type":"WebPage","@id":"https:\/\/sfb1436.de\/de\/warum-frueherkennung-bei-alzheimer-so-wichtig-ist\/","url":"https:\/\/sfb1436.de\/de\/warum-frueherkennung-bei-alzheimer-so-wichtig-ist\/","name":"Warum Fr\u00fcherkennung bei Alzheimer so wichtig ist","isPartOf":{"@id":"https:\/\/sfb1436.de\/de\/#website"},"primaryImageOfPage":{"@id":"https:\/\/sfb1436.de\/de\/warum-frueherkennung-bei-alzheimer-so-wichtig-ist\/#primaryimage"},"image":{"@id":"https:\/\/sfb1436.de\/de\/warum-frueherkennung-bei-alzheimer-so-wichtig-ist\/#primaryimage"},"thumbnailUrl":"https:\/\/sfb1436.de\/wp-content\/uploads\/2024\/10\/csm_csm_duezel-header_76a3a702cf_4c85c278a1-1.jpg","datePublished":"2024-10-17T12:13:51+00:00","dateModified":"2026-02-04T07:36:51+00:00","description":"Warum Fr\u00fcherkennung bei Alzheimer so wichtig ist, diese Frage beantwortet Prof. Dr. Emrah D\u00fczel im Gespr\u00e4ch mit Isabell Spilker.","breadcrumb":{"@id":"https:\/\/sfb1436.de\/de\/warum-frueherkennung-bei-alzheimer-so-wichtig-ist\/#breadcrumb"},"inLanguage":"de","potentialAction":[{"@type":"ReadAction","target":["https:\/\/sfb1436.de\/de\/warum-frueherkennung-bei-alzheimer-so-wichtig-ist\/"]}]},{"@type":"ImageObject","inLanguage":"de","@id":"https:\/\/sfb1436.de\/de\/warum-frueherkennung-bei-alzheimer-so-wichtig-ist\/#primaryimage","url":"https:\/\/sfb1436.de\/wp-content\/uploads\/2024\/10\/csm_csm_duezel-header_76a3a702cf_4c85c278a1-1.jpg","contentUrl":"https:\/\/sfb1436.de\/wp-content\/uploads\/2024\/10\/csm_csm_duezel-header_76a3a702cf_4c85c278a1-1.jpg"},{"@type":"BreadcrumbList","@id":"https:\/\/sfb1436.de\/de\/warum-frueherkennung-bei-alzheimer-so-wichtig-ist\/#breadcrumb","itemListElement":[{"@type":"ListItem","position":1,"name":"Startseite","item":"https:\/\/sfb1436.de\/de\/"},{"@type":"ListItem","position":2,"name":"Warum Fr\u00fcherkennung bei Alzheimer so wichtig ist"}]},{"@type":"WebSite","@id":"https:\/\/sfb1436.de\/de\/#website","url":"https:\/\/sfb1436.de\/de\/","name":"SFB1436","description":"","publisher":{"@id":"https:\/\/sfb1436.de\/de\/#organization"},"potentialAction":[{"@type":"SearchAction","target":{"@type":"EntryPoint","urlTemplate":"https:\/\/sfb1436.de\/de\/?s={search_term_string}"},"query-input":{"@type":"PropertyValueSpecification","valueRequired":true,"valueName":"search_term_string"}}],"inLanguage":"de"},{"@type":"Organization","@id":"https:\/\/sfb1436.de\/de\/#organization","name":"Otto-von-Guericke Universit\u00e4t Medizinische Fakult\u00e4t Institut f\u00fcr Kognitive Neurologie und Demenzforschung","url":"https:\/\/sfb1436.de\/de\/","logo":{"@type":"ImageObject","inLanguage":"de","@id":"https:\/\/sfb1436.de\/de\/#\/schema\/logo\/image\/","url":"https:\/\/sfb1436.de\/wp-content\/uploads\/2021\/12\/logo-sfb.png","contentUrl":"https:\/\/sfb1436.de\/wp-content\/uploads\/2021\/12\/logo-sfb.png","width":1244,"height":820,"caption":"Otto-von-Guericke Universit\u00e4t Medizinische Fakult\u00e4t Institut f\u00fcr Kognitive Neurologie und Demenzforschung"},"image":{"@id":"https:\/\/sfb1436.de\/de\/#\/schema\/logo\/image\/"}},{"@type":"Person","@id":"https:\/\/sfb1436.de\/de\/#\/schema\/person\/c0ef0d254080f73ef2aa76e57caa6d12","name":"redakteur"}]}},"uagb_featured_image_src":{"full":false,"thumbnail":false,"medium":false,"medium_large":false,"large":false,"gs-tiny":false,"xl":false,"xxl":false,"xxxl":false,"xxxxl":false,"xxxxxl":false,"1536x1536":false,"2048x2048":false,"awsm_team":false},"uagb_author_info":{"display_name":"redakteur","author_link":"https:\/\/sfb1436.de\/de\/author\/redakteur\/"},"uagb_comment_info":0,"uagb_excerpt":"von Isabell Spilker Die Alzheimer-Demenz stellt eine der gr\u00f6\u00dften Herausforderungen im Bereich der Neurodegeneration dar. Ein wesentlicher Fortschritt in der Fr\u00fcherkennung der Krankheit wird am Deutschen Zentrum f\u00fcr Neurodegenerative Erkrankungen (DZNE) in Magdeburg vorangetrieben. Dar\u00fcber hinaus geben neue Medikamente Hoffnung im Kampf gegen die Krankheit. Alzheimer, die h\u00e4ufigste Form der Demenz, ist eine neurodegenerative Erkrankung,&hellip;","_links":{"self":[{"href":"https:\/\/sfb1436.de\/de\/wp-json\/wp\/v2\/posts\/23394","targetHints":{"allow":["GET"]}}],"collection":[{"href":"https:\/\/sfb1436.de\/de\/wp-json\/wp\/v2\/posts"}],"about":[{"href":"https:\/\/sfb1436.de\/de\/wp-json\/wp\/v2\/types\/post"}],"author":[{"embeddable":true,"href":"https:\/\/sfb1436.de\/de\/wp-json\/wp\/v2\/users\/4"}],"replies":[{"embeddable":true,"href":"https:\/\/sfb1436.de\/de\/wp-json\/wp\/v2\/comments?post=23394"}],"version-history":[{"count":3,"href":"https:\/\/sfb1436.de\/de\/wp-json\/wp\/v2\/posts\/23394\/revisions"}],"predecessor-version":[{"id":29896,"href":"https:\/\/sfb1436.de\/de\/wp-json\/wp\/v2\/posts\/23394\/revisions\/29896"}],"wp:attachment":[{"href":"https:\/\/sfb1436.de\/de\/wp-json\/wp\/v2\/media?parent=23394"}],"wp:term":[{"taxonomy":"category","embeddable":true,"href":"https:\/\/sfb1436.de\/de\/wp-json\/wp\/v2\/categories?post=23394"},{"taxonomy":"post_tag","embeddable":true,"href":"https:\/\/sfb1436.de\/de\/wp-json\/wp\/v2\/tags?post=23394"}],"curies":[{"name":"wp","href":"https:\/\/api.w.org\/{rel}","templated":true}]}}