{"id":23392,"date":"2024-10-21T14:09:50","date_gmt":"2024-10-21T12:09:50","guid":{"rendered":"https:\/\/sfb1436.de\/?p=23392"},"modified":"2024-10-24T14:13:17","modified_gmt":"2024-10-24T12:13:17","slug":"schnitzeljagd-mit-dem-handy-erkennt-demenzgefaehrdete-personen","status":"publish","type":"post","link":"https:\/\/sfb1436.de\/de\/schnitzeljagd-mit-dem-handy-erkennt-demenzgefaehrdete-personen\/","title":{"rendered":"\u201eSchnitzeljagd\u201c mit dem Handy erkennt demenzgef\u00e4hrdete Personen"},"content":{"rendered":"\n<h2 class=\"wp-block-heading\">Studie: Mobilit\u00e4tsdaten lassen auf geistige Fitness schlie\u00dfen<\/h2>\n\n\n\n<p class=\"wp-block-paragraph\"><strong>Magdeburg, 3. Oktober 2024. Forschende des DZNE und der&nbsp;<a href=\"http:\/\/www.ovgu.de\/\" target=\"_blank\" rel=\"noreferrer noopener\">Otto-von-Guericke-Universit\u00e4t Magdeburg<\/a>&nbsp;haben Personen mit erh\u00f6htem Demenzrisiko anhand von Bewegungsdaten identifiziert, die w\u00e4hrend einer \u201eSchnitzeljagd\u201c auf dem Uni-Campus per Smartphone erfasst wurden. Sie berichten dar\u00fcber in der Fachzeitschrift \u201e<a href=\"https:\/\/journals.plos.org\/digitalhealth\/\" target=\"_blank\" rel=\"noreferrer noopener\">PLOS Digital Health<\/a>\u201c. Die Studienergebnisse zeigen, dass Smartphone-Daten aus alltagsnahen Situationen zur Fr\u00fcherkennung und Verlaufskontrolle der&nbsp;<a href=\"https:\/\/www.dzne.de\/aktuelles\/hintergrund\/alzheimer\/\">Alzheimer-Erkrankung<\/a>&nbsp;beitragen k\u00f6nnen. Insgesamt 72 Erwachsene nahmen an der Untersuchung teil; rund ein Drittel davon mit subtilen Beeintr\u00e4chtigungen der geistigen Leistungsf\u00e4higkeit, die als \u201esubjective cognitive decline\u201c (SCD) bezeichnet werden. Diese Symptomatik ist ein bekannter Risikofaktor f\u00fcr Demenz.<\/strong><\/p>\n\n\n\n<p class=\"wp-block-paragraph\">Alzheimer entwickelt sich im Allgemeinen \u00fcber Jahre hinweg unbemerkt und f\u00fchrt langfristig zur Demenz. Die Erkrankung ist bislang nicht heilbar. \u201eAktuell wird Alzheimer oft zu sp\u00e4t behandelt, um eine wirksame Therapie zu gew\u00e4hrleisten. Auch die neuen Antik\u00f6rper-Medikamente, die derzeit viel diskutiert werden, wirken nur, wenn sie fr\u00fchzeitig verabreicht werden. Daher m\u00fcssen wir in die Lage kommen, die Krankheit fr\u00fcher zu diagnostizieren, wenn die Symptome noch mild sind. Dazu sind Fortschritte in der Diagnostik n\u00f6tig\u201c, sagt Dr. Anne Maass,&nbsp;<a href=\"https:\/\/www.dzne.de\/forschung\/forschungsbereiche\/klinische-forschung\/forschungsgruppen\/maass\/forschungsschwerpunkte\/\">Forschungsgruppenleiterin am DZNE<\/a>&nbsp;und&nbsp;<a href=\"https:\/\/www.ovgu.de\/-p-137302.html\" target=\"_blank\" rel=\"noreferrer noopener\">Gastprofessorin an der Universit\u00e4t Magdeburg<\/a>. Gemeinsam mit Kolleginnen und Kollegen erprobte sie nun einen neuartigen Ansatz, um Probleme mit der r\u00e4umlichen Orientierung \u2013 als eines der ersten m\u00f6glichen Symptome einer Alzheimer Erkrankung \u2013 zu erfassen.<\/p>\n\n\n\n<h2 class=\"wp-block-heading\">App im Einsatz<\/h2>\n\n\n\n<p class=\"wp-block-paragraph\">\u201eUnsere Studie beruht auf einer Art Schnitzeljagd, bei der vorgegebene Orte gefunden werden mussten. Die Probanden nutzten daf\u00fcr ein Smartphone, das mit einer speziellen App ausgestattet war, die wir entwickelt haben\u201c, erl\u00e4utert Dr. Nadine Diersch. Die Neurowissenschaftlerin initiierte das Forschungsprojekt vor einigen Jahren am DZNE und arbeitet heute in der Privatwirtschaft, ist aber als Gastforscherin weiterhin f\u00fcr das DZNE t\u00e4tig. \u201eWir haben festgestellt, dass sich \u00fcber bestimmte Daten aus der App Personen mit erh\u00f6htem Demenzrisiko zuverl\u00e4ssig identifizieren lassen\u201c, sagt sie. \u201eDas zeigt, dass digitale Technologien, wie etwa mobile Apps, ganz neue M\u00f6glichkeiten bieten, um die kognitive Leistungsf\u00e4higkeit unter alltagsnahen Bedingungen und zugleich niedrigschwellig zu erfassen. Dies k\u00f6nnte in Zukunft helfen, auch kleinste kognitive Ver\u00e4nderungen und damit Vorzeichen von Demenz fr\u00fcher zu erkennen, als es heute geschieht.\u201c<\/p>\n\n\n\n<h2 class=\"wp-block-heading\">\u201eSchnitzeljagd\u201c auf dem Campus<\/h2>\n\n\n\n<p class=\"wp-block-paragraph\">An der Studie nahmen 72 Frauen und M\u00e4nner im Alter zwischen Mitte zwanzig und Mitte sechzig teil. Unter den insgesamt 48 \u00e4lteren Probanden waren 23 mit SCD. Menschen mit SCD empfinden einen Verlust an Geisteskraft, der sich mit herk\u00f6mmlichen neuropsychologischen Tests allerdings nicht nachweisen l\u00e4sst. Sie entwickeln nicht zwangsl\u00e4ufig eine Demenz, haben jedoch erwiesenerma\u00dfen ein erh\u00f6htes Risiko. Alle Probanden erhielten den Auftrag, auf dem medizinischen Campus der Universit\u00e4t Magdeburg selbstst\u00e4ndig \u2013 mit Hilfe der App \u2013 mehrere Geb\u00e4ude zu finden, w\u00e4hrend ihre Bewegungsdaten per GPS erfasst wurden. \u201eAlle Teilnehmenden kannten sich \u00e4hnlich gut auf dem Uni-Campus aus. Sie waren au\u00dferdem alle Smartphone-erfahren, \u00fcberdies haben wir die Benutzung der App einge\u00fcbt,\u201c erl\u00e4utert Jonas Marquardt, Erstautor der Studie und Doktorand im Forschungsteam von Anne Maass.<\/p>\n\n\n\n<h2 class=\"wp-block-heading\">Orientierungssinn auf dem Pr\u00fcfstand<\/h2>\n\n\n\n<p class=\"wp-block-paragraph\">Die Aufgabe wurde von den Probanden unabh\u00e4ngig voneinander durchgef\u00fchrt. Dabei mussten nacheinander f\u00fcnf Geb\u00e4ude aufgesucht werden, die auf einer rund 800 Meter langen Route lagen. Als Taktgeber diente die Handy-App: Sie zeigte eine Stra\u00dfenkarte mit der aktuellen Position und dem jeweils n\u00e4chsten Ziel, inklusive Foto. Allerdings verschwand diese Darstellung, sobald sich die Probanden auf den Weg machten. \u201eDie Versuchsteilnehmer mussten sich Stra\u00dfenbild, Standpunkt und Zielort einpr\u00e4gen und dann ihrem Orientierungssinn und r\u00e4umlichen Ged\u00e4chtnis folgen\u201c, so Marquardt. \u201eWussten sie unterwegs nicht weiter, konnten sie in der App einen Hilfe-Button dr\u00fccken. Die Karte, ihre Position und das Ziel wurden dann wieder kurz eingeblendet.\u201c Anhand von GPS-Daten erstellten die Forschenden individuelle Bewegungsprofile und erfassten auch weitere Informationen.<\/p>\n\n\n\n<h2 class=\"wp-block-heading\">Auff\u00e4llige Stopps<\/h2>\n\n\n\n<p class=\"wp-block-paragraph\">Die f\u00fcnf Geb\u00e4ude wurden von den Probanden meist in weniger als einer halben Stunde gefunden. \u201eDie jungen Teilnehmerinnen und Teilnehmer haben insgesamt besser abgeschnitten. Sie sind im Mittel k\u00fcrzere Wege gegangen und haben die Hilfe-Funktion im Allgemeinen nicht so h\u00e4ufig genutzt wie \u00e4ltere Probanden\u201c, so Marquardt. Unterschiede zwischen \u00e4lteren Probanden mit und ohne SCD zeigten sich vor allem in der Anzahl sogenannter Orientierungsstopps. Jonas Marquardt erkl\u00e4rt das so: \u201e\u00c4ltere Erwachsene mit SCD haben h\u00e4ufiger kurz angehalten, vermutlich, um sich zu orientieren, als \u00e4ltere Erwachsene ohne SCD. In unserer Auswertung konnten wir Versuchsteilnehmer mit SCD anhand dieser Daten erkennen.\u201c<\/p>\n\n\n\n<h2 class=\"wp-block-heading\">Perspektiven f\u00fcr die Fr\u00fcherkennung<\/h2>\n\n\n\n<p class=\"wp-block-paragraph\">Warum Menschen mit SCD gerade hier auff\u00e4llig sind, ist bislang unklar. \u201eWir haben festgestellt, dass sie vor allem an Wegkreuzungen eher z\u00f6gern. Das deutet darauf hin, dass bei ihnen gewisse Entscheidungsprozesse verlangsamt ablaufen. Die Daten lassen aber noch keine eindeutige Aussage zu\u201c, so Nadine Diersch. \u201eDennoch sind unsere Studienergebnisse ein vielversprechender Machbarkeitsnachweis. Sie zeigen, dass Smartphone-Daten helfen k\u00f6nnen, subtile Anzeichen eines kognitiven Abbaus in alltagsnahen Situationen zu erfassen.\u201c Die Wissenschaftlerin sieht darin eine Chance f\u00fcr die Fr\u00fcherkennung von Demenz und fr\u00fchzeitige Behandlung: \u201eIch k\u00f6nnte mir vorstellen, dass k\u00fcnftig derartige Apps dabei helfen k\u00f6nnen, Risikopersonen zu identifizieren und daraufhin zu entscheiden, ob weitere Untersuchungen oder bereits eine Therapie n\u00f6tig sind.\u201c<\/p>\n\n\n\n<h2 class=\"wp-block-heading\">F\u00f6rderung<\/h2>\n\n\n\n<p class=\"wp-block-paragraph\">Das Projekt wurde im Rahmen des\u00a0<a href=\"https:\/\/sfb1436.de\/de\/\" target=\"_blank\" rel=\"noreferrer noopener\">Sonderforschungsbereichs \u201eNeuronale Ressourcen der Kognition\u201c<\/a>\u00a0von der Deutschen Forschungsgemeinschaft (DFG) und von einem Innnovation-2-Application Award des DZNE gef\u00f6rdert.<\/p>\n\n\n\n<p class=\"wp-block-paragraph\"><strong>\u00dcber das Deutsche Zentrum f\u00fcr Neurodegenerative Erkrankungen (DZNE):&nbsp;<\/strong>Das DZNE ist ein Forschungsinstitut f\u00fcr neurodegenerative Erkrankungen wie Alzheimer, Parkinson und ALS, die mit Demenz, Bewegungsst\u00f6rungen und anderen schwerwiegenden Beeintr\u00e4chtigungen der Gesundheit einhergehen. Bis heute gibt es keine Heilung f\u00fcr diese Erkrankungen, die eine enorme Belastung f\u00fcr unz\u00e4hlige Betroffene, ihre Familien und das Gesundheitssystem bedeuten. Das DZNE widmet sich der Entwicklung neuer Strategien der Pr\u00e4vention, Diagnose, Pflege und Behandlung \u2013 und deren \u00dcberf\u00fchrung in die Praxis. Es hat bundesweit zehn Standorte und kooperiert mit Universit\u00e4ten, Universit\u00e4tskliniken und anderen Institutionen im In- und Ausland. Das Institut wird staatlich gef\u00f6rdert, es ist Mitglied der Helmholtz-Gemeinschaft und der Deutschen Zentren der Gesundheitsforschung.<\/p>\n\n\n\n<p class=\"wp-block-paragraph\"><strong>Die Otto-von-Guericke-Universit\u00e4t Magdeburg<\/strong>\u00a0wurde 1993 mit dem Zusammenschluss der Technischen Universit\u00e4t Magdeburg, der P\u00e4dagogischen Hochschule sowie der Medizinischen Akademie Magdeburg gegr\u00fcndet. Als international gepr\u00e4gte Profiluniversit\u00e4t bietet eine breite Palette an Studieng\u00e4ngen in den Bereichen Ingenieur-, Natur-, Wirtschafts- und Sozialwissenschaften sowie Medizin an. Die Universit\u00e4t zeichnet sich durch eine starke Interdisziplinarit\u00e4t in Forschung und Lehre aus, insbesondere in den Bereichen Neurowissenschaften, Medizintechnik, Maschinenbau, Elektrotechnik und Informationstechnologie. Benannt nach dem Erfinder und B\u00fcrgermeister der Stadt Magdeburg, Otto von Guericke, ist die Universit\u00e4t durch ihre moderne Infrastruktur, hervorragende Lehre und internationalen Ausrichtung ein attraktiver Standort f\u00fcr Studierende und Wissenschaftlerinnen und Wissenschaftler aus der ganzen Welt.<\/p>\n\n\n\n<h3 class=\"wp-block-heading\">Originalver\u00f6ffentlichung<\/h3>\n\n\n\n<p class=\"wp-block-paragraph\"><strong>Identifying older adults at risk for dementia based on smartphone data obtained during a wayfinding task in the real world<\/strong>.<br>Jonas Marquardt et al.<br>PLOS Digital Health (2024)<br>DOI:\u00a0<a href=\"https:\/\/journals.plos.org\/digitalhealth\/article?id=10.1371\/journal.pdig.0000613\" target=\"_blank\" rel=\"noreferrer noopener\">10.1371\/journal.pdig.0000613<\/a><\/p>\n\n\n\n<p class=\"wp-block-paragraph\">Copyright: <a href=\"https:\/\/www.dzne.de\/aktuelles\/pressemitteilungen\/presse\/schnitzeljagd-mit-dem-handy-erkennt-demenzgefaehrdete-personen\/\">Presse DZNE<\/a><\/p>\n","protected":false},"excerpt":{"rendered":"<p>Studie: Mobilit\u00e4tsdaten lassen auf geistige Fitness schlie\u00dfen Magdeburg, 3. Oktober 2024. Forschende des DZNE und der&nbsp;Otto-von-Guericke-Universit\u00e4t Magdeburg&nbsp;haben Personen mit erh\u00f6htem Demenzrisiko anhand von Bewegungsdaten identifiziert, die w\u00e4hrend einer \u201eSchnitzeljagd\u201c auf dem Uni-Campus per Smartphone erfasst wurden. Sie berichten dar\u00fcber in der Fachzeitschrift \u201ePLOS Digital Health\u201c. Die Studienergebnisse zeigen, dass Smartphone-Daten aus alltagsnahen Situationen zur Fr\u00fcherkennung [&hellip;]<\/p>\n","protected":false},"author":4,"featured_media":0,"comment_status":"closed","ping_status":"closed","sticky":false,"template":"","format":"standard","meta":{"_crdt_document":"","_uag_custom_page_level_css":"","footnotes":""},"categories":[288,281,219,220],"tags":[354,600,368,803,1214,331,1215,372,1216,330,312],"class_list":["post-23392","post","type-post","status-publish","format-standard","hentry","category-all-news-and-events-de","category-alle-news-und-events","category-events-de","category-news-de","tag-alzheimer","tag-anne-maass-3","tag-demenz","tag-dzne-2","tag-jonas-marquardt-2","tag-magdeburg","tag-nadine-diersch-2","tag-neurowissenschaften","tag-ovgu-2","tag-sfb-1436","tag-studie"],"yoast_head":"<!-- This site is optimized with the Yoast SEO plugin v27.1.1 - https:\/\/yoast.com\/product\/yoast-seo-wordpress\/ -->\n<title>\u201eSchnitzeljagd\u201c mit dem Handy<\/title>\n<meta name=\"description\" content=\"Forschende des DZNE und der\u00a0Otto-von-Guericke-Universit\u00e4t Magdeburg\u00a0haben Personen mit erh\u00f6htem Demenzrisiko anhand von Bewegungsdaten...\" \/>\n<meta name=\"robots\" content=\"index, follow, max-snippet:-1, max-image-preview:large, max-video-preview:-1\" \/>\n<link rel=\"canonical\" href=\"https:\/\/sfb1436.de\/de\/schnitzeljagd-mit-dem-handy-erkennt-demenzgefaehrdete-personen\/\" \/>\n<meta property=\"og:locale\" content=\"de_DE\" \/>\n<meta property=\"og:type\" content=\"article\" \/>\n<meta property=\"og:title\" content=\"\u201eSchnitzeljagd\u201c mit dem Handy\" \/>\n<meta property=\"og:description\" content=\"Forschende des DZNE und der\u00a0Otto-von-Guericke-Universit\u00e4t Magdeburg\u00a0haben Personen mit erh\u00f6htem Demenzrisiko anhand von Bewegungsdaten...\" \/>\n<meta property=\"og:url\" content=\"https:\/\/sfb1436.de\/de\/schnitzeljagd-mit-dem-handy-erkennt-demenzgefaehrdete-personen\/\" \/>\n<meta property=\"og:site_name\" content=\"SFB1436\" \/>\n<meta property=\"article:published_time\" content=\"2024-10-21T12:09:50+00:00\" \/>\n<meta property=\"article:modified_time\" content=\"2024-10-24T12:13:17+00:00\" \/>\n<meta name=\"author\" content=\"redakteur\" \/>\n<meta name=\"twitter:card\" content=\"summary_large_image\" \/>\n<meta name=\"twitter:label1\" content=\"Verfasst von\" \/>\n\t<meta name=\"twitter:data1\" content=\"redakteur\" \/>\n\t<meta name=\"twitter:label2\" content=\"Gesch\u00e4tzte Lesezeit\" \/>\n\t<meta name=\"twitter:data2\" content=\"6\u00a0Minuten\" \/>\n<script type=\"application\/ld+json\" class=\"yoast-schema-graph\">{\"@context\":\"https:\/\/schema.org\",\"@graph\":[{\"@type\":\"ScholarlyArticle\",\"@id\":\"https:\/\/sfb1436.de\/de\/schnitzeljagd-mit-dem-handy-erkennt-demenzgefaehrdete-personen\/#article\",\"isPartOf\":{\"@id\":\"https:\/\/sfb1436.de\/de\/schnitzeljagd-mit-dem-handy-erkennt-demenzgefaehrdete-personen\/\"},\"author\":{\"name\":\"redakteur\",\"@id\":\"https:\/\/sfb1436.de\/de\/#\/schema\/person\/c0ef0d254080f73ef2aa76e57caa6d12\"},\"headline\":\"\u201eSchnitzeljagd\u201c mit dem Handy erkennt demenzgef\u00e4hrdete Personen\",\"datePublished\":\"2024-10-21T12:09:50+00:00\",\"dateModified\":\"2024-10-24T12:13:17+00:00\",\"mainEntityOfPage\":{\"@id\":\"https:\/\/sfb1436.de\/de\/schnitzeljagd-mit-dem-handy-erkennt-demenzgefaehrdete-personen\/\"},\"wordCount\":1178,\"publisher\":{\"@id\":\"https:\/\/sfb1436.de\/de\/#organization\"},\"keywords\":[\"Alzheimer\",\"Anne Maa\u00df\",\"Demenz\",\"DZNE\",\"Jonas Marquardt\",\"Magdeburg\",\"Nadine Diersch\",\"Neurowissenschaften\",\"OVGU\",\"SFB 1436\",\"Studie\"],\"articleSection\":[\"All News and Events\",\"Alle News und Events\",\"Events\",\"News\"],\"inLanguage\":\"de\"},{\"@type\":\"WebPage\",\"@id\":\"https:\/\/sfb1436.de\/de\/schnitzeljagd-mit-dem-handy-erkennt-demenzgefaehrdete-personen\/\",\"url\":\"https:\/\/sfb1436.de\/de\/schnitzeljagd-mit-dem-handy-erkennt-demenzgefaehrdete-personen\/\",\"name\":\"\u201eSchnitzeljagd\u201c mit dem Handy\",\"isPartOf\":{\"@id\":\"https:\/\/sfb1436.de\/de\/#website\"},\"datePublished\":\"2024-10-21T12:09:50+00:00\",\"dateModified\":\"2024-10-24T12:13:17+00:00\",\"description\":\"Forschende des DZNE und der\u00a0Otto-von-Guericke-Universit\u00e4t Magdeburg\u00a0haben Personen mit erh\u00f6htem Demenzrisiko anhand von Bewegungsdaten...\",\"breadcrumb\":{\"@id\":\"https:\/\/sfb1436.de\/de\/schnitzeljagd-mit-dem-handy-erkennt-demenzgefaehrdete-personen\/#breadcrumb\"},\"inLanguage\":\"de\",\"potentialAction\":[{\"@type\":\"ReadAction\",\"target\":[\"https:\/\/sfb1436.de\/de\/schnitzeljagd-mit-dem-handy-erkennt-demenzgefaehrdete-personen\/\"]}]},{\"@type\":\"BreadcrumbList\",\"@id\":\"https:\/\/sfb1436.de\/de\/schnitzeljagd-mit-dem-handy-erkennt-demenzgefaehrdete-personen\/#breadcrumb\",\"itemListElement\":[{\"@type\":\"ListItem\",\"position\":1,\"name\":\"Startseite\",\"item\":\"https:\/\/sfb1436.de\/de\/\"},{\"@type\":\"ListItem\",\"position\":2,\"name\":\"\u201eSchnitzeljagd\u201c mit dem Handy erkennt demenzgef\u00e4hrdete Personen\"}]},{\"@type\":\"WebSite\",\"@id\":\"https:\/\/sfb1436.de\/de\/#website\",\"url\":\"https:\/\/sfb1436.de\/de\/\",\"name\":\"SFB1436\",\"description\":\"\",\"publisher\":{\"@id\":\"https:\/\/sfb1436.de\/de\/#organization\"},\"potentialAction\":[{\"@type\":\"SearchAction\",\"target\":{\"@type\":\"EntryPoint\",\"urlTemplate\":\"https:\/\/sfb1436.de\/de\/?s={search_term_string}\"},\"query-input\":{\"@type\":\"PropertyValueSpecification\",\"valueRequired\":true,\"valueName\":\"search_term_string\"}}],\"inLanguage\":\"de\"},{\"@type\":\"Organization\",\"@id\":\"https:\/\/sfb1436.de\/de\/#organization\",\"name\":\"Otto-von-Guericke Universit\u00e4t Medizinische Fakult\u00e4t Institut f\u00fcr Kognitive Neurologie und Demenzforschung\",\"url\":\"https:\/\/sfb1436.de\/de\/\",\"logo\":{\"@type\":\"ImageObject\",\"inLanguage\":\"de\",\"@id\":\"https:\/\/sfb1436.de\/de\/#\/schema\/logo\/image\/\",\"url\":\"https:\/\/sfb1436.de\/wp-content\/uploads\/2021\/12\/logo-sfb.png\",\"contentUrl\":\"https:\/\/sfb1436.de\/wp-content\/uploads\/2021\/12\/logo-sfb.png\",\"width\":1244,\"height\":820,\"caption\":\"Otto-von-Guericke Universit\u00e4t Medizinische Fakult\u00e4t Institut f\u00fcr Kognitive Neurologie und Demenzforschung\"},\"image\":{\"@id\":\"https:\/\/sfb1436.de\/de\/#\/schema\/logo\/image\/\"}},{\"@type\":\"Person\",\"@id\":\"https:\/\/sfb1436.de\/de\/#\/schema\/person\/c0ef0d254080f73ef2aa76e57caa6d12\",\"name\":\"redakteur\"}]}<\/script>\n<!-- \/ Yoast SEO plugin. -->","yoast_head_json":{"title":"\u201eSchnitzeljagd\u201c mit dem Handy","description":"Forschende des DZNE und der\u00a0Otto-von-Guericke-Universit\u00e4t Magdeburg\u00a0haben Personen mit erh\u00f6htem Demenzrisiko anhand von Bewegungsdaten...","robots":{"index":"index","follow":"follow","max-snippet":"max-snippet:-1","max-image-preview":"max-image-preview:large","max-video-preview":"max-video-preview:-1"},"canonical":"https:\/\/sfb1436.de\/de\/schnitzeljagd-mit-dem-handy-erkennt-demenzgefaehrdete-personen\/","og_locale":"de_DE","og_type":"article","og_title":"\u201eSchnitzeljagd\u201c mit dem Handy","og_description":"Forschende des DZNE und der\u00a0Otto-von-Guericke-Universit\u00e4t Magdeburg\u00a0haben Personen mit erh\u00f6htem Demenzrisiko anhand von Bewegungsdaten...","og_url":"https:\/\/sfb1436.de\/de\/schnitzeljagd-mit-dem-handy-erkennt-demenzgefaehrdete-personen\/","og_site_name":"SFB1436","article_published_time":"2024-10-21T12:09:50+00:00","article_modified_time":"2024-10-24T12:13:17+00:00","author":"redakteur","twitter_card":"summary_large_image","twitter_misc":{"Verfasst von":"redakteur","Gesch\u00e4tzte Lesezeit":"6\u00a0Minuten"},"schema":{"@context":"https:\/\/schema.org","@graph":[{"@type":"ScholarlyArticle","@id":"https:\/\/sfb1436.de\/de\/schnitzeljagd-mit-dem-handy-erkennt-demenzgefaehrdete-personen\/#article","isPartOf":{"@id":"https:\/\/sfb1436.de\/de\/schnitzeljagd-mit-dem-handy-erkennt-demenzgefaehrdete-personen\/"},"author":{"name":"redakteur","@id":"https:\/\/sfb1436.de\/de\/#\/schema\/person\/c0ef0d254080f73ef2aa76e57caa6d12"},"headline":"\u201eSchnitzeljagd\u201c mit dem Handy erkennt demenzgef\u00e4hrdete Personen","datePublished":"2024-10-21T12:09:50+00:00","dateModified":"2024-10-24T12:13:17+00:00","mainEntityOfPage":{"@id":"https:\/\/sfb1436.de\/de\/schnitzeljagd-mit-dem-handy-erkennt-demenzgefaehrdete-personen\/"},"wordCount":1178,"publisher":{"@id":"https:\/\/sfb1436.de\/de\/#organization"},"keywords":["Alzheimer","Anne Maa\u00df","Demenz","DZNE","Jonas Marquardt","Magdeburg","Nadine Diersch","Neurowissenschaften","OVGU","SFB 1436","Studie"],"articleSection":["All News and Events","Alle News und Events","Events","News"],"inLanguage":"de"},{"@type":"WebPage","@id":"https:\/\/sfb1436.de\/de\/schnitzeljagd-mit-dem-handy-erkennt-demenzgefaehrdete-personen\/","url":"https:\/\/sfb1436.de\/de\/schnitzeljagd-mit-dem-handy-erkennt-demenzgefaehrdete-personen\/","name":"\u201eSchnitzeljagd\u201c mit dem Handy","isPartOf":{"@id":"https:\/\/sfb1436.de\/de\/#website"},"datePublished":"2024-10-21T12:09:50+00:00","dateModified":"2024-10-24T12:13:17+00:00","description":"Forschende des DZNE und der\u00a0Otto-von-Guericke-Universit\u00e4t Magdeburg\u00a0haben Personen mit erh\u00f6htem Demenzrisiko anhand von Bewegungsdaten...","breadcrumb":{"@id":"https:\/\/sfb1436.de\/de\/schnitzeljagd-mit-dem-handy-erkennt-demenzgefaehrdete-personen\/#breadcrumb"},"inLanguage":"de","potentialAction":[{"@type":"ReadAction","target":["https:\/\/sfb1436.de\/de\/schnitzeljagd-mit-dem-handy-erkennt-demenzgefaehrdete-personen\/"]}]},{"@type":"BreadcrumbList","@id":"https:\/\/sfb1436.de\/de\/schnitzeljagd-mit-dem-handy-erkennt-demenzgefaehrdete-personen\/#breadcrumb","itemListElement":[{"@type":"ListItem","position":1,"name":"Startseite","item":"https:\/\/sfb1436.de\/de\/"},{"@type":"ListItem","position":2,"name":"\u201eSchnitzeljagd\u201c mit dem Handy erkennt demenzgef\u00e4hrdete Personen"}]},{"@type":"WebSite","@id":"https:\/\/sfb1436.de\/de\/#website","url":"https:\/\/sfb1436.de\/de\/","name":"SFB1436","description":"","publisher":{"@id":"https:\/\/sfb1436.de\/de\/#organization"},"potentialAction":[{"@type":"SearchAction","target":{"@type":"EntryPoint","urlTemplate":"https:\/\/sfb1436.de\/de\/?s={search_term_string}"},"query-input":{"@type":"PropertyValueSpecification","valueRequired":true,"valueName":"search_term_string"}}],"inLanguage":"de"},{"@type":"Organization","@id":"https:\/\/sfb1436.de\/de\/#organization","name":"Otto-von-Guericke Universit\u00e4t Medizinische Fakult\u00e4t Institut f\u00fcr Kognitive Neurologie und Demenzforschung","url":"https:\/\/sfb1436.de\/de\/","logo":{"@type":"ImageObject","inLanguage":"de","@id":"https:\/\/sfb1436.de\/de\/#\/schema\/logo\/image\/","url":"https:\/\/sfb1436.de\/wp-content\/uploads\/2021\/12\/logo-sfb.png","contentUrl":"https:\/\/sfb1436.de\/wp-content\/uploads\/2021\/12\/logo-sfb.png","width":1244,"height":820,"caption":"Otto-von-Guericke Universit\u00e4t Medizinische Fakult\u00e4t Institut f\u00fcr Kognitive Neurologie und Demenzforschung"},"image":{"@id":"https:\/\/sfb1436.de\/de\/#\/schema\/logo\/image\/"}},{"@type":"Person","@id":"https:\/\/sfb1436.de\/de\/#\/schema\/person\/c0ef0d254080f73ef2aa76e57caa6d12","name":"redakteur"}]}},"uagb_featured_image_src":{"full":false,"thumbnail":false,"medium":false,"medium_large":false,"large":false,"gs-tiny":false,"xl":false,"xxl":false,"xxxl":false,"xxxxl":false,"xxxxxl":false,"1536x1536":false,"2048x2048":false,"awsm_team":false},"uagb_author_info":{"display_name":"redakteur","author_link":"https:\/\/sfb1436.de\/de\/author\/redakteur\/"},"uagb_comment_info":0,"uagb_excerpt":"Studie: Mobilit\u00e4tsdaten lassen auf geistige Fitness schlie\u00dfen Magdeburg, 3. Oktober 2024. Forschende des DZNE und der&nbsp;Otto-von-Guericke-Universit\u00e4t Magdeburg&nbsp;haben Personen mit erh\u00f6htem Demenzrisiko anhand von Bewegungsdaten identifiziert, die w\u00e4hrend einer \u201eSchnitzeljagd\u201c auf dem Uni-Campus per Smartphone erfasst wurden. Sie berichten dar\u00fcber in der Fachzeitschrift \u201ePLOS Digital Health\u201c. Die Studienergebnisse zeigen, dass Smartphone-Daten aus alltagsnahen Situationen zur Fr\u00fcherkennung&hellip;","_links":{"self":[{"href":"https:\/\/sfb1436.de\/de\/wp-json\/wp\/v2\/posts\/23392","targetHints":{"allow":["GET"]}}],"collection":[{"href":"https:\/\/sfb1436.de\/de\/wp-json\/wp\/v2\/posts"}],"about":[{"href":"https:\/\/sfb1436.de\/de\/wp-json\/wp\/v2\/types\/post"}],"author":[{"embeddable":true,"href":"https:\/\/sfb1436.de\/de\/wp-json\/wp\/v2\/users\/4"}],"replies":[{"embeddable":true,"href":"https:\/\/sfb1436.de\/de\/wp-json\/wp\/v2\/comments?post=23392"}],"version-history":[{"count":1,"href":"https:\/\/sfb1436.de\/de\/wp-json\/wp\/v2\/posts\/23392\/revisions"}],"predecessor-version":[{"id":23393,"href":"https:\/\/sfb1436.de\/de\/wp-json\/wp\/v2\/posts\/23392\/revisions\/23393"}],"wp:attachment":[{"href":"https:\/\/sfb1436.de\/de\/wp-json\/wp\/v2\/media?parent=23392"}],"wp:term":[{"taxonomy":"category","embeddable":true,"href":"https:\/\/sfb1436.de\/de\/wp-json\/wp\/v2\/categories?post=23392"},{"taxonomy":"post_tag","embeddable":true,"href":"https:\/\/sfb1436.de\/de\/wp-json\/wp\/v2\/tags?post=23392"}],"curies":[{"name":"wp","href":"https:\/\/api.w.org\/{rel}","templated":true}]}}