{"id":22729,"date":"2024-09-13T14:59:42","date_gmt":"2024-09-13T12:59:42","guid":{"rendered":"https:\/\/sfb1436.de\/?p=22729"},"modified":"2025-05-19T06:30:16","modified_gmt":"2025-05-19T04:30:16","slug":"am-21-september-2024-ist-welt-alzheimertag","status":"publish","type":"post","link":"https:\/\/sfb1436.de\/de\/am-21-september-2024-ist-welt-alzheimertag\/","title":{"rendered":"Am 21. September 2024 ist Welt-Alzheimertag"},"content":{"rendered":"\n<div class=\"wp-block-columns alignwide is-layout-flex wp-container-core-columns-is-layout-f56f613f wp-block-columns-is-layout-flex\">\n<div class=\"wp-block-column is-layout-flow wp-block-column-is-layout-flow\" style=\"flex-basis:33.33%\">\n<figure class=\"wp-block-image aligncenter size-large\"><a href=\"https:\/\/sfb1436.de\/wp-content\/uploads\/2024\/09\/Programm_2024_final.pdf\"><img fetchpriority=\"high\" decoding=\"async\" width=\"724\" height=\"1024\" src=\"https:\/\/sfb1436.de\/wp-content\/uploads\/2024\/09\/Programm_2024_final-724x1024.webp\" alt=\"schedule third Magdeburger Demenztag\" class=\"wp-image-22727\" srcset=\"https:\/\/sfb1436.de\/wp-content\/uploads\/2024\/09\/Programm_2024_final-724x1024.webp 724w, https:\/\/sfb1436.de\/wp-content\/uploads\/2024\/09\/Programm_2024_final-212x300.webp 212w, https:\/\/sfb1436.de\/wp-content\/uploads\/2024\/09\/Programm_2024_final-768x1086.webp 768w, https:\/\/sfb1436.de\/wp-content\/uploads\/2024\/09\/Programm_2024_final-50x71.webp 50w, https:\/\/sfb1436.de\/wp-content\/uploads\/2024\/09\/Programm_2024_final-1600x2263.webp 1600w, https:\/\/sfb1436.de\/wp-content\/uploads\/2024\/09\/Programm_2024_final-1086x1536.webp 1086w, https:\/\/sfb1436.de\/wp-content\/uploads\/2024\/09\/Programm_2024_final-1448x2048.webp 1448w, https:\/\/sfb1436.de\/wp-content\/uploads\/2024\/09\/Programm_2024_final-scaled.webp 1810w\" sizes=\"(max-width: 724px) 100vw, 724px\" \/><\/a><\/figure>\n<\/div>\n\n\n\n<div class=\"wp-block-column is-layout-flow wp-block-column-is-layout-flow\" style=\"flex-basis:66.66%\">\n<p class=\"wp-block-paragraph\">Das Magdeburger Demenznetzwerk l\u00e4dt alle Interessierten zum 3. Magdeburger Demenztag ein. Im Rahmen des Welt-Alzheimertages am 21. September 2024 machen zahlreiche Initiativen auf die Krankheit aufmerksam. <\/p>\n\n\n\n<p class=\"wp-block-paragraph\">So findet auf Initiative des Magdeburger Demenznetzwerk ab 10 Uhr ein spannendes Programm im DZNE im Geb\u00e4ude 64 auf dem Gel\u00e4nde des Universit\u00e4tsklinikums Magdeburg statt. <\/p>\n\n\n\n<p class=\"wp-block-paragraph\">Sie sind herzlich zu dieser kostenfreien Veranstaltung eingeladen! Eine Anmeldung ist nicht erforderlich.<\/p>\n<\/div>\n<\/div>\n","protected":false},"excerpt":{"rendered":"<p>Das Magdeburger Demenznetzwerk l\u00e4dt alle Interessierten zum 3. Magdeburger Demenztag ein. Im Rahmen des Welt-Alzheimertages am 21. September 2024 machen zahlreiche Initiativen auf die Krankheit aufmerksam. So findet auf Initiative des Magdeburger Demenznetzwerk ab 10 Uhr ein spannendes Programm im DZNE im Geb\u00e4ude 64 auf dem Gel\u00e4nde des Universit\u00e4tsklinikums Magdeburg statt. Sie sind herzlich zu [&hellip;]<\/p>\n","protected":false},"author":4,"featured_media":22723,"comment_status":"closed","ping_status":"closed","sticky":false,"template":"","format":"standard","meta":{"_crdt_document":"","_uag_custom_page_level_css":"","footnotes":""},"categories":[288,281,219,220],"tags":[356,354,368,1135,331,372,621,355],"class_list":["post-22729","post","type-post","status-publish","format-standard","has-post-thumbnail","hentry","category-all-news-and-events-de","category-alle-news-und-events","category-events-de","category-news-de","tag-21-september","tag-alzheimer","tag-demenz","tag-erfahrungsberichte","tag-magdeburg","tag-neurowissenschaften","tag-vortraege","tag-welt-alzheimertag"],"yoast_head":"<!-- This site is optimized with the Yoast SEO plugin v27.1.1 - https:\/\/yoast.com\/product\/yoast-seo-wordpress\/ -->\n<title>Am 21. September 2024 ist Welt-Alzheimertag<\/title>\n<meta name=\"description\" content=\"Das Magdeburger Demenznetzwerk l\u00e4dt alle Interessierten zum 3. Magdeburger Demenztag am 21. September 2024 ein.\" \/>\n<meta name=\"robots\" content=\"index, follow, max-snippet:-1, max-image-preview:large, max-video-preview:-1\" \/>\n<link rel=\"canonical\" href=\"https:\/\/sfb1436.de\/de\/am-21-september-2024-ist-welt-alzheimertag\/\" \/>\n<meta property=\"og:locale\" content=\"de_DE\" \/>\n<meta property=\"og:type\" content=\"article\" \/>\n<meta property=\"og:title\" content=\"Am 21. September 2024 ist Welt-Alzheimertag\" \/>\n<meta property=\"og:description\" content=\"Das Magdeburger Demenznetzwerk l\u00e4dt alle Interessierten zum 3. Magdeburger Demenztag am 21. September 2024 ein.\" \/>\n<meta property=\"og:url\" content=\"https:\/\/sfb1436.de\/de\/am-21-september-2024-ist-welt-alzheimertag\/\" \/>\n<meta property=\"og:site_name\" content=\"SFB1436\" \/>\n<meta property=\"article:published_time\" content=\"2024-09-13T12:59:42+00:00\" \/>\n<meta property=\"article:modified_time\" content=\"2025-05-19T04:30:16+00:00\" \/>\n<meta property=\"og:image\" content=\"https:\/\/sfb1436.de\/wp-content\/uploads\/2024\/09\/Demenztag.webp\" \/>\n\t<meta property=\"og:image:width\" content=\"2380\" \/>\n\t<meta property=\"og:image:height\" content=\"360\" \/>\n\t<meta property=\"og:image:type\" content=\"image\/webp\" \/>\n<meta name=\"author\" content=\"redakteur\" \/>\n<meta name=\"twitter:card\" content=\"summary_large_image\" \/>\n<meta name=\"twitter:label1\" content=\"Verfasst von\" \/>\n\t<meta name=\"twitter:data1\" content=\"redakteur\" \/>\n\t<meta name=\"twitter:label2\" content=\"Gesch\u00e4tzte Lesezeit\" \/>\n\t<meta name=\"twitter:data2\" content=\"1\u00a0Minute\" \/>\n<script type=\"application\/ld+json\" class=\"yoast-schema-graph\">{\"@context\":\"https:\/\/schema.org\",\"@graph\":[{\"@type\":\"ScholarlyArticle\",\"@id\":\"https:\/\/sfb1436.de\/de\/am-21-september-2024-ist-welt-alzheimertag\/#article\",\"isPartOf\":{\"@id\":\"https:\/\/sfb1436.de\/de\/am-21-september-2024-ist-welt-alzheimertag\/\"},\"author\":{\"name\":\"redakteur\",\"@id\":\"https:\/\/sfb1436.de\/de\/#\/schema\/person\/c0ef0d254080f73ef2aa76e57caa6d12\"},\"headline\":\"Am 21. September 2024 ist Welt-Alzheimertag\",\"datePublished\":\"2024-09-13T12:59:42+00:00\",\"dateModified\":\"2025-05-19T04:30:16+00:00\",\"mainEntityOfPage\":{\"@id\":\"https:\/\/sfb1436.de\/de\/am-21-september-2024-ist-welt-alzheimertag\/\"},\"wordCount\":67,\"publisher\":{\"@id\":\"https:\/\/sfb1436.de\/de\/#organization\"},\"image\":{\"@id\":\"https:\/\/sfb1436.de\/de\/am-21-september-2024-ist-welt-alzheimertag\/#primaryimage\"},\"thumbnailUrl\":\"https:\/\/sfb1436.de\/wp-content\/uploads\/2024\/09\/Demenztag.webp\",\"keywords\":[\"21. September\",\"Alzheimer\",\"Demenz\",\"Erfahrungsberichte\",\"Magdeburg\",\"Neurowissenschaften\",\"Vortr\u00e4ge\",\"Welt-Alzheimertag\"],\"articleSection\":[\"All News and Events\",\"Alle News und Events\",\"Events\",\"News\"],\"inLanguage\":\"de\"},{\"@type\":\"WebPage\",\"@id\":\"https:\/\/sfb1436.de\/de\/am-21-september-2024-ist-welt-alzheimertag\/\",\"url\":\"https:\/\/sfb1436.de\/de\/am-21-september-2024-ist-welt-alzheimertag\/\",\"name\":\"Am 21. September 2024 ist Welt-Alzheimertag\",\"isPartOf\":{\"@id\":\"https:\/\/sfb1436.de\/de\/#website\"},\"primaryImageOfPage\":{\"@id\":\"https:\/\/sfb1436.de\/de\/am-21-september-2024-ist-welt-alzheimertag\/#primaryimage\"},\"image\":{\"@id\":\"https:\/\/sfb1436.de\/de\/am-21-september-2024-ist-welt-alzheimertag\/#primaryimage\"},\"thumbnailUrl\":\"https:\/\/sfb1436.de\/wp-content\/uploads\/2024\/09\/Demenztag.webp\",\"datePublished\":\"2024-09-13T12:59:42+00:00\",\"dateModified\":\"2025-05-19T04:30:16+00:00\",\"description\":\"Das Magdeburger Demenznetzwerk l\u00e4dt alle Interessierten zum 3. Magdeburger Demenztag am 21. September 2024 ein.\",\"breadcrumb\":{\"@id\":\"https:\/\/sfb1436.de\/de\/am-21-september-2024-ist-welt-alzheimertag\/#breadcrumb\"},\"inLanguage\":\"de\",\"potentialAction\":[{\"@type\":\"ReadAction\",\"target\":[\"https:\/\/sfb1436.de\/de\/am-21-september-2024-ist-welt-alzheimertag\/\"]}]},{\"@type\":\"ImageObject\",\"inLanguage\":\"de\",\"@id\":\"https:\/\/sfb1436.de\/de\/am-21-september-2024-ist-welt-alzheimertag\/#primaryimage\",\"url\":\"https:\/\/sfb1436.de\/wp-content\/uploads\/2024\/09\/Demenztag.webp\",\"contentUrl\":\"https:\/\/sfb1436.de\/wp-content\/uploads\/2024\/09\/Demenztag.webp\",\"width\":2380,\"height\":360,\"caption\":\"Magdeburger Demenztage\"},{\"@type\":\"BreadcrumbList\",\"@id\":\"https:\/\/sfb1436.de\/de\/am-21-september-2024-ist-welt-alzheimertag\/#breadcrumb\",\"itemListElement\":[{\"@type\":\"ListItem\",\"position\":1,\"name\":\"Startseite\",\"item\":\"https:\/\/sfb1436.de\/de\/\"},{\"@type\":\"ListItem\",\"position\":2,\"name\":\"Am 21. September 2024 ist Welt-Alzheimertag\"}]},{\"@type\":\"WebSite\",\"@id\":\"https:\/\/sfb1436.de\/de\/#website\",\"url\":\"https:\/\/sfb1436.de\/de\/\",\"name\":\"SFB1436\",\"description\":\"\",\"publisher\":{\"@id\":\"https:\/\/sfb1436.de\/de\/#organization\"},\"potentialAction\":[{\"@type\":\"SearchAction\",\"target\":{\"@type\":\"EntryPoint\",\"urlTemplate\":\"https:\/\/sfb1436.de\/de\/?s={search_term_string}\"},\"query-input\":{\"@type\":\"PropertyValueSpecification\",\"valueRequired\":true,\"valueName\":\"search_term_string\"}}],\"inLanguage\":\"de\"},{\"@type\":\"Organization\",\"@id\":\"https:\/\/sfb1436.de\/de\/#organization\",\"name\":\"Otto-von-Guericke Universit\u00e4t Medizinische Fakult\u00e4t Institut f\u00fcr Kognitive Neurologie und Demenzforschung\",\"url\":\"https:\/\/sfb1436.de\/de\/\",\"logo\":{\"@type\":\"ImageObject\",\"inLanguage\":\"de\",\"@id\":\"https:\/\/sfb1436.de\/de\/#\/schema\/logo\/image\/\",\"url\":\"https:\/\/sfb1436.de\/wp-content\/uploads\/2021\/12\/logo-sfb.png\",\"contentUrl\":\"https:\/\/sfb1436.de\/wp-content\/uploads\/2021\/12\/logo-sfb.png\",\"width\":1244,\"height\":820,\"caption\":\"Otto-von-Guericke Universit\u00e4t Medizinische Fakult\u00e4t Institut f\u00fcr Kognitive Neurologie und Demenzforschung\"},\"image\":{\"@id\":\"https:\/\/sfb1436.de\/de\/#\/schema\/logo\/image\/\"}},{\"@type\":\"Person\",\"@id\":\"https:\/\/sfb1436.de\/de\/#\/schema\/person\/c0ef0d254080f73ef2aa76e57caa6d12\",\"name\":\"redakteur\"}]}<\/script>\n<!-- \/ Yoast SEO plugin. -->","yoast_head_json":{"title":"Am 21. September 2024 ist Welt-Alzheimertag","description":"Das Magdeburger Demenznetzwerk l\u00e4dt alle Interessierten zum 3. Magdeburger Demenztag am 21. September 2024 ein.","robots":{"index":"index","follow":"follow","max-snippet":"max-snippet:-1","max-image-preview":"max-image-preview:large","max-video-preview":"max-video-preview:-1"},"canonical":"https:\/\/sfb1436.de\/de\/am-21-september-2024-ist-welt-alzheimertag\/","og_locale":"de_DE","og_type":"article","og_title":"Am 21. September 2024 ist Welt-Alzheimertag","og_description":"Das Magdeburger Demenznetzwerk l\u00e4dt alle Interessierten zum 3. Magdeburger Demenztag am 21. September 2024 ein.","og_url":"https:\/\/sfb1436.de\/de\/am-21-september-2024-ist-welt-alzheimertag\/","og_site_name":"SFB1436","article_published_time":"2024-09-13T12:59:42+00:00","article_modified_time":"2025-05-19T04:30:16+00:00","og_image":[{"width":2380,"height":360,"url":"https:\/\/sfb1436.de\/wp-content\/uploads\/2024\/09\/Demenztag.webp","type":"image\/webp"}],"author":"redakteur","twitter_card":"summary_large_image","twitter_misc":{"Verfasst von":"redakteur","Gesch\u00e4tzte Lesezeit":"1\u00a0Minute"},"schema":{"@context":"https:\/\/schema.org","@graph":[{"@type":"ScholarlyArticle","@id":"https:\/\/sfb1436.de\/de\/am-21-september-2024-ist-welt-alzheimertag\/#article","isPartOf":{"@id":"https:\/\/sfb1436.de\/de\/am-21-september-2024-ist-welt-alzheimertag\/"},"author":{"name":"redakteur","@id":"https:\/\/sfb1436.de\/de\/#\/schema\/person\/c0ef0d254080f73ef2aa76e57caa6d12"},"headline":"Am 21. September 2024 ist Welt-Alzheimertag","datePublished":"2024-09-13T12:59:42+00:00","dateModified":"2025-05-19T04:30:16+00:00","mainEntityOfPage":{"@id":"https:\/\/sfb1436.de\/de\/am-21-september-2024-ist-welt-alzheimertag\/"},"wordCount":67,"publisher":{"@id":"https:\/\/sfb1436.de\/de\/#organization"},"image":{"@id":"https:\/\/sfb1436.de\/de\/am-21-september-2024-ist-welt-alzheimertag\/#primaryimage"},"thumbnailUrl":"https:\/\/sfb1436.de\/wp-content\/uploads\/2024\/09\/Demenztag.webp","keywords":["21. September","Alzheimer","Demenz","Erfahrungsberichte","Magdeburg","Neurowissenschaften","Vortr\u00e4ge","Welt-Alzheimertag"],"articleSection":["All News and Events","Alle News und Events","Events","News"],"inLanguage":"de"},{"@type":"WebPage","@id":"https:\/\/sfb1436.de\/de\/am-21-september-2024-ist-welt-alzheimertag\/","url":"https:\/\/sfb1436.de\/de\/am-21-september-2024-ist-welt-alzheimertag\/","name":"Am 21. September 2024 ist Welt-Alzheimertag","isPartOf":{"@id":"https:\/\/sfb1436.de\/de\/#website"},"primaryImageOfPage":{"@id":"https:\/\/sfb1436.de\/de\/am-21-september-2024-ist-welt-alzheimertag\/#primaryimage"},"image":{"@id":"https:\/\/sfb1436.de\/de\/am-21-september-2024-ist-welt-alzheimertag\/#primaryimage"},"thumbnailUrl":"https:\/\/sfb1436.de\/wp-content\/uploads\/2024\/09\/Demenztag.webp","datePublished":"2024-09-13T12:59:42+00:00","dateModified":"2025-05-19T04:30:16+00:00","description":"Das Magdeburger Demenznetzwerk l\u00e4dt alle Interessierten zum 3. Magdeburger Demenztag am 21. September 2024 ein.","breadcrumb":{"@id":"https:\/\/sfb1436.de\/de\/am-21-september-2024-ist-welt-alzheimertag\/#breadcrumb"},"inLanguage":"de","potentialAction":[{"@type":"ReadAction","target":["https:\/\/sfb1436.de\/de\/am-21-september-2024-ist-welt-alzheimertag\/"]}]},{"@type":"ImageObject","inLanguage":"de","@id":"https:\/\/sfb1436.de\/de\/am-21-september-2024-ist-welt-alzheimertag\/#primaryimage","url":"https:\/\/sfb1436.de\/wp-content\/uploads\/2024\/09\/Demenztag.webp","contentUrl":"https:\/\/sfb1436.de\/wp-content\/uploads\/2024\/09\/Demenztag.webp","width":2380,"height":360,"caption":"Magdeburger Demenztage"},{"@type":"BreadcrumbList","@id":"https:\/\/sfb1436.de\/de\/am-21-september-2024-ist-welt-alzheimertag\/#breadcrumb","itemListElement":[{"@type":"ListItem","position":1,"name":"Startseite","item":"https:\/\/sfb1436.de\/de\/"},{"@type":"ListItem","position":2,"name":"Am 21. September 2024 ist Welt-Alzheimertag"}]},{"@type":"WebSite","@id":"https:\/\/sfb1436.de\/de\/#website","url":"https:\/\/sfb1436.de\/de\/","name":"SFB1436","description":"","publisher":{"@id":"https:\/\/sfb1436.de\/de\/#organization"},"potentialAction":[{"@type":"SearchAction","target":{"@type":"EntryPoint","urlTemplate":"https:\/\/sfb1436.de\/de\/?s={search_term_string}"},"query-input":{"@type":"PropertyValueSpecification","valueRequired":true,"valueName":"search_term_string"}}],"inLanguage":"de"},{"@type":"Organization","@id":"https:\/\/sfb1436.de\/de\/#organization","name":"Otto-von-Guericke Universit\u00e4t Medizinische Fakult\u00e4t Institut f\u00fcr Kognitive Neurologie und Demenzforschung","url":"https:\/\/sfb1436.de\/de\/","logo":{"@type":"ImageObject","inLanguage":"de","@id":"https:\/\/sfb1436.de\/de\/#\/schema\/logo\/image\/","url":"https:\/\/sfb1436.de\/wp-content\/uploads\/2021\/12\/logo-sfb.png","contentUrl":"https:\/\/sfb1436.de\/wp-content\/uploads\/2021\/12\/logo-sfb.png","width":1244,"height":820,"caption":"Otto-von-Guericke Universit\u00e4t Medizinische Fakult\u00e4t Institut f\u00fcr Kognitive Neurologie und Demenzforschung"},"image":{"@id":"https:\/\/sfb1436.de\/de\/#\/schema\/logo\/image\/"}},{"@type":"Person","@id":"https:\/\/sfb1436.de\/de\/#\/schema\/person\/c0ef0d254080f73ef2aa76e57caa6d12","name":"redakteur"}]}},"uagb_featured_image_src":{"full":["https:\/\/sfb1436.de\/wp-content\/uploads\/2024\/09\/Demenztag.webp",2380,360,false],"thumbnail":["https:\/\/sfb1436.de\/wp-content\/uploads\/2024\/09\/Demenztag-150x150.webp",150,150,true],"medium":["https:\/\/sfb1436.de\/wp-content\/uploads\/2024\/09\/Demenztag-300x45.webp",300,45,true],"medium_large":["https:\/\/sfb1436.de\/wp-content\/uploads\/2024\/09\/Demenztag-768x116.webp",768,116,true],"large":["https:\/\/sfb1436.de\/wp-content\/uploads\/2024\/09\/Demenztag-1024x155.webp",1024,155,true],"gs-tiny":["https:\/\/sfb1436.de\/wp-content\/uploads\/2024\/09\/Demenztag-50x8.webp",50,8,true],"xl":["https:\/\/sfb1436.de\/wp-content\/uploads\/2024\/09\/Demenztag-1600x242.webp",1600,242,true],"xxl":["https:\/\/sfb1436.de\/wp-content\/uploads\/2024\/09\/Demenztag-2200x333.webp",2200,333,true],"xxxl":["https:\/\/sfb1436.de\/wp-content\/uploads\/2024\/09\/Demenztag.webp",2380,360,false],"xxxxl":["https:\/\/sfb1436.de\/wp-content\/uploads\/2024\/09\/Demenztag.webp",2380,360,false],"xxxxxl":["https:\/\/sfb1436.de\/wp-content\/uploads\/2024\/09\/Demenztag.webp",2380,360,false],"1536x1536":["https:\/\/sfb1436.de\/wp-content\/uploads\/2024\/09\/Demenztag-1536x232.webp",1536,232,true],"2048x2048":["https:\/\/sfb1436.de\/wp-content\/uploads\/2024\/09\/Demenztag-2048x310.webp",2048,310,true],"awsm_team":["https:\/\/sfb1436.de\/wp-content\/uploads\/2024\/09\/Demenztag-800x360.webp",800,360,true]},"uagb_author_info":{"display_name":"redakteur","author_link":"https:\/\/sfb1436.de\/de\/author\/redakteur\/"},"uagb_comment_info":0,"uagb_excerpt":"Das Magdeburger Demenznetzwerk l\u00e4dt alle Interessierten zum 3. Magdeburger Demenztag ein. Im Rahmen des Welt-Alzheimertages am 21. September 2024 machen zahlreiche Initiativen auf die Krankheit aufmerksam. So findet auf Initiative des Magdeburger Demenznetzwerk ab 10 Uhr ein spannendes Programm im DZNE im Geb\u00e4ude 64 auf dem Gel\u00e4nde des Universit\u00e4tsklinikums Magdeburg statt. Sie sind herzlich zu&hellip;","_links":{"self":[{"href":"https:\/\/sfb1436.de\/de\/wp-json\/wp\/v2\/posts\/22729","targetHints":{"allow":["GET"]}}],"collection":[{"href":"https:\/\/sfb1436.de\/de\/wp-json\/wp\/v2\/posts"}],"about":[{"href":"https:\/\/sfb1436.de\/de\/wp-json\/wp\/v2\/types\/post"}],"author":[{"embeddable":true,"href":"https:\/\/sfb1436.de\/de\/wp-json\/wp\/v2\/users\/4"}],"replies":[{"embeddable":true,"href":"https:\/\/sfb1436.de\/de\/wp-json\/wp\/v2\/comments?post=22729"}],"version-history":[{"count":5,"href":"https:\/\/sfb1436.de\/de\/wp-json\/wp\/v2\/posts\/22729\/revisions"}],"predecessor-version":[{"id":27734,"href":"https:\/\/sfb1436.de\/de\/wp-json\/wp\/v2\/posts\/22729\/revisions\/27734"}],"wp:featuredmedia":[{"embeddable":true,"href":"https:\/\/sfb1436.de\/de\/wp-json\/wp\/v2\/media\/22723"}],"wp:attachment":[{"href":"https:\/\/sfb1436.de\/de\/wp-json\/wp\/v2\/media?parent=22729"}],"wp:term":[{"taxonomy":"category","embeddable":true,"href":"https:\/\/sfb1436.de\/de\/wp-json\/wp\/v2\/categories?post=22729"},{"taxonomy":"post_tag","embeddable":true,"href":"https:\/\/sfb1436.de\/de\/wp-json\/wp\/v2\/tags?post=22729"}],"curies":[{"name":"wp","href":"https:\/\/api.w.org\/{rel}","templated":true}]}}