{"id":22056,"date":"2024-08-09T12:04:02","date_gmt":"2024-08-09T10:04:02","guid":{"rendered":"https:\/\/sfb1436.de\/?p=22056"},"modified":"2024-08-27T12:09:21","modified_gmt":"2024-08-27T10:09:21","slug":"dr-rachel-lippert-zu-gast-im-lin","status":"publish","type":"post","link":"https:\/\/sfb1436.de\/de\/dr-rachel-lippert-zu-gast-im-lin\/","title":{"rendered":"Dr. Rachel Lippert zu Gast im LIN"},"content":{"rendered":"\n<p class=\"wp-block-paragraph\">Das Leibniz-Institut f\u00fcr Neurobiologie (LIN) in Magdeburg l\u00e4dt am Dienstag, den 20.08.2024, zu einem Vortrag mit Dr. Rachel Lippert vom Deutschen Institut f\u00fcr Ern\u00e4hrungsforschung Potsdam-Rehbr\u00fccke ein.<\/p>\n\n\n\n<p class=\"wp-block-paragraph\">Titel: Energy Balance and the Brain: Impacts of the metabolic environment in adulthood and development<\/p>\n\n\n\n<p class=\"wp-block-paragraph\">Wann: Dienstag, 20.08.2024, um 15 Uhr<\/p>\n\n\n\n<p class=\"wp-block-paragraph\">Wo: LIN, Ebbinghaus-Saal<\/p>\n\n\n\n<p class=\"wp-block-paragraph\">Wer: Dr. Rachel Lippert received her PhD from Vanderbilt University in Nashville, TN,USA in 2014 in Molecular Physiology and Biophysics where she worked<br>with Drs. Roger Cone and Kate Ellacott. She completed her postdoctoral training under the direction of Dr. Jens Br\u00fcning at the Max Planck Institute<br>for Metabolic Research in K\u00f6ln. In 2020 she was selected as a Junior Research Group Leader within the NeuroCure Cluster of Excellence at the Charit\u00e9 &#8211;<br>Universit\u00e4tsmedizin Berlin and opened her lab at the German Institute of Human Nutrition Potsdam-Rehbr\u00fccke. There she was futhur selected as a<br>Leibniz Best Minds Junior Group Leader. She leads the Neurocircuit Development and Function department and her team uses animal models to study the<br>complex interaction of the early nutritional and metabolic environment and the development of neural circuits in the brain and overall general effects<br>of energy state on brain function.<\/p>\n\n\n\n<p class=\"wp-block-paragraph\">Interessierte sind herzlich willkommen.<\/p>\n","protected":false},"excerpt":{"rendered":"<p>Das Leibniz-Institut f\u00fcr Neurobiologie (LIN) in Magdeburg l\u00e4dt am Dienstag, den 20.08.2024, zu einem Vortrag mit Dr. Rachel Lippert vom Deutschen Institut f\u00fcr Ern\u00e4hrungsforschung Potsdam-Rehbr\u00fccke ein. Titel: Energy Balance and the Brain: Impacts of the metabolic environment in adulthood and development Wann: Dienstag, 20.08.2024, um 15 Uhr Wo: LIN, Ebbinghaus-Saal Wer: Dr. Rachel Lippert received [&hellip;]<\/p>\n","protected":false},"author":4,"featured_media":0,"comment_status":"closed","ping_status":"closed","sticky":false,"template":"","format":"standard","meta":{"_crdt_document":"","_uag_custom_page_level_css":"","footnotes":""},"categories":[288,281,219,220],"tags":[675,331,372,1105,330,478],"class_list":["post-22056","post","type-post","status-publish","format-standard","hentry","category-all-news-and-events-de","category-alle-news-und-events","category-events-de","category-news-de","tag-lin","tag-magdeburg","tag-neurowissenschaften","tag-rachel-lippert","tag-sfb-1436","tag-vortrag"],"yoast_head":"<!-- This site is optimized with the Yoast SEO plugin v27.1.1 - https:\/\/yoast.com\/product\/yoast-seo-wordpress\/ -->\n<title>Dr. Rachel Lippert zu Gast im LIN<\/title>\n<meta name=\"description\" content=\"Das Leibniz-Institut f\u00fcr Neurobiologie (LIN) in Magdeburg l\u00e4dt am Dienstag, den 20.08.2024, zu einem Vortrag mit Dr. Rachel Lippert ein.\" \/>\n<meta name=\"robots\" content=\"index, follow, max-snippet:-1, max-image-preview:large, max-video-preview:-1\" \/>\n<link rel=\"canonical\" href=\"https:\/\/sfb1436.de\/de\/dr-rachel-lippert-zu-gast-im-lin\/\" \/>\n<meta property=\"og:locale\" content=\"de_DE\" \/>\n<meta property=\"og:type\" content=\"article\" \/>\n<meta property=\"og:title\" content=\"Dr. Rachel Lippert zu Gast im LIN\" \/>\n<meta property=\"og:description\" content=\"Das Leibniz-Institut f\u00fcr Neurobiologie (LIN) in Magdeburg l\u00e4dt am Dienstag, den 20.08.2024, zu einem Vortrag mit Dr. Rachel Lippert ein.\" \/>\n<meta property=\"og:url\" content=\"https:\/\/sfb1436.de\/de\/dr-rachel-lippert-zu-gast-im-lin\/\" \/>\n<meta property=\"og:site_name\" content=\"SFB1436\" \/>\n<meta property=\"article:published_time\" content=\"2024-08-09T10:04:02+00:00\" \/>\n<meta property=\"article:modified_time\" content=\"2024-08-27T10:09:21+00:00\" \/>\n<meta name=\"author\" content=\"redakteur\" \/>\n<meta name=\"twitter:card\" content=\"summary_large_image\" \/>\n<meta name=\"twitter:label1\" content=\"Verfasst von\" \/>\n\t<meta name=\"twitter:data1\" content=\"redakteur\" \/>\n\t<meta name=\"twitter:label2\" content=\"Gesch\u00e4tzte Lesezeit\" \/>\n\t<meta name=\"twitter:data2\" content=\"2\u00a0Minuten\" \/>\n<script type=\"application\/ld+json\" class=\"yoast-schema-graph\">{\"@context\":\"https:\/\/schema.org\",\"@graph\":[{\"@type\":\"ScholarlyArticle\",\"@id\":\"https:\/\/sfb1436.de\/de\/dr-rachel-lippert-zu-gast-im-lin\/#article\",\"isPartOf\":{\"@id\":\"https:\/\/sfb1436.de\/de\/dr-rachel-lippert-zu-gast-im-lin\/\"},\"author\":{\"name\":\"redakteur\",\"@id\":\"https:\/\/sfb1436.de\/de\/#\/schema\/person\/c0ef0d254080f73ef2aa76e57caa6d12\"},\"headline\":\"Dr. Rachel Lippert zu Gast im LIN\",\"datePublished\":\"2024-08-09T10:04:02+00:00\",\"dateModified\":\"2024-08-27T10:09:21+00:00\",\"mainEntityOfPage\":{\"@id\":\"https:\/\/sfb1436.de\/de\/dr-rachel-lippert-zu-gast-im-lin\/\"},\"wordCount\":205,\"publisher\":{\"@id\":\"https:\/\/sfb1436.de\/de\/#organization\"},\"keywords\":[\"LIN\",\"Magdeburg\",\"Neurowissenschaften\",\"Rachel Lippert\",\"SFB 1436\",\"Vortrag\"],\"articleSection\":[\"All News and Events\",\"Alle News und Events\",\"Events\",\"News\"],\"inLanguage\":\"de\"},{\"@type\":\"WebPage\",\"@id\":\"https:\/\/sfb1436.de\/de\/dr-rachel-lippert-zu-gast-im-lin\/\",\"url\":\"https:\/\/sfb1436.de\/de\/dr-rachel-lippert-zu-gast-im-lin\/\",\"name\":\"Dr. Rachel Lippert zu Gast im LIN\",\"isPartOf\":{\"@id\":\"https:\/\/sfb1436.de\/de\/#website\"},\"datePublished\":\"2024-08-09T10:04:02+00:00\",\"dateModified\":\"2024-08-27T10:09:21+00:00\",\"description\":\"Das Leibniz-Institut f\u00fcr Neurobiologie (LIN) in Magdeburg l\u00e4dt am Dienstag, den 20.08.2024, zu einem Vortrag mit Dr. Rachel Lippert ein.\",\"breadcrumb\":{\"@id\":\"https:\/\/sfb1436.de\/de\/dr-rachel-lippert-zu-gast-im-lin\/#breadcrumb\"},\"inLanguage\":\"de\",\"potentialAction\":[{\"@type\":\"ReadAction\",\"target\":[\"https:\/\/sfb1436.de\/de\/dr-rachel-lippert-zu-gast-im-lin\/\"]}]},{\"@type\":\"BreadcrumbList\",\"@id\":\"https:\/\/sfb1436.de\/de\/dr-rachel-lippert-zu-gast-im-lin\/#breadcrumb\",\"itemListElement\":[{\"@type\":\"ListItem\",\"position\":1,\"name\":\"Startseite\",\"item\":\"https:\/\/sfb1436.de\/de\/\"},{\"@type\":\"ListItem\",\"position\":2,\"name\":\"Dr. Rachel Lippert zu Gast im LIN\"}]},{\"@type\":\"WebSite\",\"@id\":\"https:\/\/sfb1436.de\/de\/#website\",\"url\":\"https:\/\/sfb1436.de\/de\/\",\"name\":\"SFB1436\",\"description\":\"\",\"publisher\":{\"@id\":\"https:\/\/sfb1436.de\/de\/#organization\"},\"potentialAction\":[{\"@type\":\"SearchAction\",\"target\":{\"@type\":\"EntryPoint\",\"urlTemplate\":\"https:\/\/sfb1436.de\/de\/?s={search_term_string}\"},\"query-input\":{\"@type\":\"PropertyValueSpecification\",\"valueRequired\":true,\"valueName\":\"search_term_string\"}}],\"inLanguage\":\"de\"},{\"@type\":\"Organization\",\"@id\":\"https:\/\/sfb1436.de\/de\/#organization\",\"name\":\"Otto-von-Guericke Universit\u00e4t Medizinische Fakult\u00e4t Institut f\u00fcr Kognitive Neurologie und Demenzforschung\",\"url\":\"https:\/\/sfb1436.de\/de\/\",\"logo\":{\"@type\":\"ImageObject\",\"inLanguage\":\"de\",\"@id\":\"https:\/\/sfb1436.de\/de\/#\/schema\/logo\/image\/\",\"url\":\"https:\/\/sfb1436.de\/wp-content\/uploads\/2021\/12\/logo-sfb.png\",\"contentUrl\":\"https:\/\/sfb1436.de\/wp-content\/uploads\/2021\/12\/logo-sfb.png\",\"width\":1244,\"height\":820,\"caption\":\"Otto-von-Guericke Universit\u00e4t Medizinische Fakult\u00e4t Institut f\u00fcr Kognitive Neurologie und Demenzforschung\"},\"image\":{\"@id\":\"https:\/\/sfb1436.de\/de\/#\/schema\/logo\/image\/\"}},{\"@type\":\"Person\",\"@id\":\"https:\/\/sfb1436.de\/de\/#\/schema\/person\/c0ef0d254080f73ef2aa76e57caa6d12\",\"name\":\"redakteur\"}]}<\/script>\n<!-- \/ Yoast SEO plugin. -->","yoast_head_json":{"title":"Dr. Rachel Lippert zu Gast im LIN","description":"Das Leibniz-Institut f\u00fcr Neurobiologie (LIN) in Magdeburg l\u00e4dt am Dienstag, den 20.08.2024, zu einem Vortrag mit Dr. Rachel Lippert ein.","robots":{"index":"index","follow":"follow","max-snippet":"max-snippet:-1","max-image-preview":"max-image-preview:large","max-video-preview":"max-video-preview:-1"},"canonical":"https:\/\/sfb1436.de\/de\/dr-rachel-lippert-zu-gast-im-lin\/","og_locale":"de_DE","og_type":"article","og_title":"Dr. Rachel Lippert zu Gast im LIN","og_description":"Das Leibniz-Institut f\u00fcr Neurobiologie (LIN) in Magdeburg l\u00e4dt am Dienstag, den 20.08.2024, zu einem Vortrag mit Dr. Rachel Lippert ein.","og_url":"https:\/\/sfb1436.de\/de\/dr-rachel-lippert-zu-gast-im-lin\/","og_site_name":"SFB1436","article_published_time":"2024-08-09T10:04:02+00:00","article_modified_time":"2024-08-27T10:09:21+00:00","author":"redakteur","twitter_card":"summary_large_image","twitter_misc":{"Verfasst von":"redakteur","Gesch\u00e4tzte Lesezeit":"2\u00a0Minuten"},"schema":{"@context":"https:\/\/schema.org","@graph":[{"@type":"ScholarlyArticle","@id":"https:\/\/sfb1436.de\/de\/dr-rachel-lippert-zu-gast-im-lin\/#article","isPartOf":{"@id":"https:\/\/sfb1436.de\/de\/dr-rachel-lippert-zu-gast-im-lin\/"},"author":{"name":"redakteur","@id":"https:\/\/sfb1436.de\/de\/#\/schema\/person\/c0ef0d254080f73ef2aa76e57caa6d12"},"headline":"Dr. Rachel Lippert zu Gast im LIN","datePublished":"2024-08-09T10:04:02+00:00","dateModified":"2024-08-27T10:09:21+00:00","mainEntityOfPage":{"@id":"https:\/\/sfb1436.de\/de\/dr-rachel-lippert-zu-gast-im-lin\/"},"wordCount":205,"publisher":{"@id":"https:\/\/sfb1436.de\/de\/#organization"},"keywords":["LIN","Magdeburg","Neurowissenschaften","Rachel Lippert","SFB 1436","Vortrag"],"articleSection":["All News and Events","Alle News und Events","Events","News"],"inLanguage":"de"},{"@type":"WebPage","@id":"https:\/\/sfb1436.de\/de\/dr-rachel-lippert-zu-gast-im-lin\/","url":"https:\/\/sfb1436.de\/de\/dr-rachel-lippert-zu-gast-im-lin\/","name":"Dr. Rachel Lippert zu Gast im LIN","isPartOf":{"@id":"https:\/\/sfb1436.de\/de\/#website"},"datePublished":"2024-08-09T10:04:02+00:00","dateModified":"2024-08-27T10:09:21+00:00","description":"Das Leibniz-Institut f\u00fcr Neurobiologie (LIN) in Magdeburg l\u00e4dt am Dienstag, den 20.08.2024, zu einem Vortrag mit Dr. Rachel Lippert ein.","breadcrumb":{"@id":"https:\/\/sfb1436.de\/de\/dr-rachel-lippert-zu-gast-im-lin\/#breadcrumb"},"inLanguage":"de","potentialAction":[{"@type":"ReadAction","target":["https:\/\/sfb1436.de\/de\/dr-rachel-lippert-zu-gast-im-lin\/"]}]},{"@type":"BreadcrumbList","@id":"https:\/\/sfb1436.de\/de\/dr-rachel-lippert-zu-gast-im-lin\/#breadcrumb","itemListElement":[{"@type":"ListItem","position":1,"name":"Startseite","item":"https:\/\/sfb1436.de\/de\/"},{"@type":"ListItem","position":2,"name":"Dr. Rachel Lippert zu Gast im LIN"}]},{"@type":"WebSite","@id":"https:\/\/sfb1436.de\/de\/#website","url":"https:\/\/sfb1436.de\/de\/","name":"SFB1436","description":"","publisher":{"@id":"https:\/\/sfb1436.de\/de\/#organization"},"potentialAction":[{"@type":"SearchAction","target":{"@type":"EntryPoint","urlTemplate":"https:\/\/sfb1436.de\/de\/?s={search_term_string}"},"query-input":{"@type":"PropertyValueSpecification","valueRequired":true,"valueName":"search_term_string"}}],"inLanguage":"de"},{"@type":"Organization","@id":"https:\/\/sfb1436.de\/de\/#organization","name":"Otto-von-Guericke Universit\u00e4t Medizinische Fakult\u00e4t Institut f\u00fcr Kognitive Neurologie und Demenzforschung","url":"https:\/\/sfb1436.de\/de\/","logo":{"@type":"ImageObject","inLanguage":"de","@id":"https:\/\/sfb1436.de\/de\/#\/schema\/logo\/image\/","url":"https:\/\/sfb1436.de\/wp-content\/uploads\/2021\/12\/logo-sfb.png","contentUrl":"https:\/\/sfb1436.de\/wp-content\/uploads\/2021\/12\/logo-sfb.png","width":1244,"height":820,"caption":"Otto-von-Guericke Universit\u00e4t Medizinische Fakult\u00e4t Institut f\u00fcr Kognitive Neurologie und Demenzforschung"},"image":{"@id":"https:\/\/sfb1436.de\/de\/#\/schema\/logo\/image\/"}},{"@type":"Person","@id":"https:\/\/sfb1436.de\/de\/#\/schema\/person\/c0ef0d254080f73ef2aa76e57caa6d12","name":"redakteur"}]}},"uagb_featured_image_src":{"full":false,"thumbnail":false,"medium":false,"medium_large":false,"large":false,"gs-tiny":false,"xl":false,"xxl":false,"xxxl":false,"xxxxl":false,"xxxxxl":false,"1536x1536":false,"2048x2048":false,"awsm_team":false},"uagb_author_info":{"display_name":"redakteur","author_link":"https:\/\/sfb1436.de\/de\/author\/redakteur\/"},"uagb_comment_info":0,"uagb_excerpt":"Das Leibniz-Institut f\u00fcr Neurobiologie (LIN) in Magdeburg l\u00e4dt am Dienstag, den 20.08.2024, zu einem Vortrag mit Dr. Rachel Lippert vom Deutschen Institut f\u00fcr Ern\u00e4hrungsforschung Potsdam-Rehbr\u00fccke ein. Titel: Energy Balance and the Brain: Impacts of the metabolic environment in adulthood and development Wann: Dienstag, 20.08.2024, um 15 Uhr Wo: LIN, Ebbinghaus-Saal Wer: Dr. Rachel Lippert received&hellip;","_links":{"self":[{"href":"https:\/\/sfb1436.de\/de\/wp-json\/wp\/v2\/posts\/22056","targetHints":{"allow":["GET"]}}],"collection":[{"href":"https:\/\/sfb1436.de\/de\/wp-json\/wp\/v2\/posts"}],"about":[{"href":"https:\/\/sfb1436.de\/de\/wp-json\/wp\/v2\/types\/post"}],"author":[{"embeddable":true,"href":"https:\/\/sfb1436.de\/de\/wp-json\/wp\/v2\/users\/4"}],"replies":[{"embeddable":true,"href":"https:\/\/sfb1436.de\/de\/wp-json\/wp\/v2\/comments?post=22056"}],"version-history":[{"count":1,"href":"https:\/\/sfb1436.de\/de\/wp-json\/wp\/v2\/posts\/22056\/revisions"}],"predecessor-version":[{"id":22057,"href":"https:\/\/sfb1436.de\/de\/wp-json\/wp\/v2\/posts\/22056\/revisions\/22057"}],"wp:attachment":[{"href":"https:\/\/sfb1436.de\/de\/wp-json\/wp\/v2\/media?parent=22056"}],"wp:term":[{"taxonomy":"category","embeddable":true,"href":"https:\/\/sfb1436.de\/de\/wp-json\/wp\/v2\/categories?post=22056"},{"taxonomy":"post_tag","embeddable":true,"href":"https:\/\/sfb1436.de\/de\/wp-json\/wp\/v2\/tags?post=22056"}],"curies":[{"name":"wp","href":"https:\/\/api.w.org\/{rel}","templated":true}]}}