{"id":21730,"date":"2023-03-27T13:07:00","date_gmt":"2023-03-27T11:07:00","guid":{"rendered":"https:\/\/sfb1436.de\/?p=21730"},"modified":"2024-07-06T13:12:03","modified_gmt":"2024-07-06T11:12:03","slug":"a-consensus-protocol-for-functional-connectivity-analysis-in-the-rat-brain","status":"publish","type":"post","link":"https:\/\/sfb1436.de\/de\/a-consensus-protocol-for-functional-connectivity-analysis-in-the-rat-brain\/","title":{"rendered":"A consensus protocol for functional connectivity analysis in the rat brain"},"content":{"rendered":"\n<p class=\"wp-block-paragraph\"><em>Joanes Grandjean, Gabriel Desrosiers-Gregoire, Cynthia Anckaerts, Diego Angeles-Valdez, Fadi Ayad, David A Barri\u00e8re, Ines Blockx, Aleksandra Bortel, Margaret Broadwater, Beatriz M Cardoso, Marina C\u00e9lestine, Jorge E Chavez-Negrete, Sangcheon Choi, Emma Christiaen, Perrin Clavijo, Luis Colon-Perez, Samuel Cramer, Tolomeo Daniele, Elaine Dempsey, Yujian Diao, Arno Doelemeyer, David Dopfel, Lenka Dvo\u0159\u00e1kov\u00e1, Claudia Falf\u00e1n-Melgoza, Francisca F Fernandes, Caitlin F Fowler, Antonio Fuentes-Iba\u00f1ez, Cl\u00e9ment M Garin, Eveline Gelderman, Carla E M Golden, Chao C G Guo, Marloes J A G Henckens, Lauren A Hennessy, Peter Herman, Nita Hofwijks, Corey Horien, Tudor M Ionescu, Jolyon Jones, Johannes Kaesser, Eugene Kim, Henriette Lambers, Alberto Lazari, Sung-Ho Lee, Amanda Lillywhite, Yikang Liu, Yanyan Y Liu, Alejandra L\u00f3pez-Castro, Xavier L\u00f3pez-Gil, Zilu Ma, Eilidh MacNicol, Dan Madularu, Francesca Mandino, Sabina Marciano, Matthew J McAuslan, Patrick McCunn, Alison McIntosh, Xianzong Meng, Lisa Meyer-Baese, Stephan Missault, Federico Moro, Daphne M P Naessens, Laura J Nava-Gomez, Hiroi Nonaka, Juan J Ortiz, Jaakko Paasonen, Lore M Peeters, Micka\u00ebl Pereira, Pablo D Perez, Marjory Pompilus, Malcolm Prior, Rustam Rakhmatullin, Henning M Reimann, Jonathan Reinwald, Rodrigo Triana Del Rio, Alejandro Rivera-Olvera, Daniel Ruiz-P\u00e9rez, Gabriele Russo, Tobias J Rutten, Rie Ryoke, Markus Sack, Piergiorgio Salvan, Basavaraju G Sanganahalli, Aileen Schroeter, Bhedita J Seewoo, Erwan Selingue, Aline Seuwen, Bowen Shi, Nikoloz Sirmpilatze, Joanna A B Smith, Corrie Smith, Filip Sobczak, Petteri J Stenroos, Milou Straathof, Sandra Strobelt, Akira Sumiyoshi, Kengo Takahashi, Maria E Torres-Garc\u00eda, Raul Tudela, Monica van den Berg, Kajo van der Marel, Aran T B van Hout, Roberta Vertullo, Benjamin Vidal, Ro\u00ebl M Vrooman, Victora X Wang, Isabel Wank, David J G Watson, Ting Yin, Yongzhi Zhang, Stefan Zurbruegg, Sophie Achard, Sarael Alcauter, Dorothee P Auer, Emmanuel L Barbier, J\u00fcrgen Baudewig, Christian F Beckmann, Nicolau Beckmann, Guillaume J P C Becq, Erwin L A Blezer, Radu Bolbos, Susann Boretius, Sandrine Bouvard, Eike Budinger, Joseph D Buxbaum, Diana Cash, Victoria Chapman, Kai-Hsiang Chuang, Luisa Ciobanu, Bram F Coolen, Jeffrey W Dalley, Marc Dhenain, Rick M Dijkhuizen, Oscar Esteban, Cornelius Faber, Marcelo Febo, Kirk W Feindel, Gianluigi Forloni, J\u00e9r\u00e9mie Fouquet, Eduardo A Garza-Villarreal, Natalia Gass, Jeffrey C Glennon, Alessandro Gozzi, Olli Gr\u00f6hn, Andrew Harkin, Arend Heerschap, Xavier Helluy, Kristina Herfert, Arnd Heuser, Judith R Homberg, Danielle J Houwing, Fahmeed Hyder, Giovanna Diletta Ielacqua, Ileana O Jelescu, Heidi Johansen-Berg, Gen Kaneko, Ryuta Kawashima, Shella D Keilholz, Georgios A Keliris, Clare Kelly, Christian Kerskens, Jibran Y Khokhar, Peter C Kind, Jean-Baptiste Langlois, Jason P Lerch, Monica A L\u00f3pez-Hidalgo, Denise Manahan-Vaughan, Fabien Marchand, Rogier B Mars, Gerardo Marsella, Edoardo Micotti, Emma Mu\u00f1oz-Moreno, Jamie Near, Thoralf Niendorf, Willem M Otte, Patricia Pais-Rold\u00e1n, Wen-Ju Pan, Roberto A Prado-Alcal\u00e1, Gina L Quirarte, Jennifer Rodger, Tim Rosenow, Cassandra Sampaio-Baptista, Alexander Sartorius, Stephen J Sawiak, Tom W J Scheenen, Noam Shemesh, Yen-Yu Ian Shih, Amir Shmuel, Guadalupe Soria, Ron Stoop, Garth J Thompson, Sally M Till, Nick Todd, Annemie Van Der Linden, Annette van der Toorn, Geralda A F van Tilborg, Christian Vanhove, Andor Veltien, Marleen Verhoye, Lydia Wachsmuth, Wolfgang Weber-Fahr, Patricia Wenk, Xin Yu, Valerio Zerbi, Nanyin Zhang, Baogui B Zhang, Luc Zimmer, Gabriel A Devenyi, M Mallar Chakravarty, Andreas Hess<\/em><\/p>\n\n\n\n<div class=\"wp-block-uagb-icon-list uagb-block-29a04654 uagb-icon-list__outer-wrap uagb-icon-list__layout-vertical\"><div class=\"uagb-icon-list__wrap\">\n<div class=\"wp-block-uagb-icon-list-child uagb-block-d0adb0c0 uagb-icon-list-repeater uagb-icon-list__wrapper\"><span class=\"uagb-icon-list__source-wrap\"><svg xmlns=\"https:\/\/www.w3.org\/2000\/svg\" viewBox=\"0 0 384 512\"><path d=\"M256 0v128h128L256 0zM224 128L224 0H48C21.49 0 0 21.49 0 48v416C0 490.5 21.49 512 48 512h288c26.51 0 48-21.49 48-48V160h-127.1C238.3 160 224 145.7 224 128zM272 416h-160C103.2 416 96 408.8 96 400C96 391.2 103.2 384 112 384h160c8.836 0 16 7.162 16 16C288 408.8 280.8 416 272 416zM272 352h-160C103.2 352 96 344.8 96 336C96 327.2 103.2 320 112 320h160c8.836 0 16 7.162 16 16C288 344.8 280.8 352 272 352zM288 272C288 280.8 280.8 288 272 288h-160C103.2 288 96 280.8 96 272C96 263.2 103.2 256 112 256h160C280.8 256 288 263.2 288 272z\"><\/path><\/svg><\/span><span class=\"uagb-icon-list__label\">Nat Neurosci (2023)<\/span><\/div>\n<\/div><\/div>\n","protected":false},"excerpt":{"rendered":"<p>Joanes Grandjean, Gabriel Desrosiers-Gregoire, Cynthia Anckaerts, Diego Angeles-Valdez, Fadi Ayad, David A Barri\u00e8re, Ines Blockx, Aleksandra Bortel, Margaret Broadwater, Beatriz M Cardoso, Marina C\u00e9lestine, Jorge E Chavez-Negrete, Sangcheon Choi, Emma Christiaen, Perrin Clavijo, Luis Colon-Perez, Samuel Cramer, Tolomeo Daniele, Elaine Dempsey, Yujian Diao, Arno Doelemeyer, David Dopfel, Lenka Dvo\u0159\u00e1kov\u00e1, Claudia Falf\u00e1n-Melgoza, Francisca F Fernandes, Caitlin [&hellip;]<\/p>\n","protected":false},"author":4,"featured_media":0,"comment_status":"closed","ping_status":"closed","sticky":false,"template":"","format":"standard","meta":{"_crdt_document":"","_uag_custom_page_level_css":"","footnotes":""},"categories":[210],"tags":[1011],"class_list":["post-21730","post","type-post","status-publish","format-standard","hentry","category-b06-de","tag-https-www-ncbi-nlm-nih-gov-pmc-articles-pmc10493189"],"yoast_head":"<!-- This site is optimized with the Yoast SEO plugin v27.1.1 - https:\/\/yoast.com\/product\/yoast-seo-wordpress\/ -->\n<title>A consensus protocol for functional connectivity analysis ...<\/title>\n<meta name=\"description\" content=\"A consensus protocol for functional connectivity analysis in the rat brain\" \/>\n<meta name=\"robots\" content=\"index, follow, max-snippet:-1, max-image-preview:large, max-video-preview:-1\" \/>\n<link rel=\"canonical\" href=\"https:\/\/sfb1436.de\/de\/a-consensus-protocol-for-functional-connectivity-analysis-in-the-rat-brain\/\" \/>\n<meta property=\"og:locale\" content=\"de_DE\" \/>\n<meta property=\"og:type\" content=\"article\" \/>\n<meta property=\"og:title\" content=\"A consensus protocol for functional connectivity analysis ...\" \/>\n<meta property=\"og:description\" content=\"A consensus protocol for functional connectivity analysis in the rat brain\" \/>\n<meta property=\"og:url\" content=\"https:\/\/sfb1436.de\/de\/a-consensus-protocol-for-functional-connectivity-analysis-in-the-rat-brain\/\" \/>\n<meta property=\"og:site_name\" content=\"SFB1436\" \/>\n<meta property=\"article:published_time\" content=\"2023-03-27T11:07:00+00:00\" \/>\n<meta property=\"article:modified_time\" content=\"2024-07-06T11:12:03+00:00\" \/>\n<meta name=\"author\" content=\"redakteur\" \/>\n<meta name=\"twitter:card\" content=\"summary_large_image\" \/>\n<meta name=\"twitter:label1\" content=\"Verfasst von\" \/>\n\t<meta name=\"twitter:data1\" content=\"redakteur\" \/>\n\t<meta name=\"twitter:label2\" content=\"Gesch\u00e4tzte Lesezeit\" \/>\n\t<meta name=\"twitter:data2\" content=\"3\u00a0Minuten\" \/>\n<script type=\"application\/ld+json\" class=\"yoast-schema-graph\">{\"@context\":\"https:\/\/schema.org\",\"@graph\":[{\"@type\":\"ScholarlyArticle\",\"@id\":\"https:\/\/sfb1436.de\/de\/a-consensus-protocol-for-functional-connectivity-analysis-in-the-rat-brain\/#article\",\"isPartOf\":{\"@id\":\"https:\/\/sfb1436.de\/de\/a-consensus-protocol-for-functional-connectivity-analysis-in-the-rat-brain\/\"},\"author\":{\"name\":\"redakteur\",\"@id\":\"https:\/\/sfb1436.de\/de\/#\/schema\/person\/c0ef0d254080f73ef2aa76e57caa6d12\"},\"headline\":\"A consensus protocol for functional connectivity analysis in the rat brain\",\"datePublished\":\"2023-03-27T11:07:00+00:00\",\"dateModified\":\"2024-07-06T11:12:03+00:00\",\"mainEntityOfPage\":{\"@id\":\"https:\/\/sfb1436.de\/de\/a-consensus-protocol-for-functional-connectivity-analysis-in-the-rat-brain\/\"},\"wordCount\":539,\"publisher\":{\"@id\":\"https:\/\/sfb1436.de\/de\/#organization\"},\"keywords\":[\"https:\/\/www.ncbi.nlm.nih.gov\/pmc\/articles\/PMC10493189\/\"],\"articleSection\":[\"B06\"],\"inLanguage\":\"de\"},{\"@type\":\"WebPage\",\"@id\":\"https:\/\/sfb1436.de\/de\/a-consensus-protocol-for-functional-connectivity-analysis-in-the-rat-brain\/\",\"url\":\"https:\/\/sfb1436.de\/de\/a-consensus-protocol-for-functional-connectivity-analysis-in-the-rat-brain\/\",\"name\":\"A consensus protocol for functional connectivity analysis ...\",\"isPartOf\":{\"@id\":\"https:\/\/sfb1436.de\/de\/#website\"},\"datePublished\":\"2023-03-27T11:07:00+00:00\",\"dateModified\":\"2024-07-06T11:12:03+00:00\",\"description\":\"A consensus protocol for functional connectivity analysis in the rat brain\",\"breadcrumb\":{\"@id\":\"https:\/\/sfb1436.de\/de\/a-consensus-protocol-for-functional-connectivity-analysis-in-the-rat-brain\/#breadcrumb\"},\"inLanguage\":\"de\",\"potentialAction\":[{\"@type\":\"ReadAction\",\"target\":[\"https:\/\/sfb1436.de\/de\/a-consensus-protocol-for-functional-connectivity-analysis-in-the-rat-brain\/\"]}]},{\"@type\":\"BreadcrumbList\",\"@id\":\"https:\/\/sfb1436.de\/de\/a-consensus-protocol-for-functional-connectivity-analysis-in-the-rat-brain\/#breadcrumb\",\"itemListElement\":[{\"@type\":\"ListItem\",\"position\":1,\"name\":\"Startseite\",\"item\":\"https:\/\/sfb1436.de\/de\/\"},{\"@type\":\"ListItem\",\"position\":2,\"name\":\"A consensus protocol for functional connectivity analysis in the rat brain\"}]},{\"@type\":\"WebSite\",\"@id\":\"https:\/\/sfb1436.de\/de\/#website\",\"url\":\"https:\/\/sfb1436.de\/de\/\",\"name\":\"SFB1436\",\"description\":\"\",\"publisher\":{\"@id\":\"https:\/\/sfb1436.de\/de\/#organization\"},\"potentialAction\":[{\"@type\":\"SearchAction\",\"target\":{\"@type\":\"EntryPoint\",\"urlTemplate\":\"https:\/\/sfb1436.de\/de\/?s={search_term_string}\"},\"query-input\":{\"@type\":\"PropertyValueSpecification\",\"valueRequired\":true,\"valueName\":\"search_term_string\"}}],\"inLanguage\":\"de\"},{\"@type\":\"Organization\",\"@id\":\"https:\/\/sfb1436.de\/de\/#organization\",\"name\":\"Otto-von-Guericke Universit\u00e4t Medizinische Fakult\u00e4t Institut f\u00fcr Kognitive Neurologie und Demenzforschung\",\"url\":\"https:\/\/sfb1436.de\/de\/\",\"logo\":{\"@type\":\"ImageObject\",\"inLanguage\":\"de\",\"@id\":\"https:\/\/sfb1436.de\/de\/#\/schema\/logo\/image\/\",\"url\":\"https:\/\/sfb1436.de\/wp-content\/uploads\/2021\/12\/logo-sfb.png\",\"contentUrl\":\"https:\/\/sfb1436.de\/wp-content\/uploads\/2021\/12\/logo-sfb.png\",\"width\":1244,\"height\":820,\"caption\":\"Otto-von-Guericke Universit\u00e4t Medizinische Fakult\u00e4t Institut f\u00fcr Kognitive Neurologie und Demenzforschung\"},\"image\":{\"@id\":\"https:\/\/sfb1436.de\/de\/#\/schema\/logo\/image\/\"}},{\"@type\":\"Person\",\"@id\":\"https:\/\/sfb1436.de\/de\/#\/schema\/person\/c0ef0d254080f73ef2aa76e57caa6d12\",\"name\":\"redakteur\"}]}<\/script>\n<!-- \/ Yoast SEO plugin. -->","yoast_head_json":{"title":"A consensus protocol for functional connectivity analysis ...","description":"A consensus protocol for functional connectivity analysis in the rat brain","robots":{"index":"index","follow":"follow","max-snippet":"max-snippet:-1","max-image-preview":"max-image-preview:large","max-video-preview":"max-video-preview:-1"},"canonical":"https:\/\/sfb1436.de\/de\/a-consensus-protocol-for-functional-connectivity-analysis-in-the-rat-brain\/","og_locale":"de_DE","og_type":"article","og_title":"A consensus protocol for functional connectivity analysis ...","og_description":"A consensus protocol for functional connectivity analysis in the rat brain","og_url":"https:\/\/sfb1436.de\/de\/a-consensus-protocol-for-functional-connectivity-analysis-in-the-rat-brain\/","og_site_name":"SFB1436","article_published_time":"2023-03-27T11:07:00+00:00","article_modified_time":"2024-07-06T11:12:03+00:00","author":"redakteur","twitter_card":"summary_large_image","twitter_misc":{"Verfasst von":"redakteur","Gesch\u00e4tzte Lesezeit":"3\u00a0Minuten"},"schema":{"@context":"https:\/\/schema.org","@graph":[{"@type":"ScholarlyArticle","@id":"https:\/\/sfb1436.de\/de\/a-consensus-protocol-for-functional-connectivity-analysis-in-the-rat-brain\/#article","isPartOf":{"@id":"https:\/\/sfb1436.de\/de\/a-consensus-protocol-for-functional-connectivity-analysis-in-the-rat-brain\/"},"author":{"name":"redakteur","@id":"https:\/\/sfb1436.de\/de\/#\/schema\/person\/c0ef0d254080f73ef2aa76e57caa6d12"},"headline":"A consensus protocol for functional connectivity analysis in the rat brain","datePublished":"2023-03-27T11:07:00+00:00","dateModified":"2024-07-06T11:12:03+00:00","mainEntityOfPage":{"@id":"https:\/\/sfb1436.de\/de\/a-consensus-protocol-for-functional-connectivity-analysis-in-the-rat-brain\/"},"wordCount":539,"publisher":{"@id":"https:\/\/sfb1436.de\/de\/#organization"},"keywords":["https:\/\/www.ncbi.nlm.nih.gov\/pmc\/articles\/PMC10493189\/"],"articleSection":["B06"],"inLanguage":"de"},{"@type":"WebPage","@id":"https:\/\/sfb1436.de\/de\/a-consensus-protocol-for-functional-connectivity-analysis-in-the-rat-brain\/","url":"https:\/\/sfb1436.de\/de\/a-consensus-protocol-for-functional-connectivity-analysis-in-the-rat-brain\/","name":"A consensus protocol for functional connectivity analysis ...","isPartOf":{"@id":"https:\/\/sfb1436.de\/de\/#website"},"datePublished":"2023-03-27T11:07:00+00:00","dateModified":"2024-07-06T11:12:03+00:00","description":"A consensus protocol for functional connectivity analysis in the rat brain","breadcrumb":{"@id":"https:\/\/sfb1436.de\/de\/a-consensus-protocol-for-functional-connectivity-analysis-in-the-rat-brain\/#breadcrumb"},"inLanguage":"de","potentialAction":[{"@type":"ReadAction","target":["https:\/\/sfb1436.de\/de\/a-consensus-protocol-for-functional-connectivity-analysis-in-the-rat-brain\/"]}]},{"@type":"BreadcrumbList","@id":"https:\/\/sfb1436.de\/de\/a-consensus-protocol-for-functional-connectivity-analysis-in-the-rat-brain\/#breadcrumb","itemListElement":[{"@type":"ListItem","position":1,"name":"Startseite","item":"https:\/\/sfb1436.de\/de\/"},{"@type":"ListItem","position":2,"name":"A consensus protocol for functional connectivity analysis in the rat brain"}]},{"@type":"WebSite","@id":"https:\/\/sfb1436.de\/de\/#website","url":"https:\/\/sfb1436.de\/de\/","name":"SFB1436","description":"","publisher":{"@id":"https:\/\/sfb1436.de\/de\/#organization"},"potentialAction":[{"@type":"SearchAction","target":{"@type":"EntryPoint","urlTemplate":"https:\/\/sfb1436.de\/de\/?s={search_term_string}"},"query-input":{"@type":"PropertyValueSpecification","valueRequired":true,"valueName":"search_term_string"}}],"inLanguage":"de"},{"@type":"Organization","@id":"https:\/\/sfb1436.de\/de\/#organization","name":"Otto-von-Guericke Universit\u00e4t Medizinische Fakult\u00e4t Institut f\u00fcr Kognitive Neurologie und Demenzforschung","url":"https:\/\/sfb1436.de\/de\/","logo":{"@type":"ImageObject","inLanguage":"de","@id":"https:\/\/sfb1436.de\/de\/#\/schema\/logo\/image\/","url":"https:\/\/sfb1436.de\/wp-content\/uploads\/2021\/12\/logo-sfb.png","contentUrl":"https:\/\/sfb1436.de\/wp-content\/uploads\/2021\/12\/logo-sfb.png","width":1244,"height":820,"caption":"Otto-von-Guericke Universit\u00e4t Medizinische Fakult\u00e4t Institut f\u00fcr Kognitive Neurologie und Demenzforschung"},"image":{"@id":"https:\/\/sfb1436.de\/de\/#\/schema\/logo\/image\/"}},{"@type":"Person","@id":"https:\/\/sfb1436.de\/de\/#\/schema\/person\/c0ef0d254080f73ef2aa76e57caa6d12","name":"redakteur"}]}},"uagb_featured_image_src":{"full":false,"thumbnail":false,"medium":false,"medium_large":false,"large":false,"gs-tiny":false,"xl":false,"xxl":false,"xxxl":false,"xxxxl":false,"xxxxxl":false,"1536x1536":false,"2048x2048":false,"awsm_team":false},"uagb_author_info":{"display_name":"redakteur","author_link":"https:\/\/sfb1436.de\/de\/author\/redakteur\/"},"uagb_comment_info":0,"uagb_excerpt":"Joanes Grandjean, Gabriel Desrosiers-Gregoire, Cynthia Anckaerts, Diego Angeles-Valdez, Fadi Ayad, David A Barri\u00e8re, Ines Blockx, Aleksandra Bortel, Margaret Broadwater, Beatriz M Cardoso, Marina C\u00e9lestine, Jorge E Chavez-Negrete, Sangcheon Choi, Emma Christiaen, Perrin Clavijo, Luis Colon-Perez, Samuel Cramer, Tolomeo Daniele, Elaine Dempsey, Yujian Diao, Arno Doelemeyer, David Dopfel, Lenka Dvo\u0159\u00e1kov\u00e1, Claudia Falf\u00e1n-Melgoza, Francisca F Fernandes, Caitlin&hellip;","_links":{"self":[{"href":"https:\/\/sfb1436.de\/de\/wp-json\/wp\/v2\/posts\/21730","targetHints":{"allow":["GET"]}}],"collection":[{"href":"https:\/\/sfb1436.de\/de\/wp-json\/wp\/v2\/posts"}],"about":[{"href":"https:\/\/sfb1436.de\/de\/wp-json\/wp\/v2\/types\/post"}],"author":[{"embeddable":true,"href":"https:\/\/sfb1436.de\/de\/wp-json\/wp\/v2\/users\/4"}],"replies":[{"embeddable":true,"href":"https:\/\/sfb1436.de\/de\/wp-json\/wp\/v2\/comments?post=21730"}],"version-history":[{"count":1,"href":"https:\/\/sfb1436.de\/de\/wp-json\/wp\/v2\/posts\/21730\/revisions"}],"predecessor-version":[{"id":21731,"href":"https:\/\/sfb1436.de\/de\/wp-json\/wp\/v2\/posts\/21730\/revisions\/21731"}],"wp:attachment":[{"href":"https:\/\/sfb1436.de\/de\/wp-json\/wp\/v2\/media?parent=21730"}],"wp:term":[{"taxonomy":"category","embeddable":true,"href":"https:\/\/sfb1436.de\/de\/wp-json\/wp\/v2\/categories?post=21730"},{"taxonomy":"post_tag","embeddable":true,"href":"https:\/\/sfb1436.de\/de\/wp-json\/wp\/v2\/tags?post=21730"}],"curies":[{"name":"wp","href":"https:\/\/api.w.org\/{rel}","templated":true}]}}