{"id":21663,"date":"2024-07-05T11:00:00","date_gmt":"2024-07-05T09:00:00","guid":{"rendered":"https:\/\/sfb1436.de\/?p=21663"},"modified":"2024-07-03T11:48:57","modified_gmt":"2024-07-03T09:48:57","slug":"call-for-papers-zum-tag-der-genderforschung","status":"publish","type":"post","link":"https:\/\/sfb1436.de\/de\/call-for-papers-zum-tag-der-genderforschung\/","title":{"rendered":"Call for Papers zum Tag der Genderforschung"},"content":{"rendered":"\n<p class=\"wp-block-paragraph\">Am 14. November 2024 findet an der Otto-von-Guericke-Universit\u00e4t Magdeburg der 13. Landesweite Tag der Genderforschung unter dem Titel \u201eK\u00f6rper \u2013 Geschlecht \u2013 Gender. Interdisziplin\u00e4re Perspektiven&#8220; statt.<\/p>\n\n\n\n<p class=\"wp-block-paragraph\">Der Landesweite Tag der Genderforschung widmet sich dem interdisziplin\u00e4ren Austausch von Wissenschaftler*innen und bietet die M\u00f6glichkeit zur Vernetzung und zur Diskussion weiterf\u00fchrender methodischer Orientierungen und Standortbestimmungen unter allen Teilnehmer*innen der Tagung. Den Wissenschaftler*innen soll die M\u00f6glichkeit gegeben werden, ihre aktuellen wissenschaftlichen Arbeiten und laufenden Projekte zur Genderforschung vorzustellen und mit den Teilnehmer*innen der Konferenz zu diskutieren.<\/p>\n\n\n\n<p class=\"wp-block-paragraph\">F\u00fcr beide Formate k\u00f6nnen Vorschlagseinreichungen in Form eines Papers von max. 500 W\u00f6rtern insgesamt (einschlie\u00dflich Angaben zu Autor*innen, Titel, Kurzbeschreibung des Projekts, institutionelle Anbindung und Kontaktadresse) <strong>bis zum 1. August 2024 <\/strong>an folgende E-Mail-Adresse erfolgen:<br><a href=\"mailto:info@kgc-sachsen-anhalt.de\" target=\"_blank\" rel=\"noreferrer noopener\">info@kgc-sachsen-anhalt.de<\/a>.<\/p>\n\n\n\n<p class=\"wp-block-paragraph\">Welche Perspektiven und Themenbereiche beleuchtet werden k\u00f6nnen, entnehmen Sie bitte dem<a href=\"https:\/\/sfb1436.de\/wp-content\/uploads\/2024\/07\/Call-for-Papers2024.pdf\"> ausf\u00fchrlichen Call als PDF<\/a> oder unter diesem <a href=\"https:\/\/www.kgc-sachsen-anhalt.de\/Landesweiter+Tag+der+Genderforschung-path-1036.html\" target=\"_blank\" rel=\"noreferrer noopener\">Link.<\/a><\/p>\n\n\n\n<p class=\"wp-block-paragraph\">Bei Fragen zum Call oder zur Veranstaltung melden Sie sich gern bei der Koordinierungsstelle Genderforschung &amp; Chancengleichheit Sachsen-Anhalt (KGC)<\/p>\n\n\n\n<ul class=\"wp-block-list\">\n<li>per E-Mail an <a href=\"mailto:info@kgc-sachsen-anhalt.de\" target=\"_blank\" rel=\"noreferrer noopener\">info@kgc-sachsen-anhalt.de<\/a> oder<\/li>\n\n\n\n<li>telefonisch bei Morena Groll (Stellvertretende Leitung der KGC) unter 0391-6750248<\/li>\n<\/ul>\n\n\n\n<p class=\"wp-block-paragraph\"><em>Der 13. Landesweite Tag der Genderforschung ist eine Kooperationsveranstaltung der Koordinierungsstelle Genderforschung &amp; Chancengleichheit Sachsen-Anhalt (KGC) mit dem B\u00fcro f\u00fcr Gleichstellung und Familie der Otto-von-Guericke-Universit\u00e4t Magdeburg (OVGU) und dem Projekt gender*bildet der Martin-Luther-Universit\u00e4t Halle-Wittenberg (MLU)<\/em><\/p>\n","protected":false},"excerpt":{"rendered":"<p>Am 14. November 2024 findet an der Otto-von-Guericke-Universit\u00e4t Magdeburg der 13. Landesweite Tag der Genderforschung unter dem Titel \u201eK\u00f6rper \u2013 Geschlecht \u2013 Gender. Interdisziplin\u00e4re Perspektiven&#8220; statt. Der Landesweite Tag der Genderforschung widmet sich dem interdisziplin\u00e4ren Austausch von Wissenschaftler*innen und bietet die M\u00f6glichkeit zur Vernetzung und zur Diskussion weiterf\u00fchrender methodischer Orientierungen und Standortbestimmungen unter allen Teilnehmer*innen [&hellip;]<\/p>\n","protected":false},"author":4,"featured_media":0,"comment_status":"closed","ping_status":"closed","sticky":false,"template":"","format":"standard","meta":{"_crdt_document":"","_uag_custom_page_level_css":"","footnotes":""},"categories":[288,281,219,220],"tags":[566,748,993,992,331,372,330,426],"class_list":["post-21663","post","type-post","status-publish","format-standard","hentry","category-all-news-and-events-de","category-alle-news-und-events","category-events-de","category-news-de","tag-crc-1436-de","tag-frauen-in-der-wissenschaft","tag-genderforschung","tag-gleichstellung","tag-magdeburg","tag-neurowissenschaften","tag-sfb-1436","tag-wissenschaft"],"yoast_head":"<!-- This site is optimized with the Yoast SEO plugin v27.1.1 - https:\/\/yoast.com\/product\/yoast-seo-wordpress\/ -->\n<title>Call for Papers zum Tag der Genderforschung<\/title>\n<meta name=\"description\" content=\"13. Landesweiter Tag der Genderforschung unter dem Titel \u201eK\u00f6rper \u2013 Geschlecht \u2013 Gender. Interdisziplin\u00e4re Perspektiven\u201c\" \/>\n<meta name=\"robots\" content=\"index, follow, max-snippet:-1, max-image-preview:large, max-video-preview:-1\" \/>\n<link rel=\"canonical\" href=\"https:\/\/sfb1436.de\/de\/call-for-papers-zum-tag-der-genderforschung\/\" \/>\n<meta property=\"og:locale\" content=\"de_DE\" \/>\n<meta property=\"og:type\" content=\"article\" \/>\n<meta property=\"og:title\" content=\"Call for Papers zum Tag der Genderforschung\" \/>\n<meta property=\"og:description\" content=\"13. Landesweiter Tag der Genderforschung unter dem Titel \u201eK\u00f6rper \u2013 Geschlecht \u2013 Gender. Interdisziplin\u00e4re Perspektiven\u201c\" \/>\n<meta property=\"og:url\" content=\"https:\/\/sfb1436.de\/de\/call-for-papers-zum-tag-der-genderforschung\/\" \/>\n<meta property=\"og:site_name\" content=\"SFB1436\" \/>\n<meta property=\"article:published_time\" content=\"2024-07-05T09:00:00+00:00\" \/>\n<meta name=\"author\" content=\"redakteur\" \/>\n<meta name=\"twitter:card\" content=\"summary_large_image\" \/>\n<meta name=\"twitter:label1\" content=\"Verfasst von\" \/>\n\t<meta name=\"twitter:data1\" content=\"redakteur\" \/>\n\t<meta name=\"twitter:label2\" content=\"Gesch\u00e4tzte Lesezeit\" \/>\n\t<meta name=\"twitter:data2\" content=\"2\u00a0Minuten\" \/>\n<script type=\"application\/ld+json\" class=\"yoast-schema-graph\">{\"@context\":\"https:\/\/schema.org\",\"@graph\":[{\"@type\":\"ScholarlyArticle\",\"@id\":\"https:\/\/sfb1436.de\/de\/call-for-papers-zum-tag-der-genderforschung\/#article\",\"isPartOf\":{\"@id\":\"https:\/\/sfb1436.de\/de\/call-for-papers-zum-tag-der-genderforschung\/\"},\"author\":{\"name\":\"redakteur\",\"@id\":\"https:\/\/sfb1436.de\/de\/#\/schema\/person\/c0ef0d254080f73ef2aa76e57caa6d12\"},\"headline\":\"Call for Papers zum Tag der Genderforschung\",\"datePublished\":\"2024-07-05T09:00:00+00:00\",\"mainEntityOfPage\":{\"@id\":\"https:\/\/sfb1436.de\/de\/call-for-papers-zum-tag-der-genderforschung\/\"},\"wordCount\":231,\"publisher\":{\"@id\":\"https:\/\/sfb1436.de\/de\/#organization\"},\"keywords\":[\"CRC 1436\",\"Frauen in der Wissenschaft\",\"Genderforschung\",\"Gleichstellung\",\"Magdeburg\",\"Neurowissenschaften\",\"SFB 1436\",\"Wissenschaft\"],\"articleSection\":[\"All News and Events\",\"Alle News und Events\",\"Events\",\"News\"],\"inLanguage\":\"de\"},{\"@type\":\"WebPage\",\"@id\":\"https:\/\/sfb1436.de\/de\/call-for-papers-zum-tag-der-genderforschung\/\",\"url\":\"https:\/\/sfb1436.de\/de\/call-for-papers-zum-tag-der-genderforschung\/\",\"name\":\"Call for Papers zum Tag der Genderforschung\",\"isPartOf\":{\"@id\":\"https:\/\/sfb1436.de\/de\/#website\"},\"datePublished\":\"2024-07-05T09:00:00+00:00\",\"description\":\"13. Landesweiter Tag der Genderforschung unter dem Titel \u201eK\u00f6rper \u2013 Geschlecht \u2013 Gender. Interdisziplin\u00e4re Perspektiven\u201c\",\"breadcrumb\":{\"@id\":\"https:\/\/sfb1436.de\/de\/call-for-papers-zum-tag-der-genderforschung\/#breadcrumb\"},\"inLanguage\":\"de\",\"potentialAction\":[{\"@type\":\"ReadAction\",\"target\":[\"https:\/\/sfb1436.de\/de\/call-for-papers-zum-tag-der-genderforschung\/\"]}]},{\"@type\":\"BreadcrumbList\",\"@id\":\"https:\/\/sfb1436.de\/de\/call-for-papers-zum-tag-der-genderforschung\/#breadcrumb\",\"itemListElement\":[{\"@type\":\"ListItem\",\"position\":1,\"name\":\"Startseite\",\"item\":\"https:\/\/sfb1436.de\/de\/\"},{\"@type\":\"ListItem\",\"position\":2,\"name\":\"Call for Papers zum Tag der Genderforschung\"}]},{\"@type\":\"WebSite\",\"@id\":\"https:\/\/sfb1436.de\/de\/#website\",\"url\":\"https:\/\/sfb1436.de\/de\/\",\"name\":\"SFB1436\",\"description\":\"\",\"publisher\":{\"@id\":\"https:\/\/sfb1436.de\/de\/#organization\"},\"potentialAction\":[{\"@type\":\"SearchAction\",\"target\":{\"@type\":\"EntryPoint\",\"urlTemplate\":\"https:\/\/sfb1436.de\/de\/?s={search_term_string}\"},\"query-input\":{\"@type\":\"PropertyValueSpecification\",\"valueRequired\":true,\"valueName\":\"search_term_string\"}}],\"inLanguage\":\"de\"},{\"@type\":\"Organization\",\"@id\":\"https:\/\/sfb1436.de\/de\/#organization\",\"name\":\"Otto-von-Guericke Universit\u00e4t Medizinische Fakult\u00e4t Institut f\u00fcr Kognitive Neurologie und Demenzforschung\",\"url\":\"https:\/\/sfb1436.de\/de\/\",\"logo\":{\"@type\":\"ImageObject\",\"inLanguage\":\"de\",\"@id\":\"https:\/\/sfb1436.de\/de\/#\/schema\/logo\/image\/\",\"url\":\"https:\/\/sfb1436.de\/wp-content\/uploads\/2021\/12\/logo-sfb.png\",\"contentUrl\":\"https:\/\/sfb1436.de\/wp-content\/uploads\/2021\/12\/logo-sfb.png\",\"width\":1244,\"height\":820,\"caption\":\"Otto-von-Guericke Universit\u00e4t Medizinische Fakult\u00e4t Institut f\u00fcr Kognitive Neurologie und Demenzforschung\"},\"image\":{\"@id\":\"https:\/\/sfb1436.de\/de\/#\/schema\/logo\/image\/\"}},{\"@type\":\"Person\",\"@id\":\"https:\/\/sfb1436.de\/de\/#\/schema\/person\/c0ef0d254080f73ef2aa76e57caa6d12\",\"name\":\"redakteur\"}]}<\/script>\n<!-- \/ Yoast SEO plugin. -->","yoast_head_json":{"title":"Call for Papers zum Tag der Genderforschung","description":"13. Landesweiter Tag der Genderforschung unter dem Titel \u201eK\u00f6rper \u2013 Geschlecht \u2013 Gender. Interdisziplin\u00e4re Perspektiven\u201c","robots":{"index":"index","follow":"follow","max-snippet":"max-snippet:-1","max-image-preview":"max-image-preview:large","max-video-preview":"max-video-preview:-1"},"canonical":"https:\/\/sfb1436.de\/de\/call-for-papers-zum-tag-der-genderforschung\/","og_locale":"de_DE","og_type":"article","og_title":"Call for Papers zum Tag der Genderforschung","og_description":"13. Landesweiter Tag der Genderforschung unter dem Titel \u201eK\u00f6rper \u2013 Geschlecht \u2013 Gender. Interdisziplin\u00e4re Perspektiven\u201c","og_url":"https:\/\/sfb1436.de\/de\/call-for-papers-zum-tag-der-genderforschung\/","og_site_name":"SFB1436","article_published_time":"2024-07-05T09:00:00+00:00","author":"redakteur","twitter_card":"summary_large_image","twitter_misc":{"Verfasst von":"redakteur","Gesch\u00e4tzte Lesezeit":"2\u00a0Minuten"},"schema":{"@context":"https:\/\/schema.org","@graph":[{"@type":"ScholarlyArticle","@id":"https:\/\/sfb1436.de\/de\/call-for-papers-zum-tag-der-genderforschung\/#article","isPartOf":{"@id":"https:\/\/sfb1436.de\/de\/call-for-papers-zum-tag-der-genderforschung\/"},"author":{"name":"redakteur","@id":"https:\/\/sfb1436.de\/de\/#\/schema\/person\/c0ef0d254080f73ef2aa76e57caa6d12"},"headline":"Call for Papers zum Tag der Genderforschung","datePublished":"2024-07-05T09:00:00+00:00","mainEntityOfPage":{"@id":"https:\/\/sfb1436.de\/de\/call-for-papers-zum-tag-der-genderforschung\/"},"wordCount":231,"publisher":{"@id":"https:\/\/sfb1436.de\/de\/#organization"},"keywords":["CRC 1436","Frauen in der Wissenschaft","Genderforschung","Gleichstellung","Magdeburg","Neurowissenschaften","SFB 1436","Wissenschaft"],"articleSection":["All News and Events","Alle News und Events","Events","News"],"inLanguage":"de"},{"@type":"WebPage","@id":"https:\/\/sfb1436.de\/de\/call-for-papers-zum-tag-der-genderforschung\/","url":"https:\/\/sfb1436.de\/de\/call-for-papers-zum-tag-der-genderforschung\/","name":"Call for Papers zum Tag der Genderforschung","isPartOf":{"@id":"https:\/\/sfb1436.de\/de\/#website"},"datePublished":"2024-07-05T09:00:00+00:00","description":"13. Landesweiter Tag der Genderforschung unter dem Titel \u201eK\u00f6rper \u2013 Geschlecht \u2013 Gender. Interdisziplin\u00e4re Perspektiven\u201c","breadcrumb":{"@id":"https:\/\/sfb1436.de\/de\/call-for-papers-zum-tag-der-genderforschung\/#breadcrumb"},"inLanguage":"de","potentialAction":[{"@type":"ReadAction","target":["https:\/\/sfb1436.de\/de\/call-for-papers-zum-tag-der-genderforschung\/"]}]},{"@type":"BreadcrumbList","@id":"https:\/\/sfb1436.de\/de\/call-for-papers-zum-tag-der-genderforschung\/#breadcrumb","itemListElement":[{"@type":"ListItem","position":1,"name":"Startseite","item":"https:\/\/sfb1436.de\/de\/"},{"@type":"ListItem","position":2,"name":"Call for Papers zum Tag der Genderforschung"}]},{"@type":"WebSite","@id":"https:\/\/sfb1436.de\/de\/#website","url":"https:\/\/sfb1436.de\/de\/","name":"SFB1436","description":"","publisher":{"@id":"https:\/\/sfb1436.de\/de\/#organization"},"potentialAction":[{"@type":"SearchAction","target":{"@type":"EntryPoint","urlTemplate":"https:\/\/sfb1436.de\/de\/?s={search_term_string}"},"query-input":{"@type":"PropertyValueSpecification","valueRequired":true,"valueName":"search_term_string"}}],"inLanguage":"de"},{"@type":"Organization","@id":"https:\/\/sfb1436.de\/de\/#organization","name":"Otto-von-Guericke Universit\u00e4t Medizinische Fakult\u00e4t Institut f\u00fcr Kognitive Neurologie und Demenzforschung","url":"https:\/\/sfb1436.de\/de\/","logo":{"@type":"ImageObject","inLanguage":"de","@id":"https:\/\/sfb1436.de\/de\/#\/schema\/logo\/image\/","url":"https:\/\/sfb1436.de\/wp-content\/uploads\/2021\/12\/logo-sfb.png","contentUrl":"https:\/\/sfb1436.de\/wp-content\/uploads\/2021\/12\/logo-sfb.png","width":1244,"height":820,"caption":"Otto-von-Guericke Universit\u00e4t Medizinische Fakult\u00e4t Institut f\u00fcr Kognitive Neurologie und Demenzforschung"},"image":{"@id":"https:\/\/sfb1436.de\/de\/#\/schema\/logo\/image\/"}},{"@type":"Person","@id":"https:\/\/sfb1436.de\/de\/#\/schema\/person\/c0ef0d254080f73ef2aa76e57caa6d12","name":"redakteur"}]}},"uagb_featured_image_src":{"full":false,"thumbnail":false,"medium":false,"medium_large":false,"large":false,"gs-tiny":false,"xl":false,"xxl":false,"xxxl":false,"xxxxl":false,"xxxxxl":false,"1536x1536":false,"2048x2048":false,"awsm_team":false},"uagb_author_info":{"display_name":"redakteur","author_link":"https:\/\/sfb1436.de\/de\/author\/redakteur\/"},"uagb_comment_info":0,"uagb_excerpt":"Am 14. November 2024 findet an der Otto-von-Guericke-Universit\u00e4t Magdeburg der 13. Landesweite Tag der Genderforschung unter dem Titel \u201eK\u00f6rper \u2013 Geschlecht \u2013 Gender. Interdisziplin\u00e4re Perspektiven&#8220; statt. Der Landesweite Tag der Genderforschung widmet sich dem interdisziplin\u00e4ren Austausch von Wissenschaftler*innen und bietet die M\u00f6glichkeit zur Vernetzung und zur Diskussion weiterf\u00fchrender methodischer Orientierungen und Standortbestimmungen unter allen Teilnehmer*innen&hellip;","_links":{"self":[{"href":"https:\/\/sfb1436.de\/de\/wp-json\/wp\/v2\/posts\/21663","targetHints":{"allow":["GET"]}}],"collection":[{"href":"https:\/\/sfb1436.de\/de\/wp-json\/wp\/v2\/posts"}],"about":[{"href":"https:\/\/sfb1436.de\/de\/wp-json\/wp\/v2\/types\/post"}],"author":[{"embeddable":true,"href":"https:\/\/sfb1436.de\/de\/wp-json\/wp\/v2\/users\/4"}],"replies":[{"embeddable":true,"href":"https:\/\/sfb1436.de\/de\/wp-json\/wp\/v2\/comments?post=21663"}],"version-history":[{"count":1,"href":"https:\/\/sfb1436.de\/de\/wp-json\/wp\/v2\/posts\/21663\/revisions"}],"predecessor-version":[{"id":21664,"href":"https:\/\/sfb1436.de\/de\/wp-json\/wp\/v2\/posts\/21663\/revisions\/21664"}],"wp:attachment":[{"href":"https:\/\/sfb1436.de\/de\/wp-json\/wp\/v2\/media?parent=21663"}],"wp:term":[{"taxonomy":"category","embeddable":true,"href":"https:\/\/sfb1436.de\/de\/wp-json\/wp\/v2\/categories?post=21663"},{"taxonomy":"post_tag","embeddable":true,"href":"https:\/\/sfb1436.de\/de\/wp-json\/wp\/v2\/tags?post=21663"}],"curies":[{"name":"wp","href":"https:\/\/api.w.org\/{rel}","templated":true}]}}