{"id":21374,"date":"2024-05-24T12:38:08","date_gmt":"2024-05-24T10:38:08","guid":{"rendered":"https:\/\/sfb1436.de\/?p=21374"},"modified":"2024-06-26T12:44:19","modified_gmt":"2024-06-26T10:44:19","slug":"fotowettbewerb-diversity-inklusion","status":"publish","type":"post","link":"https:\/\/sfb1436.de\/de\/fotowettbewerb-diversity-inklusion\/","title":{"rendered":"Fotowettbewerb Diversity &amp; Inklusion"},"content":{"rendered":"\n<p class=\"wp-block-paragraph\"><strong>Grenzenlos: Dein Blickwinkel auf Diversit\u00e4t und Inklusion an der OVGU<\/strong><\/p>\n\n\n\n<p class=\"wp-block-paragraph\">Anl\u00e4sslich des 12. Deutschen Diversity Tages am 28. Mai 2024 veranstalten wir gemeinsam mit dem&nbsp;<a href=\"https:\/\/www.ovgu.de\/netzwerkdiversity.html\">Netzwerk Chancengleichheit &amp; Diversit\u00e4t<\/a>&nbsp;einen&nbsp;<strong>Fotowettbewerb&nbsp;<\/strong>zum UN Nachhaltigkeitsziel 10 \u201eWeniger Ungleichheiten\u201c.<\/p>\n\n\n\n<p class=\"wp-block-paragraph\">Motto des Wettbewerbs ist&nbsp;<strong>&#8222;Grenzenlos: Dein Blickwinkel auf Diversit\u00e4t und Inklusion an der OVGU&#8220;<\/strong>. In der kreativen Umsetzung sind keine Grenzen gesetzt.<\/p>\n\n\n\n<p class=\"wp-block-paragraph\">Teilnehmen k\u00f6nnen alle Studierenden, Mitarbeitenden oder anderweitig mit der OVGU assoziierten Menschen.<\/p>\n\n\n\n<p class=\"wp-block-paragraph\"><strong>Einsendeschluss&nbsp;<\/strong>ist der<strong>&nbsp;18.06.2024<\/strong>.<\/p>\n\n\n\n<p class=\"wp-block-paragraph\">Die Gewinnerfotos werden voraussichtlich im Oktober 2024 an einem EU GREEN-weiten Fotowettbewerb teilnehmen. Alle eingesandten Aufnahmen werden au\u00dferdem auf den Internetseiten der OVGU und von EU GREEN ver\u00f6ffentlicht.<\/p>\n\n\n\n<p class=\"wp-block-paragraph\">Zudem winken als Gewinne die Teilnahme an der tempor\u00e4ren Ausstellung aller von der Jury ausgew\u00e4hlten Werke, qualitativ hochwertige Abz\u00fcge der Fotos, Gutscheine f\u00fcr CEWE Fotob\u00fccher und den OVGU Unishop.<\/p>\n\n\n\n<p class=\"wp-block-paragraph\"><strong>Wichtige Hinweise:<\/strong><\/p>\n\n\n\n<ul class=\"wp-block-list\">\n<li>Es k\u00f6nnen\u00a0<strong>maximal 2 Fotos pro Autor:in<\/strong>\u00a0eingesendet werden.<\/li>\n\n\n\n<li>Einsendung erfolgt\u00a0<strong>per Email<\/strong>\u00a0an\u00a0<a href=\"javascript:sendEmail('anne.teller', 'ovgu', 'de', '')\">anne.teller@ovgu.de<\/a>\u00a0(bitte vollst\u00e4ndigen Namen und Status (Studierende, Mitarbeitende, Gasth\u00f6rende etc.) angeben)<\/li>\n\n\n\n<li>Die Fotos m\u00fcssen dem vorgeschlagenen Thema entsprechen, originell und unver\u00f6ffentlicht sein und d\u00fcrfen nicht bereits bei einem anderen Wettbewerb ausgezeichnet oder ausgestellt worden sein.<\/li>\n\n\n\n<li>Dateinamen bitte als Nachname_Vorname der Autor:in benennen<\/li>\n\n\n\n<li>Dateiformat JPG, Dateigr\u00f6\u00dfe 2 bis max. 10 MB je Bild, lange Kante max. 4000 Pixel<\/li>\n<\/ul>\n\n\n\n<p class=\"wp-block-paragraph\">Noch mehr Infos zu Teilnahmebedingungen und Bildrechten gibt es&nbsp;<a href=\"https:\/\/www.ovgu.de\/Universit%C3%A4t\/Organisation\/Rektorat\/Prorektorat+f%C3%BCr+Forschung_+Technologie+und+Chancengleichheit\/Netzwerk+Chancengleichheit+_+Diversit%C3%A4t\/12_+Deutscher+Diversity+Tag+2024\/Fotowettbewerb.html\">hier<\/a>.<\/p>\n\n\n\n<p class=\"wp-block-paragraph\">Bei weiteren Fragen zum Wettbewerb wenden Sie sich bitte an&nbsp;<a href=\"javascript:sendEmail('anne.teller', 'ovgu', 'de', '')\">Dr. Anne Teller<\/a>&nbsp;(Referentin f\u00fcr Chancengleichheit und Diversit\u00e4t)<\/p>\n\n\n\n<p class=\"wp-block-paragraph\">OVGU Presse<\/p>\n","protected":false},"excerpt":{"rendered":"<p>Grenzenlos: Dein Blickwinkel auf Diversit\u00e4t und Inklusion an der OVGU Anl\u00e4sslich des 12. Deutschen Diversity Tages am 28. Mai 2024 veranstalten wir gemeinsam mit dem&nbsp;Netzwerk Chancengleichheit &amp; Diversit\u00e4t&nbsp;einen&nbsp;Fotowettbewerb&nbsp;zum UN Nachhaltigkeitsziel 10 \u201eWeniger Ungleichheiten\u201c. Motto des Wettbewerbs ist&nbsp;&#8222;Grenzenlos: Dein Blickwinkel auf Diversit\u00e4t und Inklusion an der OVGU&#8220;. In der kreativen Umsetzung sind keine Grenzen gesetzt. Teilnehmen [&hellip;]<\/p>\n","protected":false},"author":4,"featured_media":0,"comment_status":"closed","ping_status":"closed","sticky":false,"template":"","format":"standard","meta":{"_crdt_document":"","_uag_custom_page_level_css":"","footnotes":""},"categories":[281,219,220],"tags":[956,955,331,330],"class_list":["post-21374","post","type-post","status-publish","format-standard","hentry","category-alle-news-und-events","category-events-de","category-news-de","tag-chancengleichheit","tag-diversity","tag-magdeburg","tag-sfb-1436"],"yoast_head":"<!-- This site is optimized with the Yoast SEO plugin v27.1.1 - https:\/\/yoast.com\/product\/yoast-seo-wordpress\/ -->\n<title>Fotowettbewerb Diversity &amp; Inklusion<\/title>\n<meta name=\"description\" content=\"Zum 12. Deutschen Diversity Tag veranstaltet die OVGU gemeinsam mit dem\u00a0Netzwerk Chancengleichheit &amp; Diversit\u00e4t einen Fotowettbewerb.\" \/>\n<meta name=\"robots\" content=\"index, follow, max-snippet:-1, max-image-preview:large, max-video-preview:-1\" \/>\n<link rel=\"canonical\" href=\"https:\/\/sfb1436.de\/de\/fotowettbewerb-diversity-inklusion\/\" \/>\n<meta property=\"og:locale\" content=\"de_DE\" \/>\n<meta property=\"og:type\" content=\"article\" \/>\n<meta property=\"og:title\" content=\"Fotowettbewerb Diversity &amp; Inklusion\" \/>\n<meta property=\"og:description\" content=\"Zum 12. Deutschen Diversity Tag veranstaltet die OVGU gemeinsam mit dem\u00a0Netzwerk Chancengleichheit &amp; Diversit\u00e4t einen Fotowettbewerb.\" \/>\n<meta property=\"og:url\" content=\"https:\/\/sfb1436.de\/de\/fotowettbewerb-diversity-inklusion\/\" \/>\n<meta property=\"og:site_name\" content=\"SFB1436\" \/>\n<meta property=\"article:published_time\" content=\"2024-05-24T10:38:08+00:00\" \/>\n<meta property=\"article:modified_time\" content=\"2024-06-26T10:44:19+00:00\" \/>\n<meta name=\"author\" content=\"redakteur\" \/>\n<meta name=\"twitter:card\" content=\"summary_large_image\" \/>\n<meta name=\"twitter:label1\" content=\"Verfasst von\" \/>\n\t<meta name=\"twitter:data1\" content=\"redakteur\" \/>\n\t<meta name=\"twitter:label2\" content=\"Gesch\u00e4tzte Lesezeit\" \/>\n\t<meta name=\"twitter:data2\" content=\"2\u00a0Minuten\" \/>\n<script type=\"application\/ld+json\" class=\"yoast-schema-graph\">{\"@context\":\"https:\/\/schema.org\",\"@graph\":[{\"@type\":\"ScholarlyArticle\",\"@id\":\"https:\/\/sfb1436.de\/de\/fotowettbewerb-diversity-inklusion\/#article\",\"isPartOf\":{\"@id\":\"https:\/\/sfb1436.de\/de\/fotowettbewerb-diversity-inklusion\/\"},\"author\":{\"name\":\"redakteur\",\"@id\":\"https:\/\/sfb1436.de\/de\/#\/schema\/person\/c0ef0d254080f73ef2aa76e57caa6d12\"},\"headline\":\"Fotowettbewerb Diversity &amp; Inklusion\",\"datePublished\":\"2024-05-24T10:38:08+00:00\",\"dateModified\":\"2024-06-26T10:44:19+00:00\",\"mainEntityOfPage\":{\"@id\":\"https:\/\/sfb1436.de\/de\/fotowettbewerb-diversity-inklusion\/\"},\"wordCount\":266,\"publisher\":{\"@id\":\"https:\/\/sfb1436.de\/de\/#organization\"},\"keywords\":[\"Chancengleichheit\",\"Diversity\",\"Magdeburg\",\"SFB 1436\"],\"articleSection\":[\"Alle News und Events\",\"Events\",\"News\"],\"inLanguage\":\"de\"},{\"@type\":\"WebPage\",\"@id\":\"https:\/\/sfb1436.de\/de\/fotowettbewerb-diversity-inklusion\/\",\"url\":\"https:\/\/sfb1436.de\/de\/fotowettbewerb-diversity-inklusion\/\",\"name\":\"Fotowettbewerb Diversity & Inklusion\",\"isPartOf\":{\"@id\":\"https:\/\/sfb1436.de\/de\/#website\"},\"datePublished\":\"2024-05-24T10:38:08+00:00\",\"dateModified\":\"2024-06-26T10:44:19+00:00\",\"description\":\"Zum 12. Deutschen Diversity Tag veranstaltet die OVGU gemeinsam mit dem\u00a0Netzwerk Chancengleichheit & Diversit\u00e4t einen Fotowettbewerb.\",\"breadcrumb\":{\"@id\":\"https:\/\/sfb1436.de\/de\/fotowettbewerb-diversity-inklusion\/#breadcrumb\"},\"inLanguage\":\"de\",\"potentialAction\":[{\"@type\":\"ReadAction\",\"target\":[\"https:\/\/sfb1436.de\/de\/fotowettbewerb-diversity-inklusion\/\"]}]},{\"@type\":\"BreadcrumbList\",\"@id\":\"https:\/\/sfb1436.de\/de\/fotowettbewerb-diversity-inklusion\/#breadcrumb\",\"itemListElement\":[{\"@type\":\"ListItem\",\"position\":1,\"name\":\"Startseite\",\"item\":\"https:\/\/sfb1436.de\/de\/\"},{\"@type\":\"ListItem\",\"position\":2,\"name\":\"Fotowettbewerb Diversity &amp; Inklusion\"}]},{\"@type\":\"WebSite\",\"@id\":\"https:\/\/sfb1436.de\/de\/#website\",\"url\":\"https:\/\/sfb1436.de\/de\/\",\"name\":\"SFB1436\",\"description\":\"\",\"publisher\":{\"@id\":\"https:\/\/sfb1436.de\/de\/#organization\"},\"potentialAction\":[{\"@type\":\"SearchAction\",\"target\":{\"@type\":\"EntryPoint\",\"urlTemplate\":\"https:\/\/sfb1436.de\/de\/?s={search_term_string}\"},\"query-input\":{\"@type\":\"PropertyValueSpecification\",\"valueRequired\":true,\"valueName\":\"search_term_string\"}}],\"inLanguage\":\"de\"},{\"@type\":\"Organization\",\"@id\":\"https:\/\/sfb1436.de\/de\/#organization\",\"name\":\"Otto-von-Guericke Universit\u00e4t Medizinische Fakult\u00e4t Institut f\u00fcr Kognitive Neurologie und Demenzforschung\",\"url\":\"https:\/\/sfb1436.de\/de\/\",\"logo\":{\"@type\":\"ImageObject\",\"inLanguage\":\"de\",\"@id\":\"https:\/\/sfb1436.de\/de\/#\/schema\/logo\/image\/\",\"url\":\"https:\/\/sfb1436.de\/wp-content\/uploads\/2021\/12\/logo-sfb.png\",\"contentUrl\":\"https:\/\/sfb1436.de\/wp-content\/uploads\/2021\/12\/logo-sfb.png\",\"width\":1244,\"height\":820,\"caption\":\"Otto-von-Guericke Universit\u00e4t Medizinische Fakult\u00e4t Institut f\u00fcr Kognitive Neurologie und Demenzforschung\"},\"image\":{\"@id\":\"https:\/\/sfb1436.de\/de\/#\/schema\/logo\/image\/\"}},{\"@type\":\"Person\",\"@id\":\"https:\/\/sfb1436.de\/de\/#\/schema\/person\/c0ef0d254080f73ef2aa76e57caa6d12\",\"name\":\"redakteur\"}]}<\/script>\n<!-- \/ Yoast SEO plugin. -->","yoast_head_json":{"title":"Fotowettbewerb Diversity & Inklusion","description":"Zum 12. Deutschen Diversity Tag veranstaltet die OVGU gemeinsam mit dem\u00a0Netzwerk Chancengleichheit & Diversit\u00e4t einen Fotowettbewerb.","robots":{"index":"index","follow":"follow","max-snippet":"max-snippet:-1","max-image-preview":"max-image-preview:large","max-video-preview":"max-video-preview:-1"},"canonical":"https:\/\/sfb1436.de\/de\/fotowettbewerb-diversity-inklusion\/","og_locale":"de_DE","og_type":"article","og_title":"Fotowettbewerb Diversity & Inklusion","og_description":"Zum 12. Deutschen Diversity Tag veranstaltet die OVGU gemeinsam mit dem\u00a0Netzwerk Chancengleichheit & Diversit\u00e4t einen Fotowettbewerb.","og_url":"https:\/\/sfb1436.de\/de\/fotowettbewerb-diversity-inklusion\/","og_site_name":"SFB1436","article_published_time":"2024-05-24T10:38:08+00:00","article_modified_time":"2024-06-26T10:44:19+00:00","author":"redakteur","twitter_card":"summary_large_image","twitter_misc":{"Verfasst von":"redakteur","Gesch\u00e4tzte Lesezeit":"2\u00a0Minuten"},"schema":{"@context":"https:\/\/schema.org","@graph":[{"@type":"ScholarlyArticle","@id":"https:\/\/sfb1436.de\/de\/fotowettbewerb-diversity-inklusion\/#article","isPartOf":{"@id":"https:\/\/sfb1436.de\/de\/fotowettbewerb-diversity-inklusion\/"},"author":{"name":"redakteur","@id":"https:\/\/sfb1436.de\/de\/#\/schema\/person\/c0ef0d254080f73ef2aa76e57caa6d12"},"headline":"Fotowettbewerb Diversity &amp; Inklusion","datePublished":"2024-05-24T10:38:08+00:00","dateModified":"2024-06-26T10:44:19+00:00","mainEntityOfPage":{"@id":"https:\/\/sfb1436.de\/de\/fotowettbewerb-diversity-inklusion\/"},"wordCount":266,"publisher":{"@id":"https:\/\/sfb1436.de\/de\/#organization"},"keywords":["Chancengleichheit","Diversity","Magdeburg","SFB 1436"],"articleSection":["Alle News und Events","Events","News"],"inLanguage":"de"},{"@type":"WebPage","@id":"https:\/\/sfb1436.de\/de\/fotowettbewerb-diversity-inklusion\/","url":"https:\/\/sfb1436.de\/de\/fotowettbewerb-diversity-inklusion\/","name":"Fotowettbewerb Diversity & Inklusion","isPartOf":{"@id":"https:\/\/sfb1436.de\/de\/#website"},"datePublished":"2024-05-24T10:38:08+00:00","dateModified":"2024-06-26T10:44:19+00:00","description":"Zum 12. Deutschen Diversity Tag veranstaltet die OVGU gemeinsam mit dem\u00a0Netzwerk Chancengleichheit & Diversit\u00e4t einen Fotowettbewerb.","breadcrumb":{"@id":"https:\/\/sfb1436.de\/de\/fotowettbewerb-diversity-inklusion\/#breadcrumb"},"inLanguage":"de","potentialAction":[{"@type":"ReadAction","target":["https:\/\/sfb1436.de\/de\/fotowettbewerb-diversity-inklusion\/"]}]},{"@type":"BreadcrumbList","@id":"https:\/\/sfb1436.de\/de\/fotowettbewerb-diversity-inklusion\/#breadcrumb","itemListElement":[{"@type":"ListItem","position":1,"name":"Startseite","item":"https:\/\/sfb1436.de\/de\/"},{"@type":"ListItem","position":2,"name":"Fotowettbewerb Diversity &amp; Inklusion"}]},{"@type":"WebSite","@id":"https:\/\/sfb1436.de\/de\/#website","url":"https:\/\/sfb1436.de\/de\/","name":"SFB1436","description":"","publisher":{"@id":"https:\/\/sfb1436.de\/de\/#organization"},"potentialAction":[{"@type":"SearchAction","target":{"@type":"EntryPoint","urlTemplate":"https:\/\/sfb1436.de\/de\/?s={search_term_string}"},"query-input":{"@type":"PropertyValueSpecification","valueRequired":true,"valueName":"search_term_string"}}],"inLanguage":"de"},{"@type":"Organization","@id":"https:\/\/sfb1436.de\/de\/#organization","name":"Otto-von-Guericke Universit\u00e4t Medizinische Fakult\u00e4t Institut f\u00fcr Kognitive Neurologie und Demenzforschung","url":"https:\/\/sfb1436.de\/de\/","logo":{"@type":"ImageObject","inLanguage":"de","@id":"https:\/\/sfb1436.de\/de\/#\/schema\/logo\/image\/","url":"https:\/\/sfb1436.de\/wp-content\/uploads\/2021\/12\/logo-sfb.png","contentUrl":"https:\/\/sfb1436.de\/wp-content\/uploads\/2021\/12\/logo-sfb.png","width":1244,"height":820,"caption":"Otto-von-Guericke Universit\u00e4t Medizinische Fakult\u00e4t Institut f\u00fcr Kognitive Neurologie und Demenzforschung"},"image":{"@id":"https:\/\/sfb1436.de\/de\/#\/schema\/logo\/image\/"}},{"@type":"Person","@id":"https:\/\/sfb1436.de\/de\/#\/schema\/person\/c0ef0d254080f73ef2aa76e57caa6d12","name":"redakteur"}]}},"uagb_featured_image_src":{"full":false,"thumbnail":false,"medium":false,"medium_large":false,"large":false,"gs-tiny":false,"xl":false,"xxl":false,"xxxl":false,"xxxxl":false,"xxxxxl":false,"1536x1536":false,"2048x2048":false,"awsm_team":false},"uagb_author_info":{"display_name":"redakteur","author_link":"https:\/\/sfb1436.de\/de\/author\/redakteur\/"},"uagb_comment_info":0,"uagb_excerpt":"Grenzenlos: Dein Blickwinkel auf Diversit\u00e4t und Inklusion an der OVGU Anl\u00e4sslich des 12. Deutschen Diversity Tages am 28. Mai 2024 veranstalten wir gemeinsam mit dem&nbsp;Netzwerk Chancengleichheit &amp; Diversit\u00e4t&nbsp;einen&nbsp;Fotowettbewerb&nbsp;zum UN Nachhaltigkeitsziel 10 \u201eWeniger Ungleichheiten\u201c. Motto des Wettbewerbs ist&nbsp;&#8222;Grenzenlos: Dein Blickwinkel auf Diversit\u00e4t und Inklusion an der OVGU&#8220;. In der kreativen Umsetzung sind keine Grenzen gesetzt. Teilnehmen&hellip;","_links":{"self":[{"href":"https:\/\/sfb1436.de\/de\/wp-json\/wp\/v2\/posts\/21374","targetHints":{"allow":["GET"]}}],"collection":[{"href":"https:\/\/sfb1436.de\/de\/wp-json\/wp\/v2\/posts"}],"about":[{"href":"https:\/\/sfb1436.de\/de\/wp-json\/wp\/v2\/types\/post"}],"author":[{"embeddable":true,"href":"https:\/\/sfb1436.de\/de\/wp-json\/wp\/v2\/users\/4"}],"replies":[{"embeddable":true,"href":"https:\/\/sfb1436.de\/de\/wp-json\/wp\/v2\/comments?post=21374"}],"version-history":[{"count":1,"href":"https:\/\/sfb1436.de\/de\/wp-json\/wp\/v2\/posts\/21374\/revisions"}],"predecessor-version":[{"id":21375,"href":"https:\/\/sfb1436.de\/de\/wp-json\/wp\/v2\/posts\/21374\/revisions\/21375"}],"wp:attachment":[{"href":"https:\/\/sfb1436.de\/de\/wp-json\/wp\/v2\/media?parent=21374"}],"wp:term":[{"taxonomy":"category","embeddable":true,"href":"https:\/\/sfb1436.de\/de\/wp-json\/wp\/v2\/categories?post=21374"},{"taxonomy":"post_tag","embeddable":true,"href":"https:\/\/sfb1436.de\/de\/wp-json\/wp\/v2\/tags?post=21374"}],"curies":[{"name":"wp","href":"https:\/\/api.w.org\/{rel}","templated":true}]}}