{"id":21278,"date":"2024-06-25T16:25:04","date_gmt":"2024-06-25T14:25:04","guid":{"rendered":"https:\/\/sfb1436.de\/?p=21278"},"modified":"2024-06-25T16:25:26","modified_gmt":"2024-06-25T14:25:26","slug":"vortrag-mit-ted-abel","status":"publish","type":"post","link":"https:\/\/sfb1436.de\/de\/vortrag-mit-ted-abel\/","title":{"rendered":"01.07.2024 &#8211; Vortrag mit Ted Abel"},"content":{"rendered":"\n<p class=\"wp-block-paragraph\"><strong>Der Neurowissenschaftler&nbsp;<a href=\"https:\/\/medicine.uiowa.edu\/physiology\/profile\/ted-abel\" target=\"_blank\" rel=\"noreferrer noopener\">Ted Abel von der University of Iowa<\/a>&nbsp;h\u00e4lt am 1. Juli 2024 einen Vortrag zum Thema &#8222;Vom Molek\u00fcl zur psychischen Gesundheit &#8211; Neue Perspektiven in Neurowissenschaft und Psychiatrie\u201c.<\/strong>&nbsp;Beginn ist um 15:00 Uhr im LIN, Ebbinghaus.<\/p>\n\n\n\n<p class=\"wp-block-paragraph\"><strong>Im Anschluss wird es eine allgemeine Poster-Session zum Thema \u201epsychische Gesundheit\u201c geben.<\/strong>&nbsp;Dabei wird eine real-time Online-Abstimmung f\u00fcr einen Posterpreis durchgef\u00fchrt. Alle Interessierten sind eingeladen, ein kurzes Poster-abstract (100 W\u00f6rter) einzureichen. Das Thema sollte direkt oder auch im weiteren Sinne mit psychischer Gesundheit zu tun haben. Das Abstract k\u00f6nnen Sie gerne an&nbsp;<a href=\"javascript:sendEmail('petra.henrich-noack', 'lin-magdeburg', 'de', '')\">petra.henrich-noack@lin-magdeburg.de<\/a>&nbsp;schicken.&nbsp;<strong>Weiterhin werden w\u00e4hrend der Veranstaltung vielf\u00e4ltige M\u00f6glichkeiten f\u00fcr Diskussionen bestehen.<\/strong><\/p>\n\n\n\n<p class=\"wp-block-paragraph\">Die Veranstaltung wird vom\u00a0<a href=\"https:\/\/www.lin-magdeburg.de\/\" target=\"_blank\" rel=\"noreferrer noopener\">Leibniz-Institut f\u00fcr Neurobiologie (LIN)<\/a>\u00a0und von der\u00a0<a href=\"http:\/\/www.kpsy.ovgu.de\/\" target=\"_blank\" rel=\"noreferrer noopener\">Universit\u00e4tsklinik f\u00fcr Psychiatrie und Psychotherapie Magdeburg<\/a>\u00a0ausgerichtet.<\/p>\n","protected":false},"excerpt":{"rendered":"<p>Der Neurowissenschaftler&nbsp;Ted Abel von der University of Iowa&nbsp;h\u00e4lt am 1. Juli 2024 einen Vortrag zum Thema &#8222;Vom Molek\u00fcl zur psychischen Gesundheit &#8211; Neue Perspektiven in Neurowissenschaft und Psychiatrie\u201c.&nbsp;Beginn ist um 15:00 Uhr im LIN, Ebbinghaus. Im Anschluss wird es eine allgemeine Poster-Session zum Thema \u201epsychische Gesundheit\u201c geben.&nbsp;Dabei wird eine real-time Online-Abstimmung f\u00fcr einen Posterpreis durchgef\u00fchrt. [&hellip;]<\/p>\n","protected":false},"author":4,"featured_media":0,"comment_status":"closed","ping_status":"closed","sticky":false,"template":"","format":"standard","meta":{"_crdt_document":"","_uag_custom_page_level_css":"","footnotes":""},"categories":[281,219,220],"tags":[331,372,478],"class_list":["post-21278","post","type-post","status-publish","format-standard","hentry","category-alle-news-und-events","category-events-de","category-news-de","tag-magdeburg","tag-neurowissenschaften","tag-vortrag"],"yoast_head":"<!-- This site is optimized with the Yoast SEO plugin v27.1.1 - https:\/\/yoast.com\/product\/yoast-seo-wordpress\/ -->\n<title>Vortrag mit Ted Abel<\/title>\n<meta name=\"description\" content=\"Ted Abel\u00a0h\u00e4lt am 01.07.2024 einen Vortrag &quot;Vom Molek\u00fcl zur psychischen Gesundheit - Neue Perspektiven in Neurowissenschaft und Psychiatrie\u201c.\" \/>\n<meta name=\"robots\" content=\"index, follow, max-snippet:-1, max-image-preview:large, max-video-preview:-1\" \/>\n<link rel=\"canonical\" href=\"https:\/\/sfb1436.de\/de\/vortrag-mit-ted-abel\/\" \/>\n<meta property=\"og:locale\" content=\"de_DE\" \/>\n<meta property=\"og:type\" content=\"article\" \/>\n<meta property=\"og:title\" content=\"Vortrag mit Ted Abel\" \/>\n<meta property=\"og:description\" content=\"Ted Abel\u00a0h\u00e4lt am 01.07.2024 einen Vortrag &quot;Vom Molek\u00fcl zur psychischen Gesundheit - Neue Perspektiven in Neurowissenschaft und Psychiatrie\u201c.\" \/>\n<meta property=\"og:url\" content=\"https:\/\/sfb1436.de\/de\/vortrag-mit-ted-abel\/\" \/>\n<meta property=\"og:site_name\" content=\"SFB1436\" \/>\n<meta property=\"article:published_time\" content=\"2024-06-25T14:25:04+00:00\" \/>\n<meta property=\"article:modified_time\" content=\"2024-06-25T14:25:26+00:00\" \/>\n<meta name=\"author\" content=\"redakteur\" \/>\n<meta name=\"twitter:card\" content=\"summary_large_image\" \/>\n<meta name=\"twitter:label1\" content=\"Verfasst von\" \/>\n\t<meta name=\"twitter:data1\" content=\"redakteur\" \/>\n\t<meta name=\"twitter:label2\" content=\"Gesch\u00e4tzte Lesezeit\" \/>\n\t<meta name=\"twitter:data2\" content=\"1\u00a0Minute\" \/>\n<script type=\"application\/ld+json\" class=\"yoast-schema-graph\">{\"@context\":\"https:\/\/schema.org\",\"@graph\":[{\"@type\":\"ScholarlyArticle\",\"@id\":\"https:\/\/sfb1436.de\/de\/vortrag-mit-ted-abel\/#article\",\"isPartOf\":{\"@id\":\"https:\/\/sfb1436.de\/de\/vortrag-mit-ted-abel\/\"},\"author\":{\"name\":\"redakteur\",\"@id\":\"https:\/\/sfb1436.de\/de\/#\/schema\/person\/c0ef0d254080f73ef2aa76e57caa6d12\"},\"headline\":\"01.07.2024 &#8211; Vortrag mit Ted Abel\",\"datePublished\":\"2024-06-25T14:25:04+00:00\",\"dateModified\":\"2024-06-25T14:25:26+00:00\",\"mainEntityOfPage\":{\"@id\":\"https:\/\/sfb1436.de\/de\/vortrag-mit-ted-abel\/\"},\"wordCount\":144,\"publisher\":{\"@id\":\"https:\/\/sfb1436.de\/de\/#organization\"},\"keywords\":[\"Magdeburg\",\"Neurowissenschaften\",\"Vortrag\"],\"articleSection\":[\"Alle News und Events\",\"Events\",\"News\"],\"inLanguage\":\"de\"},{\"@type\":\"WebPage\",\"@id\":\"https:\/\/sfb1436.de\/de\/vortrag-mit-ted-abel\/\",\"url\":\"https:\/\/sfb1436.de\/de\/vortrag-mit-ted-abel\/\",\"name\":\"Vortrag mit Ted Abel\",\"isPartOf\":{\"@id\":\"https:\/\/sfb1436.de\/de\/#website\"},\"datePublished\":\"2024-06-25T14:25:04+00:00\",\"dateModified\":\"2024-06-25T14:25:26+00:00\",\"description\":\"Ted Abel\u00a0h\u00e4lt am 01.07.2024 einen Vortrag \\\"Vom Molek\u00fcl zur psychischen Gesundheit - Neue Perspektiven in Neurowissenschaft und Psychiatrie\u201c.\",\"breadcrumb\":{\"@id\":\"https:\/\/sfb1436.de\/de\/vortrag-mit-ted-abel\/#breadcrumb\"},\"inLanguage\":\"de\",\"potentialAction\":[{\"@type\":\"ReadAction\",\"target\":[\"https:\/\/sfb1436.de\/de\/vortrag-mit-ted-abel\/\"]}]},{\"@type\":\"BreadcrumbList\",\"@id\":\"https:\/\/sfb1436.de\/de\/vortrag-mit-ted-abel\/#breadcrumb\",\"itemListElement\":[{\"@type\":\"ListItem\",\"position\":1,\"name\":\"Startseite\",\"item\":\"https:\/\/sfb1436.de\/de\/\"},{\"@type\":\"ListItem\",\"position\":2,\"name\":\"01.07.2024 - Vortrag mit Ted Abel\"}]},{\"@type\":\"WebSite\",\"@id\":\"https:\/\/sfb1436.de\/de\/#website\",\"url\":\"https:\/\/sfb1436.de\/de\/\",\"name\":\"SFB1436\",\"description\":\"\",\"publisher\":{\"@id\":\"https:\/\/sfb1436.de\/de\/#organization\"},\"potentialAction\":[{\"@type\":\"SearchAction\",\"target\":{\"@type\":\"EntryPoint\",\"urlTemplate\":\"https:\/\/sfb1436.de\/de\/?s={search_term_string}\"},\"query-input\":{\"@type\":\"PropertyValueSpecification\",\"valueRequired\":true,\"valueName\":\"search_term_string\"}}],\"inLanguage\":\"de\"},{\"@type\":\"Organization\",\"@id\":\"https:\/\/sfb1436.de\/de\/#organization\",\"name\":\"Otto-von-Guericke Universit\u00e4t Medizinische Fakult\u00e4t Institut f\u00fcr Kognitive Neurologie und Demenzforschung\",\"url\":\"https:\/\/sfb1436.de\/de\/\",\"logo\":{\"@type\":\"ImageObject\",\"inLanguage\":\"de\",\"@id\":\"https:\/\/sfb1436.de\/de\/#\/schema\/logo\/image\/\",\"url\":\"https:\/\/sfb1436.de\/wp-content\/uploads\/2021\/12\/logo-sfb.png\",\"contentUrl\":\"https:\/\/sfb1436.de\/wp-content\/uploads\/2021\/12\/logo-sfb.png\",\"width\":1244,\"height\":820,\"caption\":\"Otto-von-Guericke Universit\u00e4t Medizinische Fakult\u00e4t Institut f\u00fcr Kognitive Neurologie und Demenzforschung\"},\"image\":{\"@id\":\"https:\/\/sfb1436.de\/de\/#\/schema\/logo\/image\/\"}},{\"@type\":\"Person\",\"@id\":\"https:\/\/sfb1436.de\/de\/#\/schema\/person\/c0ef0d254080f73ef2aa76e57caa6d12\",\"name\":\"redakteur\"}]}<\/script>\n<!-- \/ Yoast SEO plugin. -->","yoast_head_json":{"title":"Vortrag mit Ted Abel","description":"Ted Abel\u00a0h\u00e4lt am 01.07.2024 einen Vortrag \"Vom Molek\u00fcl zur psychischen Gesundheit - Neue Perspektiven in Neurowissenschaft und Psychiatrie\u201c.","robots":{"index":"index","follow":"follow","max-snippet":"max-snippet:-1","max-image-preview":"max-image-preview:large","max-video-preview":"max-video-preview:-1"},"canonical":"https:\/\/sfb1436.de\/de\/vortrag-mit-ted-abel\/","og_locale":"de_DE","og_type":"article","og_title":"Vortrag mit Ted Abel","og_description":"Ted Abel\u00a0h\u00e4lt am 01.07.2024 einen Vortrag \"Vom Molek\u00fcl zur psychischen Gesundheit - Neue Perspektiven in Neurowissenschaft und Psychiatrie\u201c.","og_url":"https:\/\/sfb1436.de\/de\/vortrag-mit-ted-abel\/","og_site_name":"SFB1436","article_published_time":"2024-06-25T14:25:04+00:00","article_modified_time":"2024-06-25T14:25:26+00:00","author":"redakteur","twitter_card":"summary_large_image","twitter_misc":{"Verfasst von":"redakteur","Gesch\u00e4tzte Lesezeit":"1\u00a0Minute"},"schema":{"@context":"https:\/\/schema.org","@graph":[{"@type":"ScholarlyArticle","@id":"https:\/\/sfb1436.de\/de\/vortrag-mit-ted-abel\/#article","isPartOf":{"@id":"https:\/\/sfb1436.de\/de\/vortrag-mit-ted-abel\/"},"author":{"name":"redakteur","@id":"https:\/\/sfb1436.de\/de\/#\/schema\/person\/c0ef0d254080f73ef2aa76e57caa6d12"},"headline":"01.07.2024 &#8211; Vortrag mit Ted Abel","datePublished":"2024-06-25T14:25:04+00:00","dateModified":"2024-06-25T14:25:26+00:00","mainEntityOfPage":{"@id":"https:\/\/sfb1436.de\/de\/vortrag-mit-ted-abel\/"},"wordCount":144,"publisher":{"@id":"https:\/\/sfb1436.de\/de\/#organization"},"keywords":["Magdeburg","Neurowissenschaften","Vortrag"],"articleSection":["Alle News und Events","Events","News"],"inLanguage":"de"},{"@type":"WebPage","@id":"https:\/\/sfb1436.de\/de\/vortrag-mit-ted-abel\/","url":"https:\/\/sfb1436.de\/de\/vortrag-mit-ted-abel\/","name":"Vortrag mit Ted Abel","isPartOf":{"@id":"https:\/\/sfb1436.de\/de\/#website"},"datePublished":"2024-06-25T14:25:04+00:00","dateModified":"2024-06-25T14:25:26+00:00","description":"Ted Abel\u00a0h\u00e4lt am 01.07.2024 einen Vortrag \"Vom Molek\u00fcl zur psychischen Gesundheit - Neue Perspektiven in Neurowissenschaft und Psychiatrie\u201c.","breadcrumb":{"@id":"https:\/\/sfb1436.de\/de\/vortrag-mit-ted-abel\/#breadcrumb"},"inLanguage":"de","potentialAction":[{"@type":"ReadAction","target":["https:\/\/sfb1436.de\/de\/vortrag-mit-ted-abel\/"]}]},{"@type":"BreadcrumbList","@id":"https:\/\/sfb1436.de\/de\/vortrag-mit-ted-abel\/#breadcrumb","itemListElement":[{"@type":"ListItem","position":1,"name":"Startseite","item":"https:\/\/sfb1436.de\/de\/"},{"@type":"ListItem","position":2,"name":"01.07.2024 - Vortrag mit Ted Abel"}]},{"@type":"WebSite","@id":"https:\/\/sfb1436.de\/de\/#website","url":"https:\/\/sfb1436.de\/de\/","name":"SFB1436","description":"","publisher":{"@id":"https:\/\/sfb1436.de\/de\/#organization"},"potentialAction":[{"@type":"SearchAction","target":{"@type":"EntryPoint","urlTemplate":"https:\/\/sfb1436.de\/de\/?s={search_term_string}"},"query-input":{"@type":"PropertyValueSpecification","valueRequired":true,"valueName":"search_term_string"}}],"inLanguage":"de"},{"@type":"Organization","@id":"https:\/\/sfb1436.de\/de\/#organization","name":"Otto-von-Guericke Universit\u00e4t Medizinische Fakult\u00e4t Institut f\u00fcr Kognitive Neurologie und Demenzforschung","url":"https:\/\/sfb1436.de\/de\/","logo":{"@type":"ImageObject","inLanguage":"de","@id":"https:\/\/sfb1436.de\/de\/#\/schema\/logo\/image\/","url":"https:\/\/sfb1436.de\/wp-content\/uploads\/2021\/12\/logo-sfb.png","contentUrl":"https:\/\/sfb1436.de\/wp-content\/uploads\/2021\/12\/logo-sfb.png","width":1244,"height":820,"caption":"Otto-von-Guericke Universit\u00e4t Medizinische Fakult\u00e4t Institut f\u00fcr Kognitive Neurologie und Demenzforschung"},"image":{"@id":"https:\/\/sfb1436.de\/de\/#\/schema\/logo\/image\/"}},{"@type":"Person","@id":"https:\/\/sfb1436.de\/de\/#\/schema\/person\/c0ef0d254080f73ef2aa76e57caa6d12","name":"redakteur"}]}},"uagb_featured_image_src":{"full":false,"thumbnail":false,"medium":false,"medium_large":false,"large":false,"gs-tiny":false,"xl":false,"xxl":false,"xxxl":false,"xxxxl":false,"xxxxxl":false,"1536x1536":false,"2048x2048":false,"awsm_team":false},"uagb_author_info":{"display_name":"redakteur","author_link":"https:\/\/sfb1436.de\/de\/author\/redakteur\/"},"uagb_comment_info":0,"uagb_excerpt":"Der Neurowissenschaftler&nbsp;Ted Abel von der University of Iowa&nbsp;h\u00e4lt am 1. Juli 2024 einen Vortrag zum Thema &#8222;Vom Molek\u00fcl zur psychischen Gesundheit &#8211; Neue Perspektiven in Neurowissenschaft und Psychiatrie\u201c.&nbsp;Beginn ist um 15:00 Uhr im LIN, Ebbinghaus. Im Anschluss wird es eine allgemeine Poster-Session zum Thema \u201epsychische Gesundheit\u201c geben.&nbsp;Dabei wird eine real-time Online-Abstimmung f\u00fcr einen Posterpreis durchgef\u00fchrt.&hellip;","_links":{"self":[{"href":"https:\/\/sfb1436.de\/de\/wp-json\/wp\/v2\/posts\/21278","targetHints":{"allow":["GET"]}}],"collection":[{"href":"https:\/\/sfb1436.de\/de\/wp-json\/wp\/v2\/posts"}],"about":[{"href":"https:\/\/sfb1436.de\/de\/wp-json\/wp\/v2\/types\/post"}],"author":[{"embeddable":true,"href":"https:\/\/sfb1436.de\/de\/wp-json\/wp\/v2\/users\/4"}],"replies":[{"embeddable":true,"href":"https:\/\/sfb1436.de\/de\/wp-json\/wp\/v2\/comments?post=21278"}],"version-history":[{"count":2,"href":"https:\/\/sfb1436.de\/de\/wp-json\/wp\/v2\/posts\/21278\/revisions"}],"predecessor-version":[{"id":21280,"href":"https:\/\/sfb1436.de\/de\/wp-json\/wp\/v2\/posts\/21278\/revisions\/21280"}],"wp:attachment":[{"href":"https:\/\/sfb1436.de\/de\/wp-json\/wp\/v2\/media?parent=21278"}],"wp:term":[{"taxonomy":"category","embeddable":true,"href":"https:\/\/sfb1436.de\/de\/wp-json\/wp\/v2\/categories?post=21278"},{"taxonomy":"post_tag","embeddable":true,"href":"https:\/\/sfb1436.de\/de\/wp-json\/wp\/v2\/tags?post=21278"}],"curies":[{"name":"wp","href":"https:\/\/api.w.org\/{rel}","templated":true}]}}