{"id":20806,"date":"2024-05-21T13:00:42","date_gmt":"2024-05-21T11:00:42","guid":{"rendered":"https:\/\/sfb1436.de\/?p=20806"},"modified":"2025-12-12T04:08:20","modified_gmt":"2025-12-12T03:08:20","slug":"matthew-nassar-zu-gast-in-der-sfb-speaker-series","status":"publish","type":"post","link":"https:\/\/sfb1436.de\/de\/matthew-nassar-zu-gast-in-der-sfb-speaker-series\/","title":{"rendered":"Matthew Nassar zu Gast in der SFB Speaker Series"},"content":{"rendered":"\n<p class=\"wp-block-paragraph\">Am Montag den 27. Mai 2024 um 15:30 Uhr setzt der SFB 1436 die Reihe &#8222;External Speaker Series&#8220; im Haus 64 DZNE \/ IKND (Raum 121) fort. Dieses Mal ist Matthew Nassar, Professor am Department of Neuroscience der Brown University, zu Gast und wird mit seinem Vortrag &#8222;Dynamic representations for behavioral flexibility&#8220; einen \u00dcberblick \u00fcber seine j\u00fcngsten Arbeiten geben.<\/p>\n\n\n\n<div class=\"wp-block-media-text is-stacked-on-mobile\" style=\"grid-template-columns:40% auto\"><figure class=\"wp-block-media-text__media\"><a href=\"https:\/\/sfb1436.de\/wp-content\/uploads\/2024\/05\/Invitation_Lecture_Matt_Nassar.pdf\"><img fetchpriority=\"high\" decoding=\"async\" width=\"724\" height=\"1024\" src=\"https:\/\/sfb1436.de\/wp-content\/uploads\/2024\/05\/Invitation_Lecture_Matt_Nassar-724x1024.webp\" alt=\"Invitation for lecture with Matthew Nassar\" class=\"wp-image-20789 size-full\" srcset=\"https:\/\/sfb1436.de\/wp-content\/uploads\/2024\/05\/Invitation_Lecture_Matt_Nassar-724x1024.webp 724w, https:\/\/sfb1436.de\/wp-content\/uploads\/2024\/05\/Invitation_Lecture_Matt_Nassar-212x300.webp 212w, https:\/\/sfb1436.de\/wp-content\/uploads\/2024\/05\/Invitation_Lecture_Matt_Nassar-768x1086.webp 768w, https:\/\/sfb1436.de\/wp-content\/uploads\/2024\/05\/Invitation_Lecture_Matt_Nassar-50x71.webp 50w, https:\/\/sfb1436.de\/wp-content\/uploads\/2024\/05\/Invitation_Lecture_Matt_Nassar-1600x2263.webp 1600w, https:\/\/sfb1436.de\/wp-content\/uploads\/2024\/05\/Invitation_Lecture_Matt_Nassar-1086x1536.webp 1086w, https:\/\/sfb1436.de\/wp-content\/uploads\/2024\/05\/Invitation_Lecture_Matt_Nassar-1448x2048.webp 1448w, https:\/\/sfb1436.de\/wp-content\/uploads\/2024\/05\/Invitation_Lecture_Matt_Nassar-scaled.webp 1810w\" sizes=\"(max-width: 724px) 100vw, 724px\" \/><\/a><\/figure><div class=\"wp-block-media-text__content\">\n<p class=\"wp-block-paragraph\">Gast: Matthew Nassar<\/p>\n\n\n\n<p class=\"wp-block-paragraph\">Titel: Dynamic representations for behavioral flexibility<\/p>\n\n\n\n<p class=\"wp-block-paragraph\">Zeit:&nbsp;Montag, 27.05.2024, 15:30 Uhr<\/p>\n\n\n\n<p class=\"wp-block-paragraph\">Ort: Geb\u00e4ude 64, Raum 121<\/p>\n<\/div><\/div>\n\n\n\n<p class=\"wp-block-paragraph\">Alle Interessierten sind recht herzlich eingeladen.<\/p>\n\n\n\n<p class=\"wp-block-paragraph\">Abstract: People flexibly adjust their use of information according to context. The same piece of information,&nbsp;for&nbsp;example the unexpected outcome of an action, might be highly influential on future behavior in one situation &#8212; but ignored in another one. Bayesian models have provided insight into why people display this sort of behavior, and even identified potential neural mechanisms that link to behavior in specific tasks and environments, but to date have fallen short of providing broader mechanistic insights that generalize across tasks or statistical environments. Here I&#8217;ll examine the possibility that such broader insights might be gained through careful consideration of task structure. I&#8217;ll show that we can think about a large number of sequential tasks as requiring the same inference problem &#8212; that is to infer the latent states of the world and the parameters of those latent states &#8212; with the primary distinctions within the class defined by transition structure. Then I&#8217;ll&nbsp;talk&nbsp;about how a neural network that updates latent states according to a known transition structure and learns &#8222;parameters&#8220; of the world&nbsp;for&nbsp;each latent state can explain adaptive learning behavior across environments and provide the first insights into neural correlates of adaptive learning across environments. Finally, I will present a computational model that can learn the structure of the environment de novo, and show that the model can capture behavioral features of structure learning in humans performing changepoint, oddball, reversal, and sequence tasks.<\/p>\n","protected":false},"excerpt":{"rendered":"<p>Am Montag den 27. Mai 2024 um 15:30 Uhr setzt der SFB 1436 die Reihe &#8222;External Speaker Series&#8220; im Haus 64 DZNE \/ IKND (Raum 121) fort. Dieses Mal ist Matthew Nassar, Professor am Department of Neuroscience der Brown University, zu Gast und wird mit seinem Vortrag &#8222;Dynamic representations for behavioral flexibility&#8220; einen \u00dcberblick \u00fcber [&hellip;]<\/p>\n","protected":false},"author":4,"featured_media":17101,"comment_status":"closed","ping_status":"closed","sticky":false,"template":"","format":"standard","meta":{"_crdt_document":"","_uag_custom_page_level_css":"","footnotes":""},"categories":[288,281],"tags":[566,357,702,331,935,372,330,478],"class_list":["post-20806","post","type-post","status-publish","format-standard","has-post-thumbnail","hentry","category-all-news-and-events-de","category-alle-news-und-events","tag-crc-1436-de","tag-forschung","tag-gastvortrag","tag-magdeburg","tag-matthew-nassar-2","tag-neurowissenschaften","tag-sfb-1436","tag-vortrag"],"yoast_head":"<!-- This site is optimized with the Yoast SEO plugin v27.1.1 - https:\/\/yoast.com\/product\/yoast-seo-wordpress\/ -->\n<title>Matthew Nassar zu Gast in der SFB Speaker Series<\/title>\n<meta name=\"description\" content=\"Matthew Nassar ist am Montag den 27. Mai 2024 um 15:30 Uhr zu Gast in der SFB 1436 Speaker Series in Magdeburg.\" \/>\n<meta name=\"robots\" content=\"index, follow, max-snippet:-1, max-image-preview:large, max-video-preview:-1\" \/>\n<link rel=\"canonical\" href=\"https:\/\/sfb1436.de\/de\/matthew-nassar-zu-gast-in-der-sfb-speaker-series\/\" \/>\n<meta property=\"og:locale\" content=\"de_DE\" \/>\n<meta property=\"og:type\" content=\"article\" \/>\n<meta property=\"og:title\" content=\"Matthew Nassar zu Gast in der SFB Speaker Series\" \/>\n<meta property=\"og:description\" content=\"Matthew Nassar ist am Montag den 27. Mai 2024 um 15:30 Uhr zu Gast in der SFB 1436 Speaker Series in Magdeburg.\" \/>\n<meta property=\"og:url\" content=\"https:\/\/sfb1436.de\/de\/matthew-nassar-zu-gast-in-der-sfb-speaker-series\/\" \/>\n<meta property=\"og:site_name\" content=\"SFB1436\" \/>\n<meta property=\"article:published_time\" content=\"2024-05-21T11:00:42+00:00\" \/>\n<meta property=\"article:modified_time\" content=\"2025-12-12T03:08:20+00:00\" \/>\n<meta property=\"og:image\" content=\"https:\/\/sfb1436.de\/wp-content\/uploads\/2023\/03\/crc-speaker.png\" \/>\n\t<meta property=\"og:image:width\" content=\"1738\" \/>\n\t<meta property=\"og:image:height\" content=\"313\" \/>\n\t<meta property=\"og:image:type\" content=\"image\/png\" \/>\n<meta name=\"author\" content=\"redakteur\" \/>\n<meta name=\"twitter:card\" content=\"summary_large_image\" \/>\n<meta name=\"twitter:label1\" content=\"Verfasst von\" \/>\n\t<meta name=\"twitter:data1\" content=\"redakteur\" \/>\n\t<meta name=\"twitter:label2\" content=\"Gesch\u00e4tzte Lesezeit\" \/>\n\t<meta name=\"twitter:data2\" content=\"2\u00a0Minuten\" \/>\n<script type=\"application\/ld+json\" class=\"yoast-schema-graph\">{\"@context\":\"https:\/\/schema.org\",\"@graph\":[{\"@type\":\"ScholarlyArticle\",\"@id\":\"https:\/\/sfb1436.de\/de\/matthew-nassar-zu-gast-in-der-sfb-speaker-series\/#article\",\"isPartOf\":{\"@id\":\"https:\/\/sfb1436.de\/de\/matthew-nassar-zu-gast-in-der-sfb-speaker-series\/\"},\"author\":{\"name\":\"redakteur\",\"@id\":\"https:\/\/sfb1436.de\/de\/#\/schema\/person\/c0ef0d254080f73ef2aa76e57caa6d12\"},\"headline\":\"Matthew Nassar zu Gast in der SFB Speaker Series\",\"datePublished\":\"2024-05-21T11:00:42+00:00\",\"dateModified\":\"2025-12-12T03:08:20+00:00\",\"mainEntityOfPage\":{\"@id\":\"https:\/\/sfb1436.de\/de\/matthew-nassar-zu-gast-in-der-sfb-speaker-series\/\"},\"wordCount\":333,\"publisher\":{\"@id\":\"https:\/\/sfb1436.de\/de\/#organization\"},\"image\":{\"@id\":\"https:\/\/sfb1436.de\/de\/matthew-nassar-zu-gast-in-der-sfb-speaker-series\/#primaryimage\"},\"thumbnailUrl\":\"https:\/\/sfb1436.de\/wp-content\/uploads\/2023\/03\/crc-speaker.png\",\"keywords\":[\"CRC 1436\",\"Forschung\",\"Gastvortrag\",\"Magdeburg\",\"Matthew Nassar\",\"Neurowissenschaften\",\"SFB 1436\",\"Vortrag\"],\"articleSection\":[\"All News and Events\",\"Alle News und Events\"],\"inLanguage\":\"de\"},{\"@type\":\"WebPage\",\"@id\":\"https:\/\/sfb1436.de\/de\/matthew-nassar-zu-gast-in-der-sfb-speaker-series\/\",\"url\":\"https:\/\/sfb1436.de\/de\/matthew-nassar-zu-gast-in-der-sfb-speaker-series\/\",\"name\":\"Matthew Nassar zu Gast in der SFB Speaker Series\",\"isPartOf\":{\"@id\":\"https:\/\/sfb1436.de\/de\/#website\"},\"primaryImageOfPage\":{\"@id\":\"https:\/\/sfb1436.de\/de\/matthew-nassar-zu-gast-in-der-sfb-speaker-series\/#primaryimage\"},\"image\":{\"@id\":\"https:\/\/sfb1436.de\/de\/matthew-nassar-zu-gast-in-der-sfb-speaker-series\/#primaryimage\"},\"thumbnailUrl\":\"https:\/\/sfb1436.de\/wp-content\/uploads\/2023\/03\/crc-speaker.png\",\"datePublished\":\"2024-05-21T11:00:42+00:00\",\"dateModified\":\"2025-12-12T03:08:20+00:00\",\"description\":\"Matthew Nassar ist am Montag den 27. Mai 2024 um 15:30 Uhr zu Gast in der SFB 1436 Speaker Series in Magdeburg.\",\"breadcrumb\":{\"@id\":\"https:\/\/sfb1436.de\/de\/matthew-nassar-zu-gast-in-der-sfb-speaker-series\/#breadcrumb\"},\"inLanguage\":\"de\",\"potentialAction\":[{\"@type\":\"ReadAction\",\"target\":[\"https:\/\/sfb1436.de\/de\/matthew-nassar-zu-gast-in-der-sfb-speaker-series\/\"]}]},{\"@type\":\"ImageObject\",\"inLanguage\":\"de\",\"@id\":\"https:\/\/sfb1436.de\/de\/matthew-nassar-zu-gast-in-der-sfb-speaker-series\/#primaryimage\",\"url\":\"https:\/\/sfb1436.de\/wp-content\/uploads\/2023\/03\/crc-speaker.png\",\"contentUrl\":\"https:\/\/sfb1436.de\/wp-content\/uploads\/2023\/03\/crc-speaker.png\",\"width\":1738,\"height\":313,\"caption\":\"Logo der SFB 1436 Speaker Series englisch\"},{\"@type\":\"BreadcrumbList\",\"@id\":\"https:\/\/sfb1436.de\/de\/matthew-nassar-zu-gast-in-der-sfb-speaker-series\/#breadcrumb\",\"itemListElement\":[{\"@type\":\"ListItem\",\"position\":1,\"name\":\"Startseite\",\"item\":\"https:\/\/sfb1436.de\/de\/\"},{\"@type\":\"ListItem\",\"position\":2,\"name\":\"Matthew Nassar zu Gast in der SFB Speaker Series\"}]},{\"@type\":\"WebSite\",\"@id\":\"https:\/\/sfb1436.de\/de\/#website\",\"url\":\"https:\/\/sfb1436.de\/de\/\",\"name\":\"SFB1436\",\"description\":\"\",\"publisher\":{\"@id\":\"https:\/\/sfb1436.de\/de\/#organization\"},\"potentialAction\":[{\"@type\":\"SearchAction\",\"target\":{\"@type\":\"EntryPoint\",\"urlTemplate\":\"https:\/\/sfb1436.de\/de\/?s={search_term_string}\"},\"query-input\":{\"@type\":\"PropertyValueSpecification\",\"valueRequired\":true,\"valueName\":\"search_term_string\"}}],\"inLanguage\":\"de\"},{\"@type\":\"Organization\",\"@id\":\"https:\/\/sfb1436.de\/de\/#organization\",\"name\":\"Otto-von-Guericke Universit\u00e4t Medizinische Fakult\u00e4t Institut f\u00fcr Kognitive Neurologie und Demenzforschung\",\"url\":\"https:\/\/sfb1436.de\/de\/\",\"logo\":{\"@type\":\"ImageObject\",\"inLanguage\":\"de\",\"@id\":\"https:\/\/sfb1436.de\/de\/#\/schema\/logo\/image\/\",\"url\":\"https:\/\/sfb1436.de\/wp-content\/uploads\/2021\/12\/logo-sfb.png\",\"contentUrl\":\"https:\/\/sfb1436.de\/wp-content\/uploads\/2021\/12\/logo-sfb.png\",\"width\":1244,\"height\":820,\"caption\":\"Otto-von-Guericke Universit\u00e4t Medizinische Fakult\u00e4t Institut f\u00fcr Kognitive Neurologie und Demenzforschung\"},\"image\":{\"@id\":\"https:\/\/sfb1436.de\/de\/#\/schema\/logo\/image\/\"}},{\"@type\":\"Person\",\"@id\":\"https:\/\/sfb1436.de\/de\/#\/schema\/person\/c0ef0d254080f73ef2aa76e57caa6d12\",\"name\":\"redakteur\"}]}<\/script>\n<!-- \/ Yoast SEO plugin. -->","yoast_head_json":{"title":"Matthew Nassar zu Gast in der SFB Speaker Series","description":"Matthew Nassar ist am Montag den 27. Mai 2024 um 15:30 Uhr zu Gast in der SFB 1436 Speaker Series in Magdeburg.","robots":{"index":"index","follow":"follow","max-snippet":"max-snippet:-1","max-image-preview":"max-image-preview:large","max-video-preview":"max-video-preview:-1"},"canonical":"https:\/\/sfb1436.de\/de\/matthew-nassar-zu-gast-in-der-sfb-speaker-series\/","og_locale":"de_DE","og_type":"article","og_title":"Matthew Nassar zu Gast in der SFB Speaker Series","og_description":"Matthew Nassar ist am Montag den 27. Mai 2024 um 15:30 Uhr zu Gast in der SFB 1436 Speaker Series in Magdeburg.","og_url":"https:\/\/sfb1436.de\/de\/matthew-nassar-zu-gast-in-der-sfb-speaker-series\/","og_site_name":"SFB1436","article_published_time":"2024-05-21T11:00:42+00:00","article_modified_time":"2025-12-12T03:08:20+00:00","og_image":[{"width":1738,"height":313,"url":"https:\/\/sfb1436.de\/wp-content\/uploads\/2023\/03\/crc-speaker.png","type":"image\/png"}],"author":"redakteur","twitter_card":"summary_large_image","twitter_misc":{"Verfasst von":"redakteur","Gesch\u00e4tzte Lesezeit":"2\u00a0Minuten"},"schema":{"@context":"https:\/\/schema.org","@graph":[{"@type":"ScholarlyArticle","@id":"https:\/\/sfb1436.de\/de\/matthew-nassar-zu-gast-in-der-sfb-speaker-series\/#article","isPartOf":{"@id":"https:\/\/sfb1436.de\/de\/matthew-nassar-zu-gast-in-der-sfb-speaker-series\/"},"author":{"name":"redakteur","@id":"https:\/\/sfb1436.de\/de\/#\/schema\/person\/c0ef0d254080f73ef2aa76e57caa6d12"},"headline":"Matthew Nassar zu Gast in der SFB Speaker Series","datePublished":"2024-05-21T11:00:42+00:00","dateModified":"2025-12-12T03:08:20+00:00","mainEntityOfPage":{"@id":"https:\/\/sfb1436.de\/de\/matthew-nassar-zu-gast-in-der-sfb-speaker-series\/"},"wordCount":333,"publisher":{"@id":"https:\/\/sfb1436.de\/de\/#organization"},"image":{"@id":"https:\/\/sfb1436.de\/de\/matthew-nassar-zu-gast-in-der-sfb-speaker-series\/#primaryimage"},"thumbnailUrl":"https:\/\/sfb1436.de\/wp-content\/uploads\/2023\/03\/crc-speaker.png","keywords":["CRC 1436","Forschung","Gastvortrag","Magdeburg","Matthew Nassar","Neurowissenschaften","SFB 1436","Vortrag"],"articleSection":["All News and Events","Alle News und Events"],"inLanguage":"de"},{"@type":"WebPage","@id":"https:\/\/sfb1436.de\/de\/matthew-nassar-zu-gast-in-der-sfb-speaker-series\/","url":"https:\/\/sfb1436.de\/de\/matthew-nassar-zu-gast-in-der-sfb-speaker-series\/","name":"Matthew Nassar zu Gast in der SFB Speaker Series","isPartOf":{"@id":"https:\/\/sfb1436.de\/de\/#website"},"primaryImageOfPage":{"@id":"https:\/\/sfb1436.de\/de\/matthew-nassar-zu-gast-in-der-sfb-speaker-series\/#primaryimage"},"image":{"@id":"https:\/\/sfb1436.de\/de\/matthew-nassar-zu-gast-in-der-sfb-speaker-series\/#primaryimage"},"thumbnailUrl":"https:\/\/sfb1436.de\/wp-content\/uploads\/2023\/03\/crc-speaker.png","datePublished":"2024-05-21T11:00:42+00:00","dateModified":"2025-12-12T03:08:20+00:00","description":"Matthew Nassar ist am Montag den 27. Mai 2024 um 15:30 Uhr zu Gast in der SFB 1436 Speaker Series in Magdeburg.","breadcrumb":{"@id":"https:\/\/sfb1436.de\/de\/matthew-nassar-zu-gast-in-der-sfb-speaker-series\/#breadcrumb"},"inLanguage":"de","potentialAction":[{"@type":"ReadAction","target":["https:\/\/sfb1436.de\/de\/matthew-nassar-zu-gast-in-der-sfb-speaker-series\/"]}]},{"@type":"ImageObject","inLanguage":"de","@id":"https:\/\/sfb1436.de\/de\/matthew-nassar-zu-gast-in-der-sfb-speaker-series\/#primaryimage","url":"https:\/\/sfb1436.de\/wp-content\/uploads\/2023\/03\/crc-speaker.png","contentUrl":"https:\/\/sfb1436.de\/wp-content\/uploads\/2023\/03\/crc-speaker.png","width":1738,"height":313,"caption":"Logo der SFB 1436 Speaker Series englisch"},{"@type":"BreadcrumbList","@id":"https:\/\/sfb1436.de\/de\/matthew-nassar-zu-gast-in-der-sfb-speaker-series\/#breadcrumb","itemListElement":[{"@type":"ListItem","position":1,"name":"Startseite","item":"https:\/\/sfb1436.de\/de\/"},{"@type":"ListItem","position":2,"name":"Matthew Nassar zu Gast in der SFB Speaker Series"}]},{"@type":"WebSite","@id":"https:\/\/sfb1436.de\/de\/#website","url":"https:\/\/sfb1436.de\/de\/","name":"SFB1436","description":"","publisher":{"@id":"https:\/\/sfb1436.de\/de\/#organization"},"potentialAction":[{"@type":"SearchAction","target":{"@type":"EntryPoint","urlTemplate":"https:\/\/sfb1436.de\/de\/?s={search_term_string}"},"query-input":{"@type":"PropertyValueSpecification","valueRequired":true,"valueName":"search_term_string"}}],"inLanguage":"de"},{"@type":"Organization","@id":"https:\/\/sfb1436.de\/de\/#organization","name":"Otto-von-Guericke Universit\u00e4t Medizinische Fakult\u00e4t Institut f\u00fcr Kognitive Neurologie und Demenzforschung","url":"https:\/\/sfb1436.de\/de\/","logo":{"@type":"ImageObject","inLanguage":"de","@id":"https:\/\/sfb1436.de\/de\/#\/schema\/logo\/image\/","url":"https:\/\/sfb1436.de\/wp-content\/uploads\/2021\/12\/logo-sfb.png","contentUrl":"https:\/\/sfb1436.de\/wp-content\/uploads\/2021\/12\/logo-sfb.png","width":1244,"height":820,"caption":"Otto-von-Guericke Universit\u00e4t Medizinische Fakult\u00e4t Institut f\u00fcr Kognitive Neurologie und Demenzforschung"},"image":{"@id":"https:\/\/sfb1436.de\/de\/#\/schema\/logo\/image\/"}},{"@type":"Person","@id":"https:\/\/sfb1436.de\/de\/#\/schema\/person\/c0ef0d254080f73ef2aa76e57caa6d12","name":"redakteur"}]}},"uagb_featured_image_src":{"full":["https:\/\/sfb1436.de\/wp-content\/uploads\/2023\/03\/crc-speaker.png",1738,313,false],"thumbnail":["https:\/\/sfb1436.de\/wp-content\/uploads\/2023\/03\/crc-speaker-150x150.png",150,150,true],"medium":["https:\/\/sfb1436.de\/wp-content\/uploads\/2023\/03\/crc-speaker-300x54.png",300,54,true],"medium_large":["https:\/\/sfb1436.de\/wp-content\/uploads\/2023\/03\/crc-speaker-768x138.png",768,138,true],"large":["https:\/\/sfb1436.de\/wp-content\/uploads\/2023\/03\/crc-speaker-1024x184.png",1024,184,true],"gs-tiny":["https:\/\/sfb1436.de\/wp-content\/uploads\/2023\/03\/crc-speaker.png",50,9,false],"xl":["https:\/\/sfb1436.de\/wp-content\/uploads\/2023\/03\/crc-speaker-1600x288.png",1600,288,true],"xxl":["https:\/\/sfb1436.de\/wp-content\/uploads\/2023\/03\/crc-speaker.png",1738,313,false],"xxxl":["https:\/\/sfb1436.de\/wp-content\/uploads\/2023\/03\/crc-speaker.png",1738,313,false],"xxxxl":["https:\/\/sfb1436.de\/wp-content\/uploads\/2023\/03\/crc-speaker.png",1738,313,false],"xxxxxl":["https:\/\/sfb1436.de\/wp-content\/uploads\/2023\/03\/crc-speaker.png",1738,313,false],"1536x1536":["https:\/\/sfb1436.de\/wp-content\/uploads\/2023\/03\/crc-speaker-1536x277.png",1536,277,true],"2048x2048":["https:\/\/sfb1436.de\/wp-content\/uploads\/2023\/03\/crc-speaker.png",1738,313,false],"awsm_team":["https:\/\/sfb1436.de\/wp-content\/uploads\/2023\/03\/crc-speaker-800x313.png",800,313,true]},"uagb_author_info":{"display_name":"redakteur","author_link":"https:\/\/sfb1436.de\/de\/author\/redakteur\/"},"uagb_comment_info":0,"uagb_excerpt":"Am Montag den 27. Mai 2024 um 15:30 Uhr setzt der SFB 1436 die Reihe &#8222;External Speaker Series&#8220; im Haus 64 DZNE \/ IKND (Raum 121) fort. Dieses Mal ist Matthew Nassar, Professor am Department of Neuroscience der Brown University, zu Gast und wird mit seinem Vortrag &#8222;Dynamic representations for behavioral flexibility&#8220; einen \u00dcberblick \u00fcber&hellip;","_links":{"self":[{"href":"https:\/\/sfb1436.de\/de\/wp-json\/wp\/v2\/posts\/20806","targetHints":{"allow":["GET"]}}],"collection":[{"href":"https:\/\/sfb1436.de\/de\/wp-json\/wp\/v2\/posts"}],"about":[{"href":"https:\/\/sfb1436.de\/de\/wp-json\/wp\/v2\/types\/post"}],"author":[{"embeddable":true,"href":"https:\/\/sfb1436.de\/de\/wp-json\/wp\/v2\/users\/4"}],"replies":[{"embeddable":true,"href":"https:\/\/sfb1436.de\/de\/wp-json\/wp\/v2\/comments?post=20806"}],"version-history":[{"count":7,"href":"https:\/\/sfb1436.de\/de\/wp-json\/wp\/v2\/posts\/20806\/revisions"}],"predecessor-version":[{"id":29582,"href":"https:\/\/sfb1436.de\/de\/wp-json\/wp\/v2\/posts\/20806\/revisions\/29582"}],"wp:featuredmedia":[{"embeddable":true,"href":"https:\/\/sfb1436.de\/de\/wp-json\/wp\/v2\/media\/17101"}],"wp:attachment":[{"href":"https:\/\/sfb1436.de\/de\/wp-json\/wp\/v2\/media?parent=20806"}],"wp:term":[{"taxonomy":"category","embeddable":true,"href":"https:\/\/sfb1436.de\/de\/wp-json\/wp\/v2\/categories?post=20806"},{"taxonomy":"post_tag","embeddable":true,"href":"https:\/\/sfb1436.de\/de\/wp-json\/wp\/v2\/tags?post=20806"}],"curies":[{"name":"wp","href":"https:\/\/api.w.org\/{rel}","templated":true}]}}