{"id":20796,"date":"2024-05-24T09:00:00","date_gmt":"2024-05-24T07:00:00","guid":{"rendered":"https:\/\/sfb1436.de\/?p=20796"},"modified":"2025-05-19T06:30:13","modified_gmt":"2025-05-19T04:30:13","slug":"antrittsvorlesung-geistig-fit-bis-ins-hohe-alter","status":"publish","type":"post","link":"https:\/\/sfb1436.de\/de\/antrittsvorlesung-geistig-fit-bis-ins-hohe-alter\/","title":{"rendered":"Antrittsvorlesung &#8222;Geistig fit bis ins hohe Alter?&#8220;"},"content":{"rendered":"\n<p class=\"wp-block-paragraph\">SFB 1436 Projektleiterin Anne Maa\u00df wurde Ende des vergangenen Jahres auf die Dorothea-Erxleben-Gastprofessur der Otto-von-Guericke-Universit\u00e4t Magdeburg berufen. Am 6. Juni 2024 um 17 Uhr findet nun die Antrittsvorlesung zum Thema \u201eGeistig fit bis ins hohe Alter? Dem Ged\u00e4chtnis auf der Spur mittels multimodaler Bildgebung des Gehirns\u201c im Zentralen H\u00f6rsaal MED, Haus 22, Leipziger Str. 44, statt. <\/p>\n\n\n\n<p class=\"wp-block-paragraph\">In diesem Vortrag wird die Neurowissenschaftlerin darauf eingehen, wie sie u. a. mittels Magnetresonanztomographie sowie der Positronen-Emissions-Tomographie Gehirnfunktionen und -strukturen sichtbar machen und untersuchen kann. Damit m\u00f6chte Dr. Anne Maa\u00df untersuchen, wie sich krankhafte Ver\u00e4nderungen unseres Gehirns auf dessen Funktionsweise auswirken.<\/p>\n\n\n\n<p class=\"wp-block-paragraph\">G\u00e4ste sind herzlich willkommen.<\/p>\n\n\n\n<figure class=\"wp-block-image aligncenter size-large\"><img fetchpriority=\"high\" decoding=\"async\" width=\"1024\" height=\"552\" src=\"https:\/\/sfb1436.de\/wp-content\/uploads\/2024\/05\/Vortrag_Anne_Maass-1024x552.webp\" alt=\"Einladung Vortrag Anne Maa\u00df\" class=\"wp-image-20818\" srcset=\"https:\/\/sfb1436.de\/wp-content\/uploads\/2024\/05\/Vortrag_Anne_Maass-1024x552.webp 1024w, https:\/\/sfb1436.de\/wp-content\/uploads\/2024\/05\/Vortrag_Anne_Maass-300x162.webp 300w, https:\/\/sfb1436.de\/wp-content\/uploads\/2024\/05\/Vortrag_Anne_Maass-768x414.webp 768w, https:\/\/sfb1436.de\/wp-content\/uploads\/2024\/05\/Vortrag_Anne_Maass-50x27.webp 50w, https:\/\/sfb1436.de\/wp-content\/uploads\/2024\/05\/Vortrag_Anne_Maass-1600x863.webp 1600w, https:\/\/sfb1436.de\/wp-content\/uploads\/2024\/05\/Vortrag_Anne_Maass-1536x828.webp 1536w, https:\/\/sfb1436.de\/wp-content\/uploads\/2024\/05\/Vortrag_Anne_Maass-2048x1104.webp 2048w\" sizes=\"(max-width: 1024px) 100vw, 1024px\" \/><\/figure>\n","protected":false},"excerpt":{"rendered":"<p>SFB 1436 Projektleiterin Anne Maa\u00df wurde Ende des vergangenen Jahres auf die Dorothea-Erxleben-Gastprofessur der Otto-von-Guericke-Universit\u00e4t Magdeburg berufen. Am 6. Juni 2024 um 17 Uhr findet nun die Antrittsvorlesung zum Thema \u201eGeistig fit bis ins hohe Alter? Dem Ged\u00e4chtnis auf der Spur mittels multimodaler Bildgebung des Gehirns\u201c im Zentralen H\u00f6rsaal MED, Haus 22, Leipziger Str. 44, [&hellip;]<\/p>\n","protected":false},"author":4,"featured_media":17155,"comment_status":"closed","ping_status":"closed","sticky":false,"template":"","format":"standard","meta":{"_crdt_document":"","_uag_custom_page_level_css":"","footnotes":""},"categories":[288,281,15],"tags":[600,801,405,331,372,330],"class_list":["post-20796","post","type-post","status-publish","format-standard","has-post-thumbnail","hentry","category-all-news-and-events-de","category-alle-news-und-events","category-unkategorisiert","tag-anne-maass-3","tag-dorothea-erxleben-2","tag-frauen-in-der-forschung","tag-magdeburg","tag-neurowissenschaften","tag-sfb-1436"],"yoast_head":"<!-- This site is optimized with the Yoast SEO plugin v27.1.1 - https:\/\/yoast.com\/product\/yoast-seo-wordpress\/ -->\n<title>Antrittsvorlesung &quot;Geistig fit bis ins hohe Alter?&quot;<\/title>\n<meta name=\"description\" content=\"Am 06.06. 2024 um 17 Uhr findet die Antrittsvorlesung \u201eGeistig fit bis ins hohe Alter? mit Anne Maa\u00df statt.\" \/>\n<meta name=\"robots\" content=\"index, follow, max-snippet:-1, max-image-preview:large, max-video-preview:-1\" \/>\n<link rel=\"canonical\" href=\"https:\/\/sfb1436.de\/de\/antrittsvorlesung-geistig-fit-bis-ins-hohe-alter\/\" \/>\n<meta property=\"og:locale\" content=\"de_DE\" \/>\n<meta property=\"og:type\" content=\"article\" \/>\n<meta property=\"og:title\" content=\"Antrittsvorlesung &quot;Geistig fit bis ins hohe Alter?&quot;\" \/>\n<meta property=\"og:description\" content=\"Am 06.06. 2024 um 17 Uhr findet die Antrittsvorlesung \u201eGeistig fit bis ins hohe Alter? mit Anne Maa\u00df statt.\" \/>\n<meta property=\"og:url\" content=\"https:\/\/sfb1436.de\/de\/antrittsvorlesung-geistig-fit-bis-ins-hohe-alter\/\" \/>\n<meta property=\"og:site_name\" content=\"SFB1436\" \/>\n<meta property=\"article:published_time\" content=\"2024-05-24T07:00:00+00:00\" \/>\n<meta property=\"article:modified_time\" content=\"2025-05-19T04:30:13+00:00\" \/>\n<meta property=\"og:image\" content=\"https:\/\/sfb1436.de\/wp-content\/uploads\/2023\/03\/sfb-1436.png\" \/>\n\t<meta property=\"og:image:width\" content=\"1738\" \/>\n\t<meta property=\"og:image:height\" content=\"396\" \/>\n\t<meta property=\"og:image:type\" content=\"image\/png\" \/>\n<meta name=\"author\" content=\"redakteur\" \/>\n<meta name=\"twitter:card\" content=\"summary_large_image\" \/>\n<meta name=\"twitter:label1\" content=\"Verfasst von\" \/>\n\t<meta name=\"twitter:data1\" content=\"redakteur\" \/>\n\t<meta name=\"twitter:label2\" content=\"Gesch\u00e4tzte Lesezeit\" \/>\n\t<meta name=\"twitter:data2\" content=\"1\u00a0Minute\" \/>\n<script type=\"application\/ld+json\" class=\"yoast-schema-graph\">{\"@context\":\"https:\/\/schema.org\",\"@graph\":[{\"@type\":\"ScholarlyArticle\",\"@id\":\"https:\/\/sfb1436.de\/de\/antrittsvorlesung-geistig-fit-bis-ins-hohe-alter\/#article\",\"isPartOf\":{\"@id\":\"https:\/\/sfb1436.de\/de\/antrittsvorlesung-geistig-fit-bis-ins-hohe-alter\/\"},\"author\":{\"name\":\"redakteur\",\"@id\":\"https:\/\/sfb1436.de\/de\/#\/schema\/person\/c0ef0d254080f73ef2aa76e57caa6d12\"},\"headline\":\"Antrittsvorlesung &#8222;Geistig fit bis ins hohe Alter?&#8220;\",\"datePublished\":\"2024-05-24T07:00:00+00:00\",\"dateModified\":\"2025-05-19T04:30:13+00:00\",\"mainEntityOfPage\":{\"@id\":\"https:\/\/sfb1436.de\/de\/antrittsvorlesung-geistig-fit-bis-ins-hohe-alter\/\"},\"wordCount\":108,\"publisher\":{\"@id\":\"https:\/\/sfb1436.de\/de\/#organization\"},\"image\":{\"@id\":\"https:\/\/sfb1436.de\/de\/antrittsvorlesung-geistig-fit-bis-ins-hohe-alter\/#primaryimage\"},\"thumbnailUrl\":\"https:\/\/sfb1436.de\/wp-content\/uploads\/2023\/03\/sfb-1436.png\",\"keywords\":[\"Anne Maa\u00df\",\"Dorothea Erxleben\",\"Frauen in der Forschung\",\"Magdeburg\",\"Neurowissenschaften\",\"SFB 1436\"],\"articleSection\":[\"All News and Events\",\"Alle News und Events\",\"Unkategorisiert\"],\"inLanguage\":\"de\"},{\"@type\":\"WebPage\",\"@id\":\"https:\/\/sfb1436.de\/de\/antrittsvorlesung-geistig-fit-bis-ins-hohe-alter\/\",\"url\":\"https:\/\/sfb1436.de\/de\/antrittsvorlesung-geistig-fit-bis-ins-hohe-alter\/\",\"name\":\"Antrittsvorlesung \\\"Geistig fit bis ins hohe Alter?\\\"\",\"isPartOf\":{\"@id\":\"https:\/\/sfb1436.de\/de\/#website\"},\"primaryImageOfPage\":{\"@id\":\"https:\/\/sfb1436.de\/de\/antrittsvorlesung-geistig-fit-bis-ins-hohe-alter\/#primaryimage\"},\"image\":{\"@id\":\"https:\/\/sfb1436.de\/de\/antrittsvorlesung-geistig-fit-bis-ins-hohe-alter\/#primaryimage\"},\"thumbnailUrl\":\"https:\/\/sfb1436.de\/wp-content\/uploads\/2023\/03\/sfb-1436.png\",\"datePublished\":\"2024-05-24T07:00:00+00:00\",\"dateModified\":\"2025-05-19T04:30:13+00:00\",\"description\":\"Am 06.06. 2024 um 17 Uhr findet die Antrittsvorlesung \u201eGeistig fit bis ins hohe Alter? mit Anne Maa\u00df statt.\",\"breadcrumb\":{\"@id\":\"https:\/\/sfb1436.de\/de\/antrittsvorlesung-geistig-fit-bis-ins-hohe-alter\/#breadcrumb\"},\"inLanguage\":\"de\",\"potentialAction\":[{\"@type\":\"ReadAction\",\"target\":[\"https:\/\/sfb1436.de\/de\/antrittsvorlesung-geistig-fit-bis-ins-hohe-alter\/\"]}]},{\"@type\":\"ImageObject\",\"inLanguage\":\"de\",\"@id\":\"https:\/\/sfb1436.de\/de\/antrittsvorlesung-geistig-fit-bis-ins-hohe-alter\/#primaryimage\",\"url\":\"https:\/\/sfb1436.de\/wp-content\/uploads\/2023\/03\/sfb-1436.png\",\"contentUrl\":\"https:\/\/sfb1436.de\/wp-content\/uploads\/2023\/03\/sfb-1436.png\",\"width\":1738,\"height\":396,\"caption\":\"einfarbiges SFB Logo als Platzhalter f\u00fcr News\"},{\"@type\":\"BreadcrumbList\",\"@id\":\"https:\/\/sfb1436.de\/de\/antrittsvorlesung-geistig-fit-bis-ins-hohe-alter\/#breadcrumb\",\"itemListElement\":[{\"@type\":\"ListItem\",\"position\":1,\"name\":\"Startseite\",\"item\":\"https:\/\/sfb1436.de\/de\/\"},{\"@type\":\"ListItem\",\"position\":2,\"name\":\"Antrittsvorlesung &#8222;Geistig fit bis ins hohe Alter?&#8220;\"}]},{\"@type\":\"WebSite\",\"@id\":\"https:\/\/sfb1436.de\/de\/#website\",\"url\":\"https:\/\/sfb1436.de\/de\/\",\"name\":\"SFB1436\",\"description\":\"\",\"publisher\":{\"@id\":\"https:\/\/sfb1436.de\/de\/#organization\"},\"potentialAction\":[{\"@type\":\"SearchAction\",\"target\":{\"@type\":\"EntryPoint\",\"urlTemplate\":\"https:\/\/sfb1436.de\/de\/?s={search_term_string}\"},\"query-input\":{\"@type\":\"PropertyValueSpecification\",\"valueRequired\":true,\"valueName\":\"search_term_string\"}}],\"inLanguage\":\"de\"},{\"@type\":\"Organization\",\"@id\":\"https:\/\/sfb1436.de\/de\/#organization\",\"name\":\"Otto-von-Guericke Universit\u00e4t Medizinische Fakult\u00e4t Institut f\u00fcr Kognitive Neurologie und Demenzforschung\",\"url\":\"https:\/\/sfb1436.de\/de\/\",\"logo\":{\"@type\":\"ImageObject\",\"inLanguage\":\"de\",\"@id\":\"https:\/\/sfb1436.de\/de\/#\/schema\/logo\/image\/\",\"url\":\"https:\/\/sfb1436.de\/wp-content\/uploads\/2021\/12\/logo-sfb.png\",\"contentUrl\":\"https:\/\/sfb1436.de\/wp-content\/uploads\/2021\/12\/logo-sfb.png\",\"width\":1244,\"height\":820,\"caption\":\"Otto-von-Guericke Universit\u00e4t Medizinische Fakult\u00e4t Institut f\u00fcr Kognitive Neurologie und Demenzforschung\"},\"image\":{\"@id\":\"https:\/\/sfb1436.de\/de\/#\/schema\/logo\/image\/\"}},{\"@type\":\"Person\",\"@id\":\"https:\/\/sfb1436.de\/de\/#\/schema\/person\/c0ef0d254080f73ef2aa76e57caa6d12\",\"name\":\"redakteur\"}]}<\/script>\n<!-- \/ Yoast SEO plugin. -->","yoast_head_json":{"title":"Antrittsvorlesung \"Geistig fit bis ins hohe Alter?\"","description":"Am 06.06. 2024 um 17 Uhr findet die Antrittsvorlesung \u201eGeistig fit bis ins hohe Alter? mit Anne Maa\u00df statt.","robots":{"index":"index","follow":"follow","max-snippet":"max-snippet:-1","max-image-preview":"max-image-preview:large","max-video-preview":"max-video-preview:-1"},"canonical":"https:\/\/sfb1436.de\/de\/antrittsvorlesung-geistig-fit-bis-ins-hohe-alter\/","og_locale":"de_DE","og_type":"article","og_title":"Antrittsvorlesung \"Geistig fit bis ins hohe Alter?\"","og_description":"Am 06.06. 2024 um 17 Uhr findet die Antrittsvorlesung \u201eGeistig fit bis ins hohe Alter? mit Anne Maa\u00df statt.","og_url":"https:\/\/sfb1436.de\/de\/antrittsvorlesung-geistig-fit-bis-ins-hohe-alter\/","og_site_name":"SFB1436","article_published_time":"2024-05-24T07:00:00+00:00","article_modified_time":"2025-05-19T04:30:13+00:00","og_image":[{"width":1738,"height":396,"url":"https:\/\/sfb1436.de\/wp-content\/uploads\/2023\/03\/sfb-1436.png","type":"image\/png"}],"author":"redakteur","twitter_card":"summary_large_image","twitter_misc":{"Verfasst von":"redakteur","Gesch\u00e4tzte Lesezeit":"1\u00a0Minute"},"schema":{"@context":"https:\/\/schema.org","@graph":[{"@type":"ScholarlyArticle","@id":"https:\/\/sfb1436.de\/de\/antrittsvorlesung-geistig-fit-bis-ins-hohe-alter\/#article","isPartOf":{"@id":"https:\/\/sfb1436.de\/de\/antrittsvorlesung-geistig-fit-bis-ins-hohe-alter\/"},"author":{"name":"redakteur","@id":"https:\/\/sfb1436.de\/de\/#\/schema\/person\/c0ef0d254080f73ef2aa76e57caa6d12"},"headline":"Antrittsvorlesung &#8222;Geistig fit bis ins hohe Alter?&#8220;","datePublished":"2024-05-24T07:00:00+00:00","dateModified":"2025-05-19T04:30:13+00:00","mainEntityOfPage":{"@id":"https:\/\/sfb1436.de\/de\/antrittsvorlesung-geistig-fit-bis-ins-hohe-alter\/"},"wordCount":108,"publisher":{"@id":"https:\/\/sfb1436.de\/de\/#organization"},"image":{"@id":"https:\/\/sfb1436.de\/de\/antrittsvorlesung-geistig-fit-bis-ins-hohe-alter\/#primaryimage"},"thumbnailUrl":"https:\/\/sfb1436.de\/wp-content\/uploads\/2023\/03\/sfb-1436.png","keywords":["Anne Maa\u00df","Dorothea Erxleben","Frauen in der Forschung","Magdeburg","Neurowissenschaften","SFB 1436"],"articleSection":["All News and Events","Alle News und Events","Unkategorisiert"],"inLanguage":"de"},{"@type":"WebPage","@id":"https:\/\/sfb1436.de\/de\/antrittsvorlesung-geistig-fit-bis-ins-hohe-alter\/","url":"https:\/\/sfb1436.de\/de\/antrittsvorlesung-geistig-fit-bis-ins-hohe-alter\/","name":"Antrittsvorlesung \"Geistig fit bis ins hohe Alter?\"","isPartOf":{"@id":"https:\/\/sfb1436.de\/de\/#website"},"primaryImageOfPage":{"@id":"https:\/\/sfb1436.de\/de\/antrittsvorlesung-geistig-fit-bis-ins-hohe-alter\/#primaryimage"},"image":{"@id":"https:\/\/sfb1436.de\/de\/antrittsvorlesung-geistig-fit-bis-ins-hohe-alter\/#primaryimage"},"thumbnailUrl":"https:\/\/sfb1436.de\/wp-content\/uploads\/2023\/03\/sfb-1436.png","datePublished":"2024-05-24T07:00:00+00:00","dateModified":"2025-05-19T04:30:13+00:00","description":"Am 06.06. 2024 um 17 Uhr findet die Antrittsvorlesung \u201eGeistig fit bis ins hohe Alter? mit Anne Maa\u00df statt.","breadcrumb":{"@id":"https:\/\/sfb1436.de\/de\/antrittsvorlesung-geistig-fit-bis-ins-hohe-alter\/#breadcrumb"},"inLanguage":"de","potentialAction":[{"@type":"ReadAction","target":["https:\/\/sfb1436.de\/de\/antrittsvorlesung-geistig-fit-bis-ins-hohe-alter\/"]}]},{"@type":"ImageObject","inLanguage":"de","@id":"https:\/\/sfb1436.de\/de\/antrittsvorlesung-geistig-fit-bis-ins-hohe-alter\/#primaryimage","url":"https:\/\/sfb1436.de\/wp-content\/uploads\/2023\/03\/sfb-1436.png","contentUrl":"https:\/\/sfb1436.de\/wp-content\/uploads\/2023\/03\/sfb-1436.png","width":1738,"height":396,"caption":"einfarbiges SFB Logo als Platzhalter f\u00fcr News"},{"@type":"BreadcrumbList","@id":"https:\/\/sfb1436.de\/de\/antrittsvorlesung-geistig-fit-bis-ins-hohe-alter\/#breadcrumb","itemListElement":[{"@type":"ListItem","position":1,"name":"Startseite","item":"https:\/\/sfb1436.de\/de\/"},{"@type":"ListItem","position":2,"name":"Antrittsvorlesung &#8222;Geistig fit bis ins hohe Alter?&#8220;"}]},{"@type":"WebSite","@id":"https:\/\/sfb1436.de\/de\/#website","url":"https:\/\/sfb1436.de\/de\/","name":"SFB1436","description":"","publisher":{"@id":"https:\/\/sfb1436.de\/de\/#organization"},"potentialAction":[{"@type":"SearchAction","target":{"@type":"EntryPoint","urlTemplate":"https:\/\/sfb1436.de\/de\/?s={search_term_string}"},"query-input":{"@type":"PropertyValueSpecification","valueRequired":true,"valueName":"search_term_string"}}],"inLanguage":"de"},{"@type":"Organization","@id":"https:\/\/sfb1436.de\/de\/#organization","name":"Otto-von-Guericke Universit\u00e4t Medizinische Fakult\u00e4t Institut f\u00fcr Kognitive Neurologie und Demenzforschung","url":"https:\/\/sfb1436.de\/de\/","logo":{"@type":"ImageObject","inLanguage":"de","@id":"https:\/\/sfb1436.de\/de\/#\/schema\/logo\/image\/","url":"https:\/\/sfb1436.de\/wp-content\/uploads\/2021\/12\/logo-sfb.png","contentUrl":"https:\/\/sfb1436.de\/wp-content\/uploads\/2021\/12\/logo-sfb.png","width":1244,"height":820,"caption":"Otto-von-Guericke Universit\u00e4t Medizinische Fakult\u00e4t Institut f\u00fcr Kognitive Neurologie und Demenzforschung"},"image":{"@id":"https:\/\/sfb1436.de\/de\/#\/schema\/logo\/image\/"}},{"@type":"Person","@id":"https:\/\/sfb1436.de\/de\/#\/schema\/person\/c0ef0d254080f73ef2aa76e57caa6d12","name":"redakteur"}]}},"uagb_featured_image_src":{"full":["https:\/\/sfb1436.de\/wp-content\/uploads\/2023\/03\/sfb-1436.png",1738,396,false],"thumbnail":["https:\/\/sfb1436.de\/wp-content\/uploads\/2023\/03\/sfb-1436-150x150.png",150,150,true],"medium":["https:\/\/sfb1436.de\/wp-content\/uploads\/2023\/03\/sfb-1436-300x68.png",300,68,true],"medium_large":["https:\/\/sfb1436.de\/wp-content\/uploads\/2023\/03\/sfb-1436-768x175.png",768,175,true],"large":["https:\/\/sfb1436.de\/wp-content\/uploads\/2023\/03\/sfb-1436-1024x233.png",1024,233,true],"gs-tiny":["https:\/\/sfb1436.de\/wp-content\/uploads\/2023\/03\/sfb-1436.png",50,11,false],"xl":["https:\/\/sfb1436.de\/wp-content\/uploads\/2023\/03\/sfb-1436-1600x365.png",1600,365,true],"xxl":["https:\/\/sfb1436.de\/wp-content\/uploads\/2023\/03\/sfb-1436.png",1738,396,false],"xxxl":["https:\/\/sfb1436.de\/wp-content\/uploads\/2023\/03\/sfb-1436.png",1738,396,false],"xxxxl":["https:\/\/sfb1436.de\/wp-content\/uploads\/2023\/03\/sfb-1436.png",1738,396,false],"xxxxxl":["https:\/\/sfb1436.de\/wp-content\/uploads\/2023\/03\/sfb-1436.png",1738,396,false],"1536x1536":["https:\/\/sfb1436.de\/wp-content\/uploads\/2023\/03\/sfb-1436-1536x350.png",1536,350,true],"2048x2048":["https:\/\/sfb1436.de\/wp-content\/uploads\/2023\/03\/sfb-1436.png",1738,396,false],"awsm_team":["https:\/\/sfb1436.de\/wp-content\/uploads\/2023\/03\/sfb-1436-800x396.png",800,396,true]},"uagb_author_info":{"display_name":"redakteur","author_link":"https:\/\/sfb1436.de\/de\/author\/redakteur\/"},"uagb_comment_info":0,"uagb_excerpt":"SFB 1436 Projektleiterin Anne Maa\u00df wurde Ende des vergangenen Jahres auf die Dorothea-Erxleben-Gastprofessur der Otto-von-Guericke-Universit\u00e4t Magdeburg berufen. Am 6. Juni 2024 um 17 Uhr findet nun die Antrittsvorlesung zum Thema \u201eGeistig fit bis ins hohe Alter? Dem Ged\u00e4chtnis auf der Spur mittels multimodaler Bildgebung des Gehirns\u201c im Zentralen H\u00f6rsaal MED, Haus 22, Leipziger Str. 44,&hellip;","_links":{"self":[{"href":"https:\/\/sfb1436.de\/de\/wp-json\/wp\/v2\/posts\/20796","targetHints":{"allow":["GET"]}}],"collection":[{"href":"https:\/\/sfb1436.de\/de\/wp-json\/wp\/v2\/posts"}],"about":[{"href":"https:\/\/sfb1436.de\/de\/wp-json\/wp\/v2\/types\/post"}],"author":[{"embeddable":true,"href":"https:\/\/sfb1436.de\/de\/wp-json\/wp\/v2\/users\/4"}],"replies":[{"embeddable":true,"href":"https:\/\/sfb1436.de\/de\/wp-json\/wp\/v2\/comments?post=20796"}],"version-history":[{"count":8,"href":"https:\/\/sfb1436.de\/de\/wp-json\/wp\/v2\/posts\/20796\/revisions"}],"predecessor-version":[{"id":27698,"href":"https:\/\/sfb1436.de\/de\/wp-json\/wp\/v2\/posts\/20796\/revisions\/27698"}],"wp:featuredmedia":[{"embeddable":true,"href":"https:\/\/sfb1436.de\/de\/wp-json\/wp\/v2\/media\/17155"}],"wp:attachment":[{"href":"https:\/\/sfb1436.de\/de\/wp-json\/wp\/v2\/media?parent=20796"}],"wp:term":[{"taxonomy":"category","embeddable":true,"href":"https:\/\/sfb1436.de\/de\/wp-json\/wp\/v2\/categories?post=20796"},{"taxonomy":"post_tag","embeddable":true,"href":"https:\/\/sfb1436.de\/de\/wp-json\/wp\/v2\/tags?post=20796"}],"curies":[{"name":"wp","href":"https:\/\/api.w.org\/{rel}","templated":true}]}}