{"id":20059,"date":"2024-03-08T09:06:16","date_gmt":"2024-03-08T08:06:16","guid":{"rendered":"https:\/\/sfb1436.de\/?p=20059"},"modified":"2025-05-19T06:30:11","modified_gmt":"2025-05-19T04:30:11","slug":"1-internationales-symposium-ueber-kognitive-stoerungen-in-georgien","status":"publish","type":"post","link":"https:\/\/sfb1436.de\/de\/1-internationales-symposium-ueber-kognitive-stoerungen-in-georgien\/","title":{"rendered":"1. Internationales Symposium zu kognitiven St\u00f6rungen in Georgien"},"content":{"rendered":"\n<div class=\"wp-block-columns is-layout-flex wp-container-core-columns-is-layout-f56f613f wp-block-columns-is-layout-flex\">\n<div class=\"wp-block-column is-layout-flow wp-block-column-is-layout-flow\" style=\"flex-basis:33.33%\">\n<figure class=\"wp-block-image size-full is-resized\"><a href=\"https:\/\/sfb1436.de\/wp-content\/uploads\/2024\/03\/Flyer-ISCD-2024.pdf\" target=\"_blank\" rel=\"noreferrer noopener\"><img fetchpriority=\"high\" decoding=\"async\" width=\"358\" height=\"532\" src=\"https:\/\/sfb1436.de\/wp-content\/uploads\/2024\/03\/ISCD_2024.jpg\" alt=\"1st International Symposium in Georgia on Cognitive Disorders\" class=\"wp-image-20054\" style=\"width:215px;height:auto\" srcset=\"https:\/\/sfb1436.de\/wp-content\/uploads\/2024\/03\/ISCD_2024.jpg 358w, https:\/\/sfb1436.de\/wp-content\/uploads\/2024\/03\/ISCD_2024-202x300.jpg 202w, https:\/\/sfb1436.de\/wp-content\/uploads\/2024\/03\/ISCD_2024-50x74.jpg 50w\" sizes=\"(max-width: 358px) 100vw, 358px\" \/><\/a><\/figure>\n<\/div>\n\n\n\n<div class=\"wp-block-column is-layout-flow wp-block-column-is-layout-flow\" style=\"flex-basis:66.66%\">\n<p class=\"wp-block-paragraph\">Organized by Tamar Macharadze<\/p>\n\n\n\n<p class=\"wp-block-paragraph\">We are delighted to announce that the 1st International Symposium in Georgia on Cognitive Disorders will draw together world leaders in perioperative cognition, delirium, dementia and other neurodegenerative disorders, and give delegates the opportunity to experience a true Georgian cultural experience. It will take place 5-8 September 2024 in Tbilisi, Georgia:<\/p>\n\n\n\n<p class=\"wp-block-paragraph\"><a href=\"http:\/\/www.iscd2024.org\/\" target=\"_blank\" rel=\"noreferrer noopener\">ISCD 2024 \u2013 TBILISI<\/a><\/p>\n<\/div>\n<\/div>\n\n\n\n<p class=\"wp-block-paragraph\">Selected abstracts will be invited for either an oral presentation or a poster presentation. In order to bring you the most up-to-date science in the field, the five highest-ranked abstracts will be invited to present at a free-paper oral session on 7th September and the winner will be awarded a $500 prize.<\/p>\n\n\n\n<p class=\"wp-block-paragraph\">All abstracts will be peer-reviewed and those accepted will be published in Anesthesia &amp; Analgesia in late 2024.<\/p>\n","protected":false},"excerpt":{"rendered":"<p>Organized by Tamar Macharadze We are delighted to announce that the 1st International Symposium in Georgia on Cognitive Disorders will draw together world leaders in perioperative cognition, delirium, dementia and other neurodegenerative disorders, and give delegates the opportunity to experience a true Georgian cultural experience. It will take place 5-8 September 2024 in Tbilisi, Georgia: [&hellip;]<\/p>\n","protected":false},"author":4,"featured_media":0,"comment_status":"closed","ping_status":"closed","sticky":false,"template":"","format":"standard","meta":{"_crdt_document":"","_uag_custom_page_level_css":"","footnotes":""},"categories":[288,281,219,220,15],"tags":[904,906,903,372,905],"class_list":["post-20059","post","type-post","status-publish","format-standard","hentry","category-all-news-and-events-de","category-alle-news-und-events","category-events-de","category-news-de","category-unkategorisiert","tag-georigen","tag-iscd","tag-kognitive-stoerungen","tag-neurowissenschaften","tag-tiflis"],"yoast_head":"<!-- This site is optimized with the Yoast SEO plugin v27.1.1 - https:\/\/yoast.com\/product\/yoast-seo-wordpress\/ -->\n<title>1. Internationales Symposium \u00fcber kognitive St\u00f6rungen in Georgien<\/title>\n<meta name=\"description\" content=\"1. Internationales Symposium \u00fcber kognitive St\u00f6rungen in Georgien wird vom 5. bis 8. September 2024 in Tiflis, Georgien stattfinden.\" \/>\n<meta name=\"robots\" content=\"index, follow, max-snippet:-1, max-image-preview:large, max-video-preview:-1\" \/>\n<link rel=\"canonical\" href=\"https:\/\/sfb1436.de\/de\/1-internationales-symposium-ueber-kognitive-stoerungen-in-georgien\/\" \/>\n<meta property=\"og:locale\" content=\"de_DE\" \/>\n<meta property=\"og:type\" content=\"article\" \/>\n<meta property=\"og:title\" content=\"1. Internationales Symposium \u00fcber kognitive St\u00f6rungen in Georgien\" \/>\n<meta property=\"og:description\" content=\"1. Internationales Symposium \u00fcber kognitive St\u00f6rungen in Georgien wird vom 5. bis 8. September 2024 in Tiflis, Georgien stattfinden.\" \/>\n<meta property=\"og:url\" content=\"https:\/\/sfb1436.de\/de\/1-internationales-symposium-ueber-kognitive-stoerungen-in-georgien\/\" \/>\n<meta property=\"og:site_name\" content=\"SFB1436\" \/>\n<meta property=\"article:published_time\" content=\"2024-03-08T08:06:16+00:00\" \/>\n<meta property=\"article:modified_time\" content=\"2025-05-19T04:30:11+00:00\" \/>\n<meta property=\"og:image\" content=\"https:\/\/sfb1436.de\/wp-content\/uploads\/2024\/03\/ISCD_2024.jpg\" \/>\n\t<meta property=\"og:image:width\" content=\"358\" \/>\n\t<meta property=\"og:image:height\" content=\"532\" \/>\n\t<meta property=\"og:image:type\" content=\"image\/jpeg\" \/>\n<meta name=\"author\" content=\"redakteur\" \/>\n<meta name=\"twitter:card\" content=\"summary_large_image\" \/>\n<meta name=\"twitter:label1\" content=\"Verfasst von\" \/>\n\t<meta name=\"twitter:data1\" content=\"redakteur\" \/>\n\t<meta name=\"twitter:label2\" content=\"Gesch\u00e4tzte Lesezeit\" \/>\n\t<meta name=\"twitter:data2\" content=\"1\u00a0Minute\" \/>\n<script type=\"application\/ld+json\" class=\"yoast-schema-graph\">{\"@context\":\"https:\/\/schema.org\",\"@graph\":[{\"@type\":\"ScholarlyArticle\",\"@id\":\"https:\/\/sfb1436.de\/de\/1-internationales-symposium-ueber-kognitive-stoerungen-in-georgien\/#article\",\"isPartOf\":{\"@id\":\"https:\/\/sfb1436.de\/de\/1-internationales-symposium-ueber-kognitive-stoerungen-in-georgien\/\"},\"author\":{\"name\":\"redakteur\",\"@id\":\"https:\/\/sfb1436.de\/de\/#\/schema\/person\/c0ef0d254080f73ef2aa76e57caa6d12\"},\"headline\":\"1. Internationales Symposium zu kognitiven St\u00f6rungen in Georgien\",\"datePublished\":\"2024-03-08T08:06:16+00:00\",\"dateModified\":\"2025-05-19T04:30:11+00:00\",\"mainEntityOfPage\":{\"@id\":\"https:\/\/sfb1436.de\/de\/1-internationales-symposium-ueber-kognitive-stoerungen-in-georgien\/\"},\"wordCount\":132,\"publisher\":{\"@id\":\"https:\/\/sfb1436.de\/de\/#organization\"},\"image\":{\"@id\":\"https:\/\/sfb1436.de\/de\/1-internationales-symposium-ueber-kognitive-stoerungen-in-georgien\/#primaryimage\"},\"thumbnailUrl\":\"https:\/\/sfb1436.de\/wp-content\/uploads\/2024\/03\/ISCD_2024.jpg\",\"keywords\":[\"Georigen\",\"ISCD\",\"Kognitive St\u00f6rungen\",\"Neurowissenschaften\",\"Tiflis\"],\"articleSection\":[\"All News and Events\",\"Alle News und Events\",\"Events\",\"News\",\"Unkategorisiert\"],\"inLanguage\":\"de\"},{\"@type\":\"WebPage\",\"@id\":\"https:\/\/sfb1436.de\/de\/1-internationales-symposium-ueber-kognitive-stoerungen-in-georgien\/\",\"url\":\"https:\/\/sfb1436.de\/de\/1-internationales-symposium-ueber-kognitive-stoerungen-in-georgien\/\",\"name\":\"1. Internationales Symposium \u00fcber kognitive St\u00f6rungen in Georgien\",\"isPartOf\":{\"@id\":\"https:\/\/sfb1436.de\/de\/#website\"},\"primaryImageOfPage\":{\"@id\":\"https:\/\/sfb1436.de\/de\/1-internationales-symposium-ueber-kognitive-stoerungen-in-georgien\/#primaryimage\"},\"image\":{\"@id\":\"https:\/\/sfb1436.de\/de\/1-internationales-symposium-ueber-kognitive-stoerungen-in-georgien\/#primaryimage\"},\"thumbnailUrl\":\"https:\/\/sfb1436.de\/wp-content\/uploads\/2024\/03\/ISCD_2024.jpg\",\"datePublished\":\"2024-03-08T08:06:16+00:00\",\"dateModified\":\"2025-05-19T04:30:11+00:00\",\"description\":\"1. Internationales Symposium \u00fcber kognitive St\u00f6rungen in Georgien wird vom 5. bis 8. September 2024 in Tiflis, Georgien stattfinden.\",\"breadcrumb\":{\"@id\":\"https:\/\/sfb1436.de\/de\/1-internationales-symposium-ueber-kognitive-stoerungen-in-georgien\/#breadcrumb\"},\"inLanguage\":\"de\",\"potentialAction\":[{\"@type\":\"ReadAction\",\"target\":[\"https:\/\/sfb1436.de\/de\/1-internationales-symposium-ueber-kognitive-stoerungen-in-georgien\/\"]}]},{\"@type\":\"ImageObject\",\"inLanguage\":\"de\",\"@id\":\"https:\/\/sfb1436.de\/de\/1-internationales-symposium-ueber-kognitive-stoerungen-in-georgien\/#primaryimage\",\"url\":\"https:\/\/sfb1436.de\/wp-content\/uploads\/2024\/03\/ISCD_2024.jpg\",\"contentUrl\":\"https:\/\/sfb1436.de\/wp-content\/uploads\/2024\/03\/ISCD_2024.jpg\"},{\"@type\":\"BreadcrumbList\",\"@id\":\"https:\/\/sfb1436.de\/de\/1-internationales-symposium-ueber-kognitive-stoerungen-in-georgien\/#breadcrumb\",\"itemListElement\":[{\"@type\":\"ListItem\",\"position\":1,\"name\":\"Startseite\",\"item\":\"https:\/\/sfb1436.de\/de\/\"},{\"@type\":\"ListItem\",\"position\":2,\"name\":\"1. Internationales Symposium zu kognitiven St\u00f6rungen in Georgien\"}]},{\"@type\":\"WebSite\",\"@id\":\"https:\/\/sfb1436.de\/de\/#website\",\"url\":\"https:\/\/sfb1436.de\/de\/\",\"name\":\"SFB1436\",\"description\":\"\",\"publisher\":{\"@id\":\"https:\/\/sfb1436.de\/de\/#organization\"},\"potentialAction\":[{\"@type\":\"SearchAction\",\"target\":{\"@type\":\"EntryPoint\",\"urlTemplate\":\"https:\/\/sfb1436.de\/de\/?s={search_term_string}\"},\"query-input\":{\"@type\":\"PropertyValueSpecification\",\"valueRequired\":true,\"valueName\":\"search_term_string\"}}],\"inLanguage\":\"de\"},{\"@type\":\"Organization\",\"@id\":\"https:\/\/sfb1436.de\/de\/#organization\",\"name\":\"Otto-von-Guericke Universit\u00e4t Medizinische Fakult\u00e4t Institut f\u00fcr Kognitive Neurologie und Demenzforschung\",\"url\":\"https:\/\/sfb1436.de\/de\/\",\"logo\":{\"@type\":\"ImageObject\",\"inLanguage\":\"de\",\"@id\":\"https:\/\/sfb1436.de\/de\/#\/schema\/logo\/image\/\",\"url\":\"https:\/\/sfb1436.de\/wp-content\/uploads\/2021\/12\/logo-sfb.png\",\"contentUrl\":\"https:\/\/sfb1436.de\/wp-content\/uploads\/2021\/12\/logo-sfb.png\",\"width\":1244,\"height\":820,\"caption\":\"Otto-von-Guericke Universit\u00e4t Medizinische Fakult\u00e4t Institut f\u00fcr Kognitive Neurologie und Demenzforschung\"},\"image\":{\"@id\":\"https:\/\/sfb1436.de\/de\/#\/schema\/logo\/image\/\"}},{\"@type\":\"Person\",\"@id\":\"https:\/\/sfb1436.de\/de\/#\/schema\/person\/c0ef0d254080f73ef2aa76e57caa6d12\",\"name\":\"redakteur\"}]}<\/script>\n<!-- \/ Yoast SEO plugin. -->","yoast_head_json":{"title":"1. Internationales Symposium \u00fcber kognitive St\u00f6rungen in Georgien","description":"1. Internationales Symposium \u00fcber kognitive St\u00f6rungen in Georgien wird vom 5. bis 8. September 2024 in Tiflis, Georgien stattfinden.","robots":{"index":"index","follow":"follow","max-snippet":"max-snippet:-1","max-image-preview":"max-image-preview:large","max-video-preview":"max-video-preview:-1"},"canonical":"https:\/\/sfb1436.de\/de\/1-internationales-symposium-ueber-kognitive-stoerungen-in-georgien\/","og_locale":"de_DE","og_type":"article","og_title":"1. Internationales Symposium \u00fcber kognitive St\u00f6rungen in Georgien","og_description":"1. Internationales Symposium \u00fcber kognitive St\u00f6rungen in Georgien wird vom 5. bis 8. September 2024 in Tiflis, Georgien stattfinden.","og_url":"https:\/\/sfb1436.de\/de\/1-internationales-symposium-ueber-kognitive-stoerungen-in-georgien\/","og_site_name":"SFB1436","article_published_time":"2024-03-08T08:06:16+00:00","article_modified_time":"2025-05-19T04:30:11+00:00","og_image":[{"width":358,"height":532,"url":"https:\/\/sfb1436.de\/wp-content\/uploads\/2024\/03\/ISCD_2024.jpg","type":"image\/jpeg"}],"author":"redakteur","twitter_card":"summary_large_image","twitter_misc":{"Verfasst von":"redakteur","Gesch\u00e4tzte Lesezeit":"1\u00a0Minute"},"schema":{"@context":"https:\/\/schema.org","@graph":[{"@type":"ScholarlyArticle","@id":"https:\/\/sfb1436.de\/de\/1-internationales-symposium-ueber-kognitive-stoerungen-in-georgien\/#article","isPartOf":{"@id":"https:\/\/sfb1436.de\/de\/1-internationales-symposium-ueber-kognitive-stoerungen-in-georgien\/"},"author":{"name":"redakteur","@id":"https:\/\/sfb1436.de\/de\/#\/schema\/person\/c0ef0d254080f73ef2aa76e57caa6d12"},"headline":"1. Internationales Symposium zu kognitiven St\u00f6rungen in Georgien","datePublished":"2024-03-08T08:06:16+00:00","dateModified":"2025-05-19T04:30:11+00:00","mainEntityOfPage":{"@id":"https:\/\/sfb1436.de\/de\/1-internationales-symposium-ueber-kognitive-stoerungen-in-georgien\/"},"wordCount":132,"publisher":{"@id":"https:\/\/sfb1436.de\/de\/#organization"},"image":{"@id":"https:\/\/sfb1436.de\/de\/1-internationales-symposium-ueber-kognitive-stoerungen-in-georgien\/#primaryimage"},"thumbnailUrl":"https:\/\/sfb1436.de\/wp-content\/uploads\/2024\/03\/ISCD_2024.jpg","keywords":["Georigen","ISCD","Kognitive St\u00f6rungen","Neurowissenschaften","Tiflis"],"articleSection":["All News and Events","Alle News und Events","Events","News","Unkategorisiert"],"inLanguage":"de"},{"@type":"WebPage","@id":"https:\/\/sfb1436.de\/de\/1-internationales-symposium-ueber-kognitive-stoerungen-in-georgien\/","url":"https:\/\/sfb1436.de\/de\/1-internationales-symposium-ueber-kognitive-stoerungen-in-georgien\/","name":"1. Internationales Symposium \u00fcber kognitive St\u00f6rungen in Georgien","isPartOf":{"@id":"https:\/\/sfb1436.de\/de\/#website"},"primaryImageOfPage":{"@id":"https:\/\/sfb1436.de\/de\/1-internationales-symposium-ueber-kognitive-stoerungen-in-georgien\/#primaryimage"},"image":{"@id":"https:\/\/sfb1436.de\/de\/1-internationales-symposium-ueber-kognitive-stoerungen-in-georgien\/#primaryimage"},"thumbnailUrl":"https:\/\/sfb1436.de\/wp-content\/uploads\/2024\/03\/ISCD_2024.jpg","datePublished":"2024-03-08T08:06:16+00:00","dateModified":"2025-05-19T04:30:11+00:00","description":"1. Internationales Symposium \u00fcber kognitive St\u00f6rungen in Georgien wird vom 5. bis 8. September 2024 in Tiflis, Georgien stattfinden.","breadcrumb":{"@id":"https:\/\/sfb1436.de\/de\/1-internationales-symposium-ueber-kognitive-stoerungen-in-georgien\/#breadcrumb"},"inLanguage":"de","potentialAction":[{"@type":"ReadAction","target":["https:\/\/sfb1436.de\/de\/1-internationales-symposium-ueber-kognitive-stoerungen-in-georgien\/"]}]},{"@type":"ImageObject","inLanguage":"de","@id":"https:\/\/sfb1436.de\/de\/1-internationales-symposium-ueber-kognitive-stoerungen-in-georgien\/#primaryimage","url":"https:\/\/sfb1436.de\/wp-content\/uploads\/2024\/03\/ISCD_2024.jpg","contentUrl":"https:\/\/sfb1436.de\/wp-content\/uploads\/2024\/03\/ISCD_2024.jpg"},{"@type":"BreadcrumbList","@id":"https:\/\/sfb1436.de\/de\/1-internationales-symposium-ueber-kognitive-stoerungen-in-georgien\/#breadcrumb","itemListElement":[{"@type":"ListItem","position":1,"name":"Startseite","item":"https:\/\/sfb1436.de\/de\/"},{"@type":"ListItem","position":2,"name":"1. Internationales Symposium zu kognitiven St\u00f6rungen in Georgien"}]},{"@type":"WebSite","@id":"https:\/\/sfb1436.de\/de\/#website","url":"https:\/\/sfb1436.de\/de\/","name":"SFB1436","description":"","publisher":{"@id":"https:\/\/sfb1436.de\/de\/#organization"},"potentialAction":[{"@type":"SearchAction","target":{"@type":"EntryPoint","urlTemplate":"https:\/\/sfb1436.de\/de\/?s={search_term_string}"},"query-input":{"@type":"PropertyValueSpecification","valueRequired":true,"valueName":"search_term_string"}}],"inLanguage":"de"},{"@type":"Organization","@id":"https:\/\/sfb1436.de\/de\/#organization","name":"Otto-von-Guericke Universit\u00e4t Medizinische Fakult\u00e4t Institut f\u00fcr Kognitive Neurologie und Demenzforschung","url":"https:\/\/sfb1436.de\/de\/","logo":{"@type":"ImageObject","inLanguage":"de","@id":"https:\/\/sfb1436.de\/de\/#\/schema\/logo\/image\/","url":"https:\/\/sfb1436.de\/wp-content\/uploads\/2021\/12\/logo-sfb.png","contentUrl":"https:\/\/sfb1436.de\/wp-content\/uploads\/2021\/12\/logo-sfb.png","width":1244,"height":820,"caption":"Otto-von-Guericke Universit\u00e4t Medizinische Fakult\u00e4t Institut f\u00fcr Kognitive Neurologie und Demenzforschung"},"image":{"@id":"https:\/\/sfb1436.de\/de\/#\/schema\/logo\/image\/"}},{"@type":"Person","@id":"https:\/\/sfb1436.de\/de\/#\/schema\/person\/c0ef0d254080f73ef2aa76e57caa6d12","name":"redakteur"}]}},"uagb_featured_image_src":{"full":false,"thumbnail":false,"medium":false,"medium_large":false,"large":false,"gs-tiny":false,"xl":false,"xxl":false,"xxxl":false,"xxxxl":false,"xxxxxl":false,"1536x1536":false,"2048x2048":false,"awsm_team":false},"uagb_author_info":{"display_name":"redakteur","author_link":"https:\/\/sfb1436.de\/de\/author\/redakteur\/"},"uagb_comment_info":0,"uagb_excerpt":"Organized by Tamar Macharadze We are delighted to announce that the 1st International Symposium in Georgia on Cognitive Disorders will draw together world leaders in perioperative cognition, delirium, dementia and other neurodegenerative disorders, and give delegates the opportunity to experience a true Georgian cultural experience. It will take place 5-8 September 2024 in Tbilisi, Georgia:&hellip;","_links":{"self":[{"href":"https:\/\/sfb1436.de\/de\/wp-json\/wp\/v2\/posts\/20059","targetHints":{"allow":["GET"]}}],"collection":[{"href":"https:\/\/sfb1436.de\/de\/wp-json\/wp\/v2\/posts"}],"about":[{"href":"https:\/\/sfb1436.de\/de\/wp-json\/wp\/v2\/types\/post"}],"author":[{"embeddable":true,"href":"https:\/\/sfb1436.de\/de\/wp-json\/wp\/v2\/users\/4"}],"replies":[{"embeddable":true,"href":"https:\/\/sfb1436.de\/de\/wp-json\/wp\/v2\/comments?post=20059"}],"version-history":[{"count":7,"href":"https:\/\/sfb1436.de\/de\/wp-json\/wp\/v2\/posts\/20059\/revisions"}],"predecessor-version":[{"id":27679,"href":"https:\/\/sfb1436.de\/de\/wp-json\/wp\/v2\/posts\/20059\/revisions\/27679"}],"wp:attachment":[{"href":"https:\/\/sfb1436.de\/de\/wp-json\/wp\/v2\/media?parent=20059"}],"wp:term":[{"taxonomy":"category","embeddable":true,"href":"https:\/\/sfb1436.de\/de\/wp-json\/wp\/v2\/categories?post=20059"},{"taxonomy":"post_tag","embeddable":true,"href":"https:\/\/sfb1436.de\/de\/wp-json\/wp\/v2\/tags?post=20059"}],"curies":[{"name":"wp","href":"https:\/\/api.w.org\/{rel}","templated":true}]}}