{"id":19094,"date":"2023-11-22T17:13:38","date_gmt":"2023-11-22T16:13:38","guid":{"rendered":"https:\/\/sfb1436.de\/?p=19094"},"modified":"2024-01-24T15:52:51","modified_gmt":"2024-01-24T14:52:51","slug":"uni-magdeburg-zeichnet-exzellenten-leistungen-in-forschung-und-lehre-aus","status":"publish","type":"post","link":"https:\/\/sfb1436.de\/de\/uni-magdeburg-zeichnet-exzellenten-leistungen-in-forschung-und-lehre-aus\/","title":{"rendered":"Uni Magdeburg zeichnet exzellenten Leistungen in Forschung und Lehre aus"},"content":{"rendered":"\n<p class=\"wp-block-paragraph\">Die Otto-von-Guericke-Universit\u00e4t Magdeburg hat auf dem&nbsp;<a href=\"https:\/\/www.ovgu.de\/akademischerfestakt.html\" target=\"_blank\" rel=\"noreferrer noopener\">Akademischen Festakt<\/a>&nbsp;gestern Abend&nbsp;herausragende Wissenschaftlerinnen und Wissenschaftler f\u00fcr ihre exzellenten Leistungen in Forschung und Lehre ausgezeichnet. Die Festveranstaltung in der Johanniskirche wird traditionell anl\u00e4sslich des Geburtstags ihres Namenspatrons im November gefeiert und bildet in diesem Jahr den&nbsp;Abschluss des Jubil\u00e4umsjahres der Uni, die 2023 ihre Gr\u00fcndung vor 30 Jahren feierte.<\/p>\n\n\n\n<p class=\"wp-block-paragraph\">Der mit 5.000 Euro dotierte&nbsp;<a href=\"https:\/\/www.ovgu.de\/lehrpreis.html\" target=\"_blank\" rel=\"noreferrer noopener\">\u201eLehrpreis 2023 der Otto-von-Guericke-Universit\u00e4t Magdeburg\u201c<\/a>&nbsp;geht gleicherma\u00dfen an den Psychologen Prof. Dr. Dirk Ostwald und die Medizinerin Prof. Dr. med. Anne Albrecht.&nbsp;Dirk Ostwald habe im Sommersemester 2023 durch eine vielf\u00e4ltige Lehre Flexibilit\u00e4t erm\u00f6glicht und durch&nbsp;Motivation sowie Engagement&nbsp;Studierende f\u00fcr schwierige Themenbereiche begeistert und zu kritischem Denken angeregt, so die Begr\u00fcndung der Jury.<\/p>\n\n\n\n<p class=\"wp-block-paragraph\">Anne Albrecht habe in besonderer Weise&nbsp;neueste Forschungsergebnisse in die Lehre eingebunden&nbsp;und mit ihrem motivierenden sowie unterst\u00fctzenden Lehrkonzept den Studierenden umfassende Einblicke in Lehrinhalte erm\u00f6glicht.<\/p>\n\n\n\n<figure class=\"wp-block-embed is-type-video is-provider-youtube wp-block-embed-youtube wp-embed-aspect-16-9 wp-has-aspect-ratio\"><div class=\"wp-block-embed__wrapper\">\n<iframe title=\"Grundlagenwissen der Medizin | Lehrpreis 2023 | Prof. Dr. Med. Anne Albrecht  | OVGU\" width=\"500\" height=\"281\" src=\"https:\/\/www.youtube.com\/embed\/8zZNT4ygPXc?feature=oembed\" frameborder=\"0\" allow=\"accelerometer; autoplay; clipboard-write; encrypted-media; gyroscope; picture-in-picture; web-share\" referrerpolicy=\"strict-origin-when-cross-origin\" allowfullscreen><\/iframe>\n<\/div><\/figure>\n\n\n\n<p class=\"wp-block-paragraph\"><a href=\"https:\/\/www.ovgu.de\/Presse+_+Medien\/Pressemitteilungen\/PM+2023\/November\/PM+110_2023-p-137130.html\" target=\"_blank\" rel=\"noreferrer noopener\">Pressemittelung der OVGU Magdeburg<\/a><\/p>\n","protected":false},"excerpt":{"rendered":"<p>Die Otto-von-Guericke-Universit\u00e4t Magdeburg hat auf dem&nbsp;Akademischen Festakt&nbsp;gestern Abend&nbsp;herausragende Wissenschaftlerinnen und Wissenschaftler f\u00fcr ihre exzellenten Leistungen in Forschung und Lehre ausgezeichnet. Die Festveranstaltung in der Johanniskirche wird traditionell anl\u00e4sslich des Geburtstags ihres Namenspatrons im November gefeiert und bildet in diesem Jahr den&nbsp;Abschluss des Jubil\u00e4umsjahres der Uni, die 2023 ihre Gr\u00fcndung vor 30 Jahren feierte. Der mit [&hellip;]<\/p>\n","protected":false},"author":4,"featured_media":0,"comment_status":"closed","ping_status":"closed","sticky":false,"template":"","format":"standard","meta":{"_crdt_document":"","_uag_custom_page_level_css":"","footnotes":""},"categories":[288,281,220],"tags":[565,331,372,330],"class_list":["post-19094","post","type-post","status-publish","format-standard","hentry","category-all-news-and-events-de","category-alle-news-und-events","category-news-de","tag-anne-albrecht","tag-magdeburg","tag-neurowissenschaften","tag-sfb-1436"],"yoast_head":"<!-- This site is optimized with the Yoast SEO plugin v27.1.1 - https:\/\/yoast.com\/product\/yoast-seo-wordpress\/ -->\n<title>exzellenten Leistungen in Forschung und Lehre aus<\/title>\n<meta name=\"description\" content=\"Die Otto-von-Guericke-Universit\u00e4t Magdeburg hat auf dem\u00a0Akademischen Festakt\u00a0gestern Abend\u00a0herausragende Wissenschaftlerinnen und...\" \/>\n<meta name=\"robots\" content=\"index, follow, max-snippet:-1, max-image-preview:large, max-video-preview:-1\" \/>\n<link rel=\"canonical\" href=\"https:\/\/sfb1436.de\/de\/uni-magdeburg-zeichnet-exzellenten-leistungen-in-forschung-und-lehre-aus\/\" \/>\n<meta property=\"og:locale\" content=\"de_DE\" \/>\n<meta property=\"og:type\" content=\"article\" \/>\n<meta property=\"og:title\" content=\"exzellenten Leistungen in Forschung und Lehre aus\" \/>\n<meta property=\"og:description\" content=\"Die Otto-von-Guericke-Universit\u00e4t Magdeburg hat auf dem\u00a0Akademischen Festakt\u00a0gestern Abend\u00a0herausragende Wissenschaftlerinnen und...\" \/>\n<meta property=\"og:url\" content=\"https:\/\/sfb1436.de\/de\/uni-magdeburg-zeichnet-exzellenten-leistungen-in-forschung-und-lehre-aus\/\" \/>\n<meta property=\"og:site_name\" content=\"SFB1436\" \/>\n<meta property=\"article:published_time\" content=\"2023-11-22T16:13:38+00:00\" \/>\n<meta property=\"article:modified_time\" content=\"2024-01-24T14:52:51+00:00\" \/>\n<meta name=\"author\" content=\"redakteur\" \/>\n<meta name=\"twitter:card\" content=\"summary_large_image\" \/>\n<meta name=\"twitter:label1\" content=\"Verfasst von\" \/>\n\t<meta name=\"twitter:data1\" content=\"redakteur\" \/>\n\t<meta name=\"twitter:label2\" content=\"Gesch\u00e4tzte Lesezeit\" \/>\n\t<meta name=\"twitter:data2\" content=\"1\u00a0Minute\" \/>\n<script type=\"application\/ld+json\" class=\"yoast-schema-graph\">{\"@context\":\"https:\/\/schema.org\",\"@graph\":[{\"@type\":\"ScholarlyArticle\",\"@id\":\"https:\/\/sfb1436.de\/de\/uni-magdeburg-zeichnet-exzellenten-leistungen-in-forschung-und-lehre-aus\/#article\",\"isPartOf\":{\"@id\":\"https:\/\/sfb1436.de\/de\/uni-magdeburg-zeichnet-exzellenten-leistungen-in-forschung-und-lehre-aus\/\"},\"author\":{\"name\":\"redakteur\",\"@id\":\"https:\/\/sfb1436.de\/de\/#\/schema\/person\/c0ef0d254080f73ef2aa76e57caa6d12\"},\"headline\":\"Uni Magdeburg zeichnet exzellenten Leistungen in Forschung und Lehre aus\",\"datePublished\":\"2023-11-22T16:13:38+00:00\",\"dateModified\":\"2024-01-24T14:52:51+00:00\",\"mainEntityOfPage\":{\"@id\":\"https:\/\/sfb1436.de\/de\/uni-magdeburg-zeichnet-exzellenten-leistungen-in-forschung-und-lehre-aus\/\"},\"wordCount\":181,\"publisher\":{\"@id\":\"https:\/\/sfb1436.de\/de\/#organization\"},\"keywords\":[\"Anne Albrecht\",\"Magdeburg\",\"Neurowissenschaften\",\"SFB 1436\"],\"articleSection\":[\"All News and Events\",\"Alle News und Events\",\"News\"],\"inLanguage\":\"de\"},{\"@type\":\"WebPage\",\"@id\":\"https:\/\/sfb1436.de\/de\/uni-magdeburg-zeichnet-exzellenten-leistungen-in-forschung-und-lehre-aus\/\",\"url\":\"https:\/\/sfb1436.de\/de\/uni-magdeburg-zeichnet-exzellenten-leistungen-in-forschung-und-lehre-aus\/\",\"name\":\"exzellenten Leistungen in Forschung und Lehre aus\",\"isPartOf\":{\"@id\":\"https:\/\/sfb1436.de\/de\/#website\"},\"datePublished\":\"2023-11-22T16:13:38+00:00\",\"dateModified\":\"2024-01-24T14:52:51+00:00\",\"description\":\"Die Otto-von-Guericke-Universit\u00e4t Magdeburg hat auf dem\u00a0Akademischen Festakt\u00a0gestern Abend\u00a0herausragende Wissenschaftlerinnen und...\",\"breadcrumb\":{\"@id\":\"https:\/\/sfb1436.de\/de\/uni-magdeburg-zeichnet-exzellenten-leistungen-in-forschung-und-lehre-aus\/#breadcrumb\"},\"inLanguage\":\"de\",\"potentialAction\":[{\"@type\":\"ReadAction\",\"target\":[\"https:\/\/sfb1436.de\/de\/uni-magdeburg-zeichnet-exzellenten-leistungen-in-forschung-und-lehre-aus\/\"]}]},{\"@type\":\"BreadcrumbList\",\"@id\":\"https:\/\/sfb1436.de\/de\/uni-magdeburg-zeichnet-exzellenten-leistungen-in-forschung-und-lehre-aus\/#breadcrumb\",\"itemListElement\":[{\"@type\":\"ListItem\",\"position\":1,\"name\":\"Startseite\",\"item\":\"https:\/\/sfb1436.de\/de\/\"},{\"@type\":\"ListItem\",\"position\":2,\"name\":\"Uni Magdeburg zeichnet exzellenten Leistungen in Forschung und Lehre aus\"}]},{\"@type\":\"WebSite\",\"@id\":\"https:\/\/sfb1436.de\/de\/#website\",\"url\":\"https:\/\/sfb1436.de\/de\/\",\"name\":\"SFB1436\",\"description\":\"\",\"publisher\":{\"@id\":\"https:\/\/sfb1436.de\/de\/#organization\"},\"potentialAction\":[{\"@type\":\"SearchAction\",\"target\":{\"@type\":\"EntryPoint\",\"urlTemplate\":\"https:\/\/sfb1436.de\/de\/?s={search_term_string}\"},\"query-input\":{\"@type\":\"PropertyValueSpecification\",\"valueRequired\":true,\"valueName\":\"search_term_string\"}}],\"inLanguage\":\"de\"},{\"@type\":\"Organization\",\"@id\":\"https:\/\/sfb1436.de\/de\/#organization\",\"name\":\"Otto-von-Guericke Universit\u00e4t Medizinische Fakult\u00e4t Institut f\u00fcr Kognitive Neurologie und Demenzforschung\",\"url\":\"https:\/\/sfb1436.de\/de\/\",\"logo\":{\"@type\":\"ImageObject\",\"inLanguage\":\"de\",\"@id\":\"https:\/\/sfb1436.de\/de\/#\/schema\/logo\/image\/\",\"url\":\"https:\/\/sfb1436.de\/wp-content\/uploads\/2021\/12\/logo-sfb.png\",\"contentUrl\":\"https:\/\/sfb1436.de\/wp-content\/uploads\/2021\/12\/logo-sfb.png\",\"width\":1244,\"height\":820,\"caption\":\"Otto-von-Guericke Universit\u00e4t Medizinische Fakult\u00e4t Institut f\u00fcr Kognitive Neurologie und Demenzforschung\"},\"image\":{\"@id\":\"https:\/\/sfb1436.de\/de\/#\/schema\/logo\/image\/\"}},{\"@type\":\"Person\",\"@id\":\"https:\/\/sfb1436.de\/de\/#\/schema\/person\/c0ef0d254080f73ef2aa76e57caa6d12\",\"name\":\"redakteur\"}]}<\/script>\n<!-- \/ Yoast SEO plugin. -->","yoast_head_json":{"title":"exzellenten Leistungen in Forschung und Lehre aus","description":"Die Otto-von-Guericke-Universit\u00e4t Magdeburg hat auf dem\u00a0Akademischen Festakt\u00a0gestern Abend\u00a0herausragende Wissenschaftlerinnen und...","robots":{"index":"index","follow":"follow","max-snippet":"max-snippet:-1","max-image-preview":"max-image-preview:large","max-video-preview":"max-video-preview:-1"},"canonical":"https:\/\/sfb1436.de\/de\/uni-magdeburg-zeichnet-exzellenten-leistungen-in-forschung-und-lehre-aus\/","og_locale":"de_DE","og_type":"article","og_title":"exzellenten Leistungen in Forschung und Lehre aus","og_description":"Die Otto-von-Guericke-Universit\u00e4t Magdeburg hat auf dem\u00a0Akademischen Festakt\u00a0gestern Abend\u00a0herausragende Wissenschaftlerinnen und...","og_url":"https:\/\/sfb1436.de\/de\/uni-magdeburg-zeichnet-exzellenten-leistungen-in-forschung-und-lehre-aus\/","og_site_name":"SFB1436","article_published_time":"2023-11-22T16:13:38+00:00","article_modified_time":"2024-01-24T14:52:51+00:00","author":"redakteur","twitter_card":"summary_large_image","twitter_misc":{"Verfasst von":"redakteur","Gesch\u00e4tzte Lesezeit":"1\u00a0Minute"},"schema":{"@context":"https:\/\/schema.org","@graph":[{"@type":"ScholarlyArticle","@id":"https:\/\/sfb1436.de\/de\/uni-magdeburg-zeichnet-exzellenten-leistungen-in-forschung-und-lehre-aus\/#article","isPartOf":{"@id":"https:\/\/sfb1436.de\/de\/uni-magdeburg-zeichnet-exzellenten-leistungen-in-forschung-und-lehre-aus\/"},"author":{"name":"redakteur","@id":"https:\/\/sfb1436.de\/de\/#\/schema\/person\/c0ef0d254080f73ef2aa76e57caa6d12"},"headline":"Uni Magdeburg zeichnet exzellenten Leistungen in Forschung und Lehre aus","datePublished":"2023-11-22T16:13:38+00:00","dateModified":"2024-01-24T14:52:51+00:00","mainEntityOfPage":{"@id":"https:\/\/sfb1436.de\/de\/uni-magdeburg-zeichnet-exzellenten-leistungen-in-forschung-und-lehre-aus\/"},"wordCount":181,"publisher":{"@id":"https:\/\/sfb1436.de\/de\/#organization"},"keywords":["Anne Albrecht","Magdeburg","Neurowissenschaften","SFB 1436"],"articleSection":["All News and Events","Alle News und Events","News"],"inLanguage":"de"},{"@type":"WebPage","@id":"https:\/\/sfb1436.de\/de\/uni-magdeburg-zeichnet-exzellenten-leistungen-in-forschung-und-lehre-aus\/","url":"https:\/\/sfb1436.de\/de\/uni-magdeburg-zeichnet-exzellenten-leistungen-in-forschung-und-lehre-aus\/","name":"exzellenten Leistungen in Forschung und Lehre aus","isPartOf":{"@id":"https:\/\/sfb1436.de\/de\/#website"},"datePublished":"2023-11-22T16:13:38+00:00","dateModified":"2024-01-24T14:52:51+00:00","description":"Die Otto-von-Guericke-Universit\u00e4t Magdeburg hat auf dem\u00a0Akademischen Festakt\u00a0gestern Abend\u00a0herausragende Wissenschaftlerinnen und...","breadcrumb":{"@id":"https:\/\/sfb1436.de\/de\/uni-magdeburg-zeichnet-exzellenten-leistungen-in-forschung-und-lehre-aus\/#breadcrumb"},"inLanguage":"de","potentialAction":[{"@type":"ReadAction","target":["https:\/\/sfb1436.de\/de\/uni-magdeburg-zeichnet-exzellenten-leistungen-in-forschung-und-lehre-aus\/"]}]},{"@type":"BreadcrumbList","@id":"https:\/\/sfb1436.de\/de\/uni-magdeburg-zeichnet-exzellenten-leistungen-in-forschung-und-lehre-aus\/#breadcrumb","itemListElement":[{"@type":"ListItem","position":1,"name":"Startseite","item":"https:\/\/sfb1436.de\/de\/"},{"@type":"ListItem","position":2,"name":"Uni Magdeburg zeichnet exzellenten Leistungen in Forschung und Lehre aus"}]},{"@type":"WebSite","@id":"https:\/\/sfb1436.de\/de\/#website","url":"https:\/\/sfb1436.de\/de\/","name":"SFB1436","description":"","publisher":{"@id":"https:\/\/sfb1436.de\/de\/#organization"},"potentialAction":[{"@type":"SearchAction","target":{"@type":"EntryPoint","urlTemplate":"https:\/\/sfb1436.de\/de\/?s={search_term_string}"},"query-input":{"@type":"PropertyValueSpecification","valueRequired":true,"valueName":"search_term_string"}}],"inLanguage":"de"},{"@type":"Organization","@id":"https:\/\/sfb1436.de\/de\/#organization","name":"Otto-von-Guericke Universit\u00e4t Medizinische Fakult\u00e4t Institut f\u00fcr Kognitive Neurologie und Demenzforschung","url":"https:\/\/sfb1436.de\/de\/","logo":{"@type":"ImageObject","inLanguage":"de","@id":"https:\/\/sfb1436.de\/de\/#\/schema\/logo\/image\/","url":"https:\/\/sfb1436.de\/wp-content\/uploads\/2021\/12\/logo-sfb.png","contentUrl":"https:\/\/sfb1436.de\/wp-content\/uploads\/2021\/12\/logo-sfb.png","width":1244,"height":820,"caption":"Otto-von-Guericke Universit\u00e4t Medizinische Fakult\u00e4t Institut f\u00fcr Kognitive Neurologie und Demenzforschung"},"image":{"@id":"https:\/\/sfb1436.de\/de\/#\/schema\/logo\/image\/"}},{"@type":"Person","@id":"https:\/\/sfb1436.de\/de\/#\/schema\/person\/c0ef0d254080f73ef2aa76e57caa6d12","name":"redakteur"}]}},"uagb_featured_image_src":{"full":false,"thumbnail":false,"medium":false,"medium_large":false,"large":false,"gs-tiny":false,"xl":false,"xxl":false,"xxxl":false,"xxxxl":false,"xxxxxl":false,"1536x1536":false,"2048x2048":false,"awsm_team":false},"uagb_author_info":{"display_name":"redakteur","author_link":"https:\/\/sfb1436.de\/de\/author\/redakteur\/"},"uagb_comment_info":0,"uagb_excerpt":"Die Otto-von-Guericke-Universit\u00e4t Magdeburg hat auf dem&nbsp;Akademischen Festakt&nbsp;gestern Abend&nbsp;herausragende Wissenschaftlerinnen und Wissenschaftler f\u00fcr ihre exzellenten Leistungen in Forschung und Lehre ausgezeichnet. Die Festveranstaltung in der Johanniskirche wird traditionell anl\u00e4sslich des Geburtstags ihres Namenspatrons im November gefeiert und bildet in diesem Jahr den&nbsp;Abschluss des Jubil\u00e4umsjahres der Uni, die 2023 ihre Gr\u00fcndung vor 30 Jahren feierte. Der mit&hellip;","_links":{"self":[{"href":"https:\/\/sfb1436.de\/de\/wp-json\/wp\/v2\/posts\/19094","targetHints":{"allow":["GET"]}}],"collection":[{"href":"https:\/\/sfb1436.de\/de\/wp-json\/wp\/v2\/posts"}],"about":[{"href":"https:\/\/sfb1436.de\/de\/wp-json\/wp\/v2\/types\/post"}],"author":[{"embeddable":true,"href":"https:\/\/sfb1436.de\/de\/wp-json\/wp\/v2\/users\/4"}],"replies":[{"embeddable":true,"href":"https:\/\/sfb1436.de\/de\/wp-json\/wp\/v2\/comments?post=19094"}],"version-history":[{"count":2,"href":"https:\/\/sfb1436.de\/de\/wp-json\/wp\/v2\/posts\/19094\/revisions"}],"predecessor-version":[{"id":19186,"href":"https:\/\/sfb1436.de\/de\/wp-json\/wp\/v2\/posts\/19094\/revisions\/19186"}],"wp:attachment":[{"href":"https:\/\/sfb1436.de\/de\/wp-json\/wp\/v2\/media?parent=19094"}],"wp:term":[{"taxonomy":"category","embeddable":true,"href":"https:\/\/sfb1436.de\/de\/wp-json\/wp\/v2\/categories?post=19094"},{"taxonomy":"post_tag","embeddable":true,"href":"https:\/\/sfb1436.de\/de\/wp-json\/wp\/v2\/tags?post=19094"}],"curies":[{"name":"wp","href":"https:\/\/api.w.org\/{rel}","templated":true}]}}