{"id":19090,"date":"2023-11-13T17:09:44","date_gmt":"2023-11-13T16:09:44","guid":{"rendered":"https:\/\/sfb1436.de\/?p=19090"},"modified":"2024-01-24T15:51:43","modified_gmt":"2024-01-24T14:51:43","slug":"open-lab-day-in-heidelberg","status":"publish","type":"post","link":"https:\/\/sfb1436.de\/de\/open-lab-day-in-heidelberg\/","title":{"rendered":"Open Lab Day in Heidelberg"},"content":{"rendered":"\n<p class=\"wp-block-paragraph\">Ein besonderes Highlight bereitet der SFB 1436 derzeit f\u00fcr einige Studenten und Postdocs vor. In der Reihe \u201eOpen Lab Days\u201c des Sonderforschungsbereiches 1436 soll Ende November 2023 das Labor von Kevin Allen besucht werden. Das Teilprojekt B03 besch\u00e4ftigt sich am Standort Heidelberg mit der Frage \u201e<a href=\"https:\/\/sfb1436.de\/de\/projekte\/grid-cell-integrity-as-a-neural-resource-for-navigation-and-episodic-memory\/\">Grid cell-Integrit\u00e4t als neurale Ressource f\u00fcr Navigation und episodisches Ged\u00e4chtnis?<\/a>\u201c.<\/p>\n\n\n\n<p class=\"wp-block-paragraph\"> Interessiert k\u00f6nnen sich im Koordinationsb\u00fcro melden.<\/p>\n","protected":false},"excerpt":{"rendered":"<p>Ein besonderes Highlight bereitet der SFB 1436 derzeit f\u00fcr einige Studenten und Postdocs vor. In der Reihe \u201eOpen Lab Days\u201c des Sonderforschungsbereiches 1436 soll Ende November 2023 das Labor von Kevin Allen besucht werden. Das Teilprojekt B03 besch\u00e4ftigt sich am Standort Heidelberg mit der Frage \u201eGrid cell-Integrit\u00e4t als neurale Ressource f\u00fcr Navigation und episodisches Ged\u00e4chtnis?\u201c. [&hellip;]<\/p>\n","protected":false},"author":4,"featured_media":17119,"comment_status":"closed","ping_status":"closed","sticky":false,"template":"","format":"standard","meta":{"_crdt_document":"","_uag_custom_page_level_css":"","footnotes":""},"categories":[288,281,219,220],"tags":[357,784,785,331,372,330],"class_list":["post-19090","post","type-post","status-publish","format-standard","has-post-thumbnail","hentry","category-all-news-and-events-de","category-alle-news-und-events","category-events-de","category-news-de","tag-forschung","tag-heidelberg","tag-kevin-allen","tag-magdeburg","tag-neurowissenschaften","tag-sfb-1436"],"yoast_head":"<!-- This site is optimized with the Yoast SEO plugin v27.1.1 - https:\/\/yoast.com\/product\/yoast-seo-wordpress\/ -->\n<title>Open Lab Day in Heidelberg<\/title>\n<meta name=\"description\" content=\"In der Reihe \u201eOpen Lab Days\u201c kann Ende November 2023 das Labor von Kevin Allen in Heidelberg besucht werden.\" \/>\n<meta name=\"robots\" content=\"index, follow, max-snippet:-1, max-image-preview:large, max-video-preview:-1\" \/>\n<link rel=\"canonical\" href=\"https:\/\/sfb1436.de\/de\/open-lab-day-in-heidelberg\/\" \/>\n<meta property=\"og:locale\" content=\"de_DE\" \/>\n<meta property=\"og:type\" content=\"article\" \/>\n<meta property=\"og:title\" content=\"Open Lab Day in Heidelberg\" \/>\n<meta property=\"og:description\" content=\"In der Reihe \u201eOpen Lab Days\u201c kann Ende November 2023 das Labor von Kevin Allen in Heidelberg besucht werden.\" \/>\n<meta property=\"og:url\" content=\"https:\/\/sfb1436.de\/de\/open-lab-day-in-heidelberg\/\" \/>\n<meta property=\"og:site_name\" content=\"SFB1436\" \/>\n<meta property=\"article:published_time\" content=\"2023-11-13T16:09:44+00:00\" \/>\n<meta property=\"article:modified_time\" content=\"2024-01-24T14:51:43+00:00\" \/>\n<meta property=\"og:image\" content=\"https:\/\/sfb1436.de\/wp-content\/uploads\/2023\/03\/open-lab-day.png\" \/>\n\t<meta property=\"og:image:width\" content=\"1738\" \/>\n\t<meta property=\"og:image:height\" content=\"396\" \/>\n\t<meta property=\"og:image:type\" content=\"image\/png\" \/>\n<meta name=\"author\" content=\"redakteur\" \/>\n<meta name=\"twitter:card\" content=\"summary_large_image\" \/>\n<meta name=\"twitter:label1\" content=\"Verfasst von\" \/>\n\t<meta name=\"twitter:data1\" content=\"redakteur\" \/>\n\t<meta name=\"twitter:label2\" content=\"Gesch\u00e4tzte Lesezeit\" \/>\n\t<meta name=\"twitter:data2\" content=\"1\u00a0Minute\" \/>\n<script type=\"application\/ld+json\" class=\"yoast-schema-graph\">{\"@context\":\"https:\/\/schema.org\",\"@graph\":[{\"@type\":\"ScholarlyArticle\",\"@id\":\"https:\/\/sfb1436.de\/de\/open-lab-day-in-heidelberg\/#article\",\"isPartOf\":{\"@id\":\"https:\/\/sfb1436.de\/de\/open-lab-day-in-heidelberg\/\"},\"author\":{\"name\":\"redakteur\",\"@id\":\"https:\/\/sfb1436.de\/de\/#\/schema\/person\/c0ef0d254080f73ef2aa76e57caa6d12\"},\"headline\":\"Open Lab Day in Heidelberg\",\"datePublished\":\"2023-11-13T16:09:44+00:00\",\"dateModified\":\"2024-01-24T14:51:43+00:00\",\"mainEntityOfPage\":{\"@id\":\"https:\/\/sfb1436.de\/de\/open-lab-day-in-heidelberg\/\"},\"wordCount\":70,\"publisher\":{\"@id\":\"https:\/\/sfb1436.de\/de\/#organization\"},\"image\":{\"@id\":\"https:\/\/sfb1436.de\/de\/open-lab-day-in-heidelberg\/#primaryimage\"},\"thumbnailUrl\":\"https:\/\/sfb1436.de\/wp-content\/uploads\/2023\/03\/open-lab-day.png\",\"keywords\":[\"Forschung\",\"Heidelberg\",\"Kevin Allen\",\"Magdeburg\",\"Neurowissenschaften\",\"SFB 1436\"],\"articleSection\":[\"All News and Events\",\"Alle News und Events\",\"Events\",\"News\"],\"inLanguage\":\"de\"},{\"@type\":\"WebPage\",\"@id\":\"https:\/\/sfb1436.de\/de\/open-lab-day-in-heidelberg\/\",\"url\":\"https:\/\/sfb1436.de\/de\/open-lab-day-in-heidelberg\/\",\"name\":\"Open Lab Day in Heidelberg\",\"isPartOf\":{\"@id\":\"https:\/\/sfb1436.de\/de\/#website\"},\"primaryImageOfPage\":{\"@id\":\"https:\/\/sfb1436.de\/de\/open-lab-day-in-heidelberg\/#primaryimage\"},\"image\":{\"@id\":\"https:\/\/sfb1436.de\/de\/open-lab-day-in-heidelberg\/#primaryimage\"},\"thumbnailUrl\":\"https:\/\/sfb1436.de\/wp-content\/uploads\/2023\/03\/open-lab-day.png\",\"datePublished\":\"2023-11-13T16:09:44+00:00\",\"dateModified\":\"2024-01-24T14:51:43+00:00\",\"description\":\"In der Reihe \u201eOpen Lab Days\u201c kann Ende November 2023 das Labor von Kevin Allen in Heidelberg besucht werden.\",\"breadcrumb\":{\"@id\":\"https:\/\/sfb1436.de\/de\/open-lab-day-in-heidelberg\/#breadcrumb\"},\"inLanguage\":\"de\",\"potentialAction\":[{\"@type\":\"ReadAction\",\"target\":[\"https:\/\/sfb1436.de\/de\/open-lab-day-in-heidelberg\/\"]}]},{\"@type\":\"ImageObject\",\"inLanguage\":\"de\",\"@id\":\"https:\/\/sfb1436.de\/de\/open-lab-day-in-heidelberg\/#primaryimage\",\"url\":\"https:\/\/sfb1436.de\/wp-content\/uploads\/2023\/03\/open-lab-day.png\",\"contentUrl\":\"https:\/\/sfb1436.de\/wp-content\/uploads\/2023\/03\/open-lab-day.png\",\"width\":1738,\"height\":396,\"caption\":\"Open Lab Day im SFB 1436\"},{\"@type\":\"BreadcrumbList\",\"@id\":\"https:\/\/sfb1436.de\/de\/open-lab-day-in-heidelberg\/#breadcrumb\",\"itemListElement\":[{\"@type\":\"ListItem\",\"position\":1,\"name\":\"Startseite\",\"item\":\"https:\/\/sfb1436.de\/de\/\"},{\"@type\":\"ListItem\",\"position\":2,\"name\":\"Open Lab Day in Heidelberg\"}]},{\"@type\":\"WebSite\",\"@id\":\"https:\/\/sfb1436.de\/de\/#website\",\"url\":\"https:\/\/sfb1436.de\/de\/\",\"name\":\"SFB1436\",\"description\":\"\",\"publisher\":{\"@id\":\"https:\/\/sfb1436.de\/de\/#organization\"},\"potentialAction\":[{\"@type\":\"SearchAction\",\"target\":{\"@type\":\"EntryPoint\",\"urlTemplate\":\"https:\/\/sfb1436.de\/de\/?s={search_term_string}\"},\"query-input\":{\"@type\":\"PropertyValueSpecification\",\"valueRequired\":true,\"valueName\":\"search_term_string\"}}],\"inLanguage\":\"de\"},{\"@type\":\"Organization\",\"@id\":\"https:\/\/sfb1436.de\/de\/#organization\",\"name\":\"Otto-von-Guericke Universit\u00e4t Medizinische Fakult\u00e4t Institut f\u00fcr Kognitive Neurologie und Demenzforschung\",\"url\":\"https:\/\/sfb1436.de\/de\/\",\"logo\":{\"@type\":\"ImageObject\",\"inLanguage\":\"de\",\"@id\":\"https:\/\/sfb1436.de\/de\/#\/schema\/logo\/image\/\",\"url\":\"https:\/\/sfb1436.de\/wp-content\/uploads\/2021\/12\/logo-sfb.png\",\"contentUrl\":\"https:\/\/sfb1436.de\/wp-content\/uploads\/2021\/12\/logo-sfb.png\",\"width\":1244,\"height\":820,\"caption\":\"Otto-von-Guericke Universit\u00e4t Medizinische Fakult\u00e4t Institut f\u00fcr Kognitive Neurologie und Demenzforschung\"},\"image\":{\"@id\":\"https:\/\/sfb1436.de\/de\/#\/schema\/logo\/image\/\"}},{\"@type\":\"Person\",\"@id\":\"https:\/\/sfb1436.de\/de\/#\/schema\/person\/c0ef0d254080f73ef2aa76e57caa6d12\",\"name\":\"redakteur\"}]}<\/script>\n<!-- \/ Yoast SEO plugin. -->","yoast_head_json":{"title":"Open Lab Day in Heidelberg","description":"In der Reihe \u201eOpen Lab Days\u201c kann Ende November 2023 das Labor von Kevin Allen in Heidelberg besucht werden.","robots":{"index":"index","follow":"follow","max-snippet":"max-snippet:-1","max-image-preview":"max-image-preview:large","max-video-preview":"max-video-preview:-1"},"canonical":"https:\/\/sfb1436.de\/de\/open-lab-day-in-heidelberg\/","og_locale":"de_DE","og_type":"article","og_title":"Open Lab Day in Heidelberg","og_description":"In der Reihe \u201eOpen Lab Days\u201c kann Ende November 2023 das Labor von Kevin Allen in Heidelberg besucht werden.","og_url":"https:\/\/sfb1436.de\/de\/open-lab-day-in-heidelberg\/","og_site_name":"SFB1436","article_published_time":"2023-11-13T16:09:44+00:00","article_modified_time":"2024-01-24T14:51:43+00:00","og_image":[{"width":1738,"height":396,"url":"https:\/\/sfb1436.de\/wp-content\/uploads\/2023\/03\/open-lab-day.png","type":"image\/png"}],"author":"redakteur","twitter_card":"summary_large_image","twitter_misc":{"Verfasst von":"redakteur","Gesch\u00e4tzte Lesezeit":"1\u00a0Minute"},"schema":{"@context":"https:\/\/schema.org","@graph":[{"@type":"ScholarlyArticle","@id":"https:\/\/sfb1436.de\/de\/open-lab-day-in-heidelberg\/#article","isPartOf":{"@id":"https:\/\/sfb1436.de\/de\/open-lab-day-in-heidelberg\/"},"author":{"name":"redakteur","@id":"https:\/\/sfb1436.de\/de\/#\/schema\/person\/c0ef0d254080f73ef2aa76e57caa6d12"},"headline":"Open Lab Day in Heidelberg","datePublished":"2023-11-13T16:09:44+00:00","dateModified":"2024-01-24T14:51:43+00:00","mainEntityOfPage":{"@id":"https:\/\/sfb1436.de\/de\/open-lab-day-in-heidelberg\/"},"wordCount":70,"publisher":{"@id":"https:\/\/sfb1436.de\/de\/#organization"},"image":{"@id":"https:\/\/sfb1436.de\/de\/open-lab-day-in-heidelberg\/#primaryimage"},"thumbnailUrl":"https:\/\/sfb1436.de\/wp-content\/uploads\/2023\/03\/open-lab-day.png","keywords":["Forschung","Heidelberg","Kevin Allen","Magdeburg","Neurowissenschaften","SFB 1436"],"articleSection":["All News and Events","Alle News und Events","Events","News"],"inLanguage":"de"},{"@type":"WebPage","@id":"https:\/\/sfb1436.de\/de\/open-lab-day-in-heidelberg\/","url":"https:\/\/sfb1436.de\/de\/open-lab-day-in-heidelberg\/","name":"Open Lab Day in Heidelberg","isPartOf":{"@id":"https:\/\/sfb1436.de\/de\/#website"},"primaryImageOfPage":{"@id":"https:\/\/sfb1436.de\/de\/open-lab-day-in-heidelberg\/#primaryimage"},"image":{"@id":"https:\/\/sfb1436.de\/de\/open-lab-day-in-heidelberg\/#primaryimage"},"thumbnailUrl":"https:\/\/sfb1436.de\/wp-content\/uploads\/2023\/03\/open-lab-day.png","datePublished":"2023-11-13T16:09:44+00:00","dateModified":"2024-01-24T14:51:43+00:00","description":"In der Reihe \u201eOpen Lab Days\u201c kann Ende November 2023 das Labor von Kevin Allen in Heidelberg besucht werden.","breadcrumb":{"@id":"https:\/\/sfb1436.de\/de\/open-lab-day-in-heidelberg\/#breadcrumb"},"inLanguage":"de","potentialAction":[{"@type":"ReadAction","target":["https:\/\/sfb1436.de\/de\/open-lab-day-in-heidelberg\/"]}]},{"@type":"ImageObject","inLanguage":"de","@id":"https:\/\/sfb1436.de\/de\/open-lab-day-in-heidelberg\/#primaryimage","url":"https:\/\/sfb1436.de\/wp-content\/uploads\/2023\/03\/open-lab-day.png","contentUrl":"https:\/\/sfb1436.de\/wp-content\/uploads\/2023\/03\/open-lab-day.png","width":1738,"height":396,"caption":"Open Lab Day im SFB 1436"},{"@type":"BreadcrumbList","@id":"https:\/\/sfb1436.de\/de\/open-lab-day-in-heidelberg\/#breadcrumb","itemListElement":[{"@type":"ListItem","position":1,"name":"Startseite","item":"https:\/\/sfb1436.de\/de\/"},{"@type":"ListItem","position":2,"name":"Open Lab Day in Heidelberg"}]},{"@type":"WebSite","@id":"https:\/\/sfb1436.de\/de\/#website","url":"https:\/\/sfb1436.de\/de\/","name":"SFB1436","description":"","publisher":{"@id":"https:\/\/sfb1436.de\/de\/#organization"},"potentialAction":[{"@type":"SearchAction","target":{"@type":"EntryPoint","urlTemplate":"https:\/\/sfb1436.de\/de\/?s={search_term_string}"},"query-input":{"@type":"PropertyValueSpecification","valueRequired":true,"valueName":"search_term_string"}}],"inLanguage":"de"},{"@type":"Organization","@id":"https:\/\/sfb1436.de\/de\/#organization","name":"Otto-von-Guericke Universit\u00e4t Medizinische Fakult\u00e4t Institut f\u00fcr Kognitive Neurologie und Demenzforschung","url":"https:\/\/sfb1436.de\/de\/","logo":{"@type":"ImageObject","inLanguage":"de","@id":"https:\/\/sfb1436.de\/de\/#\/schema\/logo\/image\/","url":"https:\/\/sfb1436.de\/wp-content\/uploads\/2021\/12\/logo-sfb.png","contentUrl":"https:\/\/sfb1436.de\/wp-content\/uploads\/2021\/12\/logo-sfb.png","width":1244,"height":820,"caption":"Otto-von-Guericke Universit\u00e4t Medizinische Fakult\u00e4t Institut f\u00fcr Kognitive Neurologie und Demenzforschung"},"image":{"@id":"https:\/\/sfb1436.de\/de\/#\/schema\/logo\/image\/"}},{"@type":"Person","@id":"https:\/\/sfb1436.de\/de\/#\/schema\/person\/c0ef0d254080f73ef2aa76e57caa6d12","name":"redakteur"}]}},"uagb_featured_image_src":{"full":["https:\/\/sfb1436.de\/wp-content\/uploads\/2023\/03\/open-lab-day.png",1738,396,false],"thumbnail":["https:\/\/sfb1436.de\/wp-content\/uploads\/2023\/03\/open-lab-day-150x150.png",150,150,true],"medium":["https:\/\/sfb1436.de\/wp-content\/uploads\/2023\/03\/open-lab-day-300x68.png",300,68,true],"medium_large":["https:\/\/sfb1436.de\/wp-content\/uploads\/2023\/03\/open-lab-day-768x175.png",768,175,true],"large":["https:\/\/sfb1436.de\/wp-content\/uploads\/2023\/03\/open-lab-day-1024x233.png",1024,233,true],"gs-tiny":["https:\/\/sfb1436.de\/wp-content\/uploads\/2023\/03\/open-lab-day.png",50,11,false],"xl":["https:\/\/sfb1436.de\/wp-content\/uploads\/2023\/03\/open-lab-day-1600x365.png",1600,365,true],"xxl":["https:\/\/sfb1436.de\/wp-content\/uploads\/2023\/03\/open-lab-day.png",1738,396,false],"xxxl":["https:\/\/sfb1436.de\/wp-content\/uploads\/2023\/03\/open-lab-day.png",1738,396,false],"xxxxl":["https:\/\/sfb1436.de\/wp-content\/uploads\/2023\/03\/open-lab-day.png",1738,396,false],"xxxxxl":["https:\/\/sfb1436.de\/wp-content\/uploads\/2023\/03\/open-lab-day.png",1738,396,false],"1536x1536":["https:\/\/sfb1436.de\/wp-content\/uploads\/2023\/03\/open-lab-day-1536x350.png",1536,350,true],"2048x2048":["https:\/\/sfb1436.de\/wp-content\/uploads\/2023\/03\/open-lab-day.png",1738,396,false],"awsm_team":["https:\/\/sfb1436.de\/wp-content\/uploads\/2023\/03\/open-lab-day-800x396.png",800,396,true]},"uagb_author_info":{"display_name":"redakteur","author_link":"https:\/\/sfb1436.de\/de\/author\/redakteur\/"},"uagb_comment_info":0,"uagb_excerpt":"Ein besonderes Highlight bereitet der SFB 1436 derzeit f\u00fcr einige Studenten und Postdocs vor. In der Reihe \u201eOpen Lab Days\u201c des Sonderforschungsbereiches 1436 soll Ende November 2023 das Labor von Kevin Allen besucht werden. Das Teilprojekt B03 besch\u00e4ftigt sich am Standort Heidelberg mit der Frage \u201eGrid cell-Integrit\u00e4t als neurale Ressource f\u00fcr Navigation und episodisches Ged\u00e4chtnis?\u201c.&hellip;","_links":{"self":[{"href":"https:\/\/sfb1436.de\/de\/wp-json\/wp\/v2\/posts\/19090","targetHints":{"allow":["GET"]}}],"collection":[{"href":"https:\/\/sfb1436.de\/de\/wp-json\/wp\/v2\/posts"}],"about":[{"href":"https:\/\/sfb1436.de\/de\/wp-json\/wp\/v2\/types\/post"}],"author":[{"embeddable":true,"href":"https:\/\/sfb1436.de\/de\/wp-json\/wp\/v2\/users\/4"}],"replies":[{"embeddable":true,"href":"https:\/\/sfb1436.de\/de\/wp-json\/wp\/v2\/comments?post=19090"}],"version-history":[{"count":2,"href":"https:\/\/sfb1436.de\/de\/wp-json\/wp\/v2\/posts\/19090\/revisions"}],"predecessor-version":[{"id":19185,"href":"https:\/\/sfb1436.de\/de\/wp-json\/wp\/v2\/posts\/19090\/revisions\/19185"}],"wp:featuredmedia":[{"embeddable":true,"href":"https:\/\/sfb1436.de\/de\/wp-json\/wp\/v2\/media\/17119"}],"wp:attachment":[{"href":"https:\/\/sfb1436.de\/de\/wp-json\/wp\/v2\/media?parent=19090"}],"wp:term":[{"taxonomy":"category","embeddable":true,"href":"https:\/\/sfb1436.de\/de\/wp-json\/wp\/v2\/categories?post=19090"},{"taxonomy":"post_tag","embeddable":true,"href":"https:\/\/sfb1436.de\/de\/wp-json\/wp\/v2\/tags?post=19090"}],"curies":[{"name":"wp","href":"https:\/\/api.w.org\/{rel}","templated":true}]}}