{"id":19074,"date":"2023-10-25T16:49:02","date_gmt":"2023-10-25T14:49:02","guid":{"rendered":"https:\/\/sfb1436.de\/?p=19074"},"modified":"2026-03-31T10:29:39","modified_gmt":"2026-03-31T08:29:39","slug":"neue-sfb-stipendiatinnen","status":"publish","type":"post","link":"https:\/\/sfb1436.de\/de\/neue-sfb-stipendiatinnen\/","title":{"rendered":"Herzlich Willkommen &#8211; neue SFB-Stipendiatinnen"},"content":{"rendered":"\n<p class=\"wp-block-paragraph\">Seit Oktober 2023 unterst\u00fctzen drei neuen MD Stipendiatinnen den SFB 1436.<\/p>\n\n\n\n<p class=\"wp-block-paragraph\">Das Teilprojekt B02 \u201e<a href=\"https:\/\/sfb1436.de\/de\/projekte\/neural-resource-of-mnemonic-discrimination-and-their-interaction-with-hidden-pathology-in-older-adults-and-superagers\/\">Neurale Ressourcen der mnemonischen Diskrimination und ihre Interaktion mit verborgener Pathologie bei \u00e4lteren Erwachsenen und SuperAgern<\/a>\u201c freut sich auf die Zusammenarbeit mit Sophia Engler.<\/p>\n\n\n\n<p class=\"wp-block-paragraph\">Anabell Ernst unterst\u00fctzt das Projekt A05 \u201e<a href=\"\/de\/projekte\/integritaet-der-extrazellulaermatrix-als-neurale-ressource-fuer-gedaechtnis-praezision-und-kognitive-flexibilitaet\/\" type=\"link\" id=\"\/de\/projekte\/integritaet-der-extrazellulaermatrix-als-neurale-ressource-fuer-gedaechtnis-praezision-und-kognitive-flexibilitaet\/\">Die Integrit\u00e4t der Extrazellul\u00e4ren Matrix als neuronale Ressource kognitiver Flexibilit\u00e4t<\/a>\u201c rund um Projektleiter Alexander Dityatev und Julia Poppke verst\u00e4rkt das Team des SFB Teilprojektes A01 mit dem Thema \u201e<a href=\"\/de\/projekte\/archiv-sfb-1436-1-2021-2024\/the-nmda-receptor-complex-a-signalling-hub-at-the-origin-of-cognitive-flexibility\/\" type=\"link\" id=\"\/de\/projekte\/archiv-sfb-1436-1-2021-2024\/the-nmda-receptor-complex-a-signalling-hub-at-the-origin-of-cognitive-flexibility\/\">Der NMDA-Rezeptor-Komplex \u2013 eine integrale Schaltstelle f\u00fcr kognitive Flexibilit\u00e4t?<\/a>\u201c.<\/p>\n\n\n\n<p class=\"wp-block-paragraph\">Wir w\u00fcnschen allen einen guten Start im Sonderforschungsbereich 1436.<\/p>\n","protected":false},"excerpt":{"rendered":"<p>Seit Oktober 2023 unterst\u00fctzen drei neuen MD Stipendiatinnen den SFB 1436. Das Teilprojekt B02 \u201eNeurale Ressourcen der mnemonischen Diskrimination und ihre Interaktion mit verborgener Pathologie bei \u00e4lteren Erwachsenen und SuperAgern\u201c freut sich auf die Zusammenarbeit mit Sophia Engler. Anabell Ernst unterst\u00fctzt das Projekt A05 \u201eDie Integrit\u00e4t der Extrazellul\u00e4ren Matrix als neuronale Ressource kognitiver Flexibilit\u00e4t\u201c rund [&hellip;]<\/p>\n","protected":false},"author":4,"featured_media":0,"comment_status":"closed","ping_status":"closed","sticky":false,"template":"","format":"standard","meta":{"_crdt_document":"","_uag_custom_page_level_css":"","footnotes":""},"categories":[288,281,220],"tags":[331,395,707,372,330],"class_list":["post-19074","post","type-post","status-publish","format-standard","hentry","category-all-news-and-events-de","category-alle-news-und-events","category-news-de","tag-magdeburg","tag-md-fellows","tag-nachwuchswissenschaftlerinnen","tag-neurowissenschaften","tag-sfb-1436"],"yoast_head":"<!-- This site is optimized with the Yoast SEO plugin v27.1.1 - https:\/\/yoast.com\/product\/yoast-seo-wordpress\/ -->\n<title>neue SFB-Stipendiatinnen<\/title>\n<meta name=\"description\" content=\"Seit Oktober 2023 unterst\u00fctzen drei neuen MD Stipendiatinnen den SFB 1436. Wir freuen uns auf die Zusammenarbeit mit ihnen.\" \/>\n<meta name=\"robots\" content=\"index, follow, max-snippet:-1, max-image-preview:large, max-video-preview:-1\" \/>\n<link rel=\"canonical\" href=\"https:\/\/sfb1436.de\/de\/neue-sfb-stipendiatinnen\/\" \/>\n<meta property=\"og:locale\" content=\"de_DE\" \/>\n<meta property=\"og:type\" content=\"article\" \/>\n<meta property=\"og:title\" content=\"neue SFB-Stipendiatinnen\" \/>\n<meta property=\"og:description\" content=\"Seit Oktober 2023 unterst\u00fctzen drei neuen MD Stipendiatinnen den SFB 1436. Wir freuen uns auf die Zusammenarbeit mit ihnen.\" \/>\n<meta property=\"og:url\" content=\"https:\/\/sfb1436.de\/de\/neue-sfb-stipendiatinnen\/\" \/>\n<meta property=\"og:site_name\" content=\"SFB1436\" \/>\n<meta property=\"article:published_time\" content=\"2023-10-25T14:49:02+00:00\" \/>\n<meta property=\"article:modified_time\" content=\"2026-03-31T08:29:39+00:00\" \/>\n<meta name=\"author\" content=\"redakteur\" \/>\n<meta name=\"twitter:card\" content=\"summary_large_image\" \/>\n<meta name=\"twitter:label1\" content=\"Verfasst von\" \/>\n\t<meta name=\"twitter:data1\" content=\"redakteur\" \/>\n\t<meta name=\"twitter:label2\" content=\"Gesch\u00e4tzte Lesezeit\" \/>\n\t<meta name=\"twitter:data2\" content=\"1\u00a0Minute\" \/>\n<script type=\"application\/ld+json\" class=\"yoast-schema-graph\">{\"@context\":\"https:\/\/schema.org\",\"@graph\":[{\"@type\":\"ScholarlyArticle\",\"@id\":\"https:\/\/sfb1436.de\/de\/neue-sfb-stipendiatinnen\/#article\",\"isPartOf\":{\"@id\":\"https:\/\/sfb1436.de\/de\/neue-sfb-stipendiatinnen\/\"},\"author\":{\"name\":\"redakteur\",\"@id\":\"https:\/\/sfb1436.de\/de\/#\/schema\/person\/c0ef0d254080f73ef2aa76e57caa6d12\"},\"headline\":\"Herzlich Willkommen &#8211; neue SFB-Stipendiatinnen\",\"datePublished\":\"2023-10-25T14:49:02+00:00\",\"dateModified\":\"2026-03-31T08:29:39+00:00\",\"mainEntityOfPage\":{\"@id\":\"https:\/\/sfb1436.de\/de\/neue-sfb-stipendiatinnen\/\"},\"wordCount\":100,\"publisher\":{\"@id\":\"https:\/\/sfb1436.de\/de\/#organization\"},\"keywords\":[\"Magdeburg\",\"MD-Fellows\",\"Nachwuchswissenschaftlerinnen\",\"Neurowissenschaften\",\"SFB 1436\"],\"articleSection\":[\"All News and Events\",\"Alle News und Events\",\"News\"],\"inLanguage\":\"de\"},{\"@type\":\"WebPage\",\"@id\":\"https:\/\/sfb1436.de\/de\/neue-sfb-stipendiatinnen\/\",\"url\":\"https:\/\/sfb1436.de\/de\/neue-sfb-stipendiatinnen\/\",\"name\":\"neue SFB-Stipendiatinnen\",\"isPartOf\":{\"@id\":\"https:\/\/sfb1436.de\/de\/#website\"},\"datePublished\":\"2023-10-25T14:49:02+00:00\",\"dateModified\":\"2026-03-31T08:29:39+00:00\",\"description\":\"Seit Oktober 2023 unterst\u00fctzen drei neuen MD Stipendiatinnen den SFB 1436. Wir freuen uns auf die Zusammenarbeit mit ihnen.\",\"breadcrumb\":{\"@id\":\"https:\/\/sfb1436.de\/de\/neue-sfb-stipendiatinnen\/#breadcrumb\"},\"inLanguage\":\"de\",\"potentialAction\":[{\"@type\":\"ReadAction\",\"target\":[\"https:\/\/sfb1436.de\/de\/neue-sfb-stipendiatinnen\/\"]}]},{\"@type\":\"BreadcrumbList\",\"@id\":\"https:\/\/sfb1436.de\/de\/neue-sfb-stipendiatinnen\/#breadcrumb\",\"itemListElement\":[{\"@type\":\"ListItem\",\"position\":1,\"name\":\"Startseite\",\"item\":\"https:\/\/sfb1436.de\/de\/\"},{\"@type\":\"ListItem\",\"position\":2,\"name\":\"Herzlich Willkommen &#8211; neue SFB-Stipendiatinnen\"}]},{\"@type\":\"WebSite\",\"@id\":\"https:\/\/sfb1436.de\/de\/#website\",\"url\":\"https:\/\/sfb1436.de\/de\/\",\"name\":\"SFB1436\",\"description\":\"\",\"publisher\":{\"@id\":\"https:\/\/sfb1436.de\/de\/#organization\"},\"potentialAction\":[{\"@type\":\"SearchAction\",\"target\":{\"@type\":\"EntryPoint\",\"urlTemplate\":\"https:\/\/sfb1436.de\/de\/?s={search_term_string}\"},\"query-input\":{\"@type\":\"PropertyValueSpecification\",\"valueRequired\":true,\"valueName\":\"search_term_string\"}}],\"inLanguage\":\"de\"},{\"@type\":\"Organization\",\"@id\":\"https:\/\/sfb1436.de\/de\/#organization\",\"name\":\"Otto-von-Guericke Universit\u00e4t Medizinische Fakult\u00e4t Institut f\u00fcr Kognitive Neurologie und Demenzforschung\",\"url\":\"https:\/\/sfb1436.de\/de\/\",\"logo\":{\"@type\":\"ImageObject\",\"inLanguage\":\"de\",\"@id\":\"https:\/\/sfb1436.de\/de\/#\/schema\/logo\/image\/\",\"url\":\"https:\/\/sfb1436.de\/wp-content\/uploads\/2021\/12\/logo-sfb.png\",\"contentUrl\":\"https:\/\/sfb1436.de\/wp-content\/uploads\/2021\/12\/logo-sfb.png\",\"width\":1244,\"height\":820,\"caption\":\"Otto-von-Guericke Universit\u00e4t Medizinische Fakult\u00e4t Institut f\u00fcr Kognitive Neurologie und Demenzforschung\"},\"image\":{\"@id\":\"https:\/\/sfb1436.de\/de\/#\/schema\/logo\/image\/\"}},{\"@type\":\"Person\",\"@id\":\"https:\/\/sfb1436.de\/de\/#\/schema\/person\/c0ef0d254080f73ef2aa76e57caa6d12\",\"name\":\"redakteur\"}]}<\/script>\n<!-- \/ Yoast SEO plugin. -->","yoast_head_json":{"title":"neue SFB-Stipendiatinnen","description":"Seit Oktober 2023 unterst\u00fctzen drei neuen MD Stipendiatinnen den SFB 1436. Wir freuen uns auf die Zusammenarbeit mit ihnen.","robots":{"index":"index","follow":"follow","max-snippet":"max-snippet:-1","max-image-preview":"max-image-preview:large","max-video-preview":"max-video-preview:-1"},"canonical":"https:\/\/sfb1436.de\/de\/neue-sfb-stipendiatinnen\/","og_locale":"de_DE","og_type":"article","og_title":"neue SFB-Stipendiatinnen","og_description":"Seit Oktober 2023 unterst\u00fctzen drei neuen MD Stipendiatinnen den SFB 1436. Wir freuen uns auf die Zusammenarbeit mit ihnen.","og_url":"https:\/\/sfb1436.de\/de\/neue-sfb-stipendiatinnen\/","og_site_name":"SFB1436","article_published_time":"2023-10-25T14:49:02+00:00","article_modified_time":"2026-03-31T08:29:39+00:00","author":"redakteur","twitter_card":"summary_large_image","twitter_misc":{"Verfasst von":"redakteur","Gesch\u00e4tzte Lesezeit":"1\u00a0Minute"},"schema":{"@context":"https:\/\/schema.org","@graph":[{"@type":"ScholarlyArticle","@id":"https:\/\/sfb1436.de\/de\/neue-sfb-stipendiatinnen\/#article","isPartOf":{"@id":"https:\/\/sfb1436.de\/de\/neue-sfb-stipendiatinnen\/"},"author":{"name":"redakteur","@id":"https:\/\/sfb1436.de\/de\/#\/schema\/person\/c0ef0d254080f73ef2aa76e57caa6d12"},"headline":"Herzlich Willkommen &#8211; neue SFB-Stipendiatinnen","datePublished":"2023-10-25T14:49:02+00:00","dateModified":"2026-03-31T08:29:39+00:00","mainEntityOfPage":{"@id":"https:\/\/sfb1436.de\/de\/neue-sfb-stipendiatinnen\/"},"wordCount":100,"publisher":{"@id":"https:\/\/sfb1436.de\/de\/#organization"},"keywords":["Magdeburg","MD-Fellows","Nachwuchswissenschaftlerinnen","Neurowissenschaften","SFB 1436"],"articleSection":["All News and Events","Alle News und Events","News"],"inLanguage":"de"},{"@type":"WebPage","@id":"https:\/\/sfb1436.de\/de\/neue-sfb-stipendiatinnen\/","url":"https:\/\/sfb1436.de\/de\/neue-sfb-stipendiatinnen\/","name":"neue SFB-Stipendiatinnen","isPartOf":{"@id":"https:\/\/sfb1436.de\/de\/#website"},"datePublished":"2023-10-25T14:49:02+00:00","dateModified":"2026-03-31T08:29:39+00:00","description":"Seit Oktober 2023 unterst\u00fctzen drei neuen MD Stipendiatinnen den SFB 1436. Wir freuen uns auf die Zusammenarbeit mit ihnen.","breadcrumb":{"@id":"https:\/\/sfb1436.de\/de\/neue-sfb-stipendiatinnen\/#breadcrumb"},"inLanguage":"de","potentialAction":[{"@type":"ReadAction","target":["https:\/\/sfb1436.de\/de\/neue-sfb-stipendiatinnen\/"]}]},{"@type":"BreadcrumbList","@id":"https:\/\/sfb1436.de\/de\/neue-sfb-stipendiatinnen\/#breadcrumb","itemListElement":[{"@type":"ListItem","position":1,"name":"Startseite","item":"https:\/\/sfb1436.de\/de\/"},{"@type":"ListItem","position":2,"name":"Herzlich Willkommen &#8211; neue SFB-Stipendiatinnen"}]},{"@type":"WebSite","@id":"https:\/\/sfb1436.de\/de\/#website","url":"https:\/\/sfb1436.de\/de\/","name":"SFB1436","description":"","publisher":{"@id":"https:\/\/sfb1436.de\/de\/#organization"},"potentialAction":[{"@type":"SearchAction","target":{"@type":"EntryPoint","urlTemplate":"https:\/\/sfb1436.de\/de\/?s={search_term_string}"},"query-input":{"@type":"PropertyValueSpecification","valueRequired":true,"valueName":"search_term_string"}}],"inLanguage":"de"},{"@type":"Organization","@id":"https:\/\/sfb1436.de\/de\/#organization","name":"Otto-von-Guericke Universit\u00e4t Medizinische Fakult\u00e4t Institut f\u00fcr Kognitive Neurologie und Demenzforschung","url":"https:\/\/sfb1436.de\/de\/","logo":{"@type":"ImageObject","inLanguage":"de","@id":"https:\/\/sfb1436.de\/de\/#\/schema\/logo\/image\/","url":"https:\/\/sfb1436.de\/wp-content\/uploads\/2021\/12\/logo-sfb.png","contentUrl":"https:\/\/sfb1436.de\/wp-content\/uploads\/2021\/12\/logo-sfb.png","width":1244,"height":820,"caption":"Otto-von-Guericke Universit\u00e4t Medizinische Fakult\u00e4t Institut f\u00fcr Kognitive Neurologie und Demenzforschung"},"image":{"@id":"https:\/\/sfb1436.de\/de\/#\/schema\/logo\/image\/"}},{"@type":"Person","@id":"https:\/\/sfb1436.de\/de\/#\/schema\/person\/c0ef0d254080f73ef2aa76e57caa6d12","name":"redakteur"}]}},"uagb_featured_image_src":{"full":false,"thumbnail":false,"medium":false,"medium_large":false,"large":false,"gs-tiny":false,"xl":false,"xxl":false,"xxxl":false,"xxxxl":false,"xxxxxl":false,"1536x1536":false,"2048x2048":false,"awsm_team":false},"uagb_author_info":{"display_name":"redakteur","author_link":"https:\/\/sfb1436.de\/de\/author\/redakteur\/"},"uagb_comment_info":0,"uagb_excerpt":"Seit Oktober 2023 unterst\u00fctzen drei neuen MD Stipendiatinnen den SFB 1436. Das Teilprojekt B02 \u201eNeurale Ressourcen der mnemonischen Diskrimination und ihre Interaktion mit verborgener Pathologie bei \u00e4lteren Erwachsenen und SuperAgern\u201c freut sich auf die Zusammenarbeit mit Sophia Engler. Anabell Ernst unterst\u00fctzt das Projekt A05 \u201eDie Integrit\u00e4t der Extrazellul\u00e4ren Matrix als neuronale Ressource kognitiver Flexibilit\u00e4t\u201c rund&hellip;","_links":{"self":[{"href":"https:\/\/sfb1436.de\/de\/wp-json\/wp\/v2\/posts\/19074","targetHints":{"allow":["GET"]}}],"collection":[{"href":"https:\/\/sfb1436.de\/de\/wp-json\/wp\/v2\/posts"}],"about":[{"href":"https:\/\/sfb1436.de\/de\/wp-json\/wp\/v2\/types\/post"}],"author":[{"embeddable":true,"href":"https:\/\/sfb1436.de\/de\/wp-json\/wp\/v2\/users\/4"}],"replies":[{"embeddable":true,"href":"https:\/\/sfb1436.de\/de\/wp-json\/wp\/v2\/comments?post=19074"}],"version-history":[{"count":4,"href":"https:\/\/sfb1436.de\/de\/wp-json\/wp\/v2\/posts\/19074\/revisions"}],"predecessor-version":[{"id":30109,"href":"https:\/\/sfb1436.de\/de\/wp-json\/wp\/v2\/posts\/19074\/revisions\/30109"}],"wp:attachment":[{"href":"https:\/\/sfb1436.de\/de\/wp-json\/wp\/v2\/media?parent=19074"}],"wp:term":[{"taxonomy":"category","embeddable":true,"href":"https:\/\/sfb1436.de\/de\/wp-json\/wp\/v2\/categories?post=19074"},{"taxonomy":"post_tag","embeddable":true,"href":"https:\/\/sfb1436.de\/de\/wp-json\/wp\/v2\/tags?post=19074"}],"curies":[{"name":"wp","href":"https:\/\/api.w.org\/{rel}","templated":true}]}}