{"id":19066,"date":"2023-10-18T16:39:46","date_gmt":"2023-10-18T14:39:46","guid":{"rendered":"https:\/\/sfb1436.de\/?p=19066"},"modified":"2024-01-23T16:41:38","modified_gmt":"2024-01-23T15:41:38","slug":"2-foerderperiode-des-sfb-1436","status":"publish","type":"post","link":"https:\/\/sfb1436.de\/de\/2-foerderperiode-des-sfb-1436\/","title":{"rendered":"2. F\u00f6rderperiode des SFB 1436"},"content":{"rendered":"\n<p class=\"wp-block-paragraph\">Jetzt ist es offiziell, der SFB1436 m\u00f6chte seine Forschungsarbeit fortsetzen und bewirbt sich f\u00fcr eine neue F\u00f6rderperiode bei der DFG. Bereits Anfang Januar muss daf\u00fcr der Vorantrag bei der Deutschen Forschungsgemeinschaft eingereicht werden. Ab dann hei\u00dft es Daumen dr\u00fccken.<\/p>\n","protected":false},"excerpt":{"rendered":"<p>Jetzt ist es offiziell, der SFB1436 m\u00f6chte seine Forschungsarbeit fortsetzen und bewirbt sich f\u00fcr eine neue F\u00f6rderperiode bei der DFG. Bereits Anfang Januar muss daf\u00fcr der Vorantrag bei der Deutschen Forschungsgemeinschaft eingereicht werden. Ab dann hei\u00dft es Daumen dr\u00fccken.<\/p>\n","protected":false},"author":4,"featured_media":17155,"comment_status":"closed","ping_status":"closed","sticky":false,"template":"","format":"standard","meta":{"_crdt_document":"","_uag_custom_page_level_css":"","footnotes":""},"categories":[288,281,220],"tags":[771,331,372,330],"class_list":["post-19066","post","type-post","status-publish","format-standard","has-post-thumbnail","hentry","category-all-news-and-events-de","category-alle-news-und-events","category-news-de","tag-dfg","tag-magdeburg","tag-neurowissenschaften","tag-sfb-1436"],"yoast_head":"<!-- This site is optimized with the Yoast SEO plugin v27.1.1 - https:\/\/yoast.com\/product\/yoast-seo-wordpress\/ -->\n<title>2. F\u00f6rderperiode des SFB 1436<\/title>\n<meta name=\"description\" content=\"Jetzt ist es offiziell, der SFB1436 m\u00f6chte seine Forschungsarbeit fortsetzen und bewirbt sich f\u00fcr eine neue F\u00f6rderperiode bei der DFG.\" \/>\n<meta name=\"robots\" content=\"index, follow, max-snippet:-1, max-image-preview:large, max-video-preview:-1\" \/>\n<link rel=\"canonical\" href=\"https:\/\/sfb1436.de\/de\/2-foerderperiode-des-sfb-1436\/\" \/>\n<meta property=\"og:locale\" content=\"de_DE\" \/>\n<meta property=\"og:type\" content=\"article\" \/>\n<meta property=\"og:title\" content=\"2. F\u00f6rderperiode des SFB 1436\" \/>\n<meta property=\"og:description\" content=\"Jetzt ist es offiziell, der SFB1436 m\u00f6chte seine Forschungsarbeit fortsetzen und bewirbt sich f\u00fcr eine neue F\u00f6rderperiode bei der DFG.\" \/>\n<meta property=\"og:url\" content=\"https:\/\/sfb1436.de\/de\/2-foerderperiode-des-sfb-1436\/\" \/>\n<meta property=\"og:site_name\" content=\"SFB1436\" \/>\n<meta property=\"article:published_time\" content=\"2023-10-18T14:39:46+00:00\" \/>\n<meta property=\"article:modified_time\" content=\"2024-01-23T15:41:38+00:00\" \/>\n<meta property=\"og:image\" content=\"https:\/\/sfb1436.de\/wp-content\/uploads\/2023\/03\/sfb-1436.png\" \/>\n\t<meta property=\"og:image:width\" content=\"1738\" \/>\n\t<meta property=\"og:image:height\" content=\"396\" \/>\n\t<meta property=\"og:image:type\" content=\"image\/png\" \/>\n<meta name=\"author\" content=\"redakteur\" \/>\n<meta name=\"twitter:card\" content=\"summary_large_image\" \/>\n<meta name=\"twitter:label1\" content=\"Verfasst von\" \/>\n\t<meta name=\"twitter:data1\" content=\"redakteur\" \/>\n\t<meta name=\"twitter:label2\" content=\"Gesch\u00e4tzte Lesezeit\" \/>\n\t<meta name=\"twitter:data2\" content=\"1\u00a0Minute\" \/>\n<script type=\"application\/ld+json\" class=\"yoast-schema-graph\">{\"@context\":\"https:\/\/schema.org\",\"@graph\":[{\"@type\":\"ScholarlyArticle\",\"@id\":\"https:\/\/sfb1436.de\/de\/2-foerderperiode-des-sfb-1436\/#article\",\"isPartOf\":{\"@id\":\"https:\/\/sfb1436.de\/de\/2-foerderperiode-des-sfb-1436\/\"},\"author\":{\"name\":\"redakteur\",\"@id\":\"https:\/\/sfb1436.de\/de\/#\/schema\/person\/c0ef0d254080f73ef2aa76e57caa6d12\"},\"headline\":\"2. F\u00f6rderperiode des SFB 1436\",\"datePublished\":\"2023-10-18T14:39:46+00:00\",\"dateModified\":\"2024-01-23T15:41:38+00:00\",\"mainEntityOfPage\":{\"@id\":\"https:\/\/sfb1436.de\/de\/2-foerderperiode-des-sfb-1436\/\"},\"wordCount\":49,\"publisher\":{\"@id\":\"https:\/\/sfb1436.de\/de\/#organization\"},\"image\":{\"@id\":\"https:\/\/sfb1436.de\/de\/2-foerderperiode-des-sfb-1436\/#primaryimage\"},\"thumbnailUrl\":\"https:\/\/sfb1436.de\/wp-content\/uploads\/2023\/03\/sfb-1436.png\",\"keywords\":[\"DFG\",\"Magdeburg\",\"Neurowissenschaften\",\"SFB 1436\"],\"articleSection\":[\"All News and Events\",\"Alle News und Events\",\"News\"],\"inLanguage\":\"de\"},{\"@type\":\"WebPage\",\"@id\":\"https:\/\/sfb1436.de\/de\/2-foerderperiode-des-sfb-1436\/\",\"url\":\"https:\/\/sfb1436.de\/de\/2-foerderperiode-des-sfb-1436\/\",\"name\":\"2. F\u00f6rderperiode des SFB 1436\",\"isPartOf\":{\"@id\":\"https:\/\/sfb1436.de\/de\/#website\"},\"primaryImageOfPage\":{\"@id\":\"https:\/\/sfb1436.de\/de\/2-foerderperiode-des-sfb-1436\/#primaryimage\"},\"image\":{\"@id\":\"https:\/\/sfb1436.de\/de\/2-foerderperiode-des-sfb-1436\/#primaryimage\"},\"thumbnailUrl\":\"https:\/\/sfb1436.de\/wp-content\/uploads\/2023\/03\/sfb-1436.png\",\"datePublished\":\"2023-10-18T14:39:46+00:00\",\"dateModified\":\"2024-01-23T15:41:38+00:00\",\"description\":\"Jetzt ist es offiziell, der SFB1436 m\u00f6chte seine Forschungsarbeit fortsetzen und bewirbt sich f\u00fcr eine neue F\u00f6rderperiode bei der DFG.\",\"breadcrumb\":{\"@id\":\"https:\/\/sfb1436.de\/de\/2-foerderperiode-des-sfb-1436\/#breadcrumb\"},\"inLanguage\":\"de\",\"potentialAction\":[{\"@type\":\"ReadAction\",\"target\":[\"https:\/\/sfb1436.de\/de\/2-foerderperiode-des-sfb-1436\/\"]}]},{\"@type\":\"ImageObject\",\"inLanguage\":\"de\",\"@id\":\"https:\/\/sfb1436.de\/de\/2-foerderperiode-des-sfb-1436\/#primaryimage\",\"url\":\"https:\/\/sfb1436.de\/wp-content\/uploads\/2023\/03\/sfb-1436.png\",\"contentUrl\":\"https:\/\/sfb1436.de\/wp-content\/uploads\/2023\/03\/sfb-1436.png\",\"width\":1738,\"height\":396,\"caption\":\"einfarbiges SFB Logo als Platzhalter f\u00fcr News\"},{\"@type\":\"BreadcrumbList\",\"@id\":\"https:\/\/sfb1436.de\/de\/2-foerderperiode-des-sfb-1436\/#breadcrumb\",\"itemListElement\":[{\"@type\":\"ListItem\",\"position\":1,\"name\":\"Startseite\",\"item\":\"https:\/\/sfb1436.de\/de\/\"},{\"@type\":\"ListItem\",\"position\":2,\"name\":\"2. F\u00f6rderperiode des SFB 1436\"}]},{\"@type\":\"WebSite\",\"@id\":\"https:\/\/sfb1436.de\/de\/#website\",\"url\":\"https:\/\/sfb1436.de\/de\/\",\"name\":\"SFB1436\",\"description\":\"\",\"publisher\":{\"@id\":\"https:\/\/sfb1436.de\/de\/#organization\"},\"potentialAction\":[{\"@type\":\"SearchAction\",\"target\":{\"@type\":\"EntryPoint\",\"urlTemplate\":\"https:\/\/sfb1436.de\/de\/?s={search_term_string}\"},\"query-input\":{\"@type\":\"PropertyValueSpecification\",\"valueRequired\":true,\"valueName\":\"search_term_string\"}}],\"inLanguage\":\"de\"},{\"@type\":\"Organization\",\"@id\":\"https:\/\/sfb1436.de\/de\/#organization\",\"name\":\"Otto-von-Guericke Universit\u00e4t Medizinische Fakult\u00e4t Institut f\u00fcr Kognitive Neurologie und Demenzforschung\",\"url\":\"https:\/\/sfb1436.de\/de\/\",\"logo\":{\"@type\":\"ImageObject\",\"inLanguage\":\"de\",\"@id\":\"https:\/\/sfb1436.de\/de\/#\/schema\/logo\/image\/\",\"url\":\"https:\/\/sfb1436.de\/wp-content\/uploads\/2021\/12\/logo-sfb.png\",\"contentUrl\":\"https:\/\/sfb1436.de\/wp-content\/uploads\/2021\/12\/logo-sfb.png\",\"width\":1244,\"height\":820,\"caption\":\"Otto-von-Guericke Universit\u00e4t Medizinische Fakult\u00e4t Institut f\u00fcr Kognitive Neurologie und Demenzforschung\"},\"image\":{\"@id\":\"https:\/\/sfb1436.de\/de\/#\/schema\/logo\/image\/\"}},{\"@type\":\"Person\",\"@id\":\"https:\/\/sfb1436.de\/de\/#\/schema\/person\/c0ef0d254080f73ef2aa76e57caa6d12\",\"name\":\"redakteur\"}]}<\/script>\n<!-- \/ Yoast SEO plugin. -->","yoast_head_json":{"title":"2. F\u00f6rderperiode des SFB 1436","description":"Jetzt ist es offiziell, der SFB1436 m\u00f6chte seine Forschungsarbeit fortsetzen und bewirbt sich f\u00fcr eine neue F\u00f6rderperiode bei der DFG.","robots":{"index":"index","follow":"follow","max-snippet":"max-snippet:-1","max-image-preview":"max-image-preview:large","max-video-preview":"max-video-preview:-1"},"canonical":"https:\/\/sfb1436.de\/de\/2-foerderperiode-des-sfb-1436\/","og_locale":"de_DE","og_type":"article","og_title":"2. F\u00f6rderperiode des SFB 1436","og_description":"Jetzt ist es offiziell, der SFB1436 m\u00f6chte seine Forschungsarbeit fortsetzen und bewirbt sich f\u00fcr eine neue F\u00f6rderperiode bei der DFG.","og_url":"https:\/\/sfb1436.de\/de\/2-foerderperiode-des-sfb-1436\/","og_site_name":"SFB1436","article_published_time":"2023-10-18T14:39:46+00:00","article_modified_time":"2024-01-23T15:41:38+00:00","og_image":[{"width":1738,"height":396,"url":"https:\/\/sfb1436.de\/wp-content\/uploads\/2023\/03\/sfb-1436.png","type":"image\/png"}],"author":"redakteur","twitter_card":"summary_large_image","twitter_misc":{"Verfasst von":"redakteur","Gesch\u00e4tzte Lesezeit":"1\u00a0Minute"},"schema":{"@context":"https:\/\/schema.org","@graph":[{"@type":"ScholarlyArticle","@id":"https:\/\/sfb1436.de\/de\/2-foerderperiode-des-sfb-1436\/#article","isPartOf":{"@id":"https:\/\/sfb1436.de\/de\/2-foerderperiode-des-sfb-1436\/"},"author":{"name":"redakteur","@id":"https:\/\/sfb1436.de\/de\/#\/schema\/person\/c0ef0d254080f73ef2aa76e57caa6d12"},"headline":"2. F\u00f6rderperiode des SFB 1436","datePublished":"2023-10-18T14:39:46+00:00","dateModified":"2024-01-23T15:41:38+00:00","mainEntityOfPage":{"@id":"https:\/\/sfb1436.de\/de\/2-foerderperiode-des-sfb-1436\/"},"wordCount":49,"publisher":{"@id":"https:\/\/sfb1436.de\/de\/#organization"},"image":{"@id":"https:\/\/sfb1436.de\/de\/2-foerderperiode-des-sfb-1436\/#primaryimage"},"thumbnailUrl":"https:\/\/sfb1436.de\/wp-content\/uploads\/2023\/03\/sfb-1436.png","keywords":["DFG","Magdeburg","Neurowissenschaften","SFB 1436"],"articleSection":["All News and Events","Alle News und Events","News"],"inLanguage":"de"},{"@type":"WebPage","@id":"https:\/\/sfb1436.de\/de\/2-foerderperiode-des-sfb-1436\/","url":"https:\/\/sfb1436.de\/de\/2-foerderperiode-des-sfb-1436\/","name":"2. F\u00f6rderperiode des SFB 1436","isPartOf":{"@id":"https:\/\/sfb1436.de\/de\/#website"},"primaryImageOfPage":{"@id":"https:\/\/sfb1436.de\/de\/2-foerderperiode-des-sfb-1436\/#primaryimage"},"image":{"@id":"https:\/\/sfb1436.de\/de\/2-foerderperiode-des-sfb-1436\/#primaryimage"},"thumbnailUrl":"https:\/\/sfb1436.de\/wp-content\/uploads\/2023\/03\/sfb-1436.png","datePublished":"2023-10-18T14:39:46+00:00","dateModified":"2024-01-23T15:41:38+00:00","description":"Jetzt ist es offiziell, der SFB1436 m\u00f6chte seine Forschungsarbeit fortsetzen und bewirbt sich f\u00fcr eine neue F\u00f6rderperiode bei der DFG.","breadcrumb":{"@id":"https:\/\/sfb1436.de\/de\/2-foerderperiode-des-sfb-1436\/#breadcrumb"},"inLanguage":"de","potentialAction":[{"@type":"ReadAction","target":["https:\/\/sfb1436.de\/de\/2-foerderperiode-des-sfb-1436\/"]}]},{"@type":"ImageObject","inLanguage":"de","@id":"https:\/\/sfb1436.de\/de\/2-foerderperiode-des-sfb-1436\/#primaryimage","url":"https:\/\/sfb1436.de\/wp-content\/uploads\/2023\/03\/sfb-1436.png","contentUrl":"https:\/\/sfb1436.de\/wp-content\/uploads\/2023\/03\/sfb-1436.png","width":1738,"height":396,"caption":"einfarbiges SFB Logo als Platzhalter f\u00fcr News"},{"@type":"BreadcrumbList","@id":"https:\/\/sfb1436.de\/de\/2-foerderperiode-des-sfb-1436\/#breadcrumb","itemListElement":[{"@type":"ListItem","position":1,"name":"Startseite","item":"https:\/\/sfb1436.de\/de\/"},{"@type":"ListItem","position":2,"name":"2. F\u00f6rderperiode des SFB 1436"}]},{"@type":"WebSite","@id":"https:\/\/sfb1436.de\/de\/#website","url":"https:\/\/sfb1436.de\/de\/","name":"SFB1436","description":"","publisher":{"@id":"https:\/\/sfb1436.de\/de\/#organization"},"potentialAction":[{"@type":"SearchAction","target":{"@type":"EntryPoint","urlTemplate":"https:\/\/sfb1436.de\/de\/?s={search_term_string}"},"query-input":{"@type":"PropertyValueSpecification","valueRequired":true,"valueName":"search_term_string"}}],"inLanguage":"de"},{"@type":"Organization","@id":"https:\/\/sfb1436.de\/de\/#organization","name":"Otto-von-Guericke Universit\u00e4t Medizinische Fakult\u00e4t Institut f\u00fcr Kognitive Neurologie und Demenzforschung","url":"https:\/\/sfb1436.de\/de\/","logo":{"@type":"ImageObject","inLanguage":"de","@id":"https:\/\/sfb1436.de\/de\/#\/schema\/logo\/image\/","url":"https:\/\/sfb1436.de\/wp-content\/uploads\/2021\/12\/logo-sfb.png","contentUrl":"https:\/\/sfb1436.de\/wp-content\/uploads\/2021\/12\/logo-sfb.png","width":1244,"height":820,"caption":"Otto-von-Guericke Universit\u00e4t Medizinische Fakult\u00e4t Institut f\u00fcr Kognitive Neurologie und Demenzforschung"},"image":{"@id":"https:\/\/sfb1436.de\/de\/#\/schema\/logo\/image\/"}},{"@type":"Person","@id":"https:\/\/sfb1436.de\/de\/#\/schema\/person\/c0ef0d254080f73ef2aa76e57caa6d12","name":"redakteur"}]}},"uagb_featured_image_src":{"full":["https:\/\/sfb1436.de\/wp-content\/uploads\/2023\/03\/sfb-1436.png",1738,396,false],"thumbnail":["https:\/\/sfb1436.de\/wp-content\/uploads\/2023\/03\/sfb-1436-150x150.png",150,150,true],"medium":["https:\/\/sfb1436.de\/wp-content\/uploads\/2023\/03\/sfb-1436-300x68.png",300,68,true],"medium_large":["https:\/\/sfb1436.de\/wp-content\/uploads\/2023\/03\/sfb-1436-768x175.png",768,175,true],"large":["https:\/\/sfb1436.de\/wp-content\/uploads\/2023\/03\/sfb-1436-1024x233.png",1024,233,true],"gs-tiny":["https:\/\/sfb1436.de\/wp-content\/uploads\/2023\/03\/sfb-1436.png",50,11,false],"xl":["https:\/\/sfb1436.de\/wp-content\/uploads\/2023\/03\/sfb-1436-1600x365.png",1600,365,true],"xxl":["https:\/\/sfb1436.de\/wp-content\/uploads\/2023\/03\/sfb-1436.png",1738,396,false],"xxxl":["https:\/\/sfb1436.de\/wp-content\/uploads\/2023\/03\/sfb-1436.png",1738,396,false],"xxxxl":["https:\/\/sfb1436.de\/wp-content\/uploads\/2023\/03\/sfb-1436.png",1738,396,false],"xxxxxl":["https:\/\/sfb1436.de\/wp-content\/uploads\/2023\/03\/sfb-1436.png",1738,396,false],"1536x1536":["https:\/\/sfb1436.de\/wp-content\/uploads\/2023\/03\/sfb-1436-1536x350.png",1536,350,true],"2048x2048":["https:\/\/sfb1436.de\/wp-content\/uploads\/2023\/03\/sfb-1436.png",1738,396,false],"awsm_team":["https:\/\/sfb1436.de\/wp-content\/uploads\/2023\/03\/sfb-1436-800x396.png",800,396,true]},"uagb_author_info":{"display_name":"redakteur","author_link":"https:\/\/sfb1436.de\/de\/author\/redakteur\/"},"uagb_comment_info":0,"uagb_excerpt":"Jetzt ist es offiziell, der SFB1436 m\u00f6chte seine Forschungsarbeit fortsetzen und bewirbt sich f\u00fcr eine neue F\u00f6rderperiode bei der DFG. Bereits Anfang Januar muss daf\u00fcr der Vorantrag bei der Deutschen Forschungsgemeinschaft eingereicht werden. Ab dann hei\u00dft es Daumen dr\u00fccken.","_links":{"self":[{"href":"https:\/\/sfb1436.de\/de\/wp-json\/wp\/v2\/posts\/19066","targetHints":{"allow":["GET"]}}],"collection":[{"href":"https:\/\/sfb1436.de\/de\/wp-json\/wp\/v2\/posts"}],"about":[{"href":"https:\/\/sfb1436.de\/de\/wp-json\/wp\/v2\/types\/post"}],"author":[{"embeddable":true,"href":"https:\/\/sfb1436.de\/de\/wp-json\/wp\/v2\/users\/4"}],"replies":[{"embeddable":true,"href":"https:\/\/sfb1436.de\/de\/wp-json\/wp\/v2\/comments?post=19066"}],"version-history":[{"count":1,"href":"https:\/\/sfb1436.de\/de\/wp-json\/wp\/v2\/posts\/19066\/revisions"}],"predecessor-version":[{"id":19067,"href":"https:\/\/sfb1436.de\/de\/wp-json\/wp\/v2\/posts\/19066\/revisions\/19067"}],"wp:featuredmedia":[{"embeddable":true,"href":"https:\/\/sfb1436.de\/de\/wp-json\/wp\/v2\/media\/17155"}],"wp:attachment":[{"href":"https:\/\/sfb1436.de\/de\/wp-json\/wp\/v2\/media?parent=19066"}],"wp:term":[{"taxonomy":"category","embeddable":true,"href":"https:\/\/sfb1436.de\/de\/wp-json\/wp\/v2\/categories?post=19066"},{"taxonomy":"post_tag","embeddable":true,"href":"https:\/\/sfb1436.de\/de\/wp-json\/wp\/v2\/tags?post=19066"}],"curies":[{"name":"wp","href":"https:\/\/api.w.org\/{rel}","templated":true}]}}