{"id":18312,"date":"2023-09-01T10:00:00","date_gmt":"2023-09-01T08:00:00","guid":{"rendered":"https:\/\/sfb1436.de\/?p=18312"},"modified":"2025-05-19T06:30:06","modified_gmt":"2025-05-19T04:30:06","slug":"neuer-vortrag-mit-prof-ueli-rutishauser","status":"publish","type":"post","link":"https:\/\/sfb1436.de\/de\/neuer-vortrag-mit-prof-ueli-rutishauser\/","title":{"rendered":"Neuer Vortrag mit Prof. Ueli Rutishauser"},"content":{"rendered":"\n<div class=\"wp-block-columns is-layout-flex wp-container-core-columns-is-layout-f56f613f wp-block-columns-is-layout-flex\">\n<div class=\"wp-block-column is-layout-flow wp-block-column-is-layout-flow\" style=\"flex-basis:33.33%\">\n<figure class=\"wp-block-image size-large\"><a href=\"https:\/\/sfb1436.de\/wp-content\/uploads\/2023\/08\/Invitation_CRC1436-Speakers-Series-2023.pdf\"><img fetchpriority=\"high\" decoding=\"async\" width=\"724\" height=\"1024\" src=\"https:\/\/sfb1436.de\/wp-content\/uploads\/2023\/08\/Invitation_CRC1436-Speakers-Series-2023-724x1024.webp\" alt=\"Invitation of Ueli Rutishauser, September 11th, 2023\" class=\"wp-image-18309\" srcset=\"https:\/\/sfb1436.de\/wp-content\/uploads\/2023\/08\/Invitation_CRC1436-Speakers-Series-2023-724x1024.webp 724w, https:\/\/sfb1436.de\/wp-content\/uploads\/2023\/08\/Invitation_CRC1436-Speakers-Series-2023-212x300.webp 212w, https:\/\/sfb1436.de\/wp-content\/uploads\/2023\/08\/Invitation_CRC1436-Speakers-Series-2023-768x1087.webp 768w, https:\/\/sfb1436.de\/wp-content\/uploads\/2023\/08\/Invitation_CRC1436-Speakers-Series-2023.webp 826w\" sizes=\"(max-width: 724px) 100vw, 724px\" \/><\/a><\/figure>\n<\/div>\n\n\n\n<div class=\"wp-block-column is-layout-flow wp-block-column-is-layout-flow\" style=\"flex-basis:66.66%\">\n<p class=\"wp-block-paragraph\">Mit dem Titel &#8222;<strong>Probing human memory and decision making at the single-neuron level<\/strong>&#8220; setzt der Sonderforschungsbereich 1436 nach der Sommerpause  am 11. September 2023, ab 14 Uhr die Speaker Series fort. <\/p>\n\n\n\n<p class=\"wp-block-paragraph\">Am zweiten September-Montag ist Prof. Ueli Rutishauser vom <a href=\"http:\/\/www.caltech.edu\/\" target=\"_blank\" rel=\"noreferrer noopener\">California Institute of Technology<\/a>, aus Pasedena zu Gast im SFB 1436 und wird pers\u00f6nlich vor Ort einen Einblick in seine  aktuelle Forschungsarbeit geben.<\/p>\n<\/div>\n<\/div>\n\n\n\n<p class=\"wp-block-paragraph\">Abstract: <br>Memory and cognitive control are central to human behavior, but we still understand little about the underlying biology of these core human abilities. We are probing the underlying mechanisms by recording from individual neurons in humans undergoing neurosurgical procedures. We have developed new methods to quantify the structure of cognitive representations formed by neurons geometrically and relate changes in such to behavior and learning. In my talk, I will focus on recent progress on our understanding of the neural substrates of cognitive flexibility, memory-based decision making, and performance monitoring. I will discuss (i) how representations of cognitive boundaries in the hippocampus structure episodic memory formation and guide memory search, (ii) how human frontal cortex implements multiple tasks flexibly through selective frontal-hippocampal interactions, and (iii) the structure of domain-general representations of error-and conflict monitoring in medial frontal cortex. Together, these findings reveal single-cell correlates and their oscillation-mediated interactions of key aspects of human memory and suggest specific interventions for new approaches towards treatments for memory disorders.<\/p>\n\n\n\n<p class=\"wp-block-paragraph\">About <br>Dr. Rutishauser is the Board of Governors Professor in Neurosciences at Cedars-Sinai Medical Center in Los Angeles, where he also directs the Center for Neural Science and Medicine. He is a visiting faculty and teaches in the Division of Biology and Biological Engineering at the California Institute of Technology. Dr. Rutishauser\u2019 s training includes a BS in Computer Science, a PhD in Computation &amp; Neural Systems from Caltech and postdoctoral studies at the Max Planck Institute for Brain Research in Frankfurt, Germany. His research is on deciphering human cognition at the single-neuron level by performing invasive experiments in humans and by utilizing advanced computational methods to understand neural dynamics. His work has been recognized by the Troland Award by the National Academy of Sciences (2014), the NSF CAREER award (2016), and the NIMH BRAINS award (2017). His work has been funded by the NIH, NSF, Simons Foundation, Kavli Foundation, and McKnight Foundation.<\/p>\n","protected":false},"excerpt":{"rendered":"<p>Mit dem Titel &#8222;Probing human memory and decision making at the single-neuron level&#8220; setzt der Sonderforschungsbereich 1436 nach der Sommerpause am 11. September 2023, ab 14 Uhr die Speaker Series fort. Am zweiten September-Montag ist Prof. Ueli Rutishauser vom California Institute of Technology, aus Pasedena zu Gast im SFB 1436 und wird pers\u00f6nlich vor Ort [&hellip;]<\/p>\n","protected":false},"author":4,"featured_media":17103,"comment_status":"closed","ping_status":"closed","sticky":false,"template":"","format":"standard","meta":{"_crdt_document":"","_uag_custom_page_level_css":"","footnotes":""},"categories":[288,281,219,220,15],"tags":[363,566,331,372,330,678,478],"class_list":["post-18312","post","type-post","status-publish","format-standard","has-post-thumbnail","hentry","category-all-news-and-events-de","category-alle-news-und-events","category-events-de","category-news-de","category-unkategorisiert","tag-crc-1436","tag-crc-1436-de","tag-magdeburg","tag-neurowissenschaften","tag-sfb-1436","tag-ueli-rutishauser","tag-vortrag"],"yoast_head":"<!-- This site is optimized with the Yoast SEO plugin v27.1.1 - https:\/\/yoast.com\/product\/yoast-seo-wordpress\/ -->\n<title>Neuer Vortrag mit Prof. Ueli Rutishauser - SFB1436<\/title>\n<meta name=\"description\" content=\"Mit Prof. Ueli Rutishauser setzt der SFB 1436 am 11. September 2023, ab 14 Uhr die SFB Speaker Series fort.\" \/>\n<meta name=\"robots\" content=\"index, follow, max-snippet:-1, max-image-preview:large, max-video-preview:-1\" \/>\n<link rel=\"canonical\" href=\"https:\/\/sfb1436.de\/de\/neuer-vortrag-mit-prof-ueli-rutishauser\/\" \/>\n<meta property=\"og:locale\" content=\"de_DE\" \/>\n<meta property=\"og:type\" content=\"article\" \/>\n<meta property=\"og:title\" content=\"Neuer Vortrag mit Prof. Ueli Rutishauser - SFB1436\" \/>\n<meta property=\"og:description\" content=\"Mit Prof. Ueli Rutishauser setzt der SFB 1436 am 11. September 2023, ab 14 Uhr die SFB Speaker Series fort.\" \/>\n<meta property=\"og:url\" content=\"https:\/\/sfb1436.de\/de\/neuer-vortrag-mit-prof-ueli-rutishauser\/\" \/>\n<meta property=\"og:site_name\" content=\"SFB1436\" \/>\n<meta property=\"article:published_time\" content=\"2023-09-01T08:00:00+00:00\" \/>\n<meta property=\"article:modified_time\" content=\"2025-05-19T04:30:06+00:00\" \/>\n<meta property=\"og:image\" content=\"https:\/\/sfb1436.de\/wp-content\/uploads\/2023\/03\/sfb-speaker.png\" \/>\n\t<meta property=\"og:image:width\" content=\"1738\" \/>\n\t<meta property=\"og:image:height\" content=\"313\" \/>\n\t<meta property=\"og:image:type\" content=\"image\/png\" \/>\n<meta name=\"author\" content=\"redakteur\" \/>\n<meta name=\"twitter:card\" content=\"summary_large_image\" \/>\n<meta name=\"twitter:label1\" content=\"Verfasst von\" \/>\n\t<meta name=\"twitter:data1\" content=\"redakteur\" \/>\n\t<meta name=\"twitter:label2\" content=\"Gesch\u00e4tzte Lesezeit\" \/>\n\t<meta name=\"twitter:data2\" content=\"3\u00a0Minuten\" \/>\n<script type=\"application\/ld+json\" class=\"yoast-schema-graph\">{\"@context\":\"https:\/\/schema.org\",\"@graph\":[{\"@type\":\"ScholarlyArticle\",\"@id\":\"https:\/\/sfb1436.de\/de\/neuer-vortrag-mit-prof-ueli-rutishauser\/#article\",\"isPartOf\":{\"@id\":\"https:\/\/sfb1436.de\/de\/neuer-vortrag-mit-prof-ueli-rutishauser\/\"},\"author\":{\"name\":\"redakteur\",\"@id\":\"https:\/\/sfb1436.de\/de\/#\/schema\/person\/c0ef0d254080f73ef2aa76e57caa6d12\"},\"headline\":\"Neuer Vortrag mit Prof. Ueli Rutishauser\",\"datePublished\":\"2023-09-01T08:00:00+00:00\",\"dateModified\":\"2025-05-19T04:30:06+00:00\",\"mainEntityOfPage\":{\"@id\":\"https:\/\/sfb1436.de\/de\/neuer-vortrag-mit-prof-ueli-rutishauser\/\"},\"wordCount\":380,\"publisher\":{\"@id\":\"https:\/\/sfb1436.de\/de\/#organization\"},\"image\":{\"@id\":\"https:\/\/sfb1436.de\/de\/neuer-vortrag-mit-prof-ueli-rutishauser\/#primaryimage\"},\"thumbnailUrl\":\"https:\/\/sfb1436.de\/wp-content\/uploads\/2023\/03\/sfb-speaker.png\",\"keywords\":[\"CRC 1436\",\"CRC 1436\",\"Magdeburg\",\"Neurowissenschaften\",\"SFB 1436\",\"Ueli Rutishauser\",\"Vortrag\"],\"articleSection\":[\"All News and Events\",\"Alle News und Events\",\"Events\",\"News\",\"Unkategorisiert\"],\"inLanguage\":\"de\"},{\"@type\":\"WebPage\",\"@id\":\"https:\/\/sfb1436.de\/de\/neuer-vortrag-mit-prof-ueli-rutishauser\/\",\"url\":\"https:\/\/sfb1436.de\/de\/neuer-vortrag-mit-prof-ueli-rutishauser\/\",\"name\":\"Neuer Vortrag mit Prof. Ueli Rutishauser - SFB1436\",\"isPartOf\":{\"@id\":\"https:\/\/sfb1436.de\/de\/#website\"},\"primaryImageOfPage\":{\"@id\":\"https:\/\/sfb1436.de\/de\/neuer-vortrag-mit-prof-ueli-rutishauser\/#primaryimage\"},\"image\":{\"@id\":\"https:\/\/sfb1436.de\/de\/neuer-vortrag-mit-prof-ueli-rutishauser\/#primaryimage\"},\"thumbnailUrl\":\"https:\/\/sfb1436.de\/wp-content\/uploads\/2023\/03\/sfb-speaker.png\",\"datePublished\":\"2023-09-01T08:00:00+00:00\",\"dateModified\":\"2025-05-19T04:30:06+00:00\",\"description\":\"Mit Prof. Ueli Rutishauser setzt der SFB 1436 am 11. September 2023, ab 14 Uhr die SFB Speaker Series fort.\",\"breadcrumb\":{\"@id\":\"https:\/\/sfb1436.de\/de\/neuer-vortrag-mit-prof-ueli-rutishauser\/#breadcrumb\"},\"inLanguage\":\"de\",\"potentialAction\":[{\"@type\":\"ReadAction\",\"target\":[\"https:\/\/sfb1436.de\/de\/neuer-vortrag-mit-prof-ueli-rutishauser\/\"]}]},{\"@type\":\"ImageObject\",\"inLanguage\":\"de\",\"@id\":\"https:\/\/sfb1436.de\/de\/neuer-vortrag-mit-prof-ueli-rutishauser\/#primaryimage\",\"url\":\"https:\/\/sfb1436.de\/wp-content\/uploads\/2023\/03\/sfb-speaker.png\",\"contentUrl\":\"https:\/\/sfb1436.de\/wp-content\/uploads\/2023\/03\/sfb-speaker.png\",\"width\":1738,\"height\":313,\"caption\":\"Logo der SFB 1436 Speaker Series\"},{\"@type\":\"BreadcrumbList\",\"@id\":\"https:\/\/sfb1436.de\/de\/neuer-vortrag-mit-prof-ueli-rutishauser\/#breadcrumb\",\"itemListElement\":[{\"@type\":\"ListItem\",\"position\":1,\"name\":\"Startseite\",\"item\":\"https:\/\/sfb1436.de\/de\/\"},{\"@type\":\"ListItem\",\"position\":2,\"name\":\"Neuer Vortrag mit Prof. Ueli Rutishauser\"}]},{\"@type\":\"WebSite\",\"@id\":\"https:\/\/sfb1436.de\/de\/#website\",\"url\":\"https:\/\/sfb1436.de\/de\/\",\"name\":\"SFB1436\",\"description\":\"\",\"publisher\":{\"@id\":\"https:\/\/sfb1436.de\/de\/#organization\"},\"potentialAction\":[{\"@type\":\"SearchAction\",\"target\":{\"@type\":\"EntryPoint\",\"urlTemplate\":\"https:\/\/sfb1436.de\/de\/?s={search_term_string}\"},\"query-input\":{\"@type\":\"PropertyValueSpecification\",\"valueRequired\":true,\"valueName\":\"search_term_string\"}}],\"inLanguage\":\"de\"},{\"@type\":\"Organization\",\"@id\":\"https:\/\/sfb1436.de\/de\/#organization\",\"name\":\"Otto-von-Guericke Universit\u00e4t Medizinische Fakult\u00e4t Institut f\u00fcr Kognitive Neurologie und Demenzforschung\",\"url\":\"https:\/\/sfb1436.de\/de\/\",\"logo\":{\"@type\":\"ImageObject\",\"inLanguage\":\"de\",\"@id\":\"https:\/\/sfb1436.de\/de\/#\/schema\/logo\/image\/\",\"url\":\"https:\/\/sfb1436.de\/wp-content\/uploads\/2021\/12\/logo-sfb.png\",\"contentUrl\":\"https:\/\/sfb1436.de\/wp-content\/uploads\/2021\/12\/logo-sfb.png\",\"width\":1244,\"height\":820,\"caption\":\"Otto-von-Guericke Universit\u00e4t Medizinische Fakult\u00e4t Institut f\u00fcr Kognitive Neurologie und Demenzforschung\"},\"image\":{\"@id\":\"https:\/\/sfb1436.de\/de\/#\/schema\/logo\/image\/\"}},{\"@type\":\"Person\",\"@id\":\"https:\/\/sfb1436.de\/de\/#\/schema\/person\/c0ef0d254080f73ef2aa76e57caa6d12\",\"name\":\"redakteur\"}]}<\/script>\n<!-- \/ Yoast SEO plugin. -->","yoast_head_json":{"title":"Neuer Vortrag mit Prof. Ueli Rutishauser - SFB1436","description":"Mit Prof. Ueli Rutishauser setzt der SFB 1436 am 11. September 2023, ab 14 Uhr die SFB Speaker Series fort.","robots":{"index":"index","follow":"follow","max-snippet":"max-snippet:-1","max-image-preview":"max-image-preview:large","max-video-preview":"max-video-preview:-1"},"canonical":"https:\/\/sfb1436.de\/de\/neuer-vortrag-mit-prof-ueli-rutishauser\/","og_locale":"de_DE","og_type":"article","og_title":"Neuer Vortrag mit Prof. Ueli Rutishauser - SFB1436","og_description":"Mit Prof. Ueli Rutishauser setzt der SFB 1436 am 11. September 2023, ab 14 Uhr die SFB Speaker Series fort.","og_url":"https:\/\/sfb1436.de\/de\/neuer-vortrag-mit-prof-ueli-rutishauser\/","og_site_name":"SFB1436","article_published_time":"2023-09-01T08:00:00+00:00","article_modified_time":"2025-05-19T04:30:06+00:00","og_image":[{"width":1738,"height":313,"url":"https:\/\/sfb1436.de\/wp-content\/uploads\/2023\/03\/sfb-speaker.png","type":"image\/png"}],"author":"redakteur","twitter_card":"summary_large_image","twitter_misc":{"Verfasst von":"redakteur","Gesch\u00e4tzte Lesezeit":"3\u00a0Minuten"},"schema":{"@context":"https:\/\/schema.org","@graph":[{"@type":"ScholarlyArticle","@id":"https:\/\/sfb1436.de\/de\/neuer-vortrag-mit-prof-ueli-rutishauser\/#article","isPartOf":{"@id":"https:\/\/sfb1436.de\/de\/neuer-vortrag-mit-prof-ueli-rutishauser\/"},"author":{"name":"redakteur","@id":"https:\/\/sfb1436.de\/de\/#\/schema\/person\/c0ef0d254080f73ef2aa76e57caa6d12"},"headline":"Neuer Vortrag mit Prof. Ueli Rutishauser","datePublished":"2023-09-01T08:00:00+00:00","dateModified":"2025-05-19T04:30:06+00:00","mainEntityOfPage":{"@id":"https:\/\/sfb1436.de\/de\/neuer-vortrag-mit-prof-ueli-rutishauser\/"},"wordCount":380,"publisher":{"@id":"https:\/\/sfb1436.de\/de\/#organization"},"image":{"@id":"https:\/\/sfb1436.de\/de\/neuer-vortrag-mit-prof-ueli-rutishauser\/#primaryimage"},"thumbnailUrl":"https:\/\/sfb1436.de\/wp-content\/uploads\/2023\/03\/sfb-speaker.png","keywords":["CRC 1436","CRC 1436","Magdeburg","Neurowissenschaften","SFB 1436","Ueli Rutishauser","Vortrag"],"articleSection":["All News and Events","Alle News und Events","Events","News","Unkategorisiert"],"inLanguage":"de"},{"@type":"WebPage","@id":"https:\/\/sfb1436.de\/de\/neuer-vortrag-mit-prof-ueli-rutishauser\/","url":"https:\/\/sfb1436.de\/de\/neuer-vortrag-mit-prof-ueli-rutishauser\/","name":"Neuer Vortrag mit Prof. Ueli Rutishauser - SFB1436","isPartOf":{"@id":"https:\/\/sfb1436.de\/de\/#website"},"primaryImageOfPage":{"@id":"https:\/\/sfb1436.de\/de\/neuer-vortrag-mit-prof-ueli-rutishauser\/#primaryimage"},"image":{"@id":"https:\/\/sfb1436.de\/de\/neuer-vortrag-mit-prof-ueli-rutishauser\/#primaryimage"},"thumbnailUrl":"https:\/\/sfb1436.de\/wp-content\/uploads\/2023\/03\/sfb-speaker.png","datePublished":"2023-09-01T08:00:00+00:00","dateModified":"2025-05-19T04:30:06+00:00","description":"Mit Prof. Ueli Rutishauser setzt der SFB 1436 am 11. September 2023, ab 14 Uhr die SFB Speaker Series fort.","breadcrumb":{"@id":"https:\/\/sfb1436.de\/de\/neuer-vortrag-mit-prof-ueli-rutishauser\/#breadcrumb"},"inLanguage":"de","potentialAction":[{"@type":"ReadAction","target":["https:\/\/sfb1436.de\/de\/neuer-vortrag-mit-prof-ueli-rutishauser\/"]}]},{"@type":"ImageObject","inLanguage":"de","@id":"https:\/\/sfb1436.de\/de\/neuer-vortrag-mit-prof-ueli-rutishauser\/#primaryimage","url":"https:\/\/sfb1436.de\/wp-content\/uploads\/2023\/03\/sfb-speaker.png","contentUrl":"https:\/\/sfb1436.de\/wp-content\/uploads\/2023\/03\/sfb-speaker.png","width":1738,"height":313,"caption":"Logo der SFB 1436 Speaker Series"},{"@type":"BreadcrumbList","@id":"https:\/\/sfb1436.de\/de\/neuer-vortrag-mit-prof-ueli-rutishauser\/#breadcrumb","itemListElement":[{"@type":"ListItem","position":1,"name":"Startseite","item":"https:\/\/sfb1436.de\/de\/"},{"@type":"ListItem","position":2,"name":"Neuer Vortrag mit Prof. Ueli Rutishauser"}]},{"@type":"WebSite","@id":"https:\/\/sfb1436.de\/de\/#website","url":"https:\/\/sfb1436.de\/de\/","name":"SFB1436","description":"","publisher":{"@id":"https:\/\/sfb1436.de\/de\/#organization"},"potentialAction":[{"@type":"SearchAction","target":{"@type":"EntryPoint","urlTemplate":"https:\/\/sfb1436.de\/de\/?s={search_term_string}"},"query-input":{"@type":"PropertyValueSpecification","valueRequired":true,"valueName":"search_term_string"}}],"inLanguage":"de"},{"@type":"Organization","@id":"https:\/\/sfb1436.de\/de\/#organization","name":"Otto-von-Guericke Universit\u00e4t Medizinische Fakult\u00e4t Institut f\u00fcr Kognitive Neurologie und Demenzforschung","url":"https:\/\/sfb1436.de\/de\/","logo":{"@type":"ImageObject","inLanguage":"de","@id":"https:\/\/sfb1436.de\/de\/#\/schema\/logo\/image\/","url":"https:\/\/sfb1436.de\/wp-content\/uploads\/2021\/12\/logo-sfb.png","contentUrl":"https:\/\/sfb1436.de\/wp-content\/uploads\/2021\/12\/logo-sfb.png","width":1244,"height":820,"caption":"Otto-von-Guericke Universit\u00e4t Medizinische Fakult\u00e4t Institut f\u00fcr Kognitive Neurologie und Demenzforschung"},"image":{"@id":"https:\/\/sfb1436.de\/de\/#\/schema\/logo\/image\/"}},{"@type":"Person","@id":"https:\/\/sfb1436.de\/de\/#\/schema\/person\/c0ef0d254080f73ef2aa76e57caa6d12","name":"redakteur"}]}},"uagb_featured_image_src":{"full":["https:\/\/sfb1436.de\/wp-content\/uploads\/2023\/03\/sfb-speaker.png",1738,313,false],"thumbnail":["https:\/\/sfb1436.de\/wp-content\/uploads\/2023\/03\/sfb-speaker-150x150.png",150,150,true],"medium":["https:\/\/sfb1436.de\/wp-content\/uploads\/2023\/03\/sfb-speaker-300x54.png",300,54,true],"medium_large":["https:\/\/sfb1436.de\/wp-content\/uploads\/2023\/03\/sfb-speaker-768x138.png",768,138,true],"large":["https:\/\/sfb1436.de\/wp-content\/uploads\/2023\/03\/sfb-speaker-1024x184.png",1024,184,true],"gs-tiny":["https:\/\/sfb1436.de\/wp-content\/uploads\/2023\/03\/sfb-speaker.png",50,9,false],"xl":["https:\/\/sfb1436.de\/wp-content\/uploads\/2023\/03\/sfb-speaker-1600x288.png",1600,288,true],"xxl":["https:\/\/sfb1436.de\/wp-content\/uploads\/2023\/03\/sfb-speaker.png",1738,313,false],"xxxl":["https:\/\/sfb1436.de\/wp-content\/uploads\/2023\/03\/sfb-speaker.png",1738,313,false],"xxxxl":["https:\/\/sfb1436.de\/wp-content\/uploads\/2023\/03\/sfb-speaker.png",1738,313,false],"xxxxxl":["https:\/\/sfb1436.de\/wp-content\/uploads\/2023\/03\/sfb-speaker.png",1738,313,false],"1536x1536":["https:\/\/sfb1436.de\/wp-content\/uploads\/2023\/03\/sfb-speaker-1536x277.png",1536,277,true],"2048x2048":["https:\/\/sfb1436.de\/wp-content\/uploads\/2023\/03\/sfb-speaker.png",1738,313,false],"awsm_team":["https:\/\/sfb1436.de\/wp-content\/uploads\/2023\/03\/sfb-speaker-800x313.png",800,313,true]},"uagb_author_info":{"display_name":"redakteur","author_link":"https:\/\/sfb1436.de\/de\/author\/redakteur\/"},"uagb_comment_info":0,"uagb_excerpt":"Mit dem Titel &#8222;Probing human memory and decision making at the single-neuron level&#8220; setzt der Sonderforschungsbereich 1436 nach der Sommerpause am 11. September 2023, ab 14 Uhr die Speaker Series fort. Am zweiten September-Montag ist Prof. Ueli Rutishauser vom California Institute of Technology, aus Pasedena zu Gast im SFB 1436 und wird pers\u00f6nlich vor Ort&hellip;","_links":{"self":[{"href":"https:\/\/sfb1436.de\/de\/wp-json\/wp\/v2\/posts\/18312","targetHints":{"allow":["GET"]}}],"collection":[{"href":"https:\/\/sfb1436.de\/de\/wp-json\/wp\/v2\/posts"}],"about":[{"href":"https:\/\/sfb1436.de\/de\/wp-json\/wp\/v2\/types\/post"}],"author":[{"embeddable":true,"href":"https:\/\/sfb1436.de\/de\/wp-json\/wp\/v2\/users\/4"}],"replies":[{"embeddable":true,"href":"https:\/\/sfb1436.de\/de\/wp-json\/wp\/v2\/comments?post=18312"}],"version-history":[{"count":10,"href":"https:\/\/sfb1436.de\/de\/wp-json\/wp\/v2\/posts\/18312\/revisions"}],"predecessor-version":[{"id":27637,"href":"https:\/\/sfb1436.de\/de\/wp-json\/wp\/v2\/posts\/18312\/revisions\/27637"}],"wp:featuredmedia":[{"embeddable":true,"href":"https:\/\/sfb1436.de\/de\/wp-json\/wp\/v2\/media\/17103"}],"wp:attachment":[{"href":"https:\/\/sfb1436.de\/de\/wp-json\/wp\/v2\/media?parent=18312"}],"wp:term":[{"taxonomy":"category","embeddable":true,"href":"https:\/\/sfb1436.de\/de\/wp-json\/wp\/v2\/categories?post=18312"},{"taxonomy":"post_tag","embeddable":true,"href":"https:\/\/sfb1436.de\/de\/wp-json\/wp\/v2\/tags?post=18312"}],"curies":[{"name":"wp","href":"https:\/\/api.w.org\/{rel}","templated":true}]}}