{"id":18221,"date":"2023-08-23T10:00:00","date_gmt":"2023-08-23T08:00:00","guid":{"rendered":"https:\/\/sfb1436.de\/?p=18221"},"modified":"2023-08-22T10:45:26","modified_gmt":"2023-08-22T08:45:26","slug":"jetzt-anmelden-1-internationales-symposium","status":"publish","type":"post","link":"https:\/\/sfb1436.de\/de\/jetzt-anmelden-1-internationales-symposium\/","title":{"rendered":"Jetzt anmelden: 1. Internationales Symposium"},"content":{"rendered":"\n<p class=\"wp-block-paragraph\">Im Dorint Herrenkrug Parkhotel Magdeburg findet vom 1. bis 3. November 2023 das erste internationale SFB 1436 Symposium \u201eNeural Resources of Cognition \u2013 Mobilization and Enhancing the Cognitive Potential of the Brain\u201c statt.<\/p>\n\n\n\n<p class=\"wp-block-paragraph\">Wir freuen uns auf eine dreit\u00e4gige Veranstaltung, die am Abend des 01. Novembers im Leibniz-Institut f\u00fcr Neurobiologie mit einem \u00f6ffentlichen Vortrag beginnt. <\/p>\n\n\n\n<p class=\"wp-block-paragraph\">In den darauf folgenden zwei Tagen werden namhafte internationale Referent:innen aus dem Bereich der Neurowissenschaften und vielversprechende Nachwuchswissenschaftler:innen aus den Reihen des SFB 1436 spannende Vortr\u00e4ge halten. Alle Interessierten sind herzlich eingeladen.<\/p>\n\n\n\n<p class=\"wp-block-paragraph\"><a href=\"https:\/\/sfb1436.de\/\" target=\"_blank\" rel=\"noreferrer noopener\">Alle Einzelheiten und die M\u00f6glichkeit zur Anmeldung finden Sie hier.<\/a><\/p>\n","protected":false},"excerpt":{"rendered":"<p>Im Dorint Herrenkrug Parkhotel Magdeburg findet vom 1. bis 3. November 2023 das erste internationale SFB 1436 Symposium \u201eNeural Resources of Cognition \u2013 Mobilization and Enhancing the Cognitive Potential of the Brain\u201c statt. Wir freuen uns auf eine dreit\u00e4gige Veranstaltung, die am Abend des 01. Novembers im Leibniz-Institut f\u00fcr Neurobiologie mit einem \u00f6ffentlichen Vortrag beginnt. [&hellip;]<\/p>\n","protected":false},"author":4,"featured_media":18058,"comment_status":"closed","ping_status":"closed","sticky":false,"template":"","format":"standard","meta":{"_crdt_document":"","_uag_custom_page_level_css":"","footnotes":""},"categories":[288,281,219,220,15],"tags":[657,566,649,648,653,654,331,652,372,651,656,330,451,650,655],"class_list":["post-18221","post","type-post","status-publish","format-standard","has-post-thumbnail","hentry","category-all-news-and-events-de","category-alle-news-und-events","category-events-de","category-news-de","category-unkategorisiert","tag-alvaro-pascal-leone-de","tag-crc-1436-de","tag-david-norris-de","tag-elsa-fouragnan-de","tag-emily-rogalski-de","tag-ileana-hanganu-opatz-de","tag-magdeburg","tag-monique-breteler-de","tag-neurowissenschaften","tag-nikolaus-weiskopf-de","tag-rodrigo-quian-quiroga-de","tag-sfb-1436","tag-symposium-2","tag-thomas-oertner-de","tag-wim-vanduffel-de"],"yoast_head":"<!-- This site is optimized with the Yoast SEO plugin v27.1.1 - https:\/\/yoast.com\/product\/yoast-seo-wordpress\/ -->\n<title>Jetzt anmelden: 1. Internationales Symposium - SFB1436<\/title>\n<meta name=\"description\" content=\"In Magdeburg findet vom 01.-03.11.2023 das erste Internationale SFB 1436 Symposium \u201eNeural Resources of Cognition&quot; statt.\" \/>\n<meta name=\"robots\" content=\"index, follow, max-snippet:-1, max-image-preview:large, max-video-preview:-1\" \/>\n<link rel=\"canonical\" href=\"https:\/\/sfb1436.de\/de\/jetzt-anmelden-1-internationales-symposium\/\" \/>\n<meta property=\"og:locale\" content=\"de_DE\" \/>\n<meta property=\"og:type\" content=\"article\" \/>\n<meta property=\"og:title\" content=\"Jetzt anmelden: 1. Internationales Symposium - SFB1436\" \/>\n<meta property=\"og:description\" content=\"In Magdeburg findet vom 01.-03.11.2023 das erste Internationale SFB 1436 Symposium \u201eNeural Resources of Cognition&quot; statt.\" \/>\n<meta property=\"og:url\" content=\"https:\/\/sfb1436.de\/de\/jetzt-anmelden-1-internationales-symposium\/\" \/>\n<meta property=\"og:site_name\" content=\"SFB1436\" \/>\n<meta property=\"article:published_time\" content=\"2023-08-23T08:00:00+00:00\" \/>\n<meta property=\"og:image\" content=\"https:\/\/sfb1436.de\/wp-content\/uploads\/2023\/08\/IntSymp-scaled.webp\" \/>\n\t<meta property=\"og:image:width\" content=\"2560\" \/>\n\t<meta property=\"og:image:height\" content=\"1219\" \/>\n\t<meta property=\"og:image:type\" content=\"image\/webp\" \/>\n<meta name=\"author\" content=\"redakteur\" \/>\n<meta name=\"twitter:card\" content=\"summary_large_image\" \/>\n<meta name=\"twitter:label1\" content=\"Verfasst von\" \/>\n\t<meta name=\"twitter:data1\" content=\"redakteur\" \/>\n\t<meta name=\"twitter:label2\" content=\"Gesch\u00e4tzte Lesezeit\" \/>\n\t<meta name=\"twitter:data2\" content=\"1\u00a0Minute\" \/>\n<script type=\"application\/ld+json\" class=\"yoast-schema-graph\">{\"@context\":\"https:\/\/schema.org\",\"@graph\":[{\"@type\":\"ScholarlyArticle\",\"@id\":\"https:\/\/sfb1436.de\/de\/jetzt-anmelden-1-internationales-symposium\/#article\",\"isPartOf\":{\"@id\":\"https:\/\/sfb1436.de\/de\/jetzt-anmelden-1-internationales-symposium\/\"},\"author\":{\"name\":\"redakteur\",\"@id\":\"https:\/\/sfb1436.de\/de\/#\/schema\/person\/c0ef0d254080f73ef2aa76e57caa6d12\"},\"headline\":\"Jetzt anmelden: 1. Internationales Symposium\",\"datePublished\":\"2023-08-23T08:00:00+00:00\",\"mainEntityOfPage\":{\"@id\":\"https:\/\/sfb1436.de\/de\/jetzt-anmelden-1-internationales-symposium\/\"},\"wordCount\":100,\"publisher\":{\"@id\":\"https:\/\/sfb1436.de\/de\/#organization\"},\"image\":{\"@id\":\"https:\/\/sfb1436.de\/de\/jetzt-anmelden-1-internationales-symposium\/#primaryimage\"},\"thumbnailUrl\":\"https:\/\/sfb1436.de\/wp-content\/uploads\/2023\/08\/IntSymp-scaled.webp\",\"keywords\":[\"Alvaro Pascal-Leone\",\"CRC 1436\",\"David Norris\",\"Elsa Fouragnan\",\"Emily Rogalski\",\"Ileana Hanganu-Opatz\",\"Magdeburg\",\"Monique Breteler\",\"Neurowissenschaften\",\"Nikolaus Weiskopf\",\"Rodrigo Quian Quiroga\",\"SFB 1436\",\"Symposium\",\"Thomas Oertner\",\"Wim Vanduffel\"],\"articleSection\":[\"All News and Events\",\"Alle News und Events\",\"Events\",\"News\",\"Unkategorisiert\"],\"inLanguage\":\"de\"},{\"@type\":\"WebPage\",\"@id\":\"https:\/\/sfb1436.de\/de\/jetzt-anmelden-1-internationales-symposium\/\",\"url\":\"https:\/\/sfb1436.de\/de\/jetzt-anmelden-1-internationales-symposium\/\",\"name\":\"Jetzt anmelden: 1. Internationales Symposium - SFB1436\",\"isPartOf\":{\"@id\":\"https:\/\/sfb1436.de\/de\/#website\"},\"primaryImageOfPage\":{\"@id\":\"https:\/\/sfb1436.de\/de\/jetzt-anmelden-1-internationales-symposium\/#primaryimage\"},\"image\":{\"@id\":\"https:\/\/sfb1436.de\/de\/jetzt-anmelden-1-internationales-symposium\/#primaryimage\"},\"thumbnailUrl\":\"https:\/\/sfb1436.de\/wp-content\/uploads\/2023\/08\/IntSymp-scaled.webp\",\"datePublished\":\"2023-08-23T08:00:00+00:00\",\"description\":\"In Magdeburg findet vom 01.-03.11.2023 das erste Internationale SFB 1436 Symposium \u201eNeural Resources of Cognition\\\" statt.\",\"breadcrumb\":{\"@id\":\"https:\/\/sfb1436.de\/de\/jetzt-anmelden-1-internationales-symposium\/#breadcrumb\"},\"inLanguage\":\"de\",\"potentialAction\":[{\"@type\":\"ReadAction\",\"target\":[\"https:\/\/sfb1436.de\/de\/jetzt-anmelden-1-internationales-symposium\/\"]}]},{\"@type\":\"ImageObject\",\"inLanguage\":\"de\",\"@id\":\"https:\/\/sfb1436.de\/de\/jetzt-anmelden-1-internationales-symposium\/#primaryimage\",\"url\":\"https:\/\/sfb1436.de\/wp-content\/uploads\/2023\/08\/IntSymp-scaled.webp\",\"contentUrl\":\"https:\/\/sfb1436.de\/wp-content\/uploads\/2023\/08\/IntSymp-scaled.webp\",\"width\":2560,\"height\":1219,\"caption\":\"Logo Internationales Symposium 2023\"},{\"@type\":\"BreadcrumbList\",\"@id\":\"https:\/\/sfb1436.de\/de\/jetzt-anmelden-1-internationales-symposium\/#breadcrumb\",\"itemListElement\":[{\"@type\":\"ListItem\",\"position\":1,\"name\":\"Startseite\",\"item\":\"https:\/\/sfb1436.de\/de\/\"},{\"@type\":\"ListItem\",\"position\":2,\"name\":\"Jetzt anmelden: 1. Internationales Symposium\"}]},{\"@type\":\"WebSite\",\"@id\":\"https:\/\/sfb1436.de\/de\/#website\",\"url\":\"https:\/\/sfb1436.de\/de\/\",\"name\":\"SFB1436\",\"description\":\"\",\"publisher\":{\"@id\":\"https:\/\/sfb1436.de\/de\/#organization\"},\"potentialAction\":[{\"@type\":\"SearchAction\",\"target\":{\"@type\":\"EntryPoint\",\"urlTemplate\":\"https:\/\/sfb1436.de\/de\/?s={search_term_string}\"},\"query-input\":{\"@type\":\"PropertyValueSpecification\",\"valueRequired\":true,\"valueName\":\"search_term_string\"}}],\"inLanguage\":\"de\"},{\"@type\":\"Organization\",\"@id\":\"https:\/\/sfb1436.de\/de\/#organization\",\"name\":\"Otto-von-Guericke Universit\u00e4t Medizinische Fakult\u00e4t Institut f\u00fcr Kognitive Neurologie und Demenzforschung\",\"url\":\"https:\/\/sfb1436.de\/de\/\",\"logo\":{\"@type\":\"ImageObject\",\"inLanguage\":\"de\",\"@id\":\"https:\/\/sfb1436.de\/de\/#\/schema\/logo\/image\/\",\"url\":\"https:\/\/sfb1436.de\/wp-content\/uploads\/2021\/12\/logo-sfb.png\",\"contentUrl\":\"https:\/\/sfb1436.de\/wp-content\/uploads\/2021\/12\/logo-sfb.png\",\"width\":1244,\"height\":820,\"caption\":\"Otto-von-Guericke Universit\u00e4t Medizinische Fakult\u00e4t Institut f\u00fcr Kognitive Neurologie und Demenzforschung\"},\"image\":{\"@id\":\"https:\/\/sfb1436.de\/de\/#\/schema\/logo\/image\/\"}},{\"@type\":\"Person\",\"@id\":\"https:\/\/sfb1436.de\/de\/#\/schema\/person\/c0ef0d254080f73ef2aa76e57caa6d12\",\"name\":\"redakteur\"}]}<\/script>\n<!-- \/ Yoast SEO plugin. -->","yoast_head_json":{"title":"Jetzt anmelden: 1. Internationales Symposium - SFB1436","description":"In Magdeburg findet vom 01.-03.11.2023 das erste Internationale SFB 1436 Symposium \u201eNeural Resources of Cognition\" statt.","robots":{"index":"index","follow":"follow","max-snippet":"max-snippet:-1","max-image-preview":"max-image-preview:large","max-video-preview":"max-video-preview:-1"},"canonical":"https:\/\/sfb1436.de\/de\/jetzt-anmelden-1-internationales-symposium\/","og_locale":"de_DE","og_type":"article","og_title":"Jetzt anmelden: 1. Internationales Symposium - SFB1436","og_description":"In Magdeburg findet vom 01.-03.11.2023 das erste Internationale SFB 1436 Symposium \u201eNeural Resources of Cognition\" statt.","og_url":"https:\/\/sfb1436.de\/de\/jetzt-anmelden-1-internationales-symposium\/","og_site_name":"SFB1436","article_published_time":"2023-08-23T08:00:00+00:00","og_image":[{"width":2560,"height":1219,"url":"https:\/\/sfb1436.de\/wp-content\/uploads\/2023\/08\/IntSymp-scaled.webp","type":"image\/webp"}],"author":"redakteur","twitter_card":"summary_large_image","twitter_misc":{"Verfasst von":"redakteur","Gesch\u00e4tzte Lesezeit":"1\u00a0Minute"},"schema":{"@context":"https:\/\/schema.org","@graph":[{"@type":"ScholarlyArticle","@id":"https:\/\/sfb1436.de\/de\/jetzt-anmelden-1-internationales-symposium\/#article","isPartOf":{"@id":"https:\/\/sfb1436.de\/de\/jetzt-anmelden-1-internationales-symposium\/"},"author":{"name":"redakteur","@id":"https:\/\/sfb1436.de\/de\/#\/schema\/person\/c0ef0d254080f73ef2aa76e57caa6d12"},"headline":"Jetzt anmelden: 1. Internationales Symposium","datePublished":"2023-08-23T08:00:00+00:00","mainEntityOfPage":{"@id":"https:\/\/sfb1436.de\/de\/jetzt-anmelden-1-internationales-symposium\/"},"wordCount":100,"publisher":{"@id":"https:\/\/sfb1436.de\/de\/#organization"},"image":{"@id":"https:\/\/sfb1436.de\/de\/jetzt-anmelden-1-internationales-symposium\/#primaryimage"},"thumbnailUrl":"https:\/\/sfb1436.de\/wp-content\/uploads\/2023\/08\/IntSymp-scaled.webp","keywords":["Alvaro Pascal-Leone","CRC 1436","David Norris","Elsa Fouragnan","Emily Rogalski","Ileana Hanganu-Opatz","Magdeburg","Monique Breteler","Neurowissenschaften","Nikolaus Weiskopf","Rodrigo Quian Quiroga","SFB 1436","Symposium","Thomas Oertner","Wim Vanduffel"],"articleSection":["All News and Events","Alle News und Events","Events","News","Unkategorisiert"],"inLanguage":"de"},{"@type":"WebPage","@id":"https:\/\/sfb1436.de\/de\/jetzt-anmelden-1-internationales-symposium\/","url":"https:\/\/sfb1436.de\/de\/jetzt-anmelden-1-internationales-symposium\/","name":"Jetzt anmelden: 1. Internationales Symposium - SFB1436","isPartOf":{"@id":"https:\/\/sfb1436.de\/de\/#website"},"primaryImageOfPage":{"@id":"https:\/\/sfb1436.de\/de\/jetzt-anmelden-1-internationales-symposium\/#primaryimage"},"image":{"@id":"https:\/\/sfb1436.de\/de\/jetzt-anmelden-1-internationales-symposium\/#primaryimage"},"thumbnailUrl":"https:\/\/sfb1436.de\/wp-content\/uploads\/2023\/08\/IntSymp-scaled.webp","datePublished":"2023-08-23T08:00:00+00:00","description":"In Magdeburg findet vom 01.-03.11.2023 das erste Internationale SFB 1436 Symposium \u201eNeural Resources of Cognition\" statt.","breadcrumb":{"@id":"https:\/\/sfb1436.de\/de\/jetzt-anmelden-1-internationales-symposium\/#breadcrumb"},"inLanguage":"de","potentialAction":[{"@type":"ReadAction","target":["https:\/\/sfb1436.de\/de\/jetzt-anmelden-1-internationales-symposium\/"]}]},{"@type":"ImageObject","inLanguage":"de","@id":"https:\/\/sfb1436.de\/de\/jetzt-anmelden-1-internationales-symposium\/#primaryimage","url":"https:\/\/sfb1436.de\/wp-content\/uploads\/2023\/08\/IntSymp-scaled.webp","contentUrl":"https:\/\/sfb1436.de\/wp-content\/uploads\/2023\/08\/IntSymp-scaled.webp","width":2560,"height":1219,"caption":"Logo Internationales Symposium 2023"},{"@type":"BreadcrumbList","@id":"https:\/\/sfb1436.de\/de\/jetzt-anmelden-1-internationales-symposium\/#breadcrumb","itemListElement":[{"@type":"ListItem","position":1,"name":"Startseite","item":"https:\/\/sfb1436.de\/de\/"},{"@type":"ListItem","position":2,"name":"Jetzt anmelden: 1. Internationales Symposium"}]},{"@type":"WebSite","@id":"https:\/\/sfb1436.de\/de\/#website","url":"https:\/\/sfb1436.de\/de\/","name":"SFB1436","description":"","publisher":{"@id":"https:\/\/sfb1436.de\/de\/#organization"},"potentialAction":[{"@type":"SearchAction","target":{"@type":"EntryPoint","urlTemplate":"https:\/\/sfb1436.de\/de\/?s={search_term_string}"},"query-input":{"@type":"PropertyValueSpecification","valueRequired":true,"valueName":"search_term_string"}}],"inLanguage":"de"},{"@type":"Organization","@id":"https:\/\/sfb1436.de\/de\/#organization","name":"Otto-von-Guericke Universit\u00e4t Medizinische Fakult\u00e4t Institut f\u00fcr Kognitive Neurologie und Demenzforschung","url":"https:\/\/sfb1436.de\/de\/","logo":{"@type":"ImageObject","inLanguage":"de","@id":"https:\/\/sfb1436.de\/de\/#\/schema\/logo\/image\/","url":"https:\/\/sfb1436.de\/wp-content\/uploads\/2021\/12\/logo-sfb.png","contentUrl":"https:\/\/sfb1436.de\/wp-content\/uploads\/2021\/12\/logo-sfb.png","width":1244,"height":820,"caption":"Otto-von-Guericke Universit\u00e4t Medizinische Fakult\u00e4t Institut f\u00fcr Kognitive Neurologie und Demenzforschung"},"image":{"@id":"https:\/\/sfb1436.de\/de\/#\/schema\/logo\/image\/"}},{"@type":"Person","@id":"https:\/\/sfb1436.de\/de\/#\/schema\/person\/c0ef0d254080f73ef2aa76e57caa6d12","name":"redakteur"}]}},"uagb_featured_image_src":{"full":["https:\/\/sfb1436.de\/wp-content\/uploads\/2023\/08\/IntSymp-scaled.webp",2560,1219,false],"thumbnail":["https:\/\/sfb1436.de\/wp-content\/uploads\/2023\/08\/IntSymp-150x150.webp",150,150,true],"medium":["https:\/\/sfb1436.de\/wp-content\/uploads\/2023\/08\/IntSymp-300x143.webp",300,143,true],"medium_large":["https:\/\/sfb1436.de\/wp-content\/uploads\/2023\/08\/IntSymp-768x366.webp",768,366,true],"large":["https:\/\/sfb1436.de\/wp-content\/uploads\/2023\/08\/IntSymp-1024x487.webp",1024,487,true],"gs-tiny":["https:\/\/sfb1436.de\/wp-content\/uploads\/2023\/08\/IntSymp-scaled.webp",50,24,false],"xl":["https:\/\/sfb1436.de\/wp-content\/uploads\/2023\/08\/IntSymp-1600x762.webp",1600,762,true],"xxl":["https:\/\/sfb1436.de\/wp-content\/uploads\/2023\/08\/IntSymp-2200x1047.webp",2200,1047,true],"xxxl":["https:\/\/sfb1436.de\/wp-content\/uploads\/2023\/08\/IntSymp-2800x1333.webp",2800,1333,true],"xxxxl":["https:\/\/sfb1436.de\/wp-content\/uploads\/2023\/08\/IntSymp-scaled.webp",2560,1219,false],"xxxxxl":["https:\/\/sfb1436.de\/wp-content\/uploads\/2023\/08\/IntSymp-scaled.webp",2560,1219,false],"1536x1536":["https:\/\/sfb1436.de\/wp-content\/uploads\/2023\/08\/IntSymp-1536x731.webp",1536,731,true],"2048x2048":["https:\/\/sfb1436.de\/wp-content\/uploads\/2023\/08\/IntSymp-2048x975.webp",2048,975,true],"awsm_team":["https:\/\/sfb1436.de\/wp-content\/uploads\/2023\/08\/IntSymp-800x1000.webp",800,1000,true]},"uagb_author_info":{"display_name":"redakteur","author_link":"https:\/\/sfb1436.de\/de\/author\/redakteur\/"},"uagb_comment_info":0,"uagb_excerpt":"Im Dorint Herrenkrug Parkhotel Magdeburg findet vom 1. bis 3. November 2023 das erste internationale SFB 1436 Symposium \u201eNeural Resources of Cognition \u2013 Mobilization and Enhancing the Cognitive Potential of the Brain\u201c statt. Wir freuen uns auf eine dreit\u00e4gige Veranstaltung, die am Abend des 01. Novembers im Leibniz-Institut f\u00fcr Neurobiologie mit einem \u00f6ffentlichen Vortrag beginnt.&hellip;","_links":{"self":[{"href":"https:\/\/sfb1436.de\/de\/wp-json\/wp\/v2\/posts\/18221","targetHints":{"allow":["GET"]}}],"collection":[{"href":"https:\/\/sfb1436.de\/de\/wp-json\/wp\/v2\/posts"}],"about":[{"href":"https:\/\/sfb1436.de\/de\/wp-json\/wp\/v2\/types\/post"}],"author":[{"embeddable":true,"href":"https:\/\/sfb1436.de\/de\/wp-json\/wp\/v2\/users\/4"}],"replies":[{"embeddable":true,"href":"https:\/\/sfb1436.de\/de\/wp-json\/wp\/v2\/comments?post=18221"}],"version-history":[{"count":1,"href":"https:\/\/sfb1436.de\/de\/wp-json\/wp\/v2\/posts\/18221\/revisions"}],"predecessor-version":[{"id":18222,"href":"https:\/\/sfb1436.de\/de\/wp-json\/wp\/v2\/posts\/18221\/revisions\/18222"}],"wp:featuredmedia":[{"embeddable":true,"href":"https:\/\/sfb1436.de\/de\/wp-json\/wp\/v2\/media\/18058"}],"wp:attachment":[{"href":"https:\/\/sfb1436.de\/de\/wp-json\/wp\/v2\/media?parent=18221"}],"wp:term":[{"taxonomy":"category","embeddable":true,"href":"https:\/\/sfb1436.de\/de\/wp-json\/wp\/v2\/categories?post=18221"},{"taxonomy":"post_tag","embeddable":true,"href":"https:\/\/sfb1436.de\/de\/wp-json\/wp\/v2\/tags?post=18221"}],"curies":[{"name":"wp","href":"https:\/\/api.w.org\/{rel}","templated":true}]}}