{"id":17972,"date":"2023-07-14T10:00:00","date_gmt":"2023-07-14T08:00:00","guid":{"rendered":"https:\/\/sfb1436.de\/?p=17972"},"modified":"2023-08-21T14:59:29","modified_gmt":"2023-08-21T12:59:29","slug":"final-call-md-stipendien","status":"publish","type":"post","link":"https:\/\/sfb1436.de\/de\/final-call-md-stipendien\/","title":{"rendered":"Final Call: MD-Stipendien"},"content":{"rendered":"\n<p class=\"wp-block-paragraph\">Please note, that this is our final call for the MD fellowships.<\/p>\n\n\n\n<p class=\"wp-block-paragraph\">We are pleased to inform you about our fourth call for applications for MD fellowships in our CRC 1436. MD fellowships will be available for a maximum period of 12 months with a monthly stipend of EUR 965 for the scholar.\u00a0<\/p>\n\n\n\n<p class=\"wp-block-paragraph\">If you would like to hire a medical student starting&nbsp;in the winter term (1.10.2023 &#8211; 30.09.2024),&nbsp;please provide the following documents&nbsp;<strong><u>by July 15, 2023:<\/u><\/strong><\/p>\n\n\n\n<p class=\"wp-block-paragraph\"><strong><u>From PI:<\/u><\/strong><\/p>\n\n\n\n<p class=\"wp-block-paragraph\">1)&nbsp;<strong>Abstract of the project<\/strong><\/p>\n\n\n\n<p class=\"wp-block-paragraph\">Including an explanation on how the proposed project shall contribute to the research aims of CRC 1436<\/p>\n\n\n\n<p class=\"wp-block-paragraph\">2)&nbsp;<strong>Schedule of the work packages during the fellowship period<\/strong><\/p>\n\n\n\n<p class=\"wp-block-paragraph\">Consider that planned work packages should be feasible for an (typically research-inexperienced) MD student within the maximum 12-month fellowship period<\/p>\n\n\n\n<p class=\"wp-block-paragraph\">3)&nbsp;<strong>Recommendation letter<\/strong><\/p>\n\n\n\n<p class=\"wp-block-paragraph\">Statement from the PI on the selection of this particular candidate, including the candidate`s interest, background knowledge, motivation and other factors that may determine suitability for the position<\/p>\n\n\n\n<p class=\"wp-block-paragraph\"><strong><u>From MD Student:<\/u><\/strong><\/p>\n\n\n\n<p class=\"wp-block-paragraph\">1)&nbsp;<strong>Motivation letter<\/strong><\/p>\n\n\n\n<p class=\"wp-block-paragraph\">2)&nbsp;<strong>CV<\/strong><\/p>\n\n\n\n<p class=\"wp-block-paragraph\">3)&nbsp;<strong>Certificate and grade of&nbsp;the 1st state examination (Physikum)<\/strong><br><\/p>\n\n\n\n<p class=\"wp-block-paragraph\">MD students have to pause their studies during the fellowship period, but this is not yet required during the application process. Only after the selection committee has decided on the award of the scholarship, successful applicants will be asked to provide an official release note from the medical faculty, at least 2 weeks before the start of the fellowship term. If you have any questions, please do not hesitate to contact <a href=\"https:\/\/sfb1436.de\/de\/graduate-school\/#member-3611-info\">Esra Boz.<\/a><\/p>\n","protected":false},"excerpt":{"rendered":"<p>Please note, that this is our final call for the MD fellowships. We are pleased to inform you about our fourth call for applications for MD fellowships in our CRC 1436. MD fellowships will be available for a maximum period of 12 months with a monthly stipend of EUR 965 for the scholar.\u00a0 If you [&hellip;]<\/p>\n","protected":false},"author":4,"featured_media":17155,"comment_status":"closed","ping_status":"closed","sticky":false,"template":"","format":"standard","meta":{"_crdt_document":"","_uag_custom_page_level_css":"","footnotes":""},"categories":[288,281,220],"tags":[566,331,395,372,330],"class_list":["post-17972","post","type-post","status-publish","format-standard","has-post-thumbnail","hentry","category-all-news-and-events-de","category-alle-news-und-events","category-news-de","tag-crc-1436-de","tag-magdeburg","tag-md-fellows","tag-neurowissenschaften","tag-sfb-1436"],"yoast_head":"<!-- This site is optimized with the Yoast SEO plugin v27.1.1 - https:\/\/yoast.com\/product\/yoast-seo-wordpress\/ -->\n<title>Final Call: MD-Stipendien - SFB1436<\/title>\n<meta name=\"description\" content=\"F\u00fcr das neuen Wintersemester werden drei MD-Stipendiant*innen gesucht, die den SFB 1436 in Magdeburg unterst\u00fctzen.\" \/>\n<meta name=\"robots\" content=\"index, follow, max-snippet:-1, max-image-preview:large, max-video-preview:-1\" \/>\n<link rel=\"canonical\" href=\"https:\/\/sfb1436.de\/de\/final-call-md-stipendien\/\" \/>\n<meta property=\"og:locale\" content=\"de_DE\" \/>\n<meta property=\"og:type\" content=\"article\" \/>\n<meta property=\"og:title\" content=\"Final Call: MD-Stipendien - SFB1436\" \/>\n<meta property=\"og:description\" content=\"F\u00fcr das neuen Wintersemester werden drei MD-Stipendiant*innen gesucht, die den SFB 1436 in Magdeburg unterst\u00fctzen.\" \/>\n<meta property=\"og:url\" content=\"https:\/\/sfb1436.de\/de\/final-call-md-stipendien\/\" \/>\n<meta property=\"og:site_name\" content=\"SFB1436\" \/>\n<meta property=\"article:published_time\" content=\"2023-07-14T08:00:00+00:00\" \/>\n<meta property=\"article:modified_time\" content=\"2023-08-21T12:59:29+00:00\" \/>\n<meta property=\"og:image\" content=\"https:\/\/sfb1436.de\/wp-content\/uploads\/2023\/03\/sfb-1436.png\" \/>\n\t<meta property=\"og:image:width\" content=\"1738\" \/>\n\t<meta property=\"og:image:height\" content=\"396\" \/>\n\t<meta property=\"og:image:type\" content=\"image\/png\" \/>\n<meta name=\"author\" content=\"redakteur\" \/>\n<meta name=\"twitter:card\" content=\"summary_large_image\" \/>\n<meta name=\"twitter:image\" content=\"https:\/\/sfb1436.de\/wp-content\/uploads\/2023\/01\/SFB_Logo.png\" \/>\n<meta name=\"twitter:label1\" content=\"Verfasst von\" \/>\n\t<meta name=\"twitter:data1\" content=\"redakteur\" \/>\n\t<meta name=\"twitter:label2\" content=\"Gesch\u00e4tzte Lesezeit\" \/>\n\t<meta name=\"twitter:data2\" content=\"2\u00a0Minuten\" \/>\n<script type=\"application\/ld+json\" class=\"yoast-schema-graph\">{\"@context\":\"https:\/\/schema.org\",\"@graph\":[{\"@type\":\"ScholarlyArticle\",\"@id\":\"https:\/\/sfb1436.de\/de\/final-call-md-stipendien\/#article\",\"isPartOf\":{\"@id\":\"https:\/\/sfb1436.de\/de\/final-call-md-stipendien\/\"},\"author\":{\"name\":\"redakteur\",\"@id\":\"https:\/\/sfb1436.de\/de\/#\/schema\/person\/c0ef0d254080f73ef2aa76e57caa6d12\"},\"headline\":\"Final Call: MD-Stipendien\",\"datePublished\":\"2023-07-14T08:00:00+00:00\",\"dateModified\":\"2023-08-21T12:59:29+00:00\",\"mainEntityOfPage\":{\"@id\":\"https:\/\/sfb1436.de\/de\/final-call-md-stipendien\/\"},\"wordCount\":254,\"publisher\":{\"@id\":\"https:\/\/sfb1436.de\/de\/#organization\"},\"image\":{\"@id\":\"https:\/\/sfb1436.de\/de\/final-call-md-stipendien\/#primaryimage\"},\"thumbnailUrl\":\"https:\/\/sfb1436.de\/wp-content\/uploads\/2023\/03\/sfb-1436.png\",\"keywords\":[\"CRC 1436\",\"Magdeburg\",\"MD-Fellows\",\"Neurowissenschaften\",\"SFB 1436\"],\"articleSection\":[\"All News and Events\",\"Alle News und Events\",\"News\"],\"inLanguage\":\"de\"},{\"@type\":\"WebPage\",\"@id\":\"https:\/\/sfb1436.de\/de\/final-call-md-stipendien\/\",\"url\":\"https:\/\/sfb1436.de\/de\/final-call-md-stipendien\/\",\"name\":\"Final Call: MD-Stipendien - SFB1436\",\"isPartOf\":{\"@id\":\"https:\/\/sfb1436.de\/de\/#website\"},\"primaryImageOfPage\":{\"@id\":\"https:\/\/sfb1436.de\/de\/final-call-md-stipendien\/#primaryimage\"},\"image\":{\"@id\":\"https:\/\/sfb1436.de\/de\/final-call-md-stipendien\/#primaryimage\"},\"thumbnailUrl\":\"https:\/\/sfb1436.de\/wp-content\/uploads\/2023\/03\/sfb-1436.png\",\"datePublished\":\"2023-07-14T08:00:00+00:00\",\"dateModified\":\"2023-08-21T12:59:29+00:00\",\"description\":\"F\u00fcr das neuen Wintersemester werden drei MD-Stipendiant*innen gesucht, die den SFB 1436 in Magdeburg unterst\u00fctzen.\",\"breadcrumb\":{\"@id\":\"https:\/\/sfb1436.de\/de\/final-call-md-stipendien\/#breadcrumb\"},\"inLanguage\":\"de\",\"potentialAction\":[{\"@type\":\"ReadAction\",\"target\":[\"https:\/\/sfb1436.de\/de\/final-call-md-stipendien\/\"]}]},{\"@type\":\"ImageObject\",\"inLanguage\":\"de\",\"@id\":\"https:\/\/sfb1436.de\/de\/final-call-md-stipendien\/#primaryimage\",\"url\":\"https:\/\/sfb1436.de\/wp-content\/uploads\/2023\/03\/sfb-1436.png\",\"contentUrl\":\"https:\/\/sfb1436.de\/wp-content\/uploads\/2023\/03\/sfb-1436.png\",\"width\":1738,\"height\":396,\"caption\":\"einfarbiges SFB Logo als Platzhalter f\u00fcr News\"},{\"@type\":\"BreadcrumbList\",\"@id\":\"https:\/\/sfb1436.de\/de\/final-call-md-stipendien\/#breadcrumb\",\"itemListElement\":[{\"@type\":\"ListItem\",\"position\":1,\"name\":\"Startseite\",\"item\":\"https:\/\/sfb1436.de\/de\/\"},{\"@type\":\"ListItem\",\"position\":2,\"name\":\"Final Call: MD-Stipendien\"}]},{\"@type\":\"WebSite\",\"@id\":\"https:\/\/sfb1436.de\/de\/#website\",\"url\":\"https:\/\/sfb1436.de\/de\/\",\"name\":\"SFB1436\",\"description\":\"\",\"publisher\":{\"@id\":\"https:\/\/sfb1436.de\/de\/#organization\"},\"potentialAction\":[{\"@type\":\"SearchAction\",\"target\":{\"@type\":\"EntryPoint\",\"urlTemplate\":\"https:\/\/sfb1436.de\/de\/?s={search_term_string}\"},\"query-input\":{\"@type\":\"PropertyValueSpecification\",\"valueRequired\":true,\"valueName\":\"search_term_string\"}}],\"inLanguage\":\"de\"},{\"@type\":\"Organization\",\"@id\":\"https:\/\/sfb1436.de\/de\/#organization\",\"name\":\"Otto-von-Guericke Universit\u00e4t Medizinische Fakult\u00e4t Institut f\u00fcr Kognitive Neurologie und Demenzforschung\",\"url\":\"https:\/\/sfb1436.de\/de\/\",\"logo\":{\"@type\":\"ImageObject\",\"inLanguage\":\"de\",\"@id\":\"https:\/\/sfb1436.de\/de\/#\/schema\/logo\/image\/\",\"url\":\"https:\/\/sfb1436.de\/wp-content\/uploads\/2021\/12\/logo-sfb.png\",\"contentUrl\":\"https:\/\/sfb1436.de\/wp-content\/uploads\/2021\/12\/logo-sfb.png\",\"width\":1244,\"height\":820,\"caption\":\"Otto-von-Guericke Universit\u00e4t Medizinische Fakult\u00e4t Institut f\u00fcr Kognitive Neurologie und Demenzforschung\"},\"image\":{\"@id\":\"https:\/\/sfb1436.de\/de\/#\/schema\/logo\/image\/\"}},{\"@type\":\"Person\",\"@id\":\"https:\/\/sfb1436.de\/de\/#\/schema\/person\/c0ef0d254080f73ef2aa76e57caa6d12\",\"name\":\"redakteur\"}]}<\/script>\n<!-- \/ Yoast SEO plugin. -->","yoast_head_json":{"title":"Final Call: MD-Stipendien - SFB1436","description":"F\u00fcr das neuen Wintersemester werden drei MD-Stipendiant*innen gesucht, die den SFB 1436 in Magdeburg unterst\u00fctzen.","robots":{"index":"index","follow":"follow","max-snippet":"max-snippet:-1","max-image-preview":"max-image-preview:large","max-video-preview":"max-video-preview:-1"},"canonical":"https:\/\/sfb1436.de\/de\/final-call-md-stipendien\/","og_locale":"de_DE","og_type":"article","og_title":"Final Call: MD-Stipendien - SFB1436","og_description":"F\u00fcr das neuen Wintersemester werden drei MD-Stipendiant*innen gesucht, die den SFB 1436 in Magdeburg unterst\u00fctzen.","og_url":"https:\/\/sfb1436.de\/de\/final-call-md-stipendien\/","og_site_name":"SFB1436","article_published_time":"2023-07-14T08:00:00+00:00","article_modified_time":"2023-08-21T12:59:29+00:00","og_image":[{"width":1738,"height":396,"url":"https:\/\/sfb1436.de\/wp-content\/uploads\/2023\/03\/sfb-1436.png","type":"image\/png"}],"author":"redakteur","twitter_card":"summary_large_image","twitter_image":"https:\/\/sfb1436.de\/wp-content\/uploads\/2023\/01\/SFB_Logo.png","twitter_misc":{"Verfasst von":"redakteur","Gesch\u00e4tzte Lesezeit":"2\u00a0Minuten"},"schema":{"@context":"https:\/\/schema.org","@graph":[{"@type":"ScholarlyArticle","@id":"https:\/\/sfb1436.de\/de\/final-call-md-stipendien\/#article","isPartOf":{"@id":"https:\/\/sfb1436.de\/de\/final-call-md-stipendien\/"},"author":{"name":"redakteur","@id":"https:\/\/sfb1436.de\/de\/#\/schema\/person\/c0ef0d254080f73ef2aa76e57caa6d12"},"headline":"Final Call: MD-Stipendien","datePublished":"2023-07-14T08:00:00+00:00","dateModified":"2023-08-21T12:59:29+00:00","mainEntityOfPage":{"@id":"https:\/\/sfb1436.de\/de\/final-call-md-stipendien\/"},"wordCount":254,"publisher":{"@id":"https:\/\/sfb1436.de\/de\/#organization"},"image":{"@id":"https:\/\/sfb1436.de\/de\/final-call-md-stipendien\/#primaryimage"},"thumbnailUrl":"https:\/\/sfb1436.de\/wp-content\/uploads\/2023\/03\/sfb-1436.png","keywords":["CRC 1436","Magdeburg","MD-Fellows","Neurowissenschaften","SFB 1436"],"articleSection":["All News and Events","Alle News und Events","News"],"inLanguage":"de"},{"@type":"WebPage","@id":"https:\/\/sfb1436.de\/de\/final-call-md-stipendien\/","url":"https:\/\/sfb1436.de\/de\/final-call-md-stipendien\/","name":"Final Call: MD-Stipendien - SFB1436","isPartOf":{"@id":"https:\/\/sfb1436.de\/de\/#website"},"primaryImageOfPage":{"@id":"https:\/\/sfb1436.de\/de\/final-call-md-stipendien\/#primaryimage"},"image":{"@id":"https:\/\/sfb1436.de\/de\/final-call-md-stipendien\/#primaryimage"},"thumbnailUrl":"https:\/\/sfb1436.de\/wp-content\/uploads\/2023\/03\/sfb-1436.png","datePublished":"2023-07-14T08:00:00+00:00","dateModified":"2023-08-21T12:59:29+00:00","description":"F\u00fcr das neuen Wintersemester werden drei MD-Stipendiant*innen gesucht, die den SFB 1436 in Magdeburg unterst\u00fctzen.","breadcrumb":{"@id":"https:\/\/sfb1436.de\/de\/final-call-md-stipendien\/#breadcrumb"},"inLanguage":"de","potentialAction":[{"@type":"ReadAction","target":["https:\/\/sfb1436.de\/de\/final-call-md-stipendien\/"]}]},{"@type":"ImageObject","inLanguage":"de","@id":"https:\/\/sfb1436.de\/de\/final-call-md-stipendien\/#primaryimage","url":"https:\/\/sfb1436.de\/wp-content\/uploads\/2023\/03\/sfb-1436.png","contentUrl":"https:\/\/sfb1436.de\/wp-content\/uploads\/2023\/03\/sfb-1436.png","width":1738,"height":396,"caption":"einfarbiges SFB Logo als Platzhalter f\u00fcr News"},{"@type":"BreadcrumbList","@id":"https:\/\/sfb1436.de\/de\/final-call-md-stipendien\/#breadcrumb","itemListElement":[{"@type":"ListItem","position":1,"name":"Startseite","item":"https:\/\/sfb1436.de\/de\/"},{"@type":"ListItem","position":2,"name":"Final Call: MD-Stipendien"}]},{"@type":"WebSite","@id":"https:\/\/sfb1436.de\/de\/#website","url":"https:\/\/sfb1436.de\/de\/","name":"SFB1436","description":"","publisher":{"@id":"https:\/\/sfb1436.de\/de\/#organization"},"potentialAction":[{"@type":"SearchAction","target":{"@type":"EntryPoint","urlTemplate":"https:\/\/sfb1436.de\/de\/?s={search_term_string}"},"query-input":{"@type":"PropertyValueSpecification","valueRequired":true,"valueName":"search_term_string"}}],"inLanguage":"de"},{"@type":"Organization","@id":"https:\/\/sfb1436.de\/de\/#organization","name":"Otto-von-Guericke Universit\u00e4t Medizinische Fakult\u00e4t Institut f\u00fcr Kognitive Neurologie und Demenzforschung","url":"https:\/\/sfb1436.de\/de\/","logo":{"@type":"ImageObject","inLanguage":"de","@id":"https:\/\/sfb1436.de\/de\/#\/schema\/logo\/image\/","url":"https:\/\/sfb1436.de\/wp-content\/uploads\/2021\/12\/logo-sfb.png","contentUrl":"https:\/\/sfb1436.de\/wp-content\/uploads\/2021\/12\/logo-sfb.png","width":1244,"height":820,"caption":"Otto-von-Guericke Universit\u00e4t Medizinische Fakult\u00e4t Institut f\u00fcr Kognitive Neurologie und Demenzforschung"},"image":{"@id":"https:\/\/sfb1436.de\/de\/#\/schema\/logo\/image\/"}},{"@type":"Person","@id":"https:\/\/sfb1436.de\/de\/#\/schema\/person\/c0ef0d254080f73ef2aa76e57caa6d12","name":"redakteur"}]}},"uagb_featured_image_src":{"full":["https:\/\/sfb1436.de\/wp-content\/uploads\/2023\/03\/sfb-1436.png",1738,396,false],"thumbnail":["https:\/\/sfb1436.de\/wp-content\/uploads\/2023\/03\/sfb-1436-150x150.png",150,150,true],"medium":["https:\/\/sfb1436.de\/wp-content\/uploads\/2023\/03\/sfb-1436-300x68.png",300,68,true],"medium_large":["https:\/\/sfb1436.de\/wp-content\/uploads\/2023\/03\/sfb-1436-768x175.png",768,175,true],"large":["https:\/\/sfb1436.de\/wp-content\/uploads\/2023\/03\/sfb-1436-1024x233.png",1024,233,true],"gs-tiny":["https:\/\/sfb1436.de\/wp-content\/uploads\/2023\/03\/sfb-1436.png",50,11,false],"xl":["https:\/\/sfb1436.de\/wp-content\/uploads\/2023\/03\/sfb-1436-1600x365.png",1600,365,true],"xxl":["https:\/\/sfb1436.de\/wp-content\/uploads\/2023\/03\/sfb-1436.png",1738,396,false],"xxxl":["https:\/\/sfb1436.de\/wp-content\/uploads\/2023\/03\/sfb-1436.png",1738,396,false],"xxxxl":["https:\/\/sfb1436.de\/wp-content\/uploads\/2023\/03\/sfb-1436.png",1738,396,false],"xxxxxl":["https:\/\/sfb1436.de\/wp-content\/uploads\/2023\/03\/sfb-1436.png",1738,396,false],"1536x1536":["https:\/\/sfb1436.de\/wp-content\/uploads\/2023\/03\/sfb-1436-1536x350.png",1536,350,true],"2048x2048":["https:\/\/sfb1436.de\/wp-content\/uploads\/2023\/03\/sfb-1436.png",1738,396,false],"awsm_team":["https:\/\/sfb1436.de\/wp-content\/uploads\/2023\/03\/sfb-1436-800x396.png",800,396,true]},"uagb_author_info":{"display_name":"redakteur","author_link":"https:\/\/sfb1436.de\/de\/author\/redakteur\/"},"uagb_comment_info":0,"uagb_excerpt":"Please note, that this is our final call for the MD fellowships. We are pleased to inform you about our fourth call for applications for MD fellowships in our CRC 1436. MD fellowships will be available for a maximum period of 12 months with a monthly stipend of EUR 965 for the scholar.\u00a0 If you&hellip;","_links":{"self":[{"href":"https:\/\/sfb1436.de\/de\/wp-json\/wp\/v2\/posts\/17972","targetHints":{"allow":["GET"]}}],"collection":[{"href":"https:\/\/sfb1436.de\/de\/wp-json\/wp\/v2\/posts"}],"about":[{"href":"https:\/\/sfb1436.de\/de\/wp-json\/wp\/v2\/types\/post"}],"author":[{"embeddable":true,"href":"https:\/\/sfb1436.de\/de\/wp-json\/wp\/v2\/users\/4"}],"replies":[{"embeddable":true,"href":"https:\/\/sfb1436.de\/de\/wp-json\/wp\/v2\/comments?post=17972"}],"version-history":[{"count":2,"href":"https:\/\/sfb1436.de\/de\/wp-json\/wp\/v2\/posts\/17972\/revisions"}],"predecessor-version":[{"id":18231,"href":"https:\/\/sfb1436.de\/de\/wp-json\/wp\/v2\/posts\/17972\/revisions\/18231"}],"wp:featuredmedia":[{"embeddable":true,"href":"https:\/\/sfb1436.de\/de\/wp-json\/wp\/v2\/media\/17155"}],"wp:attachment":[{"href":"https:\/\/sfb1436.de\/de\/wp-json\/wp\/v2\/media?parent=17972"}],"wp:term":[{"taxonomy":"category","embeddable":true,"href":"https:\/\/sfb1436.de\/de\/wp-json\/wp\/v2\/categories?post=17972"},{"taxonomy":"post_tag","embeddable":true,"href":"https:\/\/sfb1436.de\/de\/wp-json\/wp\/v2\/tags?post=17972"}],"curies":[{"name":"wp","href":"https:\/\/api.w.org\/{rel}","templated":true}]}}