{"id":17910,"date":"2023-07-07T09:00:00","date_gmt":"2023-07-07T07:00:00","guid":{"rendered":"https:\/\/sfb1436.de\/?p=17910"},"modified":"2025-05-19T06:30:04","modified_gmt":"2025-05-19T04:30:04","slug":"drittes-sfb1436-retreat","status":"publish","type":"post","link":"https:\/\/sfb1436.de\/de\/drittes-sfb1436-retreat\/","title":{"rendered":"Drittes SFB1436-Retreat"},"content":{"rendered":"\n<figure class=\"wp-block-image size-large\"><img fetchpriority=\"high\" decoding=\"async\" width=\"1024\" height=\"683\" src=\"https:\/\/sfb1436.de\/wp-content\/uploads\/2023\/07\/CRC-retreat23_Gruppenbild-1024x683.webp\" alt=\"SFB 1436 Mitglieder auf dem Retreat 2023\" class=\"wp-image-17947\" title=\"SFB 1436\" srcset=\"https:\/\/sfb1436.de\/wp-content\/uploads\/2023\/07\/CRC-retreat23_Gruppenbild-1024x683.webp 1024w, https:\/\/sfb1436.de\/wp-content\/uploads\/2023\/07\/CRC-retreat23_Gruppenbild-300x200.webp 300w, https:\/\/sfb1436.de\/wp-content\/uploads\/2023\/07\/CRC-retreat23_Gruppenbild-768x512.webp 768w, https:\/\/sfb1436.de\/wp-content\/uploads\/2023\/07\/CRC-retreat23_Gruppenbild-1600x1067.webp 1600w, https:\/\/sfb1436.de\/wp-content\/uploads\/2023\/07\/CRC-retreat23_Gruppenbild-1536x1024.webp 1536w, https:\/\/sfb1436.de\/wp-content\/uploads\/2023\/07\/CRC-retreat23_Gruppenbild-2048x1366.webp 2048w\" sizes=\"(max-width: 1024px) 100vw, 1024px\" \/><\/figure>\n\n\n\n<p class=\"wp-block-paragraph\">Vom 20. &#8211; 22. Juni 2023 fand unser drittes SFB Retreat statt. Diesmal trafen wir uns drei Tage lang im B\u00f6rdehof Barleben. Den Auftakt der Veranstaltung bildete eine \u201eExpression of Interest Session\u201c in der potentielle PI-Kandidaten des SFB ihre Arbeiten vorstellten. Dar\u00fcber hinaus gaben alle unsere Teilprojekte mit kleinen Pr\u00e4sentationen ein Update zu ihren Projekten, auf dessen Basis am Donnerstagnachmittag in einer geschlossenen Runde die Aufstellung f\u00fcr die zweite F\u00f6rderphase des SFBs diskutiert wurde. Den Rahmen dieser Veranstaltung bildete die gem\u00fctliche Atmosph\u00e4re im B\u00f6rdehof mit geselligen Veranstaltungen wie einer Trommelsession und einem Human Table Soccer.<\/p>\n\n\n\n<div style=\"height:14px\" aria-hidden=\"true\" class=\"wp-block-spacer\"><\/div>\n\n\n<div id=\"gutenslider-39giaxa40\" class=\"wp-block-eedee-block-gutenslider gs-frontend content-change alignnone arrow-style-1 arrow-position-sides arrow-mb-none arrows-lg arrows-md arrows-sm dot-style-1 dots-lg dots-md dots-sm dot-position-bottom is-position-center-center mb-none wrap-auto-height\" data-parallax-direction=\"down\" data-parallax-amount=\"1.3\" data-lg-transition=\"lg-slide\" data-hash=\"\" ><div class=\"eedee-swiper-outer\" style=\"--gutenslider-min-height: 50vh;--gutenslider-arrow-size: 30px;--gutenslider-dot-size: 25px;--gutenslider-arrow-color: #ffffff;--gutenslider-dot-color: #ffffff;--gutenslider-padding-y-mobile: 40px;--gutenslider-padding-x-mobile: 40px;--gutenslider-padding-y-tablet: 40px;--gutenslider-padding-x-tablet: 40px;--gutenslider-padding-y-desktop: 40px;--gutenslider-padding-x-desktop: 40px;--gutenslider-bg-image: url();--gutenslider-min-height-md: 50vh;--gutenslider-min-height-sm: 50vh;--gutenslider-padding-x: 40px;--gutenslider-padding-x-md: 40px;--gutenslider-padding-x-sm: 20px;--gutenslider-padding-y: 40px;--gutenslider-padding-y-md: 40px;--gutenslider-padding-y-sm: 20px;--gutenslider-arrow-size-md: 30px;--gutenslider-arrow-size-sm: 30px;--gutenslider-dot-size-md: 25px;--gutenslider-dot-size-sm: 25px;--gutenslider-arrow-bg-color: transparent;--gutenslider-arrow-hover-color: #eeeeee;--gutenslider-arrow-bg-hover-color: transparent;--gutenslider-arrow-x-offset: 10px;--gutenslider-arrow-x-offset-md: 10px;--gutenslider-arrow-x-offset-sm: 10px;--gutenslider-arrow-y-offset: 0px;--gutenslider-arrow-y-offset-md: 0px;--gutenslider-arrow-y-offset-sm: 0px;--gutenslider-arrow-x-spacing: 0px;--gutenslider-dot-y-offset: 10px;--gutenslider-dot-y-offset-md: 10px;--gutenslider-dot-y-offset-sm: 10px;--gutenslider-margin-x: 0px;--gutenslider-margin-x-md: 0px;--gutenslider-margin-x-sm: 0px;--gutenslider-margin-y: 0px;--gutenslider-margin-y-md: 0px;--gutenslider-margin-y-sm: 0px;--gutenslider-divider-top: 60px;--gutenslider-divider-bottom: 60px;--gutenslider-lightgallery-bg: #ffffff;--gutenslider-lightgallery-font: #000000;--gs-first-pos: 50% 50%;--gs-gap-vertical: var( --wp--style--gallery-gap-default, var( --gallery-block--gutter-size, var( --wp--style--block-gap, 0.5em ) ) );--gs-gap-horizontal: var( --wp--style--gallery-gap-default, var( --gallery-block--gutter-size, var( --wp--style--block-gap, 0.5em ) ) );\"><div class=\"gutenslider-divider-top\" style=\"color:#fff;\"><\/div><div class=\"swiper\" data-settings='{\"autoplay\":{\"delay\":3000,\"pauseOnMouseEnter\":true,\"disableOnInteraction\":false},\"speed\":700,\"direction\":\"horizontal\",\"autoHeight\":\"\",\"loop\":true,\"centeredSlides\":true,\"spaceBetween\":0,\"slidesPerView\":1,\"slidesPerGroup\":1,\"effect\":\"slide\",\"coverflowEffect\":{\"rotate\":30,\"slideShadows\":false,\"depth\":100,\"stretch\":50,\"modifier\":1},\"fadeEffect\":{\"crossFade\":true},\"zoom\":\"\",\"navigation\":{\"nextEl\":\"#gutenslider-39giaxa40 .eedee-gutenslider-next\",\"prevEl\":\"#gutenslider-39giaxa40 .eedee-gutenslider-prev\"},\"pagination\":{\"type\":\"bullets\",\"clickable\":true,\"dynamicBullets\":false,\"el\":\"#gutenslider-39giaxa40 .eedee-gutenslider-pagination\"},\"pauseOnHover\":\"1\",\"watchSlidesProgress\":true,\"watchSlidesVisibility\":true,\"settingsMd\":{\"autoHeight\":\"\",\"slidesPerView\":1,\"slidesPerGroup\":1,\"spaceBetween\":0,\"loop\":true},\"settingsLg\":{\"autoHeight\":\"\",\"slidesPerView\":1,\"slidesPerGroup\":1,\"spaceBetween\":0,\"loop\":true},\"hasLg\":false,\"hasLgCounter\":true,\"isFullScreen\":false,\"arrowsFollowMouse\":false,\"lgTitle\":\"none\",\"lgCaption\":\"none\",\"lgThumbnails\":true,\"lgZoomEnabled\":false,\"keyboard\":{\"keyboard\":{\"enabled\":true,\"onlyInViewport\":true}},\"hashNavigation\":false,\"dividers\":false}'><div class=\"swiper-wrapper\">\n<div class=\"swiper-slide wp-block-eedee-block-gutenslide is-position-center-center ed-bg-image\" style=\"--ed-vw:300;--ed-vh:231;\" data-hash=\"\"><div class=\"eedee-background-div bg-image\"><img width=\"1024\" height=\"790\" class=\"wp-image-17940\" src=\"https:\/\/sfb1436.de\/wp-content\/uploads\/2023\/07\/CRC_retreat23_presentation-1024x790.webp\" alt=\"Alle Projekte informierten auf dem SFB Retreat 2023 \u00fcber den Stand ihrer Forschung\" decoding=\"async\" style=\"object-fit: cover; object-position: 50% 50%;\"  data-title=\"CRC_retreat23_presentation\" srcset=\"https:\/\/sfb1436.de\/wp-content\/uploads\/2023\/07\/CRC_retreat23_presentation-1024x790.webp 1024w, https:\/\/sfb1436.de\/wp-content\/uploads\/2023\/07\/CRC_retreat23_presentation-300x231.webp 300w, https:\/\/sfb1436.de\/wp-content\/uploads\/2023\/07\/CRC_retreat23_presentation-768x592.webp 768w, https:\/\/sfb1436.de\/wp-content\/uploads\/2023\/07\/CRC_retreat23_presentation-1600x1234.webp 1600w, https:\/\/sfb1436.de\/wp-content\/uploads\/2023\/07\/CRC_retreat23_presentation-1536x1185.webp 1536w, https:\/\/sfb1436.de\/wp-content\/uploads\/2023\/07\/CRC_retreat23_presentation-2048x1579.webp 2048w\" sizes=\"(max-width: 1024px) 100vw, 1024px\" \/><div class=\"eedee-background-div__overlay\" style=\"opacity:1;\"><\/div><\/div><div class=\"slide-content\">\n\n<p class=\"has-text-align-center gutenslider-content-initial has-larger-font-size wp-block-paragraph\"><\/p>\n\n<\/div><\/div>\n\n<div class=\"swiper-slide wp-block-eedee-block-gutenslide is-position-center-center ed-bg-image\" style=\"--ed-vw:300;--ed-vh:211;\" data-hash=\"\"><div class=\"eedee-background-div bg-image\"><img width=\"1024\" height=\"720\" class=\"wp-image-17930\" src=\"https:\/\/sfb1436.de\/wp-content\/uploads\/2023\/07\/CRC_retreat23_audience-1024x720.webp\" alt=\"Das Publikum auf dem SFB Retreat 2023 im B\u00f6rdehof Barleben.\" decoding=\"async\" style=\"object-fit: cover; object-position: 50% 50%;\"  data-title=\"CRC_retreat23_audience\" srcset=\"https:\/\/sfb1436.de\/wp-content\/uploads\/2023\/07\/CRC_retreat23_audience-1024x720.webp 1024w, https:\/\/sfb1436.de\/wp-content\/uploads\/2023\/07\/CRC_retreat23_audience-300x211.webp 300w, https:\/\/sfb1436.de\/wp-content\/uploads\/2023\/07\/CRC_retreat23_audience-768x540.webp 768w, https:\/\/sfb1436.de\/wp-content\/uploads\/2023\/07\/CRC_retreat23_audience-1600x1126.webp 1600w, https:\/\/sfb1436.de\/wp-content\/uploads\/2023\/07\/CRC_retreat23_audience-1536x1080.webp 1536w, https:\/\/sfb1436.de\/wp-content\/uploads\/2023\/07\/CRC_retreat23_audience-2048x1441.webp 2048w\" sizes=\"(max-width: 1024px) 100vw, 1024px\" \/><div class=\"eedee-background-div__overlay\" style=\"opacity:1;\"><\/div><\/div><div class=\"slide-content\">\n\n<p class=\"has-text-align-center gutenslider-content-initial has-larger-font-size wp-block-paragraph\"><\/p>\n\n<\/div><\/div>\n\n<div class=\"swiper-slide wp-block-eedee-block-gutenslide is-position-center-center ed-bg-image\" style=\"--ed-vw:300;--ed-vh:255;\" data-hash=\"\"><div class=\"eedee-background-div bg-image\"><img loading=\"lazy\" width=\"1024\" height=\"871\" class=\"wp-image-17944\" src=\"https:\/\/sfb1436.de\/wp-content\/uploads\/2023\/07\/CRC_retreat23_Stenner-1024x871.webp\" alt=\"Max Stenner pr\u00e4sentiert das Projekt C03 auf dem SFB Retreat 2023\" decoding=\"async\" style=\"object-fit: cover; object-position: 50% 50%;\"  data-caption=\"Max Stenner at CRC Retreat 2023\" data-title=\"CRC_retreat23_Stenner\" srcset=\"https:\/\/sfb1436.de\/wp-content\/uploads\/2023\/07\/CRC_retreat23_Stenner-1024x871.webp 1024w, https:\/\/sfb1436.de\/wp-content\/uploads\/2023\/07\/CRC_retreat23_Stenner-300x255.webp 300w, https:\/\/sfb1436.de\/wp-content\/uploads\/2023\/07\/CRC_retreat23_Stenner-768x653.webp 768w, https:\/\/sfb1436.de\/wp-content\/uploads\/2023\/07\/CRC_retreat23_Stenner-1600x1361.webp 1600w, https:\/\/sfb1436.de\/wp-content\/uploads\/2023\/07\/CRC_retreat23_Stenner-1536x1306.webp 1536w, https:\/\/sfb1436.de\/wp-content\/uploads\/2023\/07\/CRC_retreat23_Stenner-2048x1742.webp 2048w\" sizes=\"(max-width: 1024px) 100vw, 1024px\" \/><div class=\"eedee-background-div__overlay\" style=\"opacity:1;\"><\/div><\/div><div class=\"slide-content\">\n\n<p class=\"has-text-align-center gutenslider-content-initial has-larger-font-size wp-block-paragraph\"><\/p>\n\n<\/div><\/div>\n\n<div class=\"swiper-slide wp-block-eedee-block-gutenslide is-position-center-center ed-bg-image\" style=\"--ed-vw:300;--ed-vh:200;\" data-hash=\"\"><div class=\"eedee-background-div bg-image\"><img loading=\"lazy\" width=\"1024\" height=\"683\" class=\"wp-image-17932\" src=\"https:\/\/sfb1436.de\/wp-content\/uploads\/2023\/07\/CRC_retreat23_conversations-1024x683.webp\" alt=\"Diskussionen und Gespr\u00e4che zwischen den SFB-Mitgliedern auf dem Retreat 2023.\" decoding=\"async\" style=\"object-fit: cover; object-position: 50% 50%;\"  data-title=\"CRC_retreat23_conversations\" srcset=\"https:\/\/sfb1436.de\/wp-content\/uploads\/2023\/07\/CRC_retreat23_conversations-1024x683.webp 1024w, https:\/\/sfb1436.de\/wp-content\/uploads\/2023\/07\/CRC_retreat23_conversations-300x200.webp 300w, https:\/\/sfb1436.de\/wp-content\/uploads\/2023\/07\/CRC_retreat23_conversations-768x512.webp 768w, https:\/\/sfb1436.de\/wp-content\/uploads\/2023\/07\/CRC_retreat23_conversations-1600x1067.webp 1600w, https:\/\/sfb1436.de\/wp-content\/uploads\/2023\/07\/CRC_retreat23_conversations-1536x1024.webp 1536w, https:\/\/sfb1436.de\/wp-content\/uploads\/2023\/07\/CRC_retreat23_conversations-2048x1365.webp 2048w\" sizes=\"(max-width: 1024px) 100vw, 1024px\" \/><div class=\"eedee-background-div__overlay\" style=\"opacity:1;\"><\/div><\/div><div class=\"slide-content\">\n\n<p class=\"has-text-align-center gutenslider-content-initial has-larger-font-size wp-block-paragraph\"><\/p>\n\n<\/div><\/div>\n\n<div class=\"swiper-slide wp-block-eedee-block-gutenslide is-position-center-center ed-bg-image\" style=\"--ed-vw:300;--ed-vh:200;\" data-hash=\"\"><div class=\"eedee-background-div bg-image\"><img loading=\"lazy\" width=\"1024\" height=\"683\" class=\"wp-image-17946\" src=\"https:\/\/sfb1436.de\/wp-content\/uploads\/2023\/07\/CRC_retreat23_talks-1024x683.webp\" alt=\"Das SFB Retreat 2023 lie\u00df Zeit f\u00fcr Gespr\u00e4che\" decoding=\"async\" style=\"object-fit: cover; object-position: 50% 50%;\"  data-title=\"CRC_retreat23_talks\" srcset=\"https:\/\/sfb1436.de\/wp-content\/uploads\/2023\/07\/CRC_retreat23_talks-1024x683.webp 1024w, https:\/\/sfb1436.de\/wp-content\/uploads\/2023\/07\/CRC_retreat23_talks-300x200.webp 300w, https:\/\/sfb1436.de\/wp-content\/uploads\/2023\/07\/CRC_retreat23_talks-768x512.webp 768w, https:\/\/sfb1436.de\/wp-content\/uploads\/2023\/07\/CRC_retreat23_talks-1600x1067.webp 1600w, https:\/\/sfb1436.de\/wp-content\/uploads\/2023\/07\/CRC_retreat23_talks-1536x1024.webp 1536w, https:\/\/sfb1436.de\/wp-content\/uploads\/2023\/07\/CRC_retreat23_talks-2048x1365.webp 2048w\" sizes=\"(max-width: 1024px) 100vw, 1024px\" \/><div class=\"eedee-background-div__overlay\" style=\"opacity:1;\"><\/div><\/div><div class=\"slide-content\">\n\n<p class=\"has-text-align-center gutenslider-content-initial has-larger-font-size wp-block-paragraph\"><\/p>\n\n<\/div><\/div>\n\n<div class=\"swiper-slide wp-block-eedee-block-gutenslide is-position-center-center ed-bg-image\" style=\"--ed-vw:300;--ed-vh:200;\" data-hash=\"\"><div class=\"eedee-background-div bg-image\"><img loading=\"lazy\" width=\"1024\" height=\"683\" class=\"wp-image-17928\" src=\"https:\/\/sfb1436.de\/wp-content\/uploads\/2023\/07\/CRC_retreat_tablesoccer-1024x683.webp\" alt=\"Sport macht den Kopf frei und steigert die Aufmerksamkeit beim Retreat 2023\" decoding=\"async\" style=\"object-fit: cover; object-position: 50% 50%;\"  data-title=\"CRC_retreat_tablesoccer\" srcset=\"https:\/\/sfb1436.de\/wp-content\/uploads\/2023\/07\/CRC_retreat_tablesoccer-1024x683.webp 1024w, https:\/\/sfb1436.de\/wp-content\/uploads\/2023\/07\/CRC_retreat_tablesoccer-300x200.webp 300w, https:\/\/sfb1436.de\/wp-content\/uploads\/2023\/07\/CRC_retreat_tablesoccer-768x512.webp 768w, https:\/\/sfb1436.de\/wp-content\/uploads\/2023\/07\/CRC_retreat_tablesoccer-1600x1067.webp 1600w, https:\/\/sfb1436.de\/wp-content\/uploads\/2023\/07\/CRC_retreat_tablesoccer-1536x1024.webp 1536w, https:\/\/sfb1436.de\/wp-content\/uploads\/2023\/07\/CRC_retreat_tablesoccer-2048x1365.webp 2048w\" sizes=\"(max-width: 1024px) 100vw, 1024px\" \/><div class=\"eedee-background-div__overlay\" style=\"opacity:1;\"><\/div><\/div><div class=\"slide-content\">\n\n<p class=\"has-text-align-center gutenslider-content-initial has-larger-font-size wp-block-paragraph\"><\/p>\n\n<\/div><\/div>\n\n<div class=\"swiper-slide wp-block-eedee-block-gutenslide is-position-center-center ed-bg-image\" style=\"--ed-vw:300;--ed-vh:200;\" data-hash=\"\"><div class=\"eedee-background-div bg-image\"><img loading=\"lazy\" width=\"1024\" height=\"683\" class=\"wp-image-17942\" src=\"https:\/\/sfb1436.de\/wp-content\/uploads\/2023\/07\/CRC_retreat23_soccer-1024x683.webp\" alt=\"Die Mitglieder bei der aktiven Pause auf dem Retreat 2023\" decoding=\"async\" style=\"object-fit: cover; object-position: 50% 50%;\"  data-title=\"CRC_retreat23_soccer\" srcset=\"https:\/\/sfb1436.de\/wp-content\/uploads\/2023\/07\/CRC_retreat23_soccer-1024x683.webp 1024w, https:\/\/sfb1436.de\/wp-content\/uploads\/2023\/07\/CRC_retreat23_soccer-300x200.webp 300w, https:\/\/sfb1436.de\/wp-content\/uploads\/2023\/07\/CRC_retreat23_soccer-768x512.webp 768w, https:\/\/sfb1436.de\/wp-content\/uploads\/2023\/07\/CRC_retreat23_soccer-1600x1067.webp 1600w, https:\/\/sfb1436.de\/wp-content\/uploads\/2023\/07\/CRC_retreat23_soccer-1536x1024.webp 1536w, https:\/\/sfb1436.de\/wp-content\/uploads\/2023\/07\/CRC_retreat23_soccer-2048x1365.webp 2048w\" sizes=\"(max-width: 1024px) 100vw, 1024px\" \/><div class=\"eedee-background-div__overlay\" style=\"opacity:1;\"><\/div><\/div><div class=\"slide-content\">\n\n<p class=\"has-text-align-center gutenslider-content-initial has-larger-font-size wp-block-paragraph\"><\/p>\n\n<\/div><\/div>\n\n<div class=\"swiper-slide wp-block-eedee-block-gutenslide is-position-center-center ed-bg-image\" style=\"--ed-vw:300;--ed-vh:200;\" data-hash=\"\"><div class=\"eedee-background-div bg-image\"><img loading=\"lazy\" width=\"1024\" height=\"683\" class=\"wp-image-17926\" src=\"https:\/\/sfb1436.de\/wp-content\/uploads\/2023\/07\/CRC_retrat23_discussions-1024x683.webp\" alt=\"Netzwerken beim Retreat 2023\" decoding=\"async\" style=\"object-fit: cover; object-position: 50% 50%;\"  data-title=\"CRC_retrat23_discussions\" srcset=\"https:\/\/sfb1436.de\/wp-content\/uploads\/2023\/07\/CRC_retrat23_discussions-1024x683.webp 1024w, https:\/\/sfb1436.de\/wp-content\/uploads\/2023\/07\/CRC_retrat23_discussions-300x200.webp 300w, https:\/\/sfb1436.de\/wp-content\/uploads\/2023\/07\/CRC_retrat23_discussions-768x512.webp 768w, https:\/\/sfb1436.de\/wp-content\/uploads\/2023\/07\/CRC_retrat23_discussions-1600x1067.webp 1600w, https:\/\/sfb1436.de\/wp-content\/uploads\/2023\/07\/CRC_retrat23_discussions-1536x1024.webp 1536w, https:\/\/sfb1436.de\/wp-content\/uploads\/2023\/07\/CRC_retrat23_discussions-2048x1365.webp 2048w\" sizes=\"(max-width: 1024px) 100vw, 1024px\" \/><div class=\"eedee-background-div__overlay\" style=\"opacity:1;\"><\/div><\/div><div class=\"slide-content\">\n\n<p class=\"has-text-align-center gutenslider-content-initial has-larger-font-size wp-block-paragraph\"><\/p>\n\n<\/div><\/div>\n\n<div class=\"swiper-slide wp-block-eedee-block-gutenslide is-position-center-center ed-bg-image\" style=\"--ed-vw:300;--ed-vh:200;\" data-hash=\"\"><div class=\"eedee-background-div bg-image\"><img loading=\"lazy\" width=\"1024\" height=\"683\" class=\"wp-image-17938\" src=\"https:\/\/sfb1436.de\/wp-content\/uploads\/2023\/07\/CRC_retreat23_networking-1024x683.webp\" alt=\"Die Pausen auf dem SFB Retreat konnten f\u00fcr Gespr\u00e4che genutzt werden\" decoding=\"async\" style=\"object-fit: cover; object-position: 50% 50%;\"  data-title=\"CRC_retreat23_networking\" srcset=\"https:\/\/sfb1436.de\/wp-content\/uploads\/2023\/07\/CRC_retreat23_networking-1024x683.webp 1024w, https:\/\/sfb1436.de\/wp-content\/uploads\/2023\/07\/CRC_retreat23_networking-300x200.webp 300w, https:\/\/sfb1436.de\/wp-content\/uploads\/2023\/07\/CRC_retreat23_networking-768x512.webp 768w, https:\/\/sfb1436.de\/wp-content\/uploads\/2023\/07\/CRC_retreat23_networking-1600x1067.webp 1600w, https:\/\/sfb1436.de\/wp-content\/uploads\/2023\/07\/CRC_retreat23_networking-1536x1024.webp 1536w, https:\/\/sfb1436.de\/wp-content\/uploads\/2023\/07\/CRC_retreat23_networking-2048x1365.webp 2048w\" sizes=\"(max-width: 1024px) 100vw, 1024px\" \/><div class=\"eedee-background-div__overlay\" style=\"opacity:1;\"><\/div><\/div><div class=\"slide-content\">\n\n<p class=\"has-text-align-center gutenslider-content-initial has-larger-font-size wp-block-paragraph\"><\/p>\n\n<\/div><\/div>\n\n<div class=\"swiper-slide wp-block-eedee-block-gutenslide is-position-center-center ed-bg-image\" style=\"--ed-vw:300;--ed-vh:200;\" data-hash=\"\"><div class=\"eedee-background-div bg-image\"><img loading=\"lazy\" width=\"1024\" height=\"683\" class=\"wp-image-17936\" src=\"https:\/\/sfb1436.de\/wp-content\/uploads\/2023\/07\/CRC_retreat23_drumsticks-1024x683.webp\" alt=\"Ein Drum Circle sorgte f\u00fcr viel Unterhaltung auf dem Retreat 2023\" decoding=\"async\" style=\"object-fit: cover; object-position: 50% 50%;\"  data-title=\"CRC_retreat23_drumsticks\" srcset=\"https:\/\/sfb1436.de\/wp-content\/uploads\/2023\/07\/CRC_retreat23_drumsticks-1024x683.webp 1024w, https:\/\/sfb1436.de\/wp-content\/uploads\/2023\/07\/CRC_retreat23_drumsticks-300x200.webp 300w, https:\/\/sfb1436.de\/wp-content\/uploads\/2023\/07\/CRC_retreat23_drumsticks-768x512.webp 768w, https:\/\/sfb1436.de\/wp-content\/uploads\/2023\/07\/CRC_retreat23_drumsticks-1600x1067.webp 1600w, https:\/\/sfb1436.de\/wp-content\/uploads\/2023\/07\/CRC_retreat23_drumsticks-1536x1024.webp 1536w, https:\/\/sfb1436.de\/wp-content\/uploads\/2023\/07\/CRC_retreat23_drumsticks-2048x1365.webp 2048w\" sizes=\"(max-width: 1024px) 100vw, 1024px\" \/><div class=\"eedee-background-div__overlay\" style=\"opacity:1;\"><\/div><\/div><div class=\"slide-content\">\n\n<p class=\"has-text-align-center gutenslider-content-initial has-larger-font-size wp-block-paragraph\"><\/p>\n\n<\/div><\/div>\n\n<div class=\"swiper-slide wp-block-eedee-block-gutenslide is-position-center-center ed-bg-image\" style=\"--ed-vw:300;--ed-vh:200;\" data-hash=\"\"><div class=\"eedee-background-div bg-image\"><img loading=\"lazy\" width=\"1024\" height=\"683\" class=\"wp-image-17934\" src=\"https:\/\/sfb1436.de\/wp-content\/uploads\/2023\/07\/CRC_retreat23_drumcircle-1024x683.webp\" alt=\"Die musikalische Pause auf dem Retreat 2023 kam gut an.\" decoding=\"async\" style=\"object-fit: cover; object-position: 50% 50%;\"  data-title=\"CRC_retreat23_drumcircle\" srcset=\"https:\/\/sfb1436.de\/wp-content\/uploads\/2023\/07\/CRC_retreat23_drumcircle-1024x683.webp 1024w, https:\/\/sfb1436.de\/wp-content\/uploads\/2023\/07\/CRC_retreat23_drumcircle-300x200.webp 300w, https:\/\/sfb1436.de\/wp-content\/uploads\/2023\/07\/CRC_retreat23_drumcircle-768x512.webp 768w, https:\/\/sfb1436.de\/wp-content\/uploads\/2023\/07\/CRC_retreat23_drumcircle-1600x1067.webp 1600w, https:\/\/sfb1436.de\/wp-content\/uploads\/2023\/07\/CRC_retreat23_drumcircle-1536x1024.webp 1536w, https:\/\/sfb1436.de\/wp-content\/uploads\/2023\/07\/CRC_retreat23_drumcircle-2048x1365.webp 2048w\" sizes=\"(max-width: 1024px) 100vw, 1024px\" \/><div class=\"eedee-background-div__overlay\" style=\"opacity:1;\"><\/div><\/div><div class=\"slide-content\">\n\n<p class=\"has-text-align-center gutenslider-content-initial has-larger-font-size wp-block-paragraph\"><\/p>\n\n<\/div><\/div>\n<\/div><\/div><button class=\"eedee-gutenslider-nav eedee-gutenslider-prev\"><svg xmlns=\"http:\/\/www.w3.org\/2000\/svg\" viewBox=\"0 0 24 24\" width=\"24\" height=\"24\"><circle class=\"bg\" cx=\"13\" cy=\"12\" r=\"11\" \/><path fill=\"none\" d=\"M0 0h24v24H0z\"\/><path class=\"arrow\" d=\"M10.828 12l4.95 4.95-1.414 1.414L8 12l6.364-6.364 1.414 1.414z\"\/><\/svg><\/button><button class=\"eedee-gutenslider-nav eedee-gutenslider-next\"><svg xmlns=\"http:\/\/www.w3.org\/2000\/svg\" viewBox=\"0 0 24 24\" width=\"24\" height=\"24\"><circle class=\"bg\" cx=\"11\" cy=\"12\" r=\"11\" \/><path fill=\"none\" d=\"M0 0h24v24H0z\"\/><path class=\"arrow\" d=\"M13.172 12l-4.95-4.95 1.414-1.414L16 12l-6.364 6.364-1.414-1.414z\"\/><\/svg><\/button><div class=\"eedee-gutenslider-pagination\"><\/div><div class=\"gutenslider-divider-bottom \" style=\"color:#fff;\"><\/div><\/div><\/div>","protected":false},"excerpt":{"rendered":"<p>Vom 20. &#8211; 22. Juni 2023 fand unser drittes SFB Retreat statt. Diesmal trafen wir uns drei Tage lang im B\u00f6rdehof Barleben. Den Auftakt der Veranstaltung bildete eine \u201eExpression of Interest Session\u201c in der potentielle PI-Kandidaten des SFB ihre Arbeiten vorstellten. Dar\u00fcber hinaus gaben alle unsere Teilprojekte mit kleinen Pr\u00e4sentationen ein Update zu ihren Projekten, [&hellip;]<\/p>\n","protected":false},"author":4,"featured_media":16722,"comment_status":"closed","ping_status":"closed","sticky":false,"template":"","format":"standard","meta":{"_crdt_document":"","_uag_custom_page_level_css":"","footnotes":""},"categories":[288,281,219,220],"tags":[566,331,372,457,330],"class_list":["post-17910","post","type-post","status-publish","format-standard","has-post-thumbnail","hentry","category-all-news-and-events-de","category-alle-news-und-events","category-events-de","category-news-de","tag-crc-1436-de","tag-magdeburg","tag-neurowissenschaften","tag-retreat-2023-2","tag-sfb-1436"],"yoast_head":"<!-- This site is optimized with the Yoast SEO plugin v27.1.1 - https:\/\/yoast.com\/product\/yoast-seo-wordpress\/ -->\n<title>Drittes SFB1436-Retreat - SFB1436<\/title>\n<meta name=\"description\" content=\"Vom 20. - 22.Juni 2023 fand unser drittes SFB Retreat statt. Dieses Mal trafen wir uns drei Tage lang im B\u00f6rdehof Barleben.\" \/>\n<meta name=\"robots\" content=\"index, follow, max-snippet:-1, max-image-preview:large, max-video-preview:-1\" \/>\n<link rel=\"canonical\" href=\"https:\/\/sfb1436.de\/de\/drittes-sfb1436-retreat\/\" \/>\n<meta property=\"og:locale\" content=\"de_DE\" \/>\n<meta property=\"og:type\" content=\"article\" \/>\n<meta property=\"og:title\" content=\"Drittes SFB1436-Retreat - SFB1436\" \/>\n<meta property=\"og:description\" content=\"Vom 20. - 22.Juni 2023 fand unser drittes SFB Retreat statt. Dieses Mal trafen wir uns drei Tage lang im B\u00f6rdehof Barleben.\" \/>\n<meta property=\"og:url\" content=\"https:\/\/sfb1436.de\/de\/drittes-sfb1436-retreat\/\" \/>\n<meta property=\"og:site_name\" content=\"SFB1436\" \/>\n<meta property=\"article:published_time\" content=\"2023-07-07T07:00:00+00:00\" \/>\n<meta property=\"article:modified_time\" content=\"2025-05-19T04:30:04+00:00\" \/>\n<meta property=\"og:image\" content=\"https:\/\/sfb1436.de\/wp-content\/uploads\/2023\/02\/Retreat2023.webp\" \/>\n\t<meta property=\"og:image:width\" content=\"618\" \/>\n\t<meta property=\"og:image:height\" content=\"108\" \/>\n\t<meta property=\"og:image:type\" content=\"image\/webp\" \/>\n<meta name=\"author\" content=\"redakteur\" \/>\n<meta name=\"twitter:card\" content=\"summary_large_image\" \/>\n<meta name=\"twitter:label1\" content=\"Verfasst von\" \/>\n\t<meta name=\"twitter:data1\" content=\"redakteur\" \/>\n\t<meta name=\"twitter:label2\" content=\"Gesch\u00e4tzte Lesezeit\" \/>\n\t<meta name=\"twitter:data2\" content=\"1\u00a0Minute\" \/>\n<script type=\"application\/ld+json\" class=\"yoast-schema-graph\">{\"@context\":\"https:\/\/schema.org\",\"@graph\":[{\"@type\":\"ScholarlyArticle\",\"@id\":\"https:\/\/sfb1436.de\/de\/drittes-sfb1436-retreat\/#article\",\"isPartOf\":{\"@id\":\"https:\/\/sfb1436.de\/de\/drittes-sfb1436-retreat\/\"},\"author\":{\"name\":\"redakteur\",\"@id\":\"https:\/\/sfb1436.de\/de\/#\/schema\/person\/c0ef0d254080f73ef2aa76e57caa6d12\"},\"headline\":\"Drittes SFB1436-Retreat\",\"datePublished\":\"2023-07-07T07:00:00+00:00\",\"dateModified\":\"2025-05-19T04:30:04+00:00\",\"mainEntityOfPage\":{\"@id\":\"https:\/\/sfb1436.de\/de\/drittes-sfb1436-retreat\/\"},\"wordCount\":103,\"publisher\":{\"@id\":\"https:\/\/sfb1436.de\/de\/#organization\"},\"image\":{\"@id\":\"https:\/\/sfb1436.de\/de\/drittes-sfb1436-retreat\/#primaryimage\"},\"thumbnailUrl\":\"https:\/\/sfb1436.de\/wp-content\/uploads\/2023\/02\/Retreat2023.webp\",\"keywords\":[\"CRC 1436\",\"Magdeburg\",\"Neurowissenschaften\",\"Retreat 2023\",\"SFB 1436\"],\"articleSection\":[\"All News and Events\",\"Alle News und Events\",\"Events\",\"News\"],\"inLanguage\":\"de\"},{\"@type\":\"WebPage\",\"@id\":\"https:\/\/sfb1436.de\/de\/drittes-sfb1436-retreat\/\",\"url\":\"https:\/\/sfb1436.de\/de\/drittes-sfb1436-retreat\/\",\"name\":\"Drittes SFB1436-Retreat - SFB1436\",\"isPartOf\":{\"@id\":\"https:\/\/sfb1436.de\/de\/#website\"},\"primaryImageOfPage\":{\"@id\":\"https:\/\/sfb1436.de\/de\/drittes-sfb1436-retreat\/#primaryimage\"},\"image\":{\"@id\":\"https:\/\/sfb1436.de\/de\/drittes-sfb1436-retreat\/#primaryimage\"},\"thumbnailUrl\":\"https:\/\/sfb1436.de\/wp-content\/uploads\/2023\/02\/Retreat2023.webp\",\"datePublished\":\"2023-07-07T07:00:00+00:00\",\"dateModified\":\"2025-05-19T04:30:04+00:00\",\"description\":\"Vom 20. - 22.Juni 2023 fand unser drittes SFB Retreat statt. Dieses Mal trafen wir uns drei Tage lang im B\u00f6rdehof Barleben.\",\"breadcrumb\":{\"@id\":\"https:\/\/sfb1436.de\/de\/drittes-sfb1436-retreat\/#breadcrumb\"},\"inLanguage\":\"de\",\"potentialAction\":[{\"@type\":\"ReadAction\",\"target\":[\"https:\/\/sfb1436.de\/de\/drittes-sfb1436-retreat\/\"]}]},{\"@type\":\"ImageObject\",\"inLanguage\":\"de\",\"@id\":\"https:\/\/sfb1436.de\/de\/drittes-sfb1436-retreat\/#primaryimage\",\"url\":\"https:\/\/sfb1436.de\/wp-content\/uploads\/2023\/02\/Retreat2023.webp\",\"contentUrl\":\"https:\/\/sfb1436.de\/wp-content\/uploads\/2023\/02\/Retreat2023.webp\",\"width\":618,\"height\":108,\"caption\":\"SFB 1436 Retreat 2023\"},{\"@type\":\"BreadcrumbList\",\"@id\":\"https:\/\/sfb1436.de\/de\/drittes-sfb1436-retreat\/#breadcrumb\",\"itemListElement\":[{\"@type\":\"ListItem\",\"position\":1,\"name\":\"Startseite\",\"item\":\"https:\/\/sfb1436.de\/de\/\"},{\"@type\":\"ListItem\",\"position\":2,\"name\":\"Drittes SFB1436-Retreat\"}]},{\"@type\":\"WebSite\",\"@id\":\"https:\/\/sfb1436.de\/de\/#website\",\"url\":\"https:\/\/sfb1436.de\/de\/\",\"name\":\"SFB1436\",\"description\":\"\",\"publisher\":{\"@id\":\"https:\/\/sfb1436.de\/de\/#organization\"},\"potentialAction\":[{\"@type\":\"SearchAction\",\"target\":{\"@type\":\"EntryPoint\",\"urlTemplate\":\"https:\/\/sfb1436.de\/de\/?s={search_term_string}\"},\"query-input\":{\"@type\":\"PropertyValueSpecification\",\"valueRequired\":true,\"valueName\":\"search_term_string\"}}],\"inLanguage\":\"de\"},{\"@type\":\"Organization\",\"@id\":\"https:\/\/sfb1436.de\/de\/#organization\",\"name\":\"Otto-von-Guericke Universit\u00e4t Medizinische Fakult\u00e4t Institut f\u00fcr Kognitive Neurologie und Demenzforschung\",\"url\":\"https:\/\/sfb1436.de\/de\/\",\"logo\":{\"@type\":\"ImageObject\",\"inLanguage\":\"de\",\"@id\":\"https:\/\/sfb1436.de\/de\/#\/schema\/logo\/image\/\",\"url\":\"https:\/\/sfb1436.de\/wp-content\/uploads\/2021\/12\/logo-sfb.png\",\"contentUrl\":\"https:\/\/sfb1436.de\/wp-content\/uploads\/2021\/12\/logo-sfb.png\",\"width\":1244,\"height\":820,\"caption\":\"Otto-von-Guericke Universit\u00e4t Medizinische Fakult\u00e4t Institut f\u00fcr Kognitive Neurologie und Demenzforschung\"},\"image\":{\"@id\":\"https:\/\/sfb1436.de\/de\/#\/schema\/logo\/image\/\"}},{\"@type\":\"Person\",\"@id\":\"https:\/\/sfb1436.de\/de\/#\/schema\/person\/c0ef0d254080f73ef2aa76e57caa6d12\",\"name\":\"redakteur\"}]}<\/script>\n<!-- \/ Yoast SEO plugin. -->","yoast_head_json":{"title":"Drittes SFB1436-Retreat - SFB1436","description":"Vom 20. - 22.Juni 2023 fand unser drittes SFB Retreat statt. Dieses Mal trafen wir uns drei Tage lang im B\u00f6rdehof Barleben.","robots":{"index":"index","follow":"follow","max-snippet":"max-snippet:-1","max-image-preview":"max-image-preview:large","max-video-preview":"max-video-preview:-1"},"canonical":"https:\/\/sfb1436.de\/de\/drittes-sfb1436-retreat\/","og_locale":"de_DE","og_type":"article","og_title":"Drittes SFB1436-Retreat - SFB1436","og_description":"Vom 20. - 22.Juni 2023 fand unser drittes SFB Retreat statt. Dieses Mal trafen wir uns drei Tage lang im B\u00f6rdehof Barleben.","og_url":"https:\/\/sfb1436.de\/de\/drittes-sfb1436-retreat\/","og_site_name":"SFB1436","article_published_time":"2023-07-07T07:00:00+00:00","article_modified_time":"2025-05-19T04:30:04+00:00","og_image":[{"width":618,"height":108,"url":"https:\/\/sfb1436.de\/wp-content\/uploads\/2023\/02\/Retreat2023.webp","type":"image\/webp"}],"author":"redakteur","twitter_card":"summary_large_image","twitter_misc":{"Verfasst von":"redakteur","Gesch\u00e4tzte Lesezeit":"1\u00a0Minute"},"schema":{"@context":"https:\/\/schema.org","@graph":[{"@type":"ScholarlyArticle","@id":"https:\/\/sfb1436.de\/de\/drittes-sfb1436-retreat\/#article","isPartOf":{"@id":"https:\/\/sfb1436.de\/de\/drittes-sfb1436-retreat\/"},"author":{"name":"redakteur","@id":"https:\/\/sfb1436.de\/de\/#\/schema\/person\/c0ef0d254080f73ef2aa76e57caa6d12"},"headline":"Drittes SFB1436-Retreat","datePublished":"2023-07-07T07:00:00+00:00","dateModified":"2025-05-19T04:30:04+00:00","mainEntityOfPage":{"@id":"https:\/\/sfb1436.de\/de\/drittes-sfb1436-retreat\/"},"wordCount":103,"publisher":{"@id":"https:\/\/sfb1436.de\/de\/#organization"},"image":{"@id":"https:\/\/sfb1436.de\/de\/drittes-sfb1436-retreat\/#primaryimage"},"thumbnailUrl":"https:\/\/sfb1436.de\/wp-content\/uploads\/2023\/02\/Retreat2023.webp","keywords":["CRC 1436","Magdeburg","Neurowissenschaften","Retreat 2023","SFB 1436"],"articleSection":["All News and Events","Alle News und Events","Events","News"],"inLanguage":"de"},{"@type":"WebPage","@id":"https:\/\/sfb1436.de\/de\/drittes-sfb1436-retreat\/","url":"https:\/\/sfb1436.de\/de\/drittes-sfb1436-retreat\/","name":"Drittes SFB1436-Retreat - SFB1436","isPartOf":{"@id":"https:\/\/sfb1436.de\/de\/#website"},"primaryImageOfPage":{"@id":"https:\/\/sfb1436.de\/de\/drittes-sfb1436-retreat\/#primaryimage"},"image":{"@id":"https:\/\/sfb1436.de\/de\/drittes-sfb1436-retreat\/#primaryimage"},"thumbnailUrl":"https:\/\/sfb1436.de\/wp-content\/uploads\/2023\/02\/Retreat2023.webp","datePublished":"2023-07-07T07:00:00+00:00","dateModified":"2025-05-19T04:30:04+00:00","description":"Vom 20. - 22.Juni 2023 fand unser drittes SFB Retreat statt. Dieses Mal trafen wir uns drei Tage lang im B\u00f6rdehof Barleben.","breadcrumb":{"@id":"https:\/\/sfb1436.de\/de\/drittes-sfb1436-retreat\/#breadcrumb"},"inLanguage":"de","potentialAction":[{"@type":"ReadAction","target":["https:\/\/sfb1436.de\/de\/drittes-sfb1436-retreat\/"]}]},{"@type":"ImageObject","inLanguage":"de","@id":"https:\/\/sfb1436.de\/de\/drittes-sfb1436-retreat\/#primaryimage","url":"https:\/\/sfb1436.de\/wp-content\/uploads\/2023\/02\/Retreat2023.webp","contentUrl":"https:\/\/sfb1436.de\/wp-content\/uploads\/2023\/02\/Retreat2023.webp","width":618,"height":108,"caption":"SFB 1436 Retreat 2023"},{"@type":"BreadcrumbList","@id":"https:\/\/sfb1436.de\/de\/drittes-sfb1436-retreat\/#breadcrumb","itemListElement":[{"@type":"ListItem","position":1,"name":"Startseite","item":"https:\/\/sfb1436.de\/de\/"},{"@type":"ListItem","position":2,"name":"Drittes SFB1436-Retreat"}]},{"@type":"WebSite","@id":"https:\/\/sfb1436.de\/de\/#website","url":"https:\/\/sfb1436.de\/de\/","name":"SFB1436","description":"","publisher":{"@id":"https:\/\/sfb1436.de\/de\/#organization"},"potentialAction":[{"@type":"SearchAction","target":{"@type":"EntryPoint","urlTemplate":"https:\/\/sfb1436.de\/de\/?s={search_term_string}"},"query-input":{"@type":"PropertyValueSpecification","valueRequired":true,"valueName":"search_term_string"}}],"inLanguage":"de"},{"@type":"Organization","@id":"https:\/\/sfb1436.de\/de\/#organization","name":"Otto-von-Guericke Universit\u00e4t Medizinische Fakult\u00e4t Institut f\u00fcr Kognitive Neurologie und Demenzforschung","url":"https:\/\/sfb1436.de\/de\/","logo":{"@type":"ImageObject","inLanguage":"de","@id":"https:\/\/sfb1436.de\/de\/#\/schema\/logo\/image\/","url":"https:\/\/sfb1436.de\/wp-content\/uploads\/2021\/12\/logo-sfb.png","contentUrl":"https:\/\/sfb1436.de\/wp-content\/uploads\/2021\/12\/logo-sfb.png","width":1244,"height":820,"caption":"Otto-von-Guericke Universit\u00e4t Medizinische Fakult\u00e4t Institut f\u00fcr Kognitive Neurologie und Demenzforschung"},"image":{"@id":"https:\/\/sfb1436.de\/de\/#\/schema\/logo\/image\/"}},{"@type":"Person","@id":"https:\/\/sfb1436.de\/de\/#\/schema\/person\/c0ef0d254080f73ef2aa76e57caa6d12","name":"redakteur"}]}},"uagb_featured_image_src":{"full":["https:\/\/sfb1436.de\/wp-content\/uploads\/2023\/02\/Retreat2023.webp",618,108,false],"thumbnail":["https:\/\/sfb1436.de\/wp-content\/uploads\/2023\/02\/Retreat2023-150x108.webp",150,108,true],"medium":["https:\/\/sfb1436.de\/wp-content\/uploads\/2023\/02\/Retreat2023-300x52.webp",300,52,true],"medium_large":["https:\/\/sfb1436.de\/wp-content\/uploads\/2023\/02\/Retreat2023.webp",618,108,false],"large":["https:\/\/sfb1436.de\/wp-content\/uploads\/2023\/02\/Retreat2023.webp",618,108,false],"gs-tiny":["https:\/\/sfb1436.de\/wp-content\/uploads\/2023\/02\/Retreat2023.webp",50,9,false],"xl":["https:\/\/sfb1436.de\/wp-content\/uploads\/2023\/02\/Retreat2023.webp",618,108,false],"xxl":["https:\/\/sfb1436.de\/wp-content\/uploads\/2023\/02\/Retreat2023.webp",618,108,false],"xxxl":["https:\/\/sfb1436.de\/wp-content\/uploads\/2023\/02\/Retreat2023.webp",618,108,false],"xxxxl":["https:\/\/sfb1436.de\/wp-content\/uploads\/2023\/02\/Retreat2023.webp",618,108,false],"xxxxxl":["https:\/\/sfb1436.de\/wp-content\/uploads\/2023\/02\/Retreat2023.webp",618,108,false],"1536x1536":["https:\/\/sfb1436.de\/wp-content\/uploads\/2023\/02\/Retreat2023.webp",618,108,false],"2048x2048":["https:\/\/sfb1436.de\/wp-content\/uploads\/2023\/02\/Retreat2023.webp",618,108,false],"awsm_team":["https:\/\/sfb1436.de\/wp-content\/uploads\/2023\/02\/Retreat2023.webp",618,108,false]},"uagb_author_info":{"display_name":"redakteur","author_link":"https:\/\/sfb1436.de\/de\/author\/redakteur\/"},"uagb_comment_info":0,"uagb_excerpt":"Vom 20. &#8211; 22. Juni 2023 fand unser drittes SFB Retreat statt. Diesmal trafen wir uns drei Tage lang im B\u00f6rdehof Barleben. Den Auftakt der Veranstaltung bildete eine \u201eExpression of Interest Session\u201c in der potentielle PI-Kandidaten des SFB ihre Arbeiten vorstellten. Dar\u00fcber hinaus gaben alle unsere Teilprojekte mit kleinen Pr\u00e4sentationen ein Update zu ihren Projekten,&hellip;","_links":{"self":[{"href":"https:\/\/sfb1436.de\/de\/wp-json\/wp\/v2\/posts\/17910","targetHints":{"allow":["GET"]}}],"collection":[{"href":"https:\/\/sfb1436.de\/de\/wp-json\/wp\/v2\/posts"}],"about":[{"href":"https:\/\/sfb1436.de\/de\/wp-json\/wp\/v2\/types\/post"}],"author":[{"embeddable":true,"href":"https:\/\/sfb1436.de\/de\/wp-json\/wp\/v2\/users\/4"}],"replies":[{"embeddable":true,"href":"https:\/\/sfb1436.de\/de\/wp-json\/wp\/v2\/comments?post=17910"}],"version-history":[{"count":19,"href":"https:\/\/sfb1436.de\/de\/wp-json\/wp\/v2\/posts\/17910\/revisions"}],"predecessor-version":[{"id":27619,"href":"https:\/\/sfb1436.de\/de\/wp-json\/wp\/v2\/posts\/17910\/revisions\/27619"}],"wp:featuredmedia":[{"embeddable":true,"href":"https:\/\/sfb1436.de\/de\/wp-json\/wp\/v2\/media\/16722"}],"wp:attachment":[{"href":"https:\/\/sfb1436.de\/de\/wp-json\/wp\/v2\/media?parent=17910"}],"wp:term":[{"taxonomy":"category","embeddable":true,"href":"https:\/\/sfb1436.de\/de\/wp-json\/wp\/v2\/categories?post=17910"},{"taxonomy":"post_tag","embeddable":true,"href":"https:\/\/sfb1436.de\/de\/wp-json\/wp\/v2\/tags?post=17910"}],"curies":[{"name":"wp","href":"https:\/\/api.w.org\/{rel}","templated":true}]}}