{"id":17883,"date":"2023-06-26T10:00:00","date_gmt":"2023-06-26T08:00:00","guid":{"rendered":"https:\/\/sfb1436.de\/?p=17883"},"modified":"2025-05-19T06:30:04","modified_gmt":"2025-05-19T04:30:04","slug":"termin-vormerken-female-career-days","status":"publish","type":"post","link":"https:\/\/sfb1436.de\/de\/termin-vormerken-female-career-days\/","title":{"rendered":"Termin vormerken: Die &#8222;Female Career Days 23&#8220;"},"content":{"rendered":"\n<p class=\"wp-block-paragraph\">Unter dem Motto &#8222;Meine individuellen Karriereperspektiven!&#8220; finden nach dem gro\u00dfen Erfolg im vergangenen Jahr, erneut die <a href=\"https:\/\/www.synage.de\/female-career-days-2023\/\" target=\"_blank\" rel=\"noreferrer noopener\"><strong>Female Career Days 2023<\/strong><\/a> statt.  Vom 4. bis zum 6. Oktober 2023 erwartet junge Nachwuchswissenschaftlerinnen ein spannendes Programm rund um die pers\u00f6nliche wissenschaftliche Karriere. <\/p>\n\n\n\n<div class=\"wp-block-media-text is-stacked-on-mobile\"><figure class=\"wp-block-media-text__media\"><img fetchpriority=\"high\" decoding=\"async\" width=\"724\" height=\"1024\" src=\"https:\/\/sfb1436.de\/wp-content\/uploads\/2023\/06\/CareerDays_2023_SaveTheDate-724x1024.webp\" alt=\"Save the date Frauenkarriere-Tage 2023\" class=\"wp-image-17678 size-full\" srcset=\"https:\/\/sfb1436.de\/wp-content\/uploads\/2023\/06\/CareerDays_2023_SaveTheDate-724x1024.webp 724w, https:\/\/sfb1436.de\/wp-content\/uploads\/2023\/06\/CareerDays_2023_SaveTheDate-212x300.webp 212w, https:\/\/sfb1436.de\/wp-content\/uploads\/2023\/06\/CareerDays_2023_SaveTheDate-768x1086.webp 768w, https:\/\/sfb1436.de\/wp-content\/uploads\/2023\/06\/CareerDays_2023_SaveTheDate-1086x1536.webp 1086w, https:\/\/sfb1436.de\/wp-content\/uploads\/2023\/06\/CareerDays_2023_SaveTheDate-1448x2048.webp 1448w, https:\/\/sfb1436.de\/wp-content\/uploads\/2023\/06\/CareerDays_2023_SaveTheDate-1600x2262.webp 1600w, https:\/\/sfb1436.de\/wp-content\/uploads\/2023\/06\/CareerDays_2023_SaveTheDate-scaled.webp 1811w\" sizes=\"(max-width: 724px) 100vw, 724px\" \/><\/figure><div class=\"wp-block-media-text__content\">\n<p class=\"wp-block-paragraph\">Am ersten Tag haben Sie die M\u00f6glichkeit, erfolgreiche weibliche Vorbilder aus der Wissenschaft zu treffen und sich von ihnen inspirieren zu lassen. Neben spannenden Vortr\u00e4gen und geplanten Diskussionsrunden bieten wir professionelle Unterst\u00fctzung in Form von individuellen Lebenslauf-Checks und Lebenslauf-Fotoshootings.<\/p>\n\n\n\n<p class=\"wp-block-paragraph\">Am zweiten Tag kann an einem der parallel stattfindenden Workshops zum Thema &#8222;Selbstpr\u00e4sentation &#8211; Selbstbewusst Nein sagen&#8220; oder &#8222;Networking als Schl\u00fcssel zum Erfolg&#8220; teilgenommen werden.<\/p>\n\n\n\n<p class=\"wp-block-paragraph\">Am dritten Tag bieten wir unseren Teilnehmern individuelle Karriere-Coaching-Sitzungen von jeweils 45 Minuten an.<\/p>\n<\/div><\/div>\n\n\n\n<p class=\"wp-block-paragraph\"><a href=\"https:\/\/www.synage.de\/female-career-days-2023\/\" target=\"_blank\" rel=\"noreferrer noopener\"><strong>Weitere Informationen finden Sie auf unserer Website.<\/strong><\/a><\/p>\n\n\n\n<p class=\"wp-block-paragraph\"><a href=\"https:\/\/www.synage.de\/registration-female-career-days-2023\/\" target=\"_blank\" rel=\"noreferrer noopener\"><strong>Jetzt anmelden!<\/strong><\/a> Die Anmeldung ist bis zum 15. August m\u00f6glich. Jeder Interessierte ist herzlich eingeladen, sich anzumelden!<\/p>\n","protected":false},"excerpt":{"rendered":"<p>Unter dem Motto &#8222;Meine individuellen Karriereperspektiven!&#8220; finden nach dem gro\u00dfen Erfolg im vergangenen Jahr, erneut die Female Career Days 2023 statt. Vom 4. bis zum 6. Oktober 2023 erwartet junge Nachwuchswissenschaftlerinnen ein spannendes Programm rund um die pers\u00f6nliche wissenschaftliche Karriere. Am ersten Tag haben Sie die M\u00f6glichkeit, erfolgreiche weibliche Vorbilder aus der Wissenschaft zu treffen [&hellip;]<\/p>\n","protected":false},"author":4,"featured_media":17677,"comment_status":"closed","ping_status":"closed","sticky":false,"template":"","format":"standard","meta":{"_crdt_document":"","_uag_custom_page_level_css":"","footnotes":""},"categories":[288,281,219,220],"tags":[566,405,331,372,330,555],"class_list":["post-17883","post","type-post","status-publish","format-standard","has-post-thumbnail","hentry","category-all-news-and-events-de","category-alle-news-und-events","category-events-de","category-news-de","tag-crc-1436-de","tag-frauen-in-der-forschung","tag-magdeburg","tag-neurowissenschaften","tag-sfb-1436","tag-wissenschaftlerinnen"],"yoast_head":"<!-- This site is optimized with the Yoast SEO plugin v27.1.1 - https:\/\/yoast.com\/product\/yoast-seo-wordpress\/ -->\n<title>Termin vormerken: Die &quot;Female Career Days 23&quot; - SFB1436<\/title>\n<meta name=\"description\" content=\"Die Female Career Days vom 04.-06.10.2023 mit dem Motto &quot;Meine individuellen Karriereperspektiven!&quot; sollten im Kalender vorgemerkt werden.\" \/>\n<meta name=\"robots\" content=\"index, follow, max-snippet:-1, max-image-preview:large, max-video-preview:-1\" \/>\n<link rel=\"canonical\" href=\"https:\/\/sfb1436.de\/de\/termin-vormerken-female-career-days\/\" \/>\n<meta property=\"og:locale\" content=\"de_DE\" \/>\n<meta property=\"og:type\" content=\"article\" \/>\n<meta property=\"og:title\" content=\"Termin vormerken: Die &quot;Female Career Days 23&quot; - SFB1436\" \/>\n<meta property=\"og:description\" content=\"Die Female Career Days vom 04.-06.10.2023 mit dem Motto &quot;Meine individuellen Karriereperspektiven!&quot; sollten im Kalender vorgemerkt werden.\" \/>\n<meta property=\"og:url\" content=\"https:\/\/sfb1436.de\/de\/termin-vormerken-female-career-days\/\" \/>\n<meta property=\"og:site_name\" content=\"SFB1436\" \/>\n<meta property=\"article:published_time\" content=\"2023-06-26T08:00:00+00:00\" \/>\n<meta property=\"article:modified_time\" content=\"2025-05-19T04:30:04+00:00\" \/>\n<meta property=\"og:image\" content=\"https:\/\/sfb1436.de\/wp-content\/uploads\/2023\/06\/CareerDays_2023.webp\" \/>\n\t<meta property=\"og:image:width\" content=\"2415\" \/>\n\t<meta property=\"og:image:height\" content=\"801\" \/>\n\t<meta property=\"og:image:type\" content=\"image\/webp\" \/>\n<meta name=\"author\" content=\"redakteur\" \/>\n<meta name=\"twitter:card\" content=\"summary_large_image\" \/>\n<meta name=\"twitter:label1\" content=\"Verfasst von\" \/>\n\t<meta name=\"twitter:data1\" content=\"redakteur\" \/>\n\t<meta name=\"twitter:label2\" content=\"Gesch\u00e4tzte Lesezeit\" \/>\n\t<meta name=\"twitter:data2\" content=\"1\u00a0Minute\" \/>\n<script type=\"application\/ld+json\" class=\"yoast-schema-graph\">{\"@context\":\"https:\/\/schema.org\",\"@graph\":[{\"@type\":\"ScholarlyArticle\",\"@id\":\"https:\/\/sfb1436.de\/de\/termin-vormerken-female-career-days\/#article\",\"isPartOf\":{\"@id\":\"https:\/\/sfb1436.de\/de\/termin-vormerken-female-career-days\/\"},\"author\":{\"name\":\"redakteur\",\"@id\":\"https:\/\/sfb1436.de\/de\/#\/schema\/person\/c0ef0d254080f73ef2aa76e57caa6d12\"},\"headline\":\"Termin vormerken: Die &#8222;Female Career Days 23&#8220;\",\"datePublished\":\"2023-06-26T08:00:00+00:00\",\"dateModified\":\"2025-05-19T04:30:04+00:00\",\"mainEntityOfPage\":{\"@id\":\"https:\/\/sfb1436.de\/de\/termin-vormerken-female-career-days\/\"},\"wordCount\":150,\"publisher\":{\"@id\":\"https:\/\/sfb1436.de\/de\/#organization\"},\"image\":{\"@id\":\"https:\/\/sfb1436.de\/de\/termin-vormerken-female-career-days\/#primaryimage\"},\"thumbnailUrl\":\"https:\/\/sfb1436.de\/wp-content\/uploads\/2023\/06\/CareerDays_2023.webp\",\"keywords\":[\"CRC 1436\",\"Frauen in der Forschung\",\"Magdeburg\",\"Neurowissenschaften\",\"SFB 1436\",\"Wissenschaftlerinnen\"],\"articleSection\":[\"All News and Events\",\"Alle News und Events\",\"Events\",\"News\"],\"inLanguage\":\"de\"},{\"@type\":\"WebPage\",\"@id\":\"https:\/\/sfb1436.de\/de\/termin-vormerken-female-career-days\/\",\"url\":\"https:\/\/sfb1436.de\/de\/termin-vormerken-female-career-days\/\",\"name\":\"Termin vormerken: Die \\\"Female Career Days 23\\\" - SFB1436\",\"isPartOf\":{\"@id\":\"https:\/\/sfb1436.de\/de\/#website\"},\"primaryImageOfPage\":{\"@id\":\"https:\/\/sfb1436.de\/de\/termin-vormerken-female-career-days\/#primaryimage\"},\"image\":{\"@id\":\"https:\/\/sfb1436.de\/de\/termin-vormerken-female-career-days\/#primaryimage\"},\"thumbnailUrl\":\"https:\/\/sfb1436.de\/wp-content\/uploads\/2023\/06\/CareerDays_2023.webp\",\"datePublished\":\"2023-06-26T08:00:00+00:00\",\"dateModified\":\"2025-05-19T04:30:04+00:00\",\"description\":\"Die Female Career Days vom 04.-06.10.2023 mit dem Motto \\\"Meine individuellen Karriereperspektiven!\\\" sollten im Kalender vorgemerkt werden.\",\"breadcrumb\":{\"@id\":\"https:\/\/sfb1436.de\/de\/termin-vormerken-female-career-days\/#breadcrumb\"},\"inLanguage\":\"de\",\"potentialAction\":[{\"@type\":\"ReadAction\",\"target\":[\"https:\/\/sfb1436.de\/de\/termin-vormerken-female-career-days\/\"]}]},{\"@type\":\"ImageObject\",\"inLanguage\":\"de\",\"@id\":\"https:\/\/sfb1436.de\/de\/termin-vormerken-female-career-days\/#primaryimage\",\"url\":\"https:\/\/sfb1436.de\/wp-content\/uploads\/2023\/06\/CareerDays_2023.webp\",\"contentUrl\":\"https:\/\/sfb1436.de\/wp-content\/uploads\/2023\/06\/CareerDays_2023.webp\",\"width\":2415,\"height\":801,\"caption\":\"Frauen Karriere Tage 2023\"},{\"@type\":\"BreadcrumbList\",\"@id\":\"https:\/\/sfb1436.de\/de\/termin-vormerken-female-career-days\/#breadcrumb\",\"itemListElement\":[{\"@type\":\"ListItem\",\"position\":1,\"name\":\"Startseite\",\"item\":\"https:\/\/sfb1436.de\/de\/\"},{\"@type\":\"ListItem\",\"position\":2,\"name\":\"Termin vormerken: Die &#8222;Female Career Days 23&#8220;\"}]},{\"@type\":\"WebSite\",\"@id\":\"https:\/\/sfb1436.de\/de\/#website\",\"url\":\"https:\/\/sfb1436.de\/de\/\",\"name\":\"SFB1436\",\"description\":\"\",\"publisher\":{\"@id\":\"https:\/\/sfb1436.de\/de\/#organization\"},\"potentialAction\":[{\"@type\":\"SearchAction\",\"target\":{\"@type\":\"EntryPoint\",\"urlTemplate\":\"https:\/\/sfb1436.de\/de\/?s={search_term_string}\"},\"query-input\":{\"@type\":\"PropertyValueSpecification\",\"valueRequired\":true,\"valueName\":\"search_term_string\"}}],\"inLanguage\":\"de\"},{\"@type\":\"Organization\",\"@id\":\"https:\/\/sfb1436.de\/de\/#organization\",\"name\":\"Otto-von-Guericke Universit\u00e4t Medizinische Fakult\u00e4t Institut f\u00fcr Kognitive Neurologie und Demenzforschung\",\"url\":\"https:\/\/sfb1436.de\/de\/\",\"logo\":{\"@type\":\"ImageObject\",\"inLanguage\":\"de\",\"@id\":\"https:\/\/sfb1436.de\/de\/#\/schema\/logo\/image\/\",\"url\":\"https:\/\/sfb1436.de\/wp-content\/uploads\/2021\/12\/logo-sfb.png\",\"contentUrl\":\"https:\/\/sfb1436.de\/wp-content\/uploads\/2021\/12\/logo-sfb.png\",\"width\":1244,\"height\":820,\"caption\":\"Otto-von-Guericke Universit\u00e4t Medizinische Fakult\u00e4t Institut f\u00fcr Kognitive Neurologie und Demenzforschung\"},\"image\":{\"@id\":\"https:\/\/sfb1436.de\/de\/#\/schema\/logo\/image\/\"}},{\"@type\":\"Person\",\"@id\":\"https:\/\/sfb1436.de\/de\/#\/schema\/person\/c0ef0d254080f73ef2aa76e57caa6d12\",\"name\":\"redakteur\"}]}<\/script>\n<!-- \/ Yoast SEO plugin. -->","yoast_head_json":{"title":"Termin vormerken: Die \"Female Career Days 23\" - SFB1436","description":"Die Female Career Days vom 04.-06.10.2023 mit dem Motto \"Meine individuellen Karriereperspektiven!\" sollten im Kalender vorgemerkt werden.","robots":{"index":"index","follow":"follow","max-snippet":"max-snippet:-1","max-image-preview":"max-image-preview:large","max-video-preview":"max-video-preview:-1"},"canonical":"https:\/\/sfb1436.de\/de\/termin-vormerken-female-career-days\/","og_locale":"de_DE","og_type":"article","og_title":"Termin vormerken: Die \"Female Career Days 23\" - SFB1436","og_description":"Die Female Career Days vom 04.-06.10.2023 mit dem Motto \"Meine individuellen Karriereperspektiven!\" sollten im Kalender vorgemerkt werden.","og_url":"https:\/\/sfb1436.de\/de\/termin-vormerken-female-career-days\/","og_site_name":"SFB1436","article_published_time":"2023-06-26T08:00:00+00:00","article_modified_time":"2025-05-19T04:30:04+00:00","og_image":[{"width":2415,"height":801,"url":"https:\/\/sfb1436.de\/wp-content\/uploads\/2023\/06\/CareerDays_2023.webp","type":"image\/webp"}],"author":"redakteur","twitter_card":"summary_large_image","twitter_misc":{"Verfasst von":"redakteur","Gesch\u00e4tzte Lesezeit":"1\u00a0Minute"},"schema":{"@context":"https:\/\/schema.org","@graph":[{"@type":"ScholarlyArticle","@id":"https:\/\/sfb1436.de\/de\/termin-vormerken-female-career-days\/#article","isPartOf":{"@id":"https:\/\/sfb1436.de\/de\/termin-vormerken-female-career-days\/"},"author":{"name":"redakteur","@id":"https:\/\/sfb1436.de\/de\/#\/schema\/person\/c0ef0d254080f73ef2aa76e57caa6d12"},"headline":"Termin vormerken: Die &#8222;Female Career Days 23&#8220;","datePublished":"2023-06-26T08:00:00+00:00","dateModified":"2025-05-19T04:30:04+00:00","mainEntityOfPage":{"@id":"https:\/\/sfb1436.de\/de\/termin-vormerken-female-career-days\/"},"wordCount":150,"publisher":{"@id":"https:\/\/sfb1436.de\/de\/#organization"},"image":{"@id":"https:\/\/sfb1436.de\/de\/termin-vormerken-female-career-days\/#primaryimage"},"thumbnailUrl":"https:\/\/sfb1436.de\/wp-content\/uploads\/2023\/06\/CareerDays_2023.webp","keywords":["CRC 1436","Frauen in der Forschung","Magdeburg","Neurowissenschaften","SFB 1436","Wissenschaftlerinnen"],"articleSection":["All News and Events","Alle News und Events","Events","News"],"inLanguage":"de"},{"@type":"WebPage","@id":"https:\/\/sfb1436.de\/de\/termin-vormerken-female-career-days\/","url":"https:\/\/sfb1436.de\/de\/termin-vormerken-female-career-days\/","name":"Termin vormerken: Die \"Female Career Days 23\" - SFB1436","isPartOf":{"@id":"https:\/\/sfb1436.de\/de\/#website"},"primaryImageOfPage":{"@id":"https:\/\/sfb1436.de\/de\/termin-vormerken-female-career-days\/#primaryimage"},"image":{"@id":"https:\/\/sfb1436.de\/de\/termin-vormerken-female-career-days\/#primaryimage"},"thumbnailUrl":"https:\/\/sfb1436.de\/wp-content\/uploads\/2023\/06\/CareerDays_2023.webp","datePublished":"2023-06-26T08:00:00+00:00","dateModified":"2025-05-19T04:30:04+00:00","description":"Die Female Career Days vom 04.-06.10.2023 mit dem Motto \"Meine individuellen Karriereperspektiven!\" sollten im Kalender vorgemerkt werden.","breadcrumb":{"@id":"https:\/\/sfb1436.de\/de\/termin-vormerken-female-career-days\/#breadcrumb"},"inLanguage":"de","potentialAction":[{"@type":"ReadAction","target":["https:\/\/sfb1436.de\/de\/termin-vormerken-female-career-days\/"]}]},{"@type":"ImageObject","inLanguage":"de","@id":"https:\/\/sfb1436.de\/de\/termin-vormerken-female-career-days\/#primaryimage","url":"https:\/\/sfb1436.de\/wp-content\/uploads\/2023\/06\/CareerDays_2023.webp","contentUrl":"https:\/\/sfb1436.de\/wp-content\/uploads\/2023\/06\/CareerDays_2023.webp","width":2415,"height":801,"caption":"Frauen Karriere Tage 2023"},{"@type":"BreadcrumbList","@id":"https:\/\/sfb1436.de\/de\/termin-vormerken-female-career-days\/#breadcrumb","itemListElement":[{"@type":"ListItem","position":1,"name":"Startseite","item":"https:\/\/sfb1436.de\/de\/"},{"@type":"ListItem","position":2,"name":"Termin vormerken: Die &#8222;Female Career Days 23&#8220;"}]},{"@type":"WebSite","@id":"https:\/\/sfb1436.de\/de\/#website","url":"https:\/\/sfb1436.de\/de\/","name":"SFB1436","description":"","publisher":{"@id":"https:\/\/sfb1436.de\/de\/#organization"},"potentialAction":[{"@type":"SearchAction","target":{"@type":"EntryPoint","urlTemplate":"https:\/\/sfb1436.de\/de\/?s={search_term_string}"},"query-input":{"@type":"PropertyValueSpecification","valueRequired":true,"valueName":"search_term_string"}}],"inLanguage":"de"},{"@type":"Organization","@id":"https:\/\/sfb1436.de\/de\/#organization","name":"Otto-von-Guericke Universit\u00e4t Medizinische Fakult\u00e4t Institut f\u00fcr Kognitive Neurologie und Demenzforschung","url":"https:\/\/sfb1436.de\/de\/","logo":{"@type":"ImageObject","inLanguage":"de","@id":"https:\/\/sfb1436.de\/de\/#\/schema\/logo\/image\/","url":"https:\/\/sfb1436.de\/wp-content\/uploads\/2021\/12\/logo-sfb.png","contentUrl":"https:\/\/sfb1436.de\/wp-content\/uploads\/2021\/12\/logo-sfb.png","width":1244,"height":820,"caption":"Otto-von-Guericke Universit\u00e4t Medizinische Fakult\u00e4t Institut f\u00fcr Kognitive Neurologie und Demenzforschung"},"image":{"@id":"https:\/\/sfb1436.de\/de\/#\/schema\/logo\/image\/"}},{"@type":"Person","@id":"https:\/\/sfb1436.de\/de\/#\/schema\/person\/c0ef0d254080f73ef2aa76e57caa6d12","name":"redakteur"}]}},"uagb_featured_image_src":{"full":["https:\/\/sfb1436.de\/wp-content\/uploads\/2023\/06\/CareerDays_2023.webp",2415,801,false],"thumbnail":["https:\/\/sfb1436.de\/wp-content\/uploads\/2023\/06\/CareerDays_2023-150x150.webp",150,150,true],"medium":["https:\/\/sfb1436.de\/wp-content\/uploads\/2023\/06\/CareerDays_2023-300x100.webp",300,100,true],"medium_large":["https:\/\/sfb1436.de\/wp-content\/uploads\/2023\/06\/CareerDays_2023-768x255.webp",768,255,true],"large":["https:\/\/sfb1436.de\/wp-content\/uploads\/2023\/06\/CareerDays_2023-1024x340.webp",1024,340,true],"gs-tiny":["https:\/\/sfb1436.de\/wp-content\/uploads\/2023\/06\/CareerDays_2023.webp",50,17,false],"xl":["https:\/\/sfb1436.de\/wp-content\/uploads\/2023\/06\/CareerDays_2023-1600x531.webp",1600,531,true],"xxl":["https:\/\/sfb1436.de\/wp-content\/uploads\/2023\/06\/CareerDays_2023-2200x730.webp",2200,730,true],"xxxl":["https:\/\/sfb1436.de\/wp-content\/uploads\/2023\/06\/CareerDays_2023.webp",2415,801,false],"xxxxl":["https:\/\/sfb1436.de\/wp-content\/uploads\/2023\/06\/CareerDays_2023.webp",2415,801,false],"xxxxxl":["https:\/\/sfb1436.de\/wp-content\/uploads\/2023\/06\/CareerDays_2023.webp",2415,801,false],"1536x1536":["https:\/\/sfb1436.de\/wp-content\/uploads\/2023\/06\/CareerDays_2023-1536x509.webp",1536,509,true],"2048x2048":["https:\/\/sfb1436.de\/wp-content\/uploads\/2023\/06\/CareerDays_2023-2048x679.webp",2048,679,true],"awsm_team":["https:\/\/sfb1436.de\/wp-content\/uploads\/2023\/06\/CareerDays_2023-800x801.webp",800,801,true]},"uagb_author_info":{"display_name":"redakteur","author_link":"https:\/\/sfb1436.de\/de\/author\/redakteur\/"},"uagb_comment_info":0,"uagb_excerpt":"Unter dem Motto &#8222;Meine individuellen Karriereperspektiven!&#8220; finden nach dem gro\u00dfen Erfolg im vergangenen Jahr, erneut die Female Career Days 2023 statt. Vom 4. bis zum 6. Oktober 2023 erwartet junge Nachwuchswissenschaftlerinnen ein spannendes Programm rund um die pers\u00f6nliche wissenschaftliche Karriere. Am ersten Tag haben Sie die M\u00f6glichkeit, erfolgreiche weibliche Vorbilder aus der Wissenschaft zu treffen&hellip;","_links":{"self":[{"href":"https:\/\/sfb1436.de\/de\/wp-json\/wp\/v2\/posts\/17883","targetHints":{"allow":["GET"]}}],"collection":[{"href":"https:\/\/sfb1436.de\/de\/wp-json\/wp\/v2\/posts"}],"about":[{"href":"https:\/\/sfb1436.de\/de\/wp-json\/wp\/v2\/types\/post"}],"author":[{"embeddable":true,"href":"https:\/\/sfb1436.de\/de\/wp-json\/wp\/v2\/users\/4"}],"replies":[{"embeddable":true,"href":"https:\/\/sfb1436.de\/de\/wp-json\/wp\/v2\/comments?post=17883"}],"version-history":[{"count":9,"href":"https:\/\/sfb1436.de\/de\/wp-json\/wp\/v2\/posts\/17883\/revisions"}],"predecessor-version":[{"id":27616,"href":"https:\/\/sfb1436.de\/de\/wp-json\/wp\/v2\/posts\/17883\/revisions\/27616"}],"wp:featuredmedia":[{"embeddable":true,"href":"https:\/\/sfb1436.de\/de\/wp-json\/wp\/v2\/media\/17677"}],"wp:attachment":[{"href":"https:\/\/sfb1436.de\/de\/wp-json\/wp\/v2\/media?parent=17883"}],"wp:term":[{"taxonomy":"category","embeddable":true,"href":"https:\/\/sfb1436.de\/de\/wp-json\/wp\/v2\/categories?post=17883"},{"taxonomy":"post_tag","embeddable":true,"href":"https:\/\/sfb1436.de\/de\/wp-json\/wp\/v2\/tags?post=17883"}],"curies":[{"name":"wp","href":"https:\/\/api.w.org\/{rel}","templated":true}]}}