{"id":17471,"date":"2023-05-03T10:00:00","date_gmt":"2023-05-03T08:00:00","guid":{"rendered":"https:\/\/sfb1436.de\/?p=17471"},"modified":"2025-05-19T06:30:02","modified_gmt":"2025-05-19T04:30:02","slug":"henryk-barthel-zu-gast-in-magdeburg","status":"publish","type":"post","link":"https:\/\/sfb1436.de\/de\/henryk-barthel-zu-gast-in-magdeburg\/","title":{"rendered":"08.05.2023 &#8211; Henryk Barthel zu Gast"},"content":{"rendered":"\n<div class=\"wp-block-media-text is-stacked-on-mobile\" style=\"grid-template-columns:44% auto\"><figure class=\"wp-block-media-text__media\"><a href=\"https:\/\/sfb1436.de\/wp-content\/uploads\/2023\/04\/Invitation_Constanze-Lenschow.pdf\"><img fetchpriority=\"high\" decoding=\"async\" width=\"724\" height=\"1024\" src=\"https:\/\/sfb1436.de\/wp-content\/uploads\/2023\/05\/Invitation_Barthel-1-724x1024.webp\" alt=\"Einladung Henryk Barthel\" class=\"wp-image-17468 size-full\" srcset=\"https:\/\/sfb1436.de\/wp-content\/uploads\/2023\/05\/Invitation_Barthel-1-724x1024.webp 724w, https:\/\/sfb1436.de\/wp-content\/uploads\/2023\/05\/Invitation_Barthel-1-212x300.webp 212w, https:\/\/sfb1436.de\/wp-content\/uploads\/2023\/05\/Invitation_Barthel-1-768x1087.webp 768w, https:\/\/sfb1436.de\/wp-content\/uploads\/2023\/05\/Invitation_Barthel-1.webp 826w\" sizes=\"(max-width: 724px) 100vw, 724px\" \/><\/a><\/figure><div class=\"wp-block-media-text__content\">\n<p class=\"wp-block-paragraph\">Wir konnten Professor Henryk Barthel von der Klinik und Poliklinik f\u00fcr Nuklearmedizin des Universit\u00e4tsklinikums Leipzig als Gast in unserer \u201eExternal Speaker Series\u201c gewinnen. Er wird am 8. Mai 2023 um 16:00 Uhr einen Vortrag mit dem Titel <strong>\u201eAmyloid and Tau PET\/MR Imaging in Dementias\u201c <\/strong>halten.<\/p>\n\n\n\n<p class=\"wp-block-paragraph\">Dieser Vortrag wird als hybride Veranstaltung im DZNE (Raum 121) und \u00fcber Zoom stattfinden. G\u00e4ste sind herzlich willkommen.<\/p>\n\n\n\n<p class=\"wp-block-paragraph\">Den Zoom-Link erhalten Sie auf Nachfrage im&nbsp;<a href=\"https:\/\/sfb1436.de\/de\/outreach-forschung-fuer-alle\/#we4you\">Koordinationsb\u00fcro des SFB 1436.<\/a><\/p>\n<\/div><\/div>\n","protected":false},"excerpt":{"rendered":"<p>Wir konnten Professor Henryk Barthel von der Klinik und Poliklinik f\u00fcr Nuklearmedizin des Universit\u00e4tsklinikums Leipzig als Gast in unserer \u201eExternal Speaker Series\u201c gewinnen. Er wird am 8. Mai 2023 um 16:00 Uhr einen Vortrag mit dem Titel \u201eAmyloid and Tau PET\/MR Imaging in Dementias\u201c halten. Dieser Vortrag wird als hybride Veranstaltung im DZNE (Raum 121) [&hellip;]<\/p>\n","protected":false},"author":4,"featured_media":17103,"comment_status":"closed","ping_status":"closed","sticky":false,"template":"","format":"standard","meta":{"_crdt_document":"","_uag_custom_page_level_css":"","footnotes":""},"categories":[288,281,219,220],"tags":[552,331,372,330],"class_list":["post-17471","post","type-post","status-publish","format-standard","has-post-thumbnail","hentry","category-all-news-and-events-de","category-alle-news-und-events","category-events-de","category-news-de","tag-henryk-barthel","tag-magdeburg","tag-neurowissenschaften","tag-sfb-1436"],"yoast_head":"<!-- This site is optimized with the Yoast SEO plugin v27.1.1 - https:\/\/yoast.com\/product\/yoast-seo-wordpress\/ -->\n<title>08.05.2023 - Henryk Barthel zu Gast - SFB1436<\/title>\n<meta name=\"description\" content=\"Professor Henryk Barthel vom Universit\u00e4tsklinikum Leipzig ist zu Gast in unserer \u201eExternal Speaker Series\u201c.\" \/>\n<meta name=\"robots\" content=\"index, follow, max-snippet:-1, max-image-preview:large, max-video-preview:-1\" \/>\n<link rel=\"canonical\" href=\"https:\/\/sfb1436.de\/de\/henryk-barthel-zu-gast-in-magdeburg\/\" \/>\n<meta property=\"og:locale\" content=\"de_DE\" \/>\n<meta property=\"og:type\" content=\"article\" \/>\n<meta property=\"og:title\" content=\"08.05.2023 - Henryk Barthel zu Gast - SFB1436\" \/>\n<meta property=\"og:description\" content=\"Professor Henryk Barthel vom Universit\u00e4tsklinikum Leipzig ist zu Gast in unserer \u201eExternal Speaker Series\u201c.\" \/>\n<meta property=\"og:url\" content=\"https:\/\/sfb1436.de\/de\/henryk-barthel-zu-gast-in-magdeburg\/\" \/>\n<meta property=\"og:site_name\" content=\"SFB1436\" \/>\n<meta property=\"article:published_time\" content=\"2023-05-03T08:00:00+00:00\" \/>\n<meta property=\"article:modified_time\" content=\"2025-05-19T04:30:02+00:00\" \/>\n<meta property=\"og:image\" content=\"https:\/\/sfb1436.de\/wp-content\/uploads\/2023\/03\/sfb-speaker.png\" \/>\n\t<meta property=\"og:image:width\" content=\"1738\" \/>\n\t<meta property=\"og:image:height\" content=\"313\" \/>\n\t<meta property=\"og:image:type\" content=\"image\/png\" \/>\n<meta name=\"author\" content=\"redakteur\" \/>\n<meta name=\"twitter:card\" content=\"summary_large_image\" \/>\n<meta name=\"twitter:label1\" content=\"Verfasst von\" \/>\n\t<meta name=\"twitter:data1\" content=\"redakteur\" \/>\n\t<meta name=\"twitter:label2\" content=\"Gesch\u00e4tzte Lesezeit\" \/>\n\t<meta name=\"twitter:data2\" content=\"1\u00a0Minute\" \/>\n<script type=\"application\/ld+json\" class=\"yoast-schema-graph\">{\"@context\":\"https:\/\/schema.org\",\"@graph\":[{\"@type\":\"ScholarlyArticle\",\"@id\":\"https:\/\/sfb1436.de\/de\/henryk-barthel-zu-gast-in-magdeburg\/#article\",\"isPartOf\":{\"@id\":\"https:\/\/sfb1436.de\/de\/henryk-barthel-zu-gast-in-magdeburg\/\"},\"author\":{\"name\":\"redakteur\",\"@id\":\"https:\/\/sfb1436.de\/de\/#\/schema\/person\/c0ef0d254080f73ef2aa76e57caa6d12\"},\"headline\":\"08.05.2023 &#8211; Henryk Barthel zu Gast\",\"datePublished\":\"2023-05-03T08:00:00+00:00\",\"dateModified\":\"2025-05-19T04:30:02+00:00\",\"mainEntityOfPage\":{\"@id\":\"https:\/\/sfb1436.de\/de\/henryk-barthel-zu-gast-in-magdeburg\/\"},\"wordCount\":80,\"publisher\":{\"@id\":\"https:\/\/sfb1436.de\/de\/#organization\"},\"image\":{\"@id\":\"https:\/\/sfb1436.de\/de\/henryk-barthel-zu-gast-in-magdeburg\/#primaryimage\"},\"thumbnailUrl\":\"https:\/\/sfb1436.de\/wp-content\/uploads\/2023\/03\/sfb-speaker.png\",\"keywords\":[\"Henryk Barthel\",\"Magdeburg\",\"Neurowissenschaften\",\"SFB 1436\"],\"articleSection\":[\"All News and Events\",\"Alle News und Events\",\"Events\",\"News\"],\"inLanguage\":\"de\"},{\"@type\":\"WebPage\",\"@id\":\"https:\/\/sfb1436.de\/de\/henryk-barthel-zu-gast-in-magdeburg\/\",\"url\":\"https:\/\/sfb1436.de\/de\/henryk-barthel-zu-gast-in-magdeburg\/\",\"name\":\"08.05.2023 - Henryk Barthel zu Gast - SFB1436\",\"isPartOf\":{\"@id\":\"https:\/\/sfb1436.de\/de\/#website\"},\"primaryImageOfPage\":{\"@id\":\"https:\/\/sfb1436.de\/de\/henryk-barthel-zu-gast-in-magdeburg\/#primaryimage\"},\"image\":{\"@id\":\"https:\/\/sfb1436.de\/de\/henryk-barthel-zu-gast-in-magdeburg\/#primaryimage\"},\"thumbnailUrl\":\"https:\/\/sfb1436.de\/wp-content\/uploads\/2023\/03\/sfb-speaker.png\",\"datePublished\":\"2023-05-03T08:00:00+00:00\",\"dateModified\":\"2025-05-19T04:30:02+00:00\",\"description\":\"Professor Henryk Barthel vom Universit\u00e4tsklinikum Leipzig ist zu Gast in unserer \u201eExternal Speaker Series\u201c.\",\"breadcrumb\":{\"@id\":\"https:\/\/sfb1436.de\/de\/henryk-barthel-zu-gast-in-magdeburg\/#breadcrumb\"},\"inLanguage\":\"de\",\"potentialAction\":[{\"@type\":\"ReadAction\",\"target\":[\"https:\/\/sfb1436.de\/de\/henryk-barthel-zu-gast-in-magdeburg\/\"]}]},{\"@type\":\"ImageObject\",\"inLanguage\":\"de\",\"@id\":\"https:\/\/sfb1436.de\/de\/henryk-barthel-zu-gast-in-magdeburg\/#primaryimage\",\"url\":\"https:\/\/sfb1436.de\/wp-content\/uploads\/2023\/03\/sfb-speaker.png\",\"contentUrl\":\"https:\/\/sfb1436.de\/wp-content\/uploads\/2023\/03\/sfb-speaker.png\",\"width\":1738,\"height\":313,\"caption\":\"Logo der SFB 1436 Speaker Series\"},{\"@type\":\"BreadcrumbList\",\"@id\":\"https:\/\/sfb1436.de\/de\/henryk-barthel-zu-gast-in-magdeburg\/#breadcrumb\",\"itemListElement\":[{\"@type\":\"ListItem\",\"position\":1,\"name\":\"Startseite\",\"item\":\"https:\/\/sfb1436.de\/de\/\"},{\"@type\":\"ListItem\",\"position\":2,\"name\":\"08.05.2023 &#8211; Henryk Barthel zu Gast\"}]},{\"@type\":\"WebSite\",\"@id\":\"https:\/\/sfb1436.de\/de\/#website\",\"url\":\"https:\/\/sfb1436.de\/de\/\",\"name\":\"SFB1436\",\"description\":\"\",\"publisher\":{\"@id\":\"https:\/\/sfb1436.de\/de\/#organization\"},\"potentialAction\":[{\"@type\":\"SearchAction\",\"target\":{\"@type\":\"EntryPoint\",\"urlTemplate\":\"https:\/\/sfb1436.de\/de\/?s={search_term_string}\"},\"query-input\":{\"@type\":\"PropertyValueSpecification\",\"valueRequired\":true,\"valueName\":\"search_term_string\"}}],\"inLanguage\":\"de\"},{\"@type\":\"Organization\",\"@id\":\"https:\/\/sfb1436.de\/de\/#organization\",\"name\":\"Otto-von-Guericke Universit\u00e4t Medizinische Fakult\u00e4t Institut f\u00fcr Kognitive Neurologie und Demenzforschung\",\"url\":\"https:\/\/sfb1436.de\/de\/\",\"logo\":{\"@type\":\"ImageObject\",\"inLanguage\":\"de\",\"@id\":\"https:\/\/sfb1436.de\/de\/#\/schema\/logo\/image\/\",\"url\":\"https:\/\/sfb1436.de\/wp-content\/uploads\/2021\/12\/logo-sfb.png\",\"contentUrl\":\"https:\/\/sfb1436.de\/wp-content\/uploads\/2021\/12\/logo-sfb.png\",\"width\":1244,\"height\":820,\"caption\":\"Otto-von-Guericke Universit\u00e4t Medizinische Fakult\u00e4t Institut f\u00fcr Kognitive Neurologie und Demenzforschung\"},\"image\":{\"@id\":\"https:\/\/sfb1436.de\/de\/#\/schema\/logo\/image\/\"}},{\"@type\":\"Person\",\"@id\":\"https:\/\/sfb1436.de\/de\/#\/schema\/person\/c0ef0d254080f73ef2aa76e57caa6d12\",\"name\":\"redakteur\"}]}<\/script>\n<!-- \/ Yoast SEO plugin. -->","yoast_head_json":{"title":"08.05.2023 - Henryk Barthel zu Gast - SFB1436","description":"Professor Henryk Barthel vom Universit\u00e4tsklinikum Leipzig ist zu Gast in unserer \u201eExternal Speaker Series\u201c.","robots":{"index":"index","follow":"follow","max-snippet":"max-snippet:-1","max-image-preview":"max-image-preview:large","max-video-preview":"max-video-preview:-1"},"canonical":"https:\/\/sfb1436.de\/de\/henryk-barthel-zu-gast-in-magdeburg\/","og_locale":"de_DE","og_type":"article","og_title":"08.05.2023 - Henryk Barthel zu Gast - SFB1436","og_description":"Professor Henryk Barthel vom Universit\u00e4tsklinikum Leipzig ist zu Gast in unserer \u201eExternal Speaker Series\u201c.","og_url":"https:\/\/sfb1436.de\/de\/henryk-barthel-zu-gast-in-magdeburg\/","og_site_name":"SFB1436","article_published_time":"2023-05-03T08:00:00+00:00","article_modified_time":"2025-05-19T04:30:02+00:00","og_image":[{"width":1738,"height":313,"url":"https:\/\/sfb1436.de\/wp-content\/uploads\/2023\/03\/sfb-speaker.png","type":"image\/png"}],"author":"redakteur","twitter_card":"summary_large_image","twitter_misc":{"Verfasst von":"redakteur","Gesch\u00e4tzte Lesezeit":"1\u00a0Minute"},"schema":{"@context":"https:\/\/schema.org","@graph":[{"@type":"ScholarlyArticle","@id":"https:\/\/sfb1436.de\/de\/henryk-barthel-zu-gast-in-magdeburg\/#article","isPartOf":{"@id":"https:\/\/sfb1436.de\/de\/henryk-barthel-zu-gast-in-magdeburg\/"},"author":{"name":"redakteur","@id":"https:\/\/sfb1436.de\/de\/#\/schema\/person\/c0ef0d254080f73ef2aa76e57caa6d12"},"headline":"08.05.2023 &#8211; Henryk Barthel zu Gast","datePublished":"2023-05-03T08:00:00+00:00","dateModified":"2025-05-19T04:30:02+00:00","mainEntityOfPage":{"@id":"https:\/\/sfb1436.de\/de\/henryk-barthel-zu-gast-in-magdeburg\/"},"wordCount":80,"publisher":{"@id":"https:\/\/sfb1436.de\/de\/#organization"},"image":{"@id":"https:\/\/sfb1436.de\/de\/henryk-barthel-zu-gast-in-magdeburg\/#primaryimage"},"thumbnailUrl":"https:\/\/sfb1436.de\/wp-content\/uploads\/2023\/03\/sfb-speaker.png","keywords":["Henryk Barthel","Magdeburg","Neurowissenschaften","SFB 1436"],"articleSection":["All News and Events","Alle News und Events","Events","News"],"inLanguage":"de"},{"@type":"WebPage","@id":"https:\/\/sfb1436.de\/de\/henryk-barthel-zu-gast-in-magdeburg\/","url":"https:\/\/sfb1436.de\/de\/henryk-barthel-zu-gast-in-magdeburg\/","name":"08.05.2023 - Henryk Barthel zu Gast - SFB1436","isPartOf":{"@id":"https:\/\/sfb1436.de\/de\/#website"},"primaryImageOfPage":{"@id":"https:\/\/sfb1436.de\/de\/henryk-barthel-zu-gast-in-magdeburg\/#primaryimage"},"image":{"@id":"https:\/\/sfb1436.de\/de\/henryk-barthel-zu-gast-in-magdeburg\/#primaryimage"},"thumbnailUrl":"https:\/\/sfb1436.de\/wp-content\/uploads\/2023\/03\/sfb-speaker.png","datePublished":"2023-05-03T08:00:00+00:00","dateModified":"2025-05-19T04:30:02+00:00","description":"Professor Henryk Barthel vom Universit\u00e4tsklinikum Leipzig ist zu Gast in unserer \u201eExternal Speaker Series\u201c.","breadcrumb":{"@id":"https:\/\/sfb1436.de\/de\/henryk-barthel-zu-gast-in-magdeburg\/#breadcrumb"},"inLanguage":"de","potentialAction":[{"@type":"ReadAction","target":["https:\/\/sfb1436.de\/de\/henryk-barthel-zu-gast-in-magdeburg\/"]}]},{"@type":"ImageObject","inLanguage":"de","@id":"https:\/\/sfb1436.de\/de\/henryk-barthel-zu-gast-in-magdeburg\/#primaryimage","url":"https:\/\/sfb1436.de\/wp-content\/uploads\/2023\/03\/sfb-speaker.png","contentUrl":"https:\/\/sfb1436.de\/wp-content\/uploads\/2023\/03\/sfb-speaker.png","width":1738,"height":313,"caption":"Logo der SFB 1436 Speaker Series"},{"@type":"BreadcrumbList","@id":"https:\/\/sfb1436.de\/de\/henryk-barthel-zu-gast-in-magdeburg\/#breadcrumb","itemListElement":[{"@type":"ListItem","position":1,"name":"Startseite","item":"https:\/\/sfb1436.de\/de\/"},{"@type":"ListItem","position":2,"name":"08.05.2023 &#8211; Henryk Barthel zu Gast"}]},{"@type":"WebSite","@id":"https:\/\/sfb1436.de\/de\/#website","url":"https:\/\/sfb1436.de\/de\/","name":"SFB1436","description":"","publisher":{"@id":"https:\/\/sfb1436.de\/de\/#organization"},"potentialAction":[{"@type":"SearchAction","target":{"@type":"EntryPoint","urlTemplate":"https:\/\/sfb1436.de\/de\/?s={search_term_string}"},"query-input":{"@type":"PropertyValueSpecification","valueRequired":true,"valueName":"search_term_string"}}],"inLanguage":"de"},{"@type":"Organization","@id":"https:\/\/sfb1436.de\/de\/#organization","name":"Otto-von-Guericke Universit\u00e4t Medizinische Fakult\u00e4t Institut f\u00fcr Kognitive Neurologie und Demenzforschung","url":"https:\/\/sfb1436.de\/de\/","logo":{"@type":"ImageObject","inLanguage":"de","@id":"https:\/\/sfb1436.de\/de\/#\/schema\/logo\/image\/","url":"https:\/\/sfb1436.de\/wp-content\/uploads\/2021\/12\/logo-sfb.png","contentUrl":"https:\/\/sfb1436.de\/wp-content\/uploads\/2021\/12\/logo-sfb.png","width":1244,"height":820,"caption":"Otto-von-Guericke Universit\u00e4t Medizinische Fakult\u00e4t Institut f\u00fcr Kognitive Neurologie und Demenzforschung"},"image":{"@id":"https:\/\/sfb1436.de\/de\/#\/schema\/logo\/image\/"}},{"@type":"Person","@id":"https:\/\/sfb1436.de\/de\/#\/schema\/person\/c0ef0d254080f73ef2aa76e57caa6d12","name":"redakteur"}]}},"uagb_featured_image_src":{"full":["https:\/\/sfb1436.de\/wp-content\/uploads\/2023\/03\/sfb-speaker.png",1738,313,false],"thumbnail":["https:\/\/sfb1436.de\/wp-content\/uploads\/2023\/03\/sfb-speaker-150x150.png",150,150,true],"medium":["https:\/\/sfb1436.de\/wp-content\/uploads\/2023\/03\/sfb-speaker-300x54.png",300,54,true],"medium_large":["https:\/\/sfb1436.de\/wp-content\/uploads\/2023\/03\/sfb-speaker-768x138.png",768,138,true],"large":["https:\/\/sfb1436.de\/wp-content\/uploads\/2023\/03\/sfb-speaker-1024x184.png",1024,184,true],"gs-tiny":["https:\/\/sfb1436.de\/wp-content\/uploads\/2023\/03\/sfb-speaker.png",50,9,false],"xl":["https:\/\/sfb1436.de\/wp-content\/uploads\/2023\/03\/sfb-speaker-1600x288.png",1600,288,true],"xxl":["https:\/\/sfb1436.de\/wp-content\/uploads\/2023\/03\/sfb-speaker.png",1738,313,false],"xxxl":["https:\/\/sfb1436.de\/wp-content\/uploads\/2023\/03\/sfb-speaker.png",1738,313,false],"xxxxl":["https:\/\/sfb1436.de\/wp-content\/uploads\/2023\/03\/sfb-speaker.png",1738,313,false],"xxxxxl":["https:\/\/sfb1436.de\/wp-content\/uploads\/2023\/03\/sfb-speaker.png",1738,313,false],"1536x1536":["https:\/\/sfb1436.de\/wp-content\/uploads\/2023\/03\/sfb-speaker-1536x277.png",1536,277,true],"2048x2048":["https:\/\/sfb1436.de\/wp-content\/uploads\/2023\/03\/sfb-speaker.png",1738,313,false],"awsm_team":["https:\/\/sfb1436.de\/wp-content\/uploads\/2023\/03\/sfb-speaker-800x313.png",800,313,true]},"uagb_author_info":{"display_name":"redakteur","author_link":"https:\/\/sfb1436.de\/de\/author\/redakteur\/"},"uagb_comment_info":0,"uagb_excerpt":"Wir konnten Professor Henryk Barthel von der Klinik und Poliklinik f\u00fcr Nuklearmedizin des Universit\u00e4tsklinikums Leipzig als Gast in unserer \u201eExternal Speaker Series\u201c gewinnen. Er wird am 8. Mai 2023 um 16:00 Uhr einen Vortrag mit dem Titel \u201eAmyloid and Tau PET\/MR Imaging in Dementias\u201c halten. Dieser Vortrag wird als hybride Veranstaltung im DZNE (Raum 121)&hellip;","_links":{"self":[{"href":"https:\/\/sfb1436.de\/de\/wp-json\/wp\/v2\/posts\/17471","targetHints":{"allow":["GET"]}}],"collection":[{"href":"https:\/\/sfb1436.de\/de\/wp-json\/wp\/v2\/posts"}],"about":[{"href":"https:\/\/sfb1436.de\/de\/wp-json\/wp\/v2\/types\/post"}],"author":[{"embeddable":true,"href":"https:\/\/sfb1436.de\/de\/wp-json\/wp\/v2\/users\/4"}],"replies":[{"embeddable":true,"href":"https:\/\/sfb1436.de\/de\/wp-json\/wp\/v2\/comments?post=17471"}],"version-history":[{"count":10,"href":"https:\/\/sfb1436.de\/de\/wp-json\/wp\/v2\/posts\/17471\/revisions"}],"predecessor-version":[{"id":27589,"href":"https:\/\/sfb1436.de\/de\/wp-json\/wp\/v2\/posts\/17471\/revisions\/27589"}],"wp:featuredmedia":[{"embeddable":true,"href":"https:\/\/sfb1436.de\/de\/wp-json\/wp\/v2\/media\/17103"}],"wp:attachment":[{"href":"https:\/\/sfb1436.de\/de\/wp-json\/wp\/v2\/media?parent=17471"}],"wp:term":[{"taxonomy":"category","embeddable":true,"href":"https:\/\/sfb1436.de\/de\/wp-json\/wp\/v2\/categories?post=17471"},{"taxonomy":"post_tag","embeddable":true,"href":"https:\/\/sfb1436.de\/de\/wp-json\/wp\/v2\/tags?post=17471"}],"curies":[{"name":"wp","href":"https:\/\/api.w.org\/{rel}","templated":true}]}}