{"id":17421,"date":"2023-04-21T12:58:16","date_gmt":"2023-04-21T10:58:16","guid":{"rendered":"https:\/\/sfb1436.de\/?p=17421"},"modified":"2023-08-22T11:32:22","modified_gmt":"2023-08-22T09:32:22","slug":"volksstimme-telefonforum","status":"publish","type":"post","link":"https:\/\/sfb1436.de\/de\/volksstimme-telefonforum\/","title":{"rendered":"Volksstimme-Telefonforum mit Professor D\u00fczel"},"content":{"rendered":"\n<p class=\"wp-block-paragraph\">Am Dienstag, den 25. April 2023, findet ein weiteres\u00a0<a href=\"https:\/\/www.volksstimme.de\/\" target=\"_blank\" rel=\"noreferrer noopener\">Volksstimme<\/a>-Telefonforum statt.\u00a0<\/p>\n\n\n\n<p class=\"wp-block-paragraph\"><strong>Hierbei k\u00f6nnen Leser:innen Fragen zum Thema : \u201eSo bleibt der Geist im Alter fit\u201c an Prof. Dr. med. Emrah D\u00fczel, Neurologe und Hirnforscher sowie Sprecher des Deutschen Zentrums f\u00fcr Neurodegenerative Erkrankungen Magdeburg (DZNE), und Dr. med. Wenzel Glanz, Neurologe und Leitender Arzt der Ged\u00e4chtnissprechstunde, welche als Kooperation zwischen dem\u00a0<a href=\"https:\/\/www.dzne.de\/ueber-uns\/standorte\/magdeburg\/\" target=\"_blank\" rel=\"noreferrer noopener\">DZNE\u00a0<\/a>und der\u00a0<a href=\"http:\/\/kneu.med.ovgu.de\/\">Universit\u00e4tsklinik f\u00fcr Neurologie Magdeburg<\/a>\u00a0betrieben wird, richten.\u00a0<\/strong><\/p>\n\n\n\n<p class=\"wp-block-paragraph\">Fit bis ins hohe Alter zu bleiben ist das Ziel von vielen Menschen. In den letzten Jahrzehnten hat sich die Wahrnehmung und das Bewusstsein um das \u00c4lterwerden sehr ver\u00e4ndert. Um gesund \u00e4lter zu werden, sind eine gesunde Ern\u00e4hrung, ausreichend sportliche Aktivit\u00e4t, das richtige Ma\u00df an kognitiven Herausforderungen und gute Sozialkontakte sehr wichtig. &nbsp;<\/p>\n\n\n\n<p class=\"wp-block-paragraph\">Wenn kognitive Defizite auftreten, ist insbesondere im Hinblick auf sich abzeichnende neue Therapieans\u00e4tze und neue Medikamente eine m\u00f6glichst fr\u00fche Diagnostik von Bedeutung.&nbsp;<strong>Interessierte k\u00f6nnen Fragen zu ihrem pers\u00f6nlichen Lebensstil oder auch Fragen beim Verdacht auf Ged\u00e4chtnisprobleme bei sich oder bei Angeh\u00f6rigen an die Experten stellen.<\/strong>&nbsp;Prof. D\u00fczel und Dr. Glanz erkl\u00e4ren, welche Untersuchungen bei Verdacht auf eine Demenz durchgef\u00fchrt werden und welche Behandlungsm\u00f6glichkeiten im Rahmen der Ged\u00e4chtnissprechstunde bestehen.<\/p>\n\n\n\n<p class=\"wp-block-paragraph\">Die Expert:innen sind in der Zeit von 10 bis 12 Uhr unter der&nbsp;<strong>Telefonnummer 0391\/ 532970<\/strong>&nbsp;erreichbar und stehen f\u00fcr Fragen zur Verf\u00fcgung.<\/p>\n","protected":false},"excerpt":{"rendered":"<p>Am Dienstag, den 25. April 2023, findet ein weiteres\u00a0Volksstimme-Telefonforum statt.\u00a0 Hierbei k\u00f6nnen Leser:innen Fragen zum Thema : \u201eSo bleibt der Geist im Alter fit\u201c an Prof. Dr. med. Emrah D\u00fczel, Neurologe und Hirnforscher sowie Sprecher des Deutschen Zentrums f\u00fcr Neurodegenerative Erkrankungen Magdeburg (DZNE), und Dr. med. Wenzel Glanz, Neurologe und Leitender Arzt der Ged\u00e4chtnissprechstunde, welche [&hellip;]<\/p>\n","protected":false},"author":4,"featured_media":0,"comment_status":"closed","ping_status":"closed","sticky":false,"template":"","format":"standard","meta":{"_crdt_document":"","_uag_custom_page_level_css":"","footnotes":""},"categories":[288,281,219,220,15],"tags":[373,331,372,330],"class_list":["post-17421","post","type-post","status-publish","format-standard","hentry","category-all-news-and-events-de","category-alle-news-und-events","category-events-de","category-news-de","category-unkategorisiert","tag-emrah-duezel","tag-magdeburg","tag-neurowissenschaften","tag-sfb-1436"],"yoast_head":"<!-- This site is optimized with the Yoast SEO plugin v27.1.1 - https:\/\/yoast.com\/product\/yoast-seo-wordpress\/ -->\n<title>Volksstimme-Telefonforum mit Professor D\u00fczel - SFB1436<\/title>\n<meta name=\"description\" content=\"Am Dienstag, den 25. April 2023, findet das\u00a0Volksstimme-Telefonforum zum Thema &quot;So bleibt der Geist im Alter fit\u201c Emrah D\u00fczel statt.\u00a0\" \/>\n<meta name=\"robots\" content=\"index, follow, max-snippet:-1, max-image-preview:large, max-video-preview:-1\" \/>\n<link rel=\"canonical\" href=\"https:\/\/sfb1436.de\/de\/volksstimme-telefonforum\/\" \/>\n<meta property=\"og:locale\" content=\"de_DE\" \/>\n<meta property=\"og:type\" content=\"article\" \/>\n<meta property=\"og:title\" content=\"Volksstimme-Telefonforum mit Professor D\u00fczel - SFB1436\" \/>\n<meta property=\"og:description\" content=\"Am Dienstag, den 25. April 2023, findet das\u00a0Volksstimme-Telefonforum zum Thema &quot;So bleibt der Geist im Alter fit\u201c Emrah D\u00fczel statt.\u00a0\" \/>\n<meta property=\"og:url\" content=\"https:\/\/sfb1436.de\/de\/volksstimme-telefonforum\/\" \/>\n<meta property=\"og:site_name\" content=\"SFB1436\" \/>\n<meta property=\"article:published_time\" content=\"2023-04-21T10:58:16+00:00\" \/>\n<meta property=\"article:modified_time\" content=\"2023-08-22T09:32:22+00:00\" \/>\n<meta name=\"author\" content=\"redakteur\" \/>\n<meta name=\"twitter:card\" content=\"summary_large_image\" \/>\n<meta name=\"twitter:label1\" content=\"Verfasst von\" \/>\n\t<meta name=\"twitter:data1\" content=\"redakteur\" \/>\n\t<meta name=\"twitter:label2\" content=\"Gesch\u00e4tzte Lesezeit\" \/>\n\t<meta name=\"twitter:data2\" content=\"2\u00a0Minuten\" \/>\n<script type=\"application\/ld+json\" class=\"yoast-schema-graph\">{\"@context\":\"https:\/\/schema.org\",\"@graph\":[{\"@type\":\"ScholarlyArticle\",\"@id\":\"https:\/\/sfb1436.de\/de\/volksstimme-telefonforum\/#article\",\"isPartOf\":{\"@id\":\"https:\/\/sfb1436.de\/de\/volksstimme-telefonforum\/\"},\"author\":{\"name\":\"redakteur\",\"@id\":\"https:\/\/sfb1436.de\/de\/#\/schema\/person\/c0ef0d254080f73ef2aa76e57caa6d12\"},\"headline\":\"Volksstimme-Telefonforum mit Professor D\u00fczel\",\"datePublished\":\"2023-04-21T10:58:16+00:00\",\"dateModified\":\"2023-08-22T09:32:22+00:00\",\"mainEntityOfPage\":{\"@id\":\"https:\/\/sfb1436.de\/de\/volksstimme-telefonforum\/\"},\"wordCount\":241,\"publisher\":{\"@id\":\"https:\/\/sfb1436.de\/de\/#organization\"},\"keywords\":[\"Emrah D\u00fczel\",\"Magdeburg\",\"Neurowissenschaften\",\"SFB 1436\"],\"articleSection\":[\"All News and Events\",\"Alle News und Events\",\"Events\",\"News\",\"Unkategorisiert\"],\"inLanguage\":\"de\"},{\"@type\":\"WebPage\",\"@id\":\"https:\/\/sfb1436.de\/de\/volksstimme-telefonforum\/\",\"url\":\"https:\/\/sfb1436.de\/de\/volksstimme-telefonforum\/\",\"name\":\"Volksstimme-Telefonforum mit Professor D\u00fczel - SFB1436\",\"isPartOf\":{\"@id\":\"https:\/\/sfb1436.de\/de\/#website\"},\"datePublished\":\"2023-04-21T10:58:16+00:00\",\"dateModified\":\"2023-08-22T09:32:22+00:00\",\"description\":\"Am Dienstag, den 25. April 2023, findet das\u00a0Volksstimme-Telefonforum zum Thema \\\"So bleibt der Geist im Alter fit\u201c Emrah D\u00fczel statt.\u00a0\",\"breadcrumb\":{\"@id\":\"https:\/\/sfb1436.de\/de\/volksstimme-telefonforum\/#breadcrumb\"},\"inLanguage\":\"de\",\"potentialAction\":[{\"@type\":\"ReadAction\",\"target\":[\"https:\/\/sfb1436.de\/de\/volksstimme-telefonforum\/\"]}]},{\"@type\":\"BreadcrumbList\",\"@id\":\"https:\/\/sfb1436.de\/de\/volksstimme-telefonforum\/#breadcrumb\",\"itemListElement\":[{\"@type\":\"ListItem\",\"position\":1,\"name\":\"Startseite\",\"item\":\"https:\/\/sfb1436.de\/de\/\"},{\"@type\":\"ListItem\",\"position\":2,\"name\":\"Volksstimme-Telefonforum mit Professor D\u00fczel\"}]},{\"@type\":\"WebSite\",\"@id\":\"https:\/\/sfb1436.de\/de\/#website\",\"url\":\"https:\/\/sfb1436.de\/de\/\",\"name\":\"SFB1436\",\"description\":\"\",\"publisher\":{\"@id\":\"https:\/\/sfb1436.de\/de\/#organization\"},\"potentialAction\":[{\"@type\":\"SearchAction\",\"target\":{\"@type\":\"EntryPoint\",\"urlTemplate\":\"https:\/\/sfb1436.de\/de\/?s={search_term_string}\"},\"query-input\":{\"@type\":\"PropertyValueSpecification\",\"valueRequired\":true,\"valueName\":\"search_term_string\"}}],\"inLanguage\":\"de\"},{\"@type\":\"Organization\",\"@id\":\"https:\/\/sfb1436.de\/de\/#organization\",\"name\":\"Otto-von-Guericke Universit\u00e4t Medizinische Fakult\u00e4t Institut f\u00fcr Kognitive Neurologie und Demenzforschung\",\"url\":\"https:\/\/sfb1436.de\/de\/\",\"logo\":{\"@type\":\"ImageObject\",\"inLanguage\":\"de\",\"@id\":\"https:\/\/sfb1436.de\/de\/#\/schema\/logo\/image\/\",\"url\":\"https:\/\/sfb1436.de\/wp-content\/uploads\/2021\/12\/logo-sfb.png\",\"contentUrl\":\"https:\/\/sfb1436.de\/wp-content\/uploads\/2021\/12\/logo-sfb.png\",\"width\":1244,\"height\":820,\"caption\":\"Otto-von-Guericke Universit\u00e4t Medizinische Fakult\u00e4t Institut f\u00fcr Kognitive Neurologie und Demenzforschung\"},\"image\":{\"@id\":\"https:\/\/sfb1436.de\/de\/#\/schema\/logo\/image\/\"}},{\"@type\":\"Person\",\"@id\":\"https:\/\/sfb1436.de\/de\/#\/schema\/person\/c0ef0d254080f73ef2aa76e57caa6d12\",\"name\":\"redakteur\"}]}<\/script>\n<!-- \/ Yoast SEO plugin. -->","yoast_head_json":{"title":"Volksstimme-Telefonforum mit Professor D\u00fczel - SFB1436","description":"Am Dienstag, den 25. April 2023, findet das\u00a0Volksstimme-Telefonforum zum Thema \"So bleibt der Geist im Alter fit\u201c Emrah D\u00fczel statt.\u00a0","robots":{"index":"index","follow":"follow","max-snippet":"max-snippet:-1","max-image-preview":"max-image-preview:large","max-video-preview":"max-video-preview:-1"},"canonical":"https:\/\/sfb1436.de\/de\/volksstimme-telefonforum\/","og_locale":"de_DE","og_type":"article","og_title":"Volksstimme-Telefonforum mit Professor D\u00fczel - SFB1436","og_description":"Am Dienstag, den 25. April 2023, findet das\u00a0Volksstimme-Telefonforum zum Thema \"So bleibt der Geist im Alter fit\u201c Emrah D\u00fczel statt.\u00a0","og_url":"https:\/\/sfb1436.de\/de\/volksstimme-telefonforum\/","og_site_name":"SFB1436","article_published_time":"2023-04-21T10:58:16+00:00","article_modified_time":"2023-08-22T09:32:22+00:00","author":"redakteur","twitter_card":"summary_large_image","twitter_misc":{"Verfasst von":"redakteur","Gesch\u00e4tzte Lesezeit":"2\u00a0Minuten"},"schema":{"@context":"https:\/\/schema.org","@graph":[{"@type":"ScholarlyArticle","@id":"https:\/\/sfb1436.de\/de\/volksstimme-telefonforum\/#article","isPartOf":{"@id":"https:\/\/sfb1436.de\/de\/volksstimme-telefonforum\/"},"author":{"name":"redakteur","@id":"https:\/\/sfb1436.de\/de\/#\/schema\/person\/c0ef0d254080f73ef2aa76e57caa6d12"},"headline":"Volksstimme-Telefonforum mit Professor D\u00fczel","datePublished":"2023-04-21T10:58:16+00:00","dateModified":"2023-08-22T09:32:22+00:00","mainEntityOfPage":{"@id":"https:\/\/sfb1436.de\/de\/volksstimme-telefonforum\/"},"wordCount":241,"publisher":{"@id":"https:\/\/sfb1436.de\/de\/#organization"},"keywords":["Emrah D\u00fczel","Magdeburg","Neurowissenschaften","SFB 1436"],"articleSection":["All News and Events","Alle News und Events","Events","News","Unkategorisiert"],"inLanguage":"de"},{"@type":"WebPage","@id":"https:\/\/sfb1436.de\/de\/volksstimme-telefonforum\/","url":"https:\/\/sfb1436.de\/de\/volksstimme-telefonforum\/","name":"Volksstimme-Telefonforum mit Professor D\u00fczel - SFB1436","isPartOf":{"@id":"https:\/\/sfb1436.de\/de\/#website"},"datePublished":"2023-04-21T10:58:16+00:00","dateModified":"2023-08-22T09:32:22+00:00","description":"Am Dienstag, den 25. April 2023, findet das\u00a0Volksstimme-Telefonforum zum Thema \"So bleibt der Geist im Alter fit\u201c Emrah D\u00fczel statt.\u00a0","breadcrumb":{"@id":"https:\/\/sfb1436.de\/de\/volksstimme-telefonforum\/#breadcrumb"},"inLanguage":"de","potentialAction":[{"@type":"ReadAction","target":["https:\/\/sfb1436.de\/de\/volksstimme-telefonforum\/"]}]},{"@type":"BreadcrumbList","@id":"https:\/\/sfb1436.de\/de\/volksstimme-telefonforum\/#breadcrumb","itemListElement":[{"@type":"ListItem","position":1,"name":"Startseite","item":"https:\/\/sfb1436.de\/de\/"},{"@type":"ListItem","position":2,"name":"Volksstimme-Telefonforum mit Professor D\u00fczel"}]},{"@type":"WebSite","@id":"https:\/\/sfb1436.de\/de\/#website","url":"https:\/\/sfb1436.de\/de\/","name":"SFB1436","description":"","publisher":{"@id":"https:\/\/sfb1436.de\/de\/#organization"},"potentialAction":[{"@type":"SearchAction","target":{"@type":"EntryPoint","urlTemplate":"https:\/\/sfb1436.de\/de\/?s={search_term_string}"},"query-input":{"@type":"PropertyValueSpecification","valueRequired":true,"valueName":"search_term_string"}}],"inLanguage":"de"},{"@type":"Organization","@id":"https:\/\/sfb1436.de\/de\/#organization","name":"Otto-von-Guericke Universit\u00e4t Medizinische Fakult\u00e4t Institut f\u00fcr Kognitive Neurologie und Demenzforschung","url":"https:\/\/sfb1436.de\/de\/","logo":{"@type":"ImageObject","inLanguage":"de","@id":"https:\/\/sfb1436.de\/de\/#\/schema\/logo\/image\/","url":"https:\/\/sfb1436.de\/wp-content\/uploads\/2021\/12\/logo-sfb.png","contentUrl":"https:\/\/sfb1436.de\/wp-content\/uploads\/2021\/12\/logo-sfb.png","width":1244,"height":820,"caption":"Otto-von-Guericke Universit\u00e4t Medizinische Fakult\u00e4t Institut f\u00fcr Kognitive Neurologie und Demenzforschung"},"image":{"@id":"https:\/\/sfb1436.de\/de\/#\/schema\/logo\/image\/"}},{"@type":"Person","@id":"https:\/\/sfb1436.de\/de\/#\/schema\/person\/c0ef0d254080f73ef2aa76e57caa6d12","name":"redakteur"}]}},"uagb_featured_image_src":{"full":false,"thumbnail":false,"medium":false,"medium_large":false,"large":false,"gs-tiny":false,"xl":false,"xxl":false,"xxxl":false,"xxxxl":false,"xxxxxl":false,"1536x1536":false,"2048x2048":false,"awsm_team":false},"uagb_author_info":{"display_name":"redakteur","author_link":"https:\/\/sfb1436.de\/de\/author\/redakteur\/"},"uagb_comment_info":0,"uagb_excerpt":"Am Dienstag, den 25. April 2023, findet ein weiteres\u00a0Volksstimme-Telefonforum statt.\u00a0 Hierbei k\u00f6nnen Leser:innen Fragen zum Thema : \u201eSo bleibt der Geist im Alter fit\u201c an Prof. Dr. med. Emrah D\u00fczel, Neurologe und Hirnforscher sowie Sprecher des Deutschen Zentrums f\u00fcr Neurodegenerative Erkrankungen Magdeburg (DZNE), und Dr. med. Wenzel Glanz, Neurologe und Leitender Arzt der Ged\u00e4chtnissprechstunde, welche&hellip;","_links":{"self":[{"href":"https:\/\/sfb1436.de\/de\/wp-json\/wp\/v2\/posts\/17421","targetHints":{"allow":["GET"]}}],"collection":[{"href":"https:\/\/sfb1436.de\/de\/wp-json\/wp\/v2\/posts"}],"about":[{"href":"https:\/\/sfb1436.de\/de\/wp-json\/wp\/v2\/types\/post"}],"author":[{"embeddable":true,"href":"https:\/\/sfb1436.de\/de\/wp-json\/wp\/v2\/users\/4"}],"replies":[{"embeddable":true,"href":"https:\/\/sfb1436.de\/de\/wp-json\/wp\/v2\/comments?post=17421"}],"version-history":[{"count":2,"href":"https:\/\/sfb1436.de\/de\/wp-json\/wp\/v2\/posts\/17421\/revisions"}],"predecessor-version":[{"id":18290,"href":"https:\/\/sfb1436.de\/de\/wp-json\/wp\/v2\/posts\/17421\/revisions\/18290"}],"wp:attachment":[{"href":"https:\/\/sfb1436.de\/de\/wp-json\/wp\/v2\/media?parent=17421"}],"wp:term":[{"taxonomy":"category","embeddable":true,"href":"https:\/\/sfb1436.de\/de\/wp-json\/wp\/v2\/categories?post=17421"},{"taxonomy":"post_tag","embeddable":true,"href":"https:\/\/sfb1436.de\/de\/wp-json\/wp\/v2\/tags?post=17421"}],"curies":[{"name":"wp","href":"https:\/\/api.w.org\/{rel}","templated":true}]}}