{"id":17105,"date":"2023-03-23T10:00:00","date_gmt":"2023-03-23T09:00:00","guid":{"rendered":"https:\/\/sfb1436.de\/?p=17105"},"modified":"2025-05-19T06:29:59","modified_gmt":"2025-05-19T04:29:59","slug":"03-04-2023-naechster-gastvortrag","status":"publish","type":"post","link":"https:\/\/sfb1436.de\/de\/03-04-2023-naechster-gastvortrag\/","title":{"rendered":"03.04.2023 n\u00e4chster Gastvortrag mit W. Jagust"},"content":{"rendered":"\n<div class=\"wp-block-media-text is-stacked-on-mobile\" style=\"grid-template-columns:44% auto\"><figure class=\"wp-block-media-text__media\"><a href=\"https:\/\/sfb1436.de\/wp-content\/uploads\/2023\/03\/Speaker_Series_Jagust.pdf\"><img fetchpriority=\"high\" decoding=\"async\" width=\"724\" height=\"1024\" src=\"https:\/\/sfb1436.de\/wp-content\/uploads\/2023\/03\/Speaker_Series_Jagust-724x1024.webp\" alt=\"Prof. William Jagust ist zu Gast in der SFB 1436 Speaker Series\" class=\"wp-image-17098 size-full\" srcset=\"https:\/\/sfb1436.de\/wp-content\/uploads\/2023\/03\/Speaker_Series_Jagust-724x1024.webp 724w, https:\/\/sfb1436.de\/wp-content\/uploads\/2023\/03\/Speaker_Series_Jagust-212x300.webp 212w, https:\/\/sfb1436.de\/wp-content\/uploads\/2023\/03\/Speaker_Series_Jagust-768x1087.webp 768w, https:\/\/sfb1436.de\/wp-content\/uploads\/2023\/03\/Speaker_Series_Jagust.webp 826w\" sizes=\"(max-width: 724px) 100vw, 724px\" \/><\/a><\/figure><div class=\"wp-block-media-text__content\">\n<p class=\"wp-block-paragraph\">Am 03. April 2023 ist Professor William Jagust von der UC Berkeley, zu Gast in unserer \u201eExternal Speaker Series\u201c. Er wird um 13:30 Uhr einen Vortrag mit dem Titel \u201eIs successful aging just the absence of disease?\u201c halten.<\/p>\n\n\n\n<p class=\"wp-block-paragraph\">Dieser Vortrag wird als hybride Veranstaltung im DZNE und \u00fcber Zoom stattfinden. G\u00e4ste sind herzlich willkommen.<\/p>\n\n\n\n<p class=\"wp-block-paragraph\">Den Zoom-Link erhalten Sie auf Nachfrage im&nbsp;<a href=\"https:\/\/sfb1436.de\/de\/outreach-forschung-fuer-alle\/#we4you\">Koordinationsb\u00fcro des SFB 1436.<\/a><\/p>\n<\/div><\/div>\n","protected":false},"excerpt":{"rendered":"<p>Am 03. April 2023 ist Professor William Jagust von der UC Berkeley, zu Gast in unserer \u201eExternal Speaker Series\u201c. Er wird um 13:30 Uhr einen Vortrag mit dem Titel \u201eIs successful aging just the absence of disease?\u201c halten. Dieser Vortrag wird als hybride Veranstaltung im DZNE und \u00fcber Zoom stattfinden. G\u00e4ste sind herzlich willkommen. Den [&hellip;]<\/p>\n","protected":false},"author":4,"featured_media":17103,"comment_status":"closed","ping_status":"closed","sticky":false,"template":"","format":"standard","meta":{"_crdt_document":"","_uag_custom_page_level_css":"","footnotes":""},"categories":[288,281,219,220],"tags":[331,372,330,478,515],"class_list":["post-17105","post","type-post","status-publish","format-standard","has-post-thumbnail","hentry","category-all-news-and-events-de","category-alle-news-und-events","category-events-de","category-news-de","tag-magdeburg","tag-neurowissenschaften","tag-sfb-1436","tag-vortrag","tag-william-jagust-2"],"yoast_head":"<!-- This site is optimized with the Yoast SEO plugin v27.1.1 - https:\/\/yoast.com\/product\/yoast-seo-wordpress\/ -->\n<title>03.04.2023 n\u00e4chster Gastvortrag mit W. Jagust - SFB1436<\/title>\n<meta name=\"description\" content=\"Mit Professor William Jagust von der UC Berkeley begr\u00fc\u00dfen wir am 04.03.2023 den n\u00e4chsten Vortragenden in unsere Reihe.\" \/>\n<meta name=\"robots\" content=\"index, follow, max-snippet:-1, max-image-preview:large, max-video-preview:-1\" \/>\n<link rel=\"canonical\" href=\"https:\/\/sfb1436.de\/de\/03-04-2023-naechster-gastvortrag\/\" \/>\n<meta property=\"og:locale\" content=\"de_DE\" \/>\n<meta property=\"og:type\" content=\"article\" \/>\n<meta property=\"og:title\" content=\"03.04.2023 n\u00e4chster Gastvortrag mit W. Jagust - SFB1436\" \/>\n<meta property=\"og:description\" content=\"Mit Professor William Jagust von der UC Berkeley begr\u00fc\u00dfen wir am 04.03.2023 den n\u00e4chsten Vortragenden in unsere Reihe.\" \/>\n<meta property=\"og:url\" content=\"https:\/\/sfb1436.de\/de\/03-04-2023-naechster-gastvortrag\/\" \/>\n<meta property=\"og:site_name\" content=\"SFB1436\" \/>\n<meta property=\"article:published_time\" content=\"2023-03-23T09:00:00+00:00\" \/>\n<meta property=\"article:modified_time\" content=\"2025-05-19T04:29:59+00:00\" \/>\n<meta property=\"og:image\" content=\"https:\/\/sfb1436.de\/wp-content\/uploads\/2023\/03\/sfb-speaker.png\" \/>\n\t<meta property=\"og:image:width\" content=\"1738\" \/>\n\t<meta property=\"og:image:height\" content=\"313\" \/>\n\t<meta property=\"og:image:type\" content=\"image\/png\" \/>\n<meta name=\"author\" content=\"redakteur\" \/>\n<meta name=\"twitter:card\" content=\"summary_large_image\" \/>\n<meta name=\"twitter:label1\" content=\"Verfasst von\" \/>\n\t<meta name=\"twitter:data1\" content=\"redakteur\" \/>\n\t<meta name=\"twitter:label2\" content=\"Gesch\u00e4tzte Lesezeit\" \/>\n\t<meta name=\"twitter:data2\" content=\"1\u00a0Minute\" \/>\n<script type=\"application\/ld+json\" class=\"yoast-schema-graph\">{\"@context\":\"https:\/\/schema.org\",\"@graph\":[{\"@type\":\"ScholarlyArticle\",\"@id\":\"https:\/\/sfb1436.de\/de\/03-04-2023-naechster-gastvortrag\/#article\",\"isPartOf\":{\"@id\":\"https:\/\/sfb1436.de\/de\/03-04-2023-naechster-gastvortrag\/\"},\"author\":{\"name\":\"redakteur\",\"@id\":\"https:\/\/sfb1436.de\/de\/#\/schema\/person\/c0ef0d254080f73ef2aa76e57caa6d12\"},\"headline\":\"03.04.2023 n\u00e4chster Gastvortrag mit W. Jagust\",\"datePublished\":\"2023-03-23T09:00:00+00:00\",\"dateModified\":\"2025-05-19T04:29:59+00:00\",\"mainEntityOfPage\":{\"@id\":\"https:\/\/sfb1436.de\/de\/03-04-2023-naechster-gastvortrag\/\"},\"wordCount\":70,\"publisher\":{\"@id\":\"https:\/\/sfb1436.de\/de\/#organization\"},\"image\":{\"@id\":\"https:\/\/sfb1436.de\/de\/03-04-2023-naechster-gastvortrag\/#primaryimage\"},\"thumbnailUrl\":\"https:\/\/sfb1436.de\/wp-content\/uploads\/2023\/03\/sfb-speaker.png\",\"keywords\":[\"Magdeburg\",\"Neurowissenschaften\",\"SFB 1436\",\"Vortrag\",\"William Jagust\"],\"articleSection\":[\"All News and Events\",\"Alle News und Events\",\"Events\",\"News\"],\"inLanguage\":\"de\"},{\"@type\":\"WebPage\",\"@id\":\"https:\/\/sfb1436.de\/de\/03-04-2023-naechster-gastvortrag\/\",\"url\":\"https:\/\/sfb1436.de\/de\/03-04-2023-naechster-gastvortrag\/\",\"name\":\"03.04.2023 n\u00e4chster Gastvortrag mit W. Jagust - SFB1436\",\"isPartOf\":{\"@id\":\"https:\/\/sfb1436.de\/de\/#website\"},\"primaryImageOfPage\":{\"@id\":\"https:\/\/sfb1436.de\/de\/03-04-2023-naechster-gastvortrag\/#primaryimage\"},\"image\":{\"@id\":\"https:\/\/sfb1436.de\/de\/03-04-2023-naechster-gastvortrag\/#primaryimage\"},\"thumbnailUrl\":\"https:\/\/sfb1436.de\/wp-content\/uploads\/2023\/03\/sfb-speaker.png\",\"datePublished\":\"2023-03-23T09:00:00+00:00\",\"dateModified\":\"2025-05-19T04:29:59+00:00\",\"description\":\"Mit Professor William Jagust von der UC Berkeley begr\u00fc\u00dfen wir am 04.03.2023 den n\u00e4chsten Vortragenden in unsere Reihe.\",\"breadcrumb\":{\"@id\":\"https:\/\/sfb1436.de\/de\/03-04-2023-naechster-gastvortrag\/#breadcrumb\"},\"inLanguage\":\"de\",\"potentialAction\":[{\"@type\":\"ReadAction\",\"target\":[\"https:\/\/sfb1436.de\/de\/03-04-2023-naechster-gastvortrag\/\"]}]},{\"@type\":\"ImageObject\",\"inLanguage\":\"de\",\"@id\":\"https:\/\/sfb1436.de\/de\/03-04-2023-naechster-gastvortrag\/#primaryimage\",\"url\":\"https:\/\/sfb1436.de\/wp-content\/uploads\/2023\/03\/sfb-speaker.png\",\"contentUrl\":\"https:\/\/sfb1436.de\/wp-content\/uploads\/2023\/03\/sfb-speaker.png\",\"width\":1738,\"height\":313,\"caption\":\"Logo der SFB 1436 Speaker Series\"},{\"@type\":\"BreadcrumbList\",\"@id\":\"https:\/\/sfb1436.de\/de\/03-04-2023-naechster-gastvortrag\/#breadcrumb\",\"itemListElement\":[{\"@type\":\"ListItem\",\"position\":1,\"name\":\"Startseite\",\"item\":\"https:\/\/sfb1436.de\/de\/\"},{\"@type\":\"ListItem\",\"position\":2,\"name\":\"03.04.2023 n\u00e4chster Gastvortrag mit W. Jagust\"}]},{\"@type\":\"WebSite\",\"@id\":\"https:\/\/sfb1436.de\/de\/#website\",\"url\":\"https:\/\/sfb1436.de\/de\/\",\"name\":\"SFB1436\",\"description\":\"\",\"publisher\":{\"@id\":\"https:\/\/sfb1436.de\/de\/#organization\"},\"potentialAction\":[{\"@type\":\"SearchAction\",\"target\":{\"@type\":\"EntryPoint\",\"urlTemplate\":\"https:\/\/sfb1436.de\/de\/?s={search_term_string}\"},\"query-input\":{\"@type\":\"PropertyValueSpecification\",\"valueRequired\":true,\"valueName\":\"search_term_string\"}}],\"inLanguage\":\"de\"},{\"@type\":\"Organization\",\"@id\":\"https:\/\/sfb1436.de\/de\/#organization\",\"name\":\"Otto-von-Guericke Universit\u00e4t Medizinische Fakult\u00e4t Institut f\u00fcr Kognitive Neurologie und Demenzforschung\",\"url\":\"https:\/\/sfb1436.de\/de\/\",\"logo\":{\"@type\":\"ImageObject\",\"inLanguage\":\"de\",\"@id\":\"https:\/\/sfb1436.de\/de\/#\/schema\/logo\/image\/\",\"url\":\"https:\/\/sfb1436.de\/wp-content\/uploads\/2021\/12\/logo-sfb.png\",\"contentUrl\":\"https:\/\/sfb1436.de\/wp-content\/uploads\/2021\/12\/logo-sfb.png\",\"width\":1244,\"height\":820,\"caption\":\"Otto-von-Guericke Universit\u00e4t Medizinische Fakult\u00e4t Institut f\u00fcr Kognitive Neurologie und Demenzforschung\"},\"image\":{\"@id\":\"https:\/\/sfb1436.de\/de\/#\/schema\/logo\/image\/\"}},{\"@type\":\"Person\",\"@id\":\"https:\/\/sfb1436.de\/de\/#\/schema\/person\/c0ef0d254080f73ef2aa76e57caa6d12\",\"name\":\"redakteur\"}]}<\/script>\n<!-- \/ Yoast SEO plugin. -->","yoast_head_json":{"title":"03.04.2023 n\u00e4chster Gastvortrag mit W. Jagust - SFB1436","description":"Mit Professor William Jagust von der UC Berkeley begr\u00fc\u00dfen wir am 04.03.2023 den n\u00e4chsten Vortragenden in unsere Reihe.","robots":{"index":"index","follow":"follow","max-snippet":"max-snippet:-1","max-image-preview":"max-image-preview:large","max-video-preview":"max-video-preview:-1"},"canonical":"https:\/\/sfb1436.de\/de\/03-04-2023-naechster-gastvortrag\/","og_locale":"de_DE","og_type":"article","og_title":"03.04.2023 n\u00e4chster Gastvortrag mit W. Jagust - SFB1436","og_description":"Mit Professor William Jagust von der UC Berkeley begr\u00fc\u00dfen wir am 04.03.2023 den n\u00e4chsten Vortragenden in unsere Reihe.","og_url":"https:\/\/sfb1436.de\/de\/03-04-2023-naechster-gastvortrag\/","og_site_name":"SFB1436","article_published_time":"2023-03-23T09:00:00+00:00","article_modified_time":"2025-05-19T04:29:59+00:00","og_image":[{"width":1738,"height":313,"url":"https:\/\/sfb1436.de\/wp-content\/uploads\/2023\/03\/sfb-speaker.png","type":"image\/png"}],"author":"redakteur","twitter_card":"summary_large_image","twitter_misc":{"Verfasst von":"redakteur","Gesch\u00e4tzte Lesezeit":"1\u00a0Minute"},"schema":{"@context":"https:\/\/schema.org","@graph":[{"@type":"ScholarlyArticle","@id":"https:\/\/sfb1436.de\/de\/03-04-2023-naechster-gastvortrag\/#article","isPartOf":{"@id":"https:\/\/sfb1436.de\/de\/03-04-2023-naechster-gastvortrag\/"},"author":{"name":"redakteur","@id":"https:\/\/sfb1436.de\/de\/#\/schema\/person\/c0ef0d254080f73ef2aa76e57caa6d12"},"headline":"03.04.2023 n\u00e4chster Gastvortrag mit W. Jagust","datePublished":"2023-03-23T09:00:00+00:00","dateModified":"2025-05-19T04:29:59+00:00","mainEntityOfPage":{"@id":"https:\/\/sfb1436.de\/de\/03-04-2023-naechster-gastvortrag\/"},"wordCount":70,"publisher":{"@id":"https:\/\/sfb1436.de\/de\/#organization"},"image":{"@id":"https:\/\/sfb1436.de\/de\/03-04-2023-naechster-gastvortrag\/#primaryimage"},"thumbnailUrl":"https:\/\/sfb1436.de\/wp-content\/uploads\/2023\/03\/sfb-speaker.png","keywords":["Magdeburg","Neurowissenschaften","SFB 1436","Vortrag","William Jagust"],"articleSection":["All News and Events","Alle News und Events","Events","News"],"inLanguage":"de"},{"@type":"WebPage","@id":"https:\/\/sfb1436.de\/de\/03-04-2023-naechster-gastvortrag\/","url":"https:\/\/sfb1436.de\/de\/03-04-2023-naechster-gastvortrag\/","name":"03.04.2023 n\u00e4chster Gastvortrag mit W. Jagust - SFB1436","isPartOf":{"@id":"https:\/\/sfb1436.de\/de\/#website"},"primaryImageOfPage":{"@id":"https:\/\/sfb1436.de\/de\/03-04-2023-naechster-gastvortrag\/#primaryimage"},"image":{"@id":"https:\/\/sfb1436.de\/de\/03-04-2023-naechster-gastvortrag\/#primaryimage"},"thumbnailUrl":"https:\/\/sfb1436.de\/wp-content\/uploads\/2023\/03\/sfb-speaker.png","datePublished":"2023-03-23T09:00:00+00:00","dateModified":"2025-05-19T04:29:59+00:00","description":"Mit Professor William Jagust von der UC Berkeley begr\u00fc\u00dfen wir am 04.03.2023 den n\u00e4chsten Vortragenden in unsere Reihe.","breadcrumb":{"@id":"https:\/\/sfb1436.de\/de\/03-04-2023-naechster-gastvortrag\/#breadcrumb"},"inLanguage":"de","potentialAction":[{"@type":"ReadAction","target":["https:\/\/sfb1436.de\/de\/03-04-2023-naechster-gastvortrag\/"]}]},{"@type":"ImageObject","inLanguage":"de","@id":"https:\/\/sfb1436.de\/de\/03-04-2023-naechster-gastvortrag\/#primaryimage","url":"https:\/\/sfb1436.de\/wp-content\/uploads\/2023\/03\/sfb-speaker.png","contentUrl":"https:\/\/sfb1436.de\/wp-content\/uploads\/2023\/03\/sfb-speaker.png","width":1738,"height":313,"caption":"Logo der SFB 1436 Speaker Series"},{"@type":"BreadcrumbList","@id":"https:\/\/sfb1436.de\/de\/03-04-2023-naechster-gastvortrag\/#breadcrumb","itemListElement":[{"@type":"ListItem","position":1,"name":"Startseite","item":"https:\/\/sfb1436.de\/de\/"},{"@type":"ListItem","position":2,"name":"03.04.2023 n\u00e4chster Gastvortrag mit W. Jagust"}]},{"@type":"WebSite","@id":"https:\/\/sfb1436.de\/de\/#website","url":"https:\/\/sfb1436.de\/de\/","name":"SFB1436","description":"","publisher":{"@id":"https:\/\/sfb1436.de\/de\/#organization"},"potentialAction":[{"@type":"SearchAction","target":{"@type":"EntryPoint","urlTemplate":"https:\/\/sfb1436.de\/de\/?s={search_term_string}"},"query-input":{"@type":"PropertyValueSpecification","valueRequired":true,"valueName":"search_term_string"}}],"inLanguage":"de"},{"@type":"Organization","@id":"https:\/\/sfb1436.de\/de\/#organization","name":"Otto-von-Guericke Universit\u00e4t Medizinische Fakult\u00e4t Institut f\u00fcr Kognitive Neurologie und Demenzforschung","url":"https:\/\/sfb1436.de\/de\/","logo":{"@type":"ImageObject","inLanguage":"de","@id":"https:\/\/sfb1436.de\/de\/#\/schema\/logo\/image\/","url":"https:\/\/sfb1436.de\/wp-content\/uploads\/2021\/12\/logo-sfb.png","contentUrl":"https:\/\/sfb1436.de\/wp-content\/uploads\/2021\/12\/logo-sfb.png","width":1244,"height":820,"caption":"Otto-von-Guericke Universit\u00e4t Medizinische Fakult\u00e4t Institut f\u00fcr Kognitive Neurologie und Demenzforschung"},"image":{"@id":"https:\/\/sfb1436.de\/de\/#\/schema\/logo\/image\/"}},{"@type":"Person","@id":"https:\/\/sfb1436.de\/de\/#\/schema\/person\/c0ef0d254080f73ef2aa76e57caa6d12","name":"redakteur"}]}},"uagb_featured_image_src":{"full":["https:\/\/sfb1436.de\/wp-content\/uploads\/2023\/03\/sfb-speaker.png",1738,313,false],"thumbnail":["https:\/\/sfb1436.de\/wp-content\/uploads\/2023\/03\/sfb-speaker-150x150.png",150,150,true],"medium":["https:\/\/sfb1436.de\/wp-content\/uploads\/2023\/03\/sfb-speaker-300x54.png",300,54,true],"medium_large":["https:\/\/sfb1436.de\/wp-content\/uploads\/2023\/03\/sfb-speaker-768x138.png",768,138,true],"large":["https:\/\/sfb1436.de\/wp-content\/uploads\/2023\/03\/sfb-speaker-1024x184.png",1024,184,true],"gs-tiny":["https:\/\/sfb1436.de\/wp-content\/uploads\/2023\/03\/sfb-speaker.png",50,9,false],"xl":["https:\/\/sfb1436.de\/wp-content\/uploads\/2023\/03\/sfb-speaker-1600x288.png",1600,288,true],"xxl":["https:\/\/sfb1436.de\/wp-content\/uploads\/2023\/03\/sfb-speaker.png",1738,313,false],"xxxl":["https:\/\/sfb1436.de\/wp-content\/uploads\/2023\/03\/sfb-speaker.png",1738,313,false],"xxxxl":["https:\/\/sfb1436.de\/wp-content\/uploads\/2023\/03\/sfb-speaker.png",1738,313,false],"xxxxxl":["https:\/\/sfb1436.de\/wp-content\/uploads\/2023\/03\/sfb-speaker.png",1738,313,false],"1536x1536":["https:\/\/sfb1436.de\/wp-content\/uploads\/2023\/03\/sfb-speaker-1536x277.png",1536,277,true],"2048x2048":["https:\/\/sfb1436.de\/wp-content\/uploads\/2023\/03\/sfb-speaker.png",1738,313,false],"awsm_team":["https:\/\/sfb1436.de\/wp-content\/uploads\/2023\/03\/sfb-speaker-800x313.png",800,313,true]},"uagb_author_info":{"display_name":"redakteur","author_link":"https:\/\/sfb1436.de\/de\/author\/redakteur\/"},"uagb_comment_info":0,"uagb_excerpt":"Am 03. April 2023 ist Professor William Jagust von der UC Berkeley, zu Gast in unserer \u201eExternal Speaker Series\u201c. Er wird um 13:30 Uhr einen Vortrag mit dem Titel \u201eIs successful aging just the absence of disease?\u201c halten. Dieser Vortrag wird als hybride Veranstaltung im DZNE und \u00fcber Zoom stattfinden. G\u00e4ste sind herzlich willkommen. Den&hellip;","_links":{"self":[{"href":"https:\/\/sfb1436.de\/de\/wp-json\/wp\/v2\/posts\/17105","targetHints":{"allow":["GET"]}}],"collection":[{"href":"https:\/\/sfb1436.de\/de\/wp-json\/wp\/v2\/posts"}],"about":[{"href":"https:\/\/sfb1436.de\/de\/wp-json\/wp\/v2\/types\/post"}],"author":[{"embeddable":true,"href":"https:\/\/sfb1436.de\/de\/wp-json\/wp\/v2\/users\/4"}],"replies":[{"embeddable":true,"href":"https:\/\/sfb1436.de\/de\/wp-json\/wp\/v2\/comments?post=17105"}],"version-history":[{"count":9,"href":"https:\/\/sfb1436.de\/de\/wp-json\/wp\/v2\/posts\/17105\/revisions"}],"predecessor-version":[{"id":27563,"href":"https:\/\/sfb1436.de\/de\/wp-json\/wp\/v2\/posts\/17105\/revisions\/27563"}],"wp:featuredmedia":[{"embeddable":true,"href":"https:\/\/sfb1436.de\/de\/wp-json\/wp\/v2\/media\/17103"}],"wp:attachment":[{"href":"https:\/\/sfb1436.de\/de\/wp-json\/wp\/v2\/media?parent=17105"}],"wp:term":[{"taxonomy":"category","embeddable":true,"href":"https:\/\/sfb1436.de\/de\/wp-json\/wp\/v2\/categories?post=17105"},{"taxonomy":"post_tag","embeddable":true,"href":"https:\/\/sfb1436.de\/de\/wp-json\/wp\/v2\/tags?post=17105"}],"curies":[{"name":"wp","href":"https:\/\/api.w.org\/{rel}","templated":true}]}}