{"id":16953,"date":"2023-02-23T09:00:00","date_gmt":"2023-02-23T08:00:00","guid":{"rendered":"https:\/\/sfb1436.de\/?p=16953"},"modified":"2025-05-19T06:29:58","modified_gmt":"2025-05-19T04:29:58","slug":"c02-beim-4-open-lab-day","status":"publish","type":"post","link":"https:\/\/sfb1436.de\/de\/c02-beim-4-open-lab-day\/","title":{"rendered":"C02 beim 4. Open Lab Day"},"content":{"rendered":"\n<p class=\"has-text-align-center wp-block-paragraph\">Schon zum vierten Mal findet der SFB Open Lab Day statt.<\/p>\n\n\n\n<p class=\"has-text-align-center wp-block-paragraph\">Das Teilprojekt C02 &#8222;Explorative Aufmerksamkeitsressourcenallokation durch den anterioren pr\u00e4frontalen Kortex&#8220; l\u00e4dt Sie herzlich zum offenen Labor am 02.03.2023 ab 14 Uhr ein.<\/p>\n\n\n\n<figure class=\"wp-block-image size-large\"><a href=\"https:\/\/sfb1436.de\/wp-content\/uploads\/2023\/02\/Open_Lab_C02.pdf\"><img fetchpriority=\"high\" decoding=\"async\" width=\"1024\" height=\"483\" src=\"https:\/\/sfb1436.de\/wp-content\/uploads\/2023\/02\/Open_Lab_C02-1024x483.webp\" alt=\"Das Teilprojekt C02 \"Explorative Aufmerksamkeitsressourcenallokation durch den anterioren pr\u00e4frontalen Kortex\" l\u00e4dt zum open lab day ein.\"Explorative Aufmerksamkeitsressourcenallokation durch den anterioren pr\u00e4frontalen Kortex\" l\u00e4dt zum open lab day ein.\"Explorative Aufmerksamkeitsressourcenallokation durch den anterioren pr\u00e4frontalen Kortex\" l\u00e4dt zum open lab day ein.\"Explorative Aufmerksamkeitsressourcenallokation durch den anterioren pr\u00e4frontalen Kortex\" l\u00e4dt zum open lab day ein.\"Explorative Aufmerksamkeitsressourcenallokation durch den anterioren pr\u00e4frontalen Kortex\" l\u00e4dt zum open lab day ein.\"Explorative Aufmerksamkeitsressourcenallokation durch den anterioren pr\u00e4frontalen Kortex\" l\u00e4dt zum open lab day ein.\"Explorative Aufmerksamkeitsressourcenallokation durch den anterioren pr\u00e4frontalen Kortex\" l\u00e4dt zum open lab day ein.\" class=\"wp-image-16945\" srcset=\"https:\/\/sfb1436.de\/wp-content\/uploads\/2023\/02\/Open_Lab_C02-1024x483.webp 1024w, https:\/\/sfb1436.de\/wp-content\/uploads\/2023\/02\/Open_Lab_C02-300x141.webp 300w, https:\/\/sfb1436.de\/wp-content\/uploads\/2023\/02\/Open_Lab_C02-768x362.webp 768w, https:\/\/sfb1436.de\/wp-content\/uploads\/2023\/02\/Open_Lab_C02-1536x724.webp 1536w, https:\/\/sfb1436.de\/wp-content\/uploads\/2023\/02\/Open_Lab_C02-1600x755.webp 1600w, https:\/\/sfb1436.de\/wp-content\/uploads\/2023\/02\/Open_Lab_C02.webp 1688w\" sizes=\"(max-width: 1024px) 100vw, 1024px\" \/><\/a><\/figure>\n","protected":false},"excerpt":{"rendered":"<p>Schon zum vierten Mal findet der SFB Open Lab Day statt. Das Teilprojekt C02 &#8222;Explorative Aufmerksamkeitsressourcenallokation durch den anterioren pr\u00e4frontalen Kortex&#8220; l\u00e4dt Sie herzlich zum offenen Labor am 02.03.2023 ab 14 Uhr ein.<\/p>\n","protected":false},"author":4,"featured_media":16954,"comment_status":"closed","ping_status":"closed","sticky":false,"template":"","format":"standard","meta":{"_crdt_document":"","_uag_custom_page_level_css":"","footnotes":""},"categories":[288,281,219,220],"tags":[566,331,372,421,330],"class_list":["post-16953","post","type-post","status-publish","format-standard","has-post-thumbnail","hentry","category-all-news-and-events-de","category-alle-news-und-events","category-events-de","category-news-de","tag-crc-1436-de","tag-magdeburg","tag-neurowissenschaften","tag-open-lab-day","tag-sfb-1436"],"yoast_head":"<!-- This site is optimized with the Yoast SEO plugin v27.1.1 - https:\/\/yoast.com\/product\/yoast-seo-wordpress\/ -->\n<title>C02 beim 4. Open Lab Day - SFB1436<\/title>\n<meta name=\"description\" content=\"Das Teilprojekt &quot;Explorative Aufmerksamkeitsressourcenallokation durch den anterioren pr\u00e4frontalen Kortex&quot; l\u00e4dt zum offenen Labor ein.\" \/>\n<meta name=\"robots\" content=\"index, follow, max-snippet:-1, max-image-preview:large, max-video-preview:-1\" \/>\n<link rel=\"canonical\" href=\"https:\/\/sfb1436.de\/de\/c02-beim-4-open-lab-day\/\" \/>\n<meta property=\"og:locale\" content=\"de_DE\" \/>\n<meta property=\"og:type\" content=\"article\" \/>\n<meta property=\"og:title\" content=\"C02 beim 4. Open Lab Day - SFB1436\" \/>\n<meta property=\"og:description\" content=\"Das Teilprojekt &quot;Explorative Aufmerksamkeitsressourcenallokation durch den anterioren pr\u00e4frontalen Kortex&quot; l\u00e4dt zum offenen Labor ein.\" \/>\n<meta property=\"og:url\" content=\"https:\/\/sfb1436.de\/de\/c02-beim-4-open-lab-day\/\" \/>\n<meta property=\"og:site_name\" content=\"SFB1436\" \/>\n<meta property=\"article:published_time\" content=\"2023-02-23T08:00:00+00:00\" \/>\n<meta property=\"article:modified_time\" content=\"2025-05-19T04:29:58+00:00\" \/>\n<meta property=\"og:image\" content=\"https:\/\/sfb1436.de\/wp-content\/uploads\/2023\/02\/Icons_C02.png\" \/>\n\t<meta property=\"og:image:width\" content=\"1260\" \/>\n\t<meta property=\"og:image:height\" content=\"896\" \/>\n\t<meta property=\"og:image:type\" content=\"image\/png\" \/>\n<meta name=\"author\" content=\"redakteur\" \/>\n<meta name=\"twitter:card\" content=\"summary_large_image\" \/>\n<meta name=\"twitter:label1\" content=\"Verfasst von\" \/>\n\t<meta name=\"twitter:data1\" content=\"redakteur\" \/>\n\t<meta name=\"twitter:label2\" content=\"Gesch\u00e4tzte Lesezeit\" \/>\n\t<meta name=\"twitter:data2\" content=\"1\u00a0Minute\" \/>\n<script type=\"application\/ld+json\" class=\"yoast-schema-graph\">{\"@context\":\"https:\/\/schema.org\",\"@graph\":[{\"@type\":\"ScholarlyArticle\",\"@id\":\"https:\/\/sfb1436.de\/de\/c02-beim-4-open-lab-day\/#article\",\"isPartOf\":{\"@id\":\"https:\/\/sfb1436.de\/de\/c02-beim-4-open-lab-day\/\"},\"author\":{\"name\":\"redakteur\",\"@id\":\"https:\/\/sfb1436.de\/de\/#\/schema\/person\/c0ef0d254080f73ef2aa76e57caa6d12\"},\"headline\":\"C02 beim 4. Open Lab Day\",\"datePublished\":\"2023-02-23T08:00:00+00:00\",\"dateModified\":\"2025-05-19T04:29:58+00:00\",\"mainEntityOfPage\":{\"@id\":\"https:\/\/sfb1436.de\/de\/c02-beim-4-open-lab-day\/\"},\"wordCount\":38,\"publisher\":{\"@id\":\"https:\/\/sfb1436.de\/de\/#organization\"},\"image\":{\"@id\":\"https:\/\/sfb1436.de\/de\/c02-beim-4-open-lab-day\/#primaryimage\"},\"thumbnailUrl\":\"https:\/\/sfb1436.de\/wp-content\/uploads\/2023\/02\/Icons_C02.png\",\"keywords\":[\"CRC 1436\",\"Magdeburg\",\"Neurowissenschaften\",\"Open Lab Day\",\"SFB 1436\"],\"articleSection\":[\"All News and Events\",\"Alle News und Events\",\"Events\",\"News\"],\"inLanguage\":\"de\"},{\"@type\":\"WebPage\",\"@id\":\"https:\/\/sfb1436.de\/de\/c02-beim-4-open-lab-day\/\",\"url\":\"https:\/\/sfb1436.de\/de\/c02-beim-4-open-lab-day\/\",\"name\":\"C02 beim 4. Open Lab Day - SFB1436\",\"isPartOf\":{\"@id\":\"https:\/\/sfb1436.de\/de\/#website\"},\"primaryImageOfPage\":{\"@id\":\"https:\/\/sfb1436.de\/de\/c02-beim-4-open-lab-day\/#primaryimage\"},\"image\":{\"@id\":\"https:\/\/sfb1436.de\/de\/c02-beim-4-open-lab-day\/#primaryimage\"},\"thumbnailUrl\":\"https:\/\/sfb1436.de\/wp-content\/uploads\/2023\/02\/Icons_C02.png\",\"datePublished\":\"2023-02-23T08:00:00+00:00\",\"dateModified\":\"2025-05-19T04:29:58+00:00\",\"description\":\"Das Teilprojekt \\\"Explorative Aufmerksamkeitsressourcenallokation durch den anterioren pr\u00e4frontalen Kortex\\\" l\u00e4dt zum offenen Labor ein.\",\"breadcrumb\":{\"@id\":\"https:\/\/sfb1436.de\/de\/c02-beim-4-open-lab-day\/#breadcrumb\"},\"inLanguage\":\"de\",\"potentialAction\":[{\"@type\":\"ReadAction\",\"target\":[\"https:\/\/sfb1436.de\/de\/c02-beim-4-open-lab-day\/\"]}]},{\"@type\":\"ImageObject\",\"inLanguage\":\"de\",\"@id\":\"https:\/\/sfb1436.de\/de\/c02-beim-4-open-lab-day\/#primaryimage\",\"url\":\"https:\/\/sfb1436.de\/wp-content\/uploads\/2023\/02\/Icons_C02.png\",\"contentUrl\":\"https:\/\/sfb1436.de\/wp-content\/uploads\/2023\/02\/Icons_C02.png\",\"width\":1260,\"height\":896,\"caption\":\"Icon of C02\"},{\"@type\":\"BreadcrumbList\",\"@id\":\"https:\/\/sfb1436.de\/de\/c02-beim-4-open-lab-day\/#breadcrumb\",\"itemListElement\":[{\"@type\":\"ListItem\",\"position\":1,\"name\":\"Startseite\",\"item\":\"https:\/\/sfb1436.de\/de\/\"},{\"@type\":\"ListItem\",\"position\":2,\"name\":\"C02 beim 4. Open Lab Day\"}]},{\"@type\":\"WebSite\",\"@id\":\"https:\/\/sfb1436.de\/de\/#website\",\"url\":\"https:\/\/sfb1436.de\/de\/\",\"name\":\"SFB1436\",\"description\":\"\",\"publisher\":{\"@id\":\"https:\/\/sfb1436.de\/de\/#organization\"},\"potentialAction\":[{\"@type\":\"SearchAction\",\"target\":{\"@type\":\"EntryPoint\",\"urlTemplate\":\"https:\/\/sfb1436.de\/de\/?s={search_term_string}\"},\"query-input\":{\"@type\":\"PropertyValueSpecification\",\"valueRequired\":true,\"valueName\":\"search_term_string\"}}],\"inLanguage\":\"de\"},{\"@type\":\"Organization\",\"@id\":\"https:\/\/sfb1436.de\/de\/#organization\",\"name\":\"Otto-von-Guericke Universit\u00e4t Medizinische Fakult\u00e4t Institut f\u00fcr Kognitive Neurologie und Demenzforschung\",\"url\":\"https:\/\/sfb1436.de\/de\/\",\"logo\":{\"@type\":\"ImageObject\",\"inLanguage\":\"de\",\"@id\":\"https:\/\/sfb1436.de\/de\/#\/schema\/logo\/image\/\",\"url\":\"https:\/\/sfb1436.de\/wp-content\/uploads\/2021\/12\/logo-sfb.png\",\"contentUrl\":\"https:\/\/sfb1436.de\/wp-content\/uploads\/2021\/12\/logo-sfb.png\",\"width\":1244,\"height\":820,\"caption\":\"Otto-von-Guericke Universit\u00e4t Medizinische Fakult\u00e4t Institut f\u00fcr Kognitive Neurologie und Demenzforschung\"},\"image\":{\"@id\":\"https:\/\/sfb1436.de\/de\/#\/schema\/logo\/image\/\"}},{\"@type\":\"Person\",\"@id\":\"https:\/\/sfb1436.de\/de\/#\/schema\/person\/c0ef0d254080f73ef2aa76e57caa6d12\",\"name\":\"redakteur\"}]}<\/script>\n<!-- \/ Yoast SEO plugin. -->","yoast_head_json":{"title":"C02 beim 4. Open Lab Day - SFB1436","description":"Das Teilprojekt \"Explorative Aufmerksamkeitsressourcenallokation durch den anterioren pr\u00e4frontalen Kortex\" l\u00e4dt zum offenen Labor ein.","robots":{"index":"index","follow":"follow","max-snippet":"max-snippet:-1","max-image-preview":"max-image-preview:large","max-video-preview":"max-video-preview:-1"},"canonical":"https:\/\/sfb1436.de\/de\/c02-beim-4-open-lab-day\/","og_locale":"de_DE","og_type":"article","og_title":"C02 beim 4. Open Lab Day - SFB1436","og_description":"Das Teilprojekt \"Explorative Aufmerksamkeitsressourcenallokation durch den anterioren pr\u00e4frontalen Kortex\" l\u00e4dt zum offenen Labor ein.","og_url":"https:\/\/sfb1436.de\/de\/c02-beim-4-open-lab-day\/","og_site_name":"SFB1436","article_published_time":"2023-02-23T08:00:00+00:00","article_modified_time":"2025-05-19T04:29:58+00:00","og_image":[{"width":1260,"height":896,"url":"https:\/\/sfb1436.de\/wp-content\/uploads\/2023\/02\/Icons_C02.png","type":"image\/png"}],"author":"redakteur","twitter_card":"summary_large_image","twitter_misc":{"Verfasst von":"redakteur","Gesch\u00e4tzte Lesezeit":"1\u00a0Minute"},"schema":{"@context":"https:\/\/schema.org","@graph":[{"@type":"ScholarlyArticle","@id":"https:\/\/sfb1436.de\/de\/c02-beim-4-open-lab-day\/#article","isPartOf":{"@id":"https:\/\/sfb1436.de\/de\/c02-beim-4-open-lab-day\/"},"author":{"name":"redakteur","@id":"https:\/\/sfb1436.de\/de\/#\/schema\/person\/c0ef0d254080f73ef2aa76e57caa6d12"},"headline":"C02 beim 4. Open Lab Day","datePublished":"2023-02-23T08:00:00+00:00","dateModified":"2025-05-19T04:29:58+00:00","mainEntityOfPage":{"@id":"https:\/\/sfb1436.de\/de\/c02-beim-4-open-lab-day\/"},"wordCount":38,"publisher":{"@id":"https:\/\/sfb1436.de\/de\/#organization"},"image":{"@id":"https:\/\/sfb1436.de\/de\/c02-beim-4-open-lab-day\/#primaryimage"},"thumbnailUrl":"https:\/\/sfb1436.de\/wp-content\/uploads\/2023\/02\/Icons_C02.png","keywords":["CRC 1436","Magdeburg","Neurowissenschaften","Open Lab Day","SFB 1436"],"articleSection":["All News and Events","Alle News und Events","Events","News"],"inLanguage":"de"},{"@type":"WebPage","@id":"https:\/\/sfb1436.de\/de\/c02-beim-4-open-lab-day\/","url":"https:\/\/sfb1436.de\/de\/c02-beim-4-open-lab-day\/","name":"C02 beim 4. Open Lab Day - SFB1436","isPartOf":{"@id":"https:\/\/sfb1436.de\/de\/#website"},"primaryImageOfPage":{"@id":"https:\/\/sfb1436.de\/de\/c02-beim-4-open-lab-day\/#primaryimage"},"image":{"@id":"https:\/\/sfb1436.de\/de\/c02-beim-4-open-lab-day\/#primaryimage"},"thumbnailUrl":"https:\/\/sfb1436.de\/wp-content\/uploads\/2023\/02\/Icons_C02.png","datePublished":"2023-02-23T08:00:00+00:00","dateModified":"2025-05-19T04:29:58+00:00","description":"Das Teilprojekt \"Explorative Aufmerksamkeitsressourcenallokation durch den anterioren pr\u00e4frontalen Kortex\" l\u00e4dt zum offenen Labor ein.","breadcrumb":{"@id":"https:\/\/sfb1436.de\/de\/c02-beim-4-open-lab-day\/#breadcrumb"},"inLanguage":"de","potentialAction":[{"@type":"ReadAction","target":["https:\/\/sfb1436.de\/de\/c02-beim-4-open-lab-day\/"]}]},{"@type":"ImageObject","inLanguage":"de","@id":"https:\/\/sfb1436.de\/de\/c02-beim-4-open-lab-day\/#primaryimage","url":"https:\/\/sfb1436.de\/wp-content\/uploads\/2023\/02\/Icons_C02.png","contentUrl":"https:\/\/sfb1436.de\/wp-content\/uploads\/2023\/02\/Icons_C02.png","width":1260,"height":896,"caption":"Icon of C02"},{"@type":"BreadcrumbList","@id":"https:\/\/sfb1436.de\/de\/c02-beim-4-open-lab-day\/#breadcrumb","itemListElement":[{"@type":"ListItem","position":1,"name":"Startseite","item":"https:\/\/sfb1436.de\/de\/"},{"@type":"ListItem","position":2,"name":"C02 beim 4. Open Lab Day"}]},{"@type":"WebSite","@id":"https:\/\/sfb1436.de\/de\/#website","url":"https:\/\/sfb1436.de\/de\/","name":"SFB1436","description":"","publisher":{"@id":"https:\/\/sfb1436.de\/de\/#organization"},"potentialAction":[{"@type":"SearchAction","target":{"@type":"EntryPoint","urlTemplate":"https:\/\/sfb1436.de\/de\/?s={search_term_string}"},"query-input":{"@type":"PropertyValueSpecification","valueRequired":true,"valueName":"search_term_string"}}],"inLanguage":"de"},{"@type":"Organization","@id":"https:\/\/sfb1436.de\/de\/#organization","name":"Otto-von-Guericke Universit\u00e4t Medizinische Fakult\u00e4t Institut f\u00fcr Kognitive Neurologie und Demenzforschung","url":"https:\/\/sfb1436.de\/de\/","logo":{"@type":"ImageObject","inLanguage":"de","@id":"https:\/\/sfb1436.de\/de\/#\/schema\/logo\/image\/","url":"https:\/\/sfb1436.de\/wp-content\/uploads\/2021\/12\/logo-sfb.png","contentUrl":"https:\/\/sfb1436.de\/wp-content\/uploads\/2021\/12\/logo-sfb.png","width":1244,"height":820,"caption":"Otto-von-Guericke Universit\u00e4t Medizinische Fakult\u00e4t Institut f\u00fcr Kognitive Neurologie und Demenzforschung"},"image":{"@id":"https:\/\/sfb1436.de\/de\/#\/schema\/logo\/image\/"}},{"@type":"Person","@id":"https:\/\/sfb1436.de\/de\/#\/schema\/person\/c0ef0d254080f73ef2aa76e57caa6d12","name":"redakteur"}]}},"uagb_featured_image_src":{"full":["https:\/\/sfb1436.de\/wp-content\/uploads\/2023\/02\/Icons_C02.png",1260,896,false],"thumbnail":["https:\/\/sfb1436.de\/wp-content\/uploads\/2023\/02\/Icons_C02-150x150.png",150,150,true],"medium":["https:\/\/sfb1436.de\/wp-content\/uploads\/2023\/02\/Icons_C02-300x213.png",300,213,true],"medium_large":["https:\/\/sfb1436.de\/wp-content\/uploads\/2023\/02\/Icons_C02-768x546.png",768,546,true],"large":["https:\/\/sfb1436.de\/wp-content\/uploads\/2023\/02\/Icons_C02-1024x728.png",1024,728,true],"gs-tiny":["https:\/\/sfb1436.de\/wp-content\/uploads\/2023\/02\/Icons_C02.png",50,36,false],"xl":["https:\/\/sfb1436.de\/wp-content\/uploads\/2023\/02\/Icons_C02.png",1260,896,false],"xxl":["https:\/\/sfb1436.de\/wp-content\/uploads\/2023\/02\/Icons_C02.png",1260,896,false],"xxxl":["https:\/\/sfb1436.de\/wp-content\/uploads\/2023\/02\/Icons_C02.png",1260,896,false],"xxxxl":["https:\/\/sfb1436.de\/wp-content\/uploads\/2023\/02\/Icons_C02.png",1260,896,false],"xxxxxl":["https:\/\/sfb1436.de\/wp-content\/uploads\/2023\/02\/Icons_C02.png",1260,896,false],"1536x1536":["https:\/\/sfb1436.de\/wp-content\/uploads\/2023\/02\/Icons_C02.png",1260,896,false],"2048x2048":["https:\/\/sfb1436.de\/wp-content\/uploads\/2023\/02\/Icons_C02.png",1260,896,false],"awsm_team":["https:\/\/sfb1436.de\/wp-content\/uploads\/2023\/02\/Icons_C02-800x896.png",800,896,true]},"uagb_author_info":{"display_name":"redakteur","author_link":"https:\/\/sfb1436.de\/de\/author\/redakteur\/"},"uagb_comment_info":0,"uagb_excerpt":"Schon zum vierten Mal findet der SFB Open Lab Day statt. Das Teilprojekt C02 &#8222;Explorative Aufmerksamkeitsressourcenallokation durch den anterioren pr\u00e4frontalen Kortex&#8220; l\u00e4dt Sie herzlich zum offenen Labor am 02.03.2023 ab 14 Uhr ein.","_links":{"self":[{"href":"https:\/\/sfb1436.de\/de\/wp-json\/wp\/v2\/posts\/16953","targetHints":{"allow":["GET"]}}],"collection":[{"href":"https:\/\/sfb1436.de\/de\/wp-json\/wp\/v2\/posts"}],"about":[{"href":"https:\/\/sfb1436.de\/de\/wp-json\/wp\/v2\/types\/post"}],"author":[{"embeddable":true,"href":"https:\/\/sfb1436.de\/de\/wp-json\/wp\/v2\/users\/4"}],"replies":[{"embeddable":true,"href":"https:\/\/sfb1436.de\/de\/wp-json\/wp\/v2\/comments?post=16953"}],"version-history":[{"count":10,"href":"https:\/\/sfb1436.de\/de\/wp-json\/wp\/v2\/posts\/16953\/revisions"}],"predecessor-version":[{"id":27549,"href":"https:\/\/sfb1436.de\/de\/wp-json\/wp\/v2\/posts\/16953\/revisions\/27549"}],"wp:featuredmedia":[{"embeddable":true,"href":"https:\/\/sfb1436.de\/de\/wp-json\/wp\/v2\/media\/16954"}],"wp:attachment":[{"href":"https:\/\/sfb1436.de\/de\/wp-json\/wp\/v2\/media?parent=16953"}],"wp:term":[{"taxonomy":"category","embeddable":true,"href":"https:\/\/sfb1436.de\/de\/wp-json\/wp\/v2\/categories?post=16953"},{"taxonomy":"post_tag","embeddable":true,"href":"https:\/\/sfb1436.de\/de\/wp-json\/wp\/v2\/tags?post=16953"}],"curies":[{"name":"wp","href":"https:\/\/api.w.org\/{rel}","templated":true}]}}