{"id":16587,"date":"2023-02-14T12:00:00","date_gmt":"2023-02-14T11:00:00","guid":{"rendered":"https:\/\/sfb1436.de\/?p=16587"},"modified":"2025-05-19T06:29:56","modified_gmt":"2025-05-19T04:29:56","slug":"save-the-date-sfb-1436-retreat-2023","status":"publish","type":"post","link":"https:\/\/sfb1436.de\/de\/save-the-date-sfb-1436-retreat-2023\/","title":{"rendered":"N\u00e4chstes SFB-Retreat  &#8211; 20.-22.06.2023"},"content":{"rendered":"\n<figure class=\"wp-block-image size-full\"><img fetchpriority=\"high\" decoding=\"async\" width=\"826\" height=\"582\" src=\"https:\/\/sfb1436.de\/wp-content\/uploads\/2023\/02\/SaveTheDate_Retreat2023.webp\" alt=\"Safe the date f\u00fcr SFB 1436 Retreat 2023\" class=\"wp-image-16724\" srcset=\"https:\/\/sfb1436.de\/wp-content\/uploads\/2023\/02\/SaveTheDate_Retreat2023.webp 826w, https:\/\/sfb1436.de\/wp-content\/uploads\/2023\/02\/SaveTheDate_Retreat2023-300x211.webp 300w, https:\/\/sfb1436.de\/wp-content\/uploads\/2023\/02\/SaveTheDate_Retreat2023-768x541.webp 768w\" sizes=\"(max-width: 826px) 100vw, 826px\" \/><\/figure>\n\n\n\n<p class=\"has-text-align-center wp-block-paragraph\">Unbedingt vormerken: Der Termin f\u00fcr das SFB-Retreat 2023 steht fest!<\/p>\n\n\n\n<p class=\"has-text-align-center wp-block-paragraph\">Jetzt steht es fest! Unser n\u00e4chstes j\u00e4hrliches SFB-Retreat findet vom 20. bis zum 22.06.2023 im B\u00f6rdehof Barleben in der N\u00e4he von Magdeburg statt. Wie im vergangenen Jahr auch werden wieder einige Zimmer f\u00fcr die \u00dcbernachtung zur Verf\u00fcgung stehen. Wir werden auch wieder ein Shuttle organisieren.<\/p>\n\n\n\n<p class=\"has-text-align-center wp-block-paragraph\">Alle Details folgen in K\u00fcrze.<\/p>\n","protected":false},"excerpt":{"rendered":"<p>Unbedingt vormerken: Der Termin f\u00fcr das SFB-Retreat 2023 steht fest! Jetzt steht es fest! Unser n\u00e4chstes j\u00e4hrliches SFB-Retreat findet vom 20. bis zum 22.06.2023 im B\u00f6rdehof Barleben in der N\u00e4he von Magdeburg statt. Wie im vergangenen Jahr auch werden wieder einige Zimmer f\u00fcr die \u00dcbernachtung zur Verf\u00fcgung stehen. Wir werden auch wieder ein Shuttle organisieren. [&hellip;]<\/p>\n","protected":false},"author":4,"featured_media":16722,"comment_status":"closed","ping_status":"closed","sticky":false,"template":"","format":"standard","meta":{"_crdt_document":"","_uag_custom_page_level_css":"","footnotes":""},"categories":[288,281,219,220],"tags":[566,331,372,457,330],"class_list":["post-16587","post","type-post","status-publish","format-standard","has-post-thumbnail","hentry","category-all-news-and-events-de","category-alle-news-und-events","category-events-de","category-news-de","tag-crc-1436-de","tag-magdeburg","tag-neurowissenschaften","tag-retreat-2023-2","tag-sfb-1436"],"yoast_head":"<!-- This site is optimized with the Yoast SEO plugin v27.1.1 - https:\/\/yoast.com\/product\/yoast-seo-wordpress\/ -->\n<title>N\u00e4chstes SFB-Retreat - 20.-22.06.2023 - SFB1436<\/title>\n<meta name=\"description\" content=\"Jetzt steht es fest! Unser n\u00e4chstes j\u00e4hrliches SFB-Retreat findet vom 20. bis zum 22.06.2023 im B\u00f6rdehof Barleben statt.\" \/>\n<meta name=\"robots\" content=\"index, follow, max-snippet:-1, max-image-preview:large, max-video-preview:-1\" \/>\n<link rel=\"canonical\" href=\"https:\/\/sfb1436.de\/de\/save-the-date-sfb-1436-retreat-2023\/\" \/>\n<meta property=\"og:locale\" content=\"de_DE\" \/>\n<meta property=\"og:type\" content=\"article\" \/>\n<meta property=\"og:title\" content=\"N\u00e4chstes SFB-Retreat - 20.-22.06.2023 - SFB1436\" \/>\n<meta property=\"og:description\" content=\"Jetzt steht es fest! Unser n\u00e4chstes j\u00e4hrliches SFB-Retreat findet vom 20. bis zum 22.06.2023 im B\u00f6rdehof Barleben statt.\" \/>\n<meta property=\"og:url\" content=\"https:\/\/sfb1436.de\/de\/save-the-date-sfb-1436-retreat-2023\/\" \/>\n<meta property=\"og:site_name\" content=\"SFB1436\" \/>\n<meta property=\"article:published_time\" content=\"2023-02-14T11:00:00+00:00\" \/>\n<meta property=\"article:modified_time\" content=\"2025-05-19T04:29:56+00:00\" \/>\n<meta property=\"og:image\" content=\"https:\/\/sfb1436.de\/wp-content\/uploads\/2023\/02\/Retreat2023.webp\" \/>\n\t<meta property=\"og:image:width\" content=\"618\" \/>\n\t<meta property=\"og:image:height\" content=\"108\" \/>\n\t<meta property=\"og:image:type\" content=\"image\/webp\" \/>\n<meta name=\"author\" content=\"redakteur\" \/>\n<meta name=\"twitter:card\" content=\"summary_large_image\" \/>\n<meta name=\"twitter:label1\" content=\"Verfasst von\" \/>\n\t<meta name=\"twitter:data1\" content=\"redakteur\" \/>\n\t<meta name=\"twitter:label2\" content=\"Gesch\u00e4tzte Lesezeit\" \/>\n\t<meta name=\"twitter:data2\" content=\"1\u00a0Minute\" \/>\n<script type=\"application\/ld+json\" class=\"yoast-schema-graph\">{\"@context\":\"https:\/\/schema.org\",\"@graph\":[{\"@type\":\"ScholarlyArticle\",\"@id\":\"https:\/\/sfb1436.de\/de\/save-the-date-sfb-1436-retreat-2023\/#article\",\"isPartOf\":{\"@id\":\"https:\/\/sfb1436.de\/de\/save-the-date-sfb-1436-retreat-2023\/\"},\"author\":{\"name\":\"redakteur\",\"@id\":\"https:\/\/sfb1436.de\/de\/#\/schema\/person\/c0ef0d254080f73ef2aa76e57caa6d12\"},\"headline\":\"N\u00e4chstes SFB-Retreat &#8211; 20.-22.06.2023\",\"datePublished\":\"2023-02-14T11:00:00+00:00\",\"dateModified\":\"2025-05-19T04:29:56+00:00\",\"mainEntityOfPage\":{\"@id\":\"https:\/\/sfb1436.de\/de\/save-the-date-sfb-1436-retreat-2023\/\"},\"wordCount\":70,\"publisher\":{\"@id\":\"https:\/\/sfb1436.de\/de\/#organization\"},\"image\":{\"@id\":\"https:\/\/sfb1436.de\/de\/save-the-date-sfb-1436-retreat-2023\/#primaryimage\"},\"thumbnailUrl\":\"https:\/\/sfb1436.de\/wp-content\/uploads\/2023\/02\/Retreat2023.webp\",\"keywords\":[\"CRC 1436\",\"Magdeburg\",\"Neurowissenschaften\",\"Retreat 2023\",\"SFB 1436\"],\"articleSection\":[\"All News and Events\",\"Alle News und Events\",\"Events\",\"News\"],\"inLanguage\":\"de\"},{\"@type\":\"WebPage\",\"@id\":\"https:\/\/sfb1436.de\/de\/save-the-date-sfb-1436-retreat-2023\/\",\"url\":\"https:\/\/sfb1436.de\/de\/save-the-date-sfb-1436-retreat-2023\/\",\"name\":\"N\u00e4chstes SFB-Retreat - 20.-22.06.2023 - SFB1436\",\"isPartOf\":{\"@id\":\"https:\/\/sfb1436.de\/de\/#website\"},\"primaryImageOfPage\":{\"@id\":\"https:\/\/sfb1436.de\/de\/save-the-date-sfb-1436-retreat-2023\/#primaryimage\"},\"image\":{\"@id\":\"https:\/\/sfb1436.de\/de\/save-the-date-sfb-1436-retreat-2023\/#primaryimage\"},\"thumbnailUrl\":\"https:\/\/sfb1436.de\/wp-content\/uploads\/2023\/02\/Retreat2023.webp\",\"datePublished\":\"2023-02-14T11:00:00+00:00\",\"dateModified\":\"2025-05-19T04:29:56+00:00\",\"description\":\"Jetzt steht es fest! Unser n\u00e4chstes j\u00e4hrliches SFB-Retreat findet vom 20. bis zum 22.06.2023 im B\u00f6rdehof Barleben statt.\",\"breadcrumb\":{\"@id\":\"https:\/\/sfb1436.de\/de\/save-the-date-sfb-1436-retreat-2023\/#breadcrumb\"},\"inLanguage\":\"de\",\"potentialAction\":[{\"@type\":\"ReadAction\",\"target\":[\"https:\/\/sfb1436.de\/de\/save-the-date-sfb-1436-retreat-2023\/\"]}]},{\"@type\":\"ImageObject\",\"inLanguage\":\"de\",\"@id\":\"https:\/\/sfb1436.de\/de\/save-the-date-sfb-1436-retreat-2023\/#primaryimage\",\"url\":\"https:\/\/sfb1436.de\/wp-content\/uploads\/2023\/02\/Retreat2023.webp\",\"contentUrl\":\"https:\/\/sfb1436.de\/wp-content\/uploads\/2023\/02\/Retreat2023.webp\",\"width\":618,\"height\":108,\"caption\":\"SFB 1436 Retreat 2023\"},{\"@type\":\"BreadcrumbList\",\"@id\":\"https:\/\/sfb1436.de\/de\/save-the-date-sfb-1436-retreat-2023\/#breadcrumb\",\"itemListElement\":[{\"@type\":\"ListItem\",\"position\":1,\"name\":\"Startseite\",\"item\":\"https:\/\/sfb1436.de\/de\/\"},{\"@type\":\"ListItem\",\"position\":2,\"name\":\"N\u00e4chstes SFB-Retreat &#8211; 20.-22.06.2023\"}]},{\"@type\":\"WebSite\",\"@id\":\"https:\/\/sfb1436.de\/de\/#website\",\"url\":\"https:\/\/sfb1436.de\/de\/\",\"name\":\"SFB1436\",\"description\":\"\",\"publisher\":{\"@id\":\"https:\/\/sfb1436.de\/de\/#organization\"},\"potentialAction\":[{\"@type\":\"SearchAction\",\"target\":{\"@type\":\"EntryPoint\",\"urlTemplate\":\"https:\/\/sfb1436.de\/de\/?s={search_term_string}\"},\"query-input\":{\"@type\":\"PropertyValueSpecification\",\"valueRequired\":true,\"valueName\":\"search_term_string\"}}],\"inLanguage\":\"de\"},{\"@type\":\"Organization\",\"@id\":\"https:\/\/sfb1436.de\/de\/#organization\",\"name\":\"Otto-von-Guericke Universit\u00e4t Medizinische Fakult\u00e4t Institut f\u00fcr Kognitive Neurologie und Demenzforschung\",\"url\":\"https:\/\/sfb1436.de\/de\/\",\"logo\":{\"@type\":\"ImageObject\",\"inLanguage\":\"de\",\"@id\":\"https:\/\/sfb1436.de\/de\/#\/schema\/logo\/image\/\",\"url\":\"https:\/\/sfb1436.de\/wp-content\/uploads\/2021\/12\/logo-sfb.png\",\"contentUrl\":\"https:\/\/sfb1436.de\/wp-content\/uploads\/2021\/12\/logo-sfb.png\",\"width\":1244,\"height\":820,\"caption\":\"Otto-von-Guericke Universit\u00e4t Medizinische Fakult\u00e4t Institut f\u00fcr Kognitive Neurologie und Demenzforschung\"},\"image\":{\"@id\":\"https:\/\/sfb1436.de\/de\/#\/schema\/logo\/image\/\"}},{\"@type\":\"Person\",\"@id\":\"https:\/\/sfb1436.de\/de\/#\/schema\/person\/c0ef0d254080f73ef2aa76e57caa6d12\",\"name\":\"redakteur\"}]}<\/script>\n<!-- \/ Yoast SEO plugin. -->","yoast_head_json":{"title":"N\u00e4chstes SFB-Retreat - 20.-22.06.2023 - SFB1436","description":"Jetzt steht es fest! Unser n\u00e4chstes j\u00e4hrliches SFB-Retreat findet vom 20. bis zum 22.06.2023 im B\u00f6rdehof Barleben statt.","robots":{"index":"index","follow":"follow","max-snippet":"max-snippet:-1","max-image-preview":"max-image-preview:large","max-video-preview":"max-video-preview:-1"},"canonical":"https:\/\/sfb1436.de\/de\/save-the-date-sfb-1436-retreat-2023\/","og_locale":"de_DE","og_type":"article","og_title":"N\u00e4chstes SFB-Retreat - 20.-22.06.2023 - SFB1436","og_description":"Jetzt steht es fest! Unser n\u00e4chstes j\u00e4hrliches SFB-Retreat findet vom 20. bis zum 22.06.2023 im B\u00f6rdehof Barleben statt.","og_url":"https:\/\/sfb1436.de\/de\/save-the-date-sfb-1436-retreat-2023\/","og_site_name":"SFB1436","article_published_time":"2023-02-14T11:00:00+00:00","article_modified_time":"2025-05-19T04:29:56+00:00","og_image":[{"width":618,"height":108,"url":"https:\/\/sfb1436.de\/wp-content\/uploads\/2023\/02\/Retreat2023.webp","type":"image\/webp"}],"author":"redakteur","twitter_card":"summary_large_image","twitter_misc":{"Verfasst von":"redakteur","Gesch\u00e4tzte Lesezeit":"1\u00a0Minute"},"schema":{"@context":"https:\/\/schema.org","@graph":[{"@type":"ScholarlyArticle","@id":"https:\/\/sfb1436.de\/de\/save-the-date-sfb-1436-retreat-2023\/#article","isPartOf":{"@id":"https:\/\/sfb1436.de\/de\/save-the-date-sfb-1436-retreat-2023\/"},"author":{"name":"redakteur","@id":"https:\/\/sfb1436.de\/de\/#\/schema\/person\/c0ef0d254080f73ef2aa76e57caa6d12"},"headline":"N\u00e4chstes SFB-Retreat &#8211; 20.-22.06.2023","datePublished":"2023-02-14T11:00:00+00:00","dateModified":"2025-05-19T04:29:56+00:00","mainEntityOfPage":{"@id":"https:\/\/sfb1436.de\/de\/save-the-date-sfb-1436-retreat-2023\/"},"wordCount":70,"publisher":{"@id":"https:\/\/sfb1436.de\/de\/#organization"},"image":{"@id":"https:\/\/sfb1436.de\/de\/save-the-date-sfb-1436-retreat-2023\/#primaryimage"},"thumbnailUrl":"https:\/\/sfb1436.de\/wp-content\/uploads\/2023\/02\/Retreat2023.webp","keywords":["CRC 1436","Magdeburg","Neurowissenschaften","Retreat 2023","SFB 1436"],"articleSection":["All News and Events","Alle News und Events","Events","News"],"inLanguage":"de"},{"@type":"WebPage","@id":"https:\/\/sfb1436.de\/de\/save-the-date-sfb-1436-retreat-2023\/","url":"https:\/\/sfb1436.de\/de\/save-the-date-sfb-1436-retreat-2023\/","name":"N\u00e4chstes SFB-Retreat - 20.-22.06.2023 - SFB1436","isPartOf":{"@id":"https:\/\/sfb1436.de\/de\/#website"},"primaryImageOfPage":{"@id":"https:\/\/sfb1436.de\/de\/save-the-date-sfb-1436-retreat-2023\/#primaryimage"},"image":{"@id":"https:\/\/sfb1436.de\/de\/save-the-date-sfb-1436-retreat-2023\/#primaryimage"},"thumbnailUrl":"https:\/\/sfb1436.de\/wp-content\/uploads\/2023\/02\/Retreat2023.webp","datePublished":"2023-02-14T11:00:00+00:00","dateModified":"2025-05-19T04:29:56+00:00","description":"Jetzt steht es fest! Unser n\u00e4chstes j\u00e4hrliches SFB-Retreat findet vom 20. bis zum 22.06.2023 im B\u00f6rdehof Barleben statt.","breadcrumb":{"@id":"https:\/\/sfb1436.de\/de\/save-the-date-sfb-1436-retreat-2023\/#breadcrumb"},"inLanguage":"de","potentialAction":[{"@type":"ReadAction","target":["https:\/\/sfb1436.de\/de\/save-the-date-sfb-1436-retreat-2023\/"]}]},{"@type":"ImageObject","inLanguage":"de","@id":"https:\/\/sfb1436.de\/de\/save-the-date-sfb-1436-retreat-2023\/#primaryimage","url":"https:\/\/sfb1436.de\/wp-content\/uploads\/2023\/02\/Retreat2023.webp","contentUrl":"https:\/\/sfb1436.de\/wp-content\/uploads\/2023\/02\/Retreat2023.webp","width":618,"height":108,"caption":"SFB 1436 Retreat 2023"},{"@type":"BreadcrumbList","@id":"https:\/\/sfb1436.de\/de\/save-the-date-sfb-1436-retreat-2023\/#breadcrumb","itemListElement":[{"@type":"ListItem","position":1,"name":"Startseite","item":"https:\/\/sfb1436.de\/de\/"},{"@type":"ListItem","position":2,"name":"N\u00e4chstes SFB-Retreat &#8211; 20.-22.06.2023"}]},{"@type":"WebSite","@id":"https:\/\/sfb1436.de\/de\/#website","url":"https:\/\/sfb1436.de\/de\/","name":"SFB1436","description":"","publisher":{"@id":"https:\/\/sfb1436.de\/de\/#organization"},"potentialAction":[{"@type":"SearchAction","target":{"@type":"EntryPoint","urlTemplate":"https:\/\/sfb1436.de\/de\/?s={search_term_string}"},"query-input":{"@type":"PropertyValueSpecification","valueRequired":true,"valueName":"search_term_string"}}],"inLanguage":"de"},{"@type":"Organization","@id":"https:\/\/sfb1436.de\/de\/#organization","name":"Otto-von-Guericke Universit\u00e4t Medizinische Fakult\u00e4t Institut f\u00fcr Kognitive Neurologie und Demenzforschung","url":"https:\/\/sfb1436.de\/de\/","logo":{"@type":"ImageObject","inLanguage":"de","@id":"https:\/\/sfb1436.de\/de\/#\/schema\/logo\/image\/","url":"https:\/\/sfb1436.de\/wp-content\/uploads\/2021\/12\/logo-sfb.png","contentUrl":"https:\/\/sfb1436.de\/wp-content\/uploads\/2021\/12\/logo-sfb.png","width":1244,"height":820,"caption":"Otto-von-Guericke Universit\u00e4t Medizinische Fakult\u00e4t Institut f\u00fcr Kognitive Neurologie und Demenzforschung"},"image":{"@id":"https:\/\/sfb1436.de\/de\/#\/schema\/logo\/image\/"}},{"@type":"Person","@id":"https:\/\/sfb1436.de\/de\/#\/schema\/person\/c0ef0d254080f73ef2aa76e57caa6d12","name":"redakteur"}]}},"uagb_featured_image_src":{"full":["https:\/\/sfb1436.de\/wp-content\/uploads\/2023\/02\/Retreat2023.webp",618,108,false],"thumbnail":["https:\/\/sfb1436.de\/wp-content\/uploads\/2023\/02\/Retreat2023-150x108.webp",150,108,true],"medium":["https:\/\/sfb1436.de\/wp-content\/uploads\/2023\/02\/Retreat2023-300x52.webp",300,52,true],"medium_large":["https:\/\/sfb1436.de\/wp-content\/uploads\/2023\/02\/Retreat2023.webp",618,108,false],"large":["https:\/\/sfb1436.de\/wp-content\/uploads\/2023\/02\/Retreat2023.webp",618,108,false],"gs-tiny":["https:\/\/sfb1436.de\/wp-content\/uploads\/2023\/02\/Retreat2023.webp",50,9,false],"xl":["https:\/\/sfb1436.de\/wp-content\/uploads\/2023\/02\/Retreat2023.webp",618,108,false],"xxl":["https:\/\/sfb1436.de\/wp-content\/uploads\/2023\/02\/Retreat2023.webp",618,108,false],"xxxl":["https:\/\/sfb1436.de\/wp-content\/uploads\/2023\/02\/Retreat2023.webp",618,108,false],"xxxxl":["https:\/\/sfb1436.de\/wp-content\/uploads\/2023\/02\/Retreat2023.webp",618,108,false],"xxxxxl":["https:\/\/sfb1436.de\/wp-content\/uploads\/2023\/02\/Retreat2023.webp",618,108,false],"1536x1536":["https:\/\/sfb1436.de\/wp-content\/uploads\/2023\/02\/Retreat2023.webp",618,108,false],"2048x2048":["https:\/\/sfb1436.de\/wp-content\/uploads\/2023\/02\/Retreat2023.webp",618,108,false],"awsm_team":["https:\/\/sfb1436.de\/wp-content\/uploads\/2023\/02\/Retreat2023.webp",618,108,false]},"uagb_author_info":{"display_name":"redakteur","author_link":"https:\/\/sfb1436.de\/de\/author\/redakteur\/"},"uagb_comment_info":0,"uagb_excerpt":"Unbedingt vormerken: Der Termin f\u00fcr das SFB-Retreat 2023 steht fest! Jetzt steht es fest! Unser n\u00e4chstes j\u00e4hrliches SFB-Retreat findet vom 20. bis zum 22.06.2023 im B\u00f6rdehof Barleben in der N\u00e4he von Magdeburg statt. Wie im vergangenen Jahr auch werden wieder einige Zimmer f\u00fcr die \u00dcbernachtung zur Verf\u00fcgung stehen. Wir werden auch wieder ein Shuttle organisieren.&hellip;","_links":{"self":[{"href":"https:\/\/sfb1436.de\/de\/wp-json\/wp\/v2\/posts\/16587","targetHints":{"allow":["GET"]}}],"collection":[{"href":"https:\/\/sfb1436.de\/de\/wp-json\/wp\/v2\/posts"}],"about":[{"href":"https:\/\/sfb1436.de\/de\/wp-json\/wp\/v2\/types\/post"}],"author":[{"embeddable":true,"href":"https:\/\/sfb1436.de\/de\/wp-json\/wp\/v2\/users\/4"}],"replies":[{"embeddable":true,"href":"https:\/\/sfb1436.de\/de\/wp-json\/wp\/v2\/comments?post=16587"}],"version-history":[{"count":11,"href":"https:\/\/sfb1436.de\/de\/wp-json\/wp\/v2\/posts\/16587\/revisions"}],"predecessor-version":[{"id":27527,"href":"https:\/\/sfb1436.de\/de\/wp-json\/wp\/v2\/posts\/16587\/revisions\/27527"}],"wp:featuredmedia":[{"embeddable":true,"href":"https:\/\/sfb1436.de\/de\/wp-json\/wp\/v2\/media\/16722"}],"wp:attachment":[{"href":"https:\/\/sfb1436.de\/de\/wp-json\/wp\/v2\/media?parent=16587"}],"wp:term":[{"taxonomy":"category","embeddable":true,"href":"https:\/\/sfb1436.de\/de\/wp-json\/wp\/v2\/categories?post=16587"},{"taxonomy":"post_tag","embeddable":true,"href":"https:\/\/sfb1436.de\/de\/wp-json\/wp\/v2\/tags?post=16587"}],"curies":[{"name":"wp","href":"https:\/\/api.w.org\/{rel}","templated":true}]}}