{"id":15758,"date":"2022-09-26T09:00:00","date_gmt":"2022-09-26T07:00:00","guid":{"rendered":"https:\/\/sfb1436.de\/?p=15758"},"modified":"2026-03-31T10:30:49","modified_gmt":"2026-03-31T08:30:49","slug":"neue-md-fellows","status":"publish","type":"post","link":"https:\/\/sfb1436.de\/de\/neue-md-fellows\/","title":{"rendered":"Neue MD-Fellows"},"content":{"rendered":"\n<p class=\"wp-block-paragraph\">Das Auswahlverfahren f\u00fcr die <a href=\"https:\/\/sfb1436.de\/de\/graduate-school\/irtg-md-fellowships\/\">MD-Fellowship-Bewerbungen<\/a> f\u00fcr das Wintersemester ist nun abgeschlossen. Wir freuen uns, Ihnen mitteilen zu k\u00f6nnen, dass die SFB-Graduiertenschule von Oktober 2022 bis September 2023 drei erfolgreiche Medizinstudenten f\u00f6rdern und ihre wissenschaftlicher Forschung unterst\u00fctzen wird.<\/p>\n\n\n\n<p class=\"wp-block-paragraph\">Unsere neuen MD Fellows Julius Duske, Linus Marquering und Luca Budinger werden ihre Forschung in den Teilprojekten <a href=\"\/de\/projekte\/archiv-sfb-1436-1-2021-2024\/the-nmda-receptor-complex-a-signalling-hub-at-the-origin-of-cognitive-flexibility\/\" type=\"link\" id=\"\/de\/projekte\/archiv-sfb-1436-1-2021-2024\/the-nmda-receptor-complex-a-signalling-hub-at-the-origin-of-cognitive-flexibility\/\">A01<\/a>, <a href=\"https:\/\/sfb1436.de\/de\/projekte\/effects-of-hippocampal-vascularization-patterns-on-the-neural-resources-of-mtl-neurocognitive-circuits\/\">B04 <\/a>bzw. <a href=\"\/de\/projekte\/c04-wiederherstellung-neuronaler-ressourcen-nach-schlafentzug\/\">C04<\/a> beginnen.<\/p>\n\n\n\n<p class=\"wp-block-paragraph\">Wir hei\u00dfen alle drei Fellows herzlich willkommen und w\u00fcnschen ihnen viel Erfolg bei ihrer Arbeit im SFB 1436.<\/p>\n","protected":false},"excerpt":{"rendered":"<p>Das Auswahlverfahren f\u00fcr die MD-Fellowship-Bewerbungen f\u00fcr das Wintersemester ist nun abgeschlossen. Wir freuen uns, Ihnen mitteilen zu k\u00f6nnen, dass die SFB-Graduiertenschule von Oktober 2022 bis September 2023 drei erfolgreiche Medizinstudenten f\u00f6rdern und ihre wissenschaftlicher Forschung unterst\u00fctzen wird. Unsere neuen MD Fellows Julius Duske, Linus Marquering und Luca Budinger werden ihre Forschung in den Teilprojekten A01, [&hellip;]<\/p>\n","protected":false},"author":4,"featured_media":0,"comment_status":"closed","ping_status":"closed","sticky":false,"template":"","format":"standard","meta":{"_crdt_document":"","_uag_custom_page_level_css":"","footnotes":""},"categories":[288,281,220,15],"tags":[396,398,399,395,394,397,330],"class_list":["post-15758","post","type-post","status-publish","format-standard","hentry","category-all-news-and-events-de","category-alle-news-und-events","category-news-de","category-unkategorisiert","tag-fellowship","tag-graduiertenschule","tag-irtg","tag-md-fellows","tag-medizinstudenten","tag-nachwuchs","tag-sfb-1436"],"yoast_head":"<!-- This site is optimized with the Yoast SEO plugin v27.1.1 - https:\/\/yoast.com\/product\/yoast-seo-wordpress\/ -->\n<title>Neue MD-Fellows - SFB1436<\/title>\n<meta name=\"description\" content=\"Wir freuen uns, dass die SFB-Graduiertenschule von Oktober 2022 bis September 2023 drei Medizinstudenten f\u00f6rdern wird.\" \/>\n<meta name=\"robots\" content=\"index, follow, max-snippet:-1, max-image-preview:large, max-video-preview:-1\" \/>\n<link rel=\"canonical\" href=\"https:\/\/sfb1436.de\/de\/neue-md-fellows\/\" \/>\n<meta property=\"og:locale\" content=\"de_DE\" \/>\n<meta property=\"og:type\" content=\"article\" \/>\n<meta property=\"og:title\" content=\"Neue MD-Fellows - SFB1436\" \/>\n<meta property=\"og:description\" content=\"Wir freuen uns, dass die SFB-Graduiertenschule von Oktober 2022 bis September 2023 drei Medizinstudenten f\u00f6rdern wird.\" \/>\n<meta property=\"og:url\" content=\"https:\/\/sfb1436.de\/de\/neue-md-fellows\/\" \/>\n<meta property=\"og:site_name\" content=\"SFB1436\" \/>\n<meta property=\"article:published_time\" content=\"2022-09-26T07:00:00+00:00\" \/>\n<meta property=\"article:modified_time\" content=\"2026-03-31T08:30:49+00:00\" \/>\n<meta name=\"author\" content=\"redakteur\" \/>\n<meta name=\"twitter:card\" content=\"summary_large_image\" \/>\n<meta name=\"twitter:label1\" content=\"Verfasst von\" \/>\n\t<meta name=\"twitter:data1\" content=\"redakteur\" \/>\n\t<meta name=\"twitter:label2\" content=\"Gesch\u00e4tzte Lesezeit\" \/>\n\t<meta name=\"twitter:data2\" content=\"1\u00a0Minute\" \/>\n<script type=\"application\/ld+json\" class=\"yoast-schema-graph\">{\"@context\":\"https:\/\/schema.org\",\"@graph\":[{\"@type\":\"ScholarlyArticle\",\"@id\":\"https:\/\/sfb1436.de\/de\/neue-md-fellows\/#article\",\"isPartOf\":{\"@id\":\"https:\/\/sfb1436.de\/de\/neue-md-fellows\/\"},\"author\":{\"name\":\"redakteur\",\"@id\":\"https:\/\/sfb1436.de\/de\/#\/schema\/person\/c0ef0d254080f73ef2aa76e57caa6d12\"},\"headline\":\"Neue MD-Fellows\",\"datePublished\":\"2022-09-26T07:00:00+00:00\",\"dateModified\":\"2026-03-31T08:30:49+00:00\",\"mainEntityOfPage\":{\"@id\":\"https:\/\/sfb1436.de\/de\/neue-md-fellows\/\"},\"wordCount\":83,\"publisher\":{\"@id\":\"https:\/\/sfb1436.de\/de\/#organization\"},\"keywords\":[\"Fellowship\",\"Graduiertenschule\",\"IRTG\",\"MD-Fellows\",\"Medizinstudenten\",\"NAchwuchs\",\"SFB 1436\"],\"articleSection\":[\"All News and Events\",\"Alle News und Events\",\"News\",\"Unkategorisiert\"],\"inLanguage\":\"de\"},{\"@type\":\"WebPage\",\"@id\":\"https:\/\/sfb1436.de\/de\/neue-md-fellows\/\",\"url\":\"https:\/\/sfb1436.de\/de\/neue-md-fellows\/\",\"name\":\"Neue MD-Fellows - SFB1436\",\"isPartOf\":{\"@id\":\"https:\/\/sfb1436.de\/de\/#website\"},\"datePublished\":\"2022-09-26T07:00:00+00:00\",\"dateModified\":\"2026-03-31T08:30:49+00:00\",\"description\":\"Wir freuen uns, dass die SFB-Graduiertenschule von Oktober 2022 bis September 2023 drei Medizinstudenten f\u00f6rdern wird.\",\"breadcrumb\":{\"@id\":\"https:\/\/sfb1436.de\/de\/neue-md-fellows\/#breadcrumb\"},\"inLanguage\":\"de\",\"potentialAction\":[{\"@type\":\"ReadAction\",\"target\":[\"https:\/\/sfb1436.de\/de\/neue-md-fellows\/\"]}]},{\"@type\":\"BreadcrumbList\",\"@id\":\"https:\/\/sfb1436.de\/de\/neue-md-fellows\/#breadcrumb\",\"itemListElement\":[{\"@type\":\"ListItem\",\"position\":1,\"name\":\"Startseite\",\"item\":\"https:\/\/sfb1436.de\/de\/\"},{\"@type\":\"ListItem\",\"position\":2,\"name\":\"Neue MD-Fellows\"}]},{\"@type\":\"WebSite\",\"@id\":\"https:\/\/sfb1436.de\/de\/#website\",\"url\":\"https:\/\/sfb1436.de\/de\/\",\"name\":\"SFB1436\",\"description\":\"\",\"publisher\":{\"@id\":\"https:\/\/sfb1436.de\/de\/#organization\"},\"potentialAction\":[{\"@type\":\"SearchAction\",\"target\":{\"@type\":\"EntryPoint\",\"urlTemplate\":\"https:\/\/sfb1436.de\/de\/?s={search_term_string}\"},\"query-input\":{\"@type\":\"PropertyValueSpecification\",\"valueRequired\":true,\"valueName\":\"search_term_string\"}}],\"inLanguage\":\"de\"},{\"@type\":\"Organization\",\"@id\":\"https:\/\/sfb1436.de\/de\/#organization\",\"name\":\"Otto-von-Guericke Universit\u00e4t Medizinische Fakult\u00e4t Institut f\u00fcr Kognitive Neurologie und Demenzforschung\",\"url\":\"https:\/\/sfb1436.de\/de\/\",\"logo\":{\"@type\":\"ImageObject\",\"inLanguage\":\"de\",\"@id\":\"https:\/\/sfb1436.de\/de\/#\/schema\/logo\/image\/\",\"url\":\"https:\/\/sfb1436.de\/wp-content\/uploads\/2021\/12\/logo-sfb.png\",\"contentUrl\":\"https:\/\/sfb1436.de\/wp-content\/uploads\/2021\/12\/logo-sfb.png\",\"width\":1244,\"height\":820,\"caption\":\"Otto-von-Guericke Universit\u00e4t Medizinische Fakult\u00e4t Institut f\u00fcr Kognitive Neurologie und Demenzforschung\"},\"image\":{\"@id\":\"https:\/\/sfb1436.de\/de\/#\/schema\/logo\/image\/\"}},{\"@type\":\"Person\",\"@id\":\"https:\/\/sfb1436.de\/de\/#\/schema\/person\/c0ef0d254080f73ef2aa76e57caa6d12\",\"name\":\"redakteur\"}]}<\/script>\n<!-- \/ Yoast SEO plugin. -->","yoast_head_json":{"title":"Neue MD-Fellows - SFB1436","description":"Wir freuen uns, dass die SFB-Graduiertenschule von Oktober 2022 bis September 2023 drei Medizinstudenten f\u00f6rdern wird.","robots":{"index":"index","follow":"follow","max-snippet":"max-snippet:-1","max-image-preview":"max-image-preview:large","max-video-preview":"max-video-preview:-1"},"canonical":"https:\/\/sfb1436.de\/de\/neue-md-fellows\/","og_locale":"de_DE","og_type":"article","og_title":"Neue MD-Fellows - SFB1436","og_description":"Wir freuen uns, dass die SFB-Graduiertenschule von Oktober 2022 bis September 2023 drei Medizinstudenten f\u00f6rdern wird.","og_url":"https:\/\/sfb1436.de\/de\/neue-md-fellows\/","og_site_name":"SFB1436","article_published_time":"2022-09-26T07:00:00+00:00","article_modified_time":"2026-03-31T08:30:49+00:00","author":"redakteur","twitter_card":"summary_large_image","twitter_misc":{"Verfasst von":"redakteur","Gesch\u00e4tzte Lesezeit":"1\u00a0Minute"},"schema":{"@context":"https:\/\/schema.org","@graph":[{"@type":"ScholarlyArticle","@id":"https:\/\/sfb1436.de\/de\/neue-md-fellows\/#article","isPartOf":{"@id":"https:\/\/sfb1436.de\/de\/neue-md-fellows\/"},"author":{"name":"redakteur","@id":"https:\/\/sfb1436.de\/de\/#\/schema\/person\/c0ef0d254080f73ef2aa76e57caa6d12"},"headline":"Neue MD-Fellows","datePublished":"2022-09-26T07:00:00+00:00","dateModified":"2026-03-31T08:30:49+00:00","mainEntityOfPage":{"@id":"https:\/\/sfb1436.de\/de\/neue-md-fellows\/"},"wordCount":83,"publisher":{"@id":"https:\/\/sfb1436.de\/de\/#organization"},"keywords":["Fellowship","Graduiertenschule","IRTG","MD-Fellows","Medizinstudenten","NAchwuchs","SFB 1436"],"articleSection":["All News and Events","Alle News und Events","News","Unkategorisiert"],"inLanguage":"de"},{"@type":"WebPage","@id":"https:\/\/sfb1436.de\/de\/neue-md-fellows\/","url":"https:\/\/sfb1436.de\/de\/neue-md-fellows\/","name":"Neue MD-Fellows - SFB1436","isPartOf":{"@id":"https:\/\/sfb1436.de\/de\/#website"},"datePublished":"2022-09-26T07:00:00+00:00","dateModified":"2026-03-31T08:30:49+00:00","description":"Wir freuen uns, dass die SFB-Graduiertenschule von Oktober 2022 bis September 2023 drei Medizinstudenten f\u00f6rdern wird.","breadcrumb":{"@id":"https:\/\/sfb1436.de\/de\/neue-md-fellows\/#breadcrumb"},"inLanguage":"de","potentialAction":[{"@type":"ReadAction","target":["https:\/\/sfb1436.de\/de\/neue-md-fellows\/"]}]},{"@type":"BreadcrumbList","@id":"https:\/\/sfb1436.de\/de\/neue-md-fellows\/#breadcrumb","itemListElement":[{"@type":"ListItem","position":1,"name":"Startseite","item":"https:\/\/sfb1436.de\/de\/"},{"@type":"ListItem","position":2,"name":"Neue MD-Fellows"}]},{"@type":"WebSite","@id":"https:\/\/sfb1436.de\/de\/#website","url":"https:\/\/sfb1436.de\/de\/","name":"SFB1436","description":"","publisher":{"@id":"https:\/\/sfb1436.de\/de\/#organization"},"potentialAction":[{"@type":"SearchAction","target":{"@type":"EntryPoint","urlTemplate":"https:\/\/sfb1436.de\/de\/?s={search_term_string}"},"query-input":{"@type":"PropertyValueSpecification","valueRequired":true,"valueName":"search_term_string"}}],"inLanguage":"de"},{"@type":"Organization","@id":"https:\/\/sfb1436.de\/de\/#organization","name":"Otto-von-Guericke Universit\u00e4t Medizinische Fakult\u00e4t Institut f\u00fcr Kognitive Neurologie und Demenzforschung","url":"https:\/\/sfb1436.de\/de\/","logo":{"@type":"ImageObject","inLanguage":"de","@id":"https:\/\/sfb1436.de\/de\/#\/schema\/logo\/image\/","url":"https:\/\/sfb1436.de\/wp-content\/uploads\/2021\/12\/logo-sfb.png","contentUrl":"https:\/\/sfb1436.de\/wp-content\/uploads\/2021\/12\/logo-sfb.png","width":1244,"height":820,"caption":"Otto-von-Guericke Universit\u00e4t Medizinische Fakult\u00e4t Institut f\u00fcr Kognitive Neurologie und Demenzforschung"},"image":{"@id":"https:\/\/sfb1436.de\/de\/#\/schema\/logo\/image\/"}},{"@type":"Person","@id":"https:\/\/sfb1436.de\/de\/#\/schema\/person\/c0ef0d254080f73ef2aa76e57caa6d12","name":"redakteur"}]}},"uagb_featured_image_src":{"full":false,"thumbnail":false,"medium":false,"medium_large":false,"large":false,"gs-tiny":false,"xl":false,"xxl":false,"xxxl":false,"xxxxl":false,"xxxxxl":false,"1536x1536":false,"2048x2048":false,"awsm_team":false},"uagb_author_info":{"display_name":"redakteur","author_link":"https:\/\/sfb1436.de\/de\/author\/redakteur\/"},"uagb_comment_info":0,"uagb_excerpt":"Das Auswahlverfahren f\u00fcr die MD-Fellowship-Bewerbungen f\u00fcr das Wintersemester ist nun abgeschlossen. Wir freuen uns, Ihnen mitteilen zu k\u00f6nnen, dass die SFB-Graduiertenschule von Oktober 2022 bis September 2023 drei erfolgreiche Medizinstudenten f\u00f6rdern und ihre wissenschaftlicher Forschung unterst\u00fctzen wird. Unsere neuen MD Fellows Julius Duske, Linus Marquering und Luca Budinger werden ihre Forschung in den Teilprojekten A01,&hellip;","_links":{"self":[{"href":"https:\/\/sfb1436.de\/de\/wp-json\/wp\/v2\/posts\/15758","targetHints":{"allow":["GET"]}}],"collection":[{"href":"https:\/\/sfb1436.de\/de\/wp-json\/wp\/v2\/posts"}],"about":[{"href":"https:\/\/sfb1436.de\/de\/wp-json\/wp\/v2\/types\/post"}],"author":[{"embeddable":true,"href":"https:\/\/sfb1436.de\/de\/wp-json\/wp\/v2\/users\/4"}],"replies":[{"embeddable":true,"href":"https:\/\/sfb1436.de\/de\/wp-json\/wp\/v2\/comments?post=15758"}],"version-history":[{"count":6,"href":"https:\/\/sfb1436.de\/de\/wp-json\/wp\/v2\/posts\/15758\/revisions"}],"predecessor-version":[{"id":30110,"href":"https:\/\/sfb1436.de\/de\/wp-json\/wp\/v2\/posts\/15758\/revisions\/30110"}],"wp:attachment":[{"href":"https:\/\/sfb1436.de\/de\/wp-json\/wp\/v2\/media?parent=15758"}],"wp:term":[{"taxonomy":"category","embeddable":true,"href":"https:\/\/sfb1436.de\/de\/wp-json\/wp\/v2\/categories?post=15758"},{"taxonomy":"post_tag","embeddable":true,"href":"https:\/\/sfb1436.de\/de\/wp-json\/wp\/v2\/tags?post=15758"}],"curies":[{"name":"wp","href":"https:\/\/api.w.org\/{rel}","templated":true}]}}