{"id":15724,"date":"2022-09-21T16:00:00","date_gmt":"2022-09-21T14:00:00","guid":{"rendered":"https:\/\/sfb1436.de\/?p=15724"},"modified":"2026-03-31T09:47:02","modified_gmt":"2026-03-31T07:47:02","slug":"heute-ist-welt-alzheimertag","status":"publish","type":"post","link":"https:\/\/sfb1436.de\/de\/heute-ist-welt-alzheimertag\/","title":{"rendered":"Heute ist Welt-Alzheimertag!"},"content":{"rendered":"\n<p class=\"has-text-align-center wp-block-paragraph\">Die Universit\u00e4t Magdeburg schreibt auf ihrem Instagram-Account \u00fcber die Forschungsarbeit im <a href=\"https:\/\/sfb1436.de\/de\/projekte\/integritaet-der-extrazellulaermatrix-als-neurale-ressource-fuer-gedaechtnis-praezision-und-kognitive-flexibilitaet\/\" type=\"link\" id=\"\/de\/projekte\/integritaet-der-extrazellulaermatrix-als-neurale-ressource-fuer-gedaechtnis-praezision-und-kognitive-flexibilitaet\/\">SFB 1436 Projekt A05<\/a>: <\/p>\n\n\n\n<p class=\"has-text-align-center wp-block-paragraph\">Wissenschaftlerinnen und Wissenschaftler von uns und des Leibniz-Institut f\u00fcr Neurobiologie erforschen, wie Alzheimer entsteht und fr\u00fchzeitig erkannt werden kann. F\u00fcr ihre Studien sind sie regelm\u00e4\u00dfig auf der Suche nach Probanden, wie aktuell das Team um Prof. Seidenbecher.<\/p>\n\n\n\n<div class=\"wp-block-uagb-icon-list uagb-block-df77354f uagb-icon-list__outer-wrap uagb-icon-list__layout-vertical\"><div class=\"uagb-icon-list__wrap\">\n<div class=\"wp-block-uagb-icon-list-child uagb-block-6910f4cb uagb-icon-list-repeater uagb-icon-list__wrapper\"><span class=\"uagb-icon-list__source-wrap\"><svg xmlns=\"https:\/\/www.w3.org\/2000\/svg\" viewBox=\"0 0 448 512\"><path d=\"M224.1 141c-63.6 0-114.9 51.3-114.9 114.9s51.3 114.9 114.9 114.9S339 319.5 339 255.9 287.7 141 224.1 141zm0 189.6c-41.1 0-74.7-33.5-74.7-74.7s33.5-74.7 74.7-74.7 74.7 33.5 74.7 74.7-33.6 74.7-74.7 74.7zm146.4-194.3c0 14.9-12 26.8-26.8 26.8-14.9 0-26.8-12-26.8-26.8s12-26.8 26.8-26.8 26.8 12 26.8 26.8zm76.1 27.2c-1.7-35.9-9.9-67.7-36.2-93.9-26.2-26.2-58-34.4-93.9-36.2-37-2.1-147.9-2.1-184.9 0-35.8 1.7-67.6 9.9-93.9 36.1s-34.4 58-36.2 93.9c-2.1 37-2.1 147.9 0 184.9 1.7 35.9 9.9 67.7 36.2 93.9s58 34.4 93.9 36.2c37 2.1 147.9 2.1 184.9 0 35.9-1.7 67.7-9.9 93.9-36.2 26.2-26.2 34.4-58 36.2-93.9 2.1-37 2.1-147.8 0-184.8zM398.8 388c-7.8 19.6-22.9 34.7-42.6 42.6-29.5 11.7-99.5 9-132.1 9s-102.7 2.6-132.1-9c-19.6-7.8-34.7-22.9-42.6-42.6-11.7-29.5-9-99.5-9-132.1s-2.6-102.7 9-132.1c7.8-19.6 22.9-34.7 42.6-42.6 29.5-11.7 99.5-9 132.1-9s102.7-2.6 132.1 9c19.6 7.8 34.7 22.9 42.6 42.6 11.7 29.5 9 99.5 9 132.1s2.7 102.7-9 132.1z\"><\/path><\/svg><\/span><span class=\"uagb-icon-list__label\"><a href=\"https:\/\/www.instagram.com\/explore\/tags\/demenz\/\">#demenz<\/a>\u00a0<a href=\"https:\/\/www.instagram.com\/explore\/tags\/alzheimer\/\">#alzheimer<\/a>\u00a0<a href=\"https:\/\/www.instagram.com\/explore\/tags\/forschung\/\">#forschung<\/a>\u00a0<a href=\"https:\/\/www.instagram.com\/explore\/tags\/unimagdeburg\/\">#unimagdeburg<\/a>\u00a0<a href=\"https:\/\/www.instagram.com\/explore\/tags\/ovgu\/\">#ovgu<\/a><\/span><\/div>\n<\/div><\/div>\n","protected":false},"excerpt":{"rendered":"<p>Die Universit\u00e4t Magdeburg schreibt auf ihrem Instagram-Account \u00fcber die Forschungsarbeit im SFB 1436 Projekt A05: Wissenschaftlerinnen und Wissenschaftler von uns und des Leibniz-Institut f\u00fcr Neurobiologie erforschen, wie Alzheimer entsteht und fr\u00fchzeitig erkannt werden kann. F\u00fcr ihre Studien sind sie regelm\u00e4\u00dfig auf der Suche nach Probanden, wie aktuell das Team um Prof. Seidenbecher.<\/p>\n","protected":false},"author":4,"featured_media":0,"comment_status":"closed","ping_status":"closed","sticky":false,"template":"","format":"standard","meta":{"_crdt_document":"","_uag_custom_page_level_css":"","footnotes":""},"categories":[288,281,31,220],"tags":[356,354,566,368,371,357,370,369,331,330,355],"class_list":["post-15724","post","type-post","status-publish","format-standard","hentry","category-all-news-and-events-de","category-alle-news-und-events","category-events","category-news-de","tag-21-september","tag-alzheimer","tag-crc-1436-de","tag-demenz","tag-erinnerung","tag-forschung","tag-gedaechtnis","tag-gehirn","tag-magdeburg","tag-sfb-1436","tag-welt-alzheimertag"],"yoast_head":"<!-- This site is optimized with the Yoast SEO plugin v27.1.1 - https:\/\/yoast.com\/product\/yoast-seo-wordpress\/ -->\n<title>Welt-Alzheimertag<\/title>\n<meta name=\"description\" content=\"Die OVGU, der SFB 1436, das DZNE und das LIN erforschen, wie Alzheimer entsteht und fr\u00fchzeitig erkannt werden kann.\" \/>\n<meta name=\"robots\" content=\"index, follow, max-snippet:-1, max-image-preview:large, max-video-preview:-1\" \/>\n<link rel=\"canonical\" href=\"https:\/\/sfb1436.de\/de\/heute-ist-welt-alzheimertag\/\" \/>\n<meta property=\"og:locale\" content=\"de_DE\" \/>\n<meta property=\"og:type\" content=\"article\" \/>\n<meta property=\"og:title\" content=\"Welt-Alzheimertag\" \/>\n<meta property=\"og:description\" content=\"Die OVGU, der SFB 1436, das DZNE und das LIN erforschen, wie Alzheimer entsteht und fr\u00fchzeitig erkannt werden kann.\" \/>\n<meta property=\"og:url\" content=\"https:\/\/sfb1436.de\/de\/heute-ist-welt-alzheimertag\/\" \/>\n<meta property=\"og:site_name\" content=\"SFB1436\" \/>\n<meta property=\"article:published_time\" content=\"2022-09-21T14:00:00+00:00\" \/>\n<meta property=\"article:modified_time\" content=\"2026-03-31T07:47:02+00:00\" \/>\n<meta name=\"author\" content=\"redakteur\" \/>\n<meta name=\"twitter:card\" content=\"summary_large_image\" \/>\n<meta name=\"twitter:label1\" content=\"Verfasst von\" \/>\n\t<meta name=\"twitter:data1\" content=\"redakteur\" \/>\n\t<meta name=\"twitter:label2\" content=\"Gesch\u00e4tzte Lesezeit\" \/>\n\t<meta name=\"twitter:data2\" content=\"1\u00a0Minute\" \/>\n<script type=\"application\/ld+json\" class=\"yoast-schema-graph\">{\"@context\":\"https:\/\/schema.org\",\"@graph\":[{\"@type\":\"ScholarlyArticle\",\"@id\":\"https:\/\/sfb1436.de\/de\/heute-ist-welt-alzheimertag\/#article\",\"isPartOf\":{\"@id\":\"https:\/\/sfb1436.de\/de\/heute-ist-welt-alzheimertag\/\"},\"author\":{\"name\":\"redakteur\",\"@id\":\"https:\/\/sfb1436.de\/de\/#\/schema\/person\/c0ef0d254080f73ef2aa76e57caa6d12\"},\"headline\":\"Heute ist Welt-Alzheimertag!\",\"datePublished\":\"2022-09-21T14:00:00+00:00\",\"dateModified\":\"2026-03-31T07:47:02+00:00\",\"mainEntityOfPage\":{\"@id\":\"https:\/\/sfb1436.de\/de\/heute-ist-welt-alzheimertag\/\"},\"wordCount\":64,\"publisher\":{\"@id\":\"https:\/\/sfb1436.de\/de\/#organization\"},\"keywords\":[\"21. September\",\"Alzheimer\",\"CRC 1436\",\"Demenz\",\"Erinnerung\",\"Forschung\",\"Ged\u00e4chtnis\",\"Gehirn\",\"Magdeburg\",\"SFB 1436\",\"Welt-Alzheimertag\"],\"articleSection\":[\"All News and Events\",\"Alle News und Events\",\"Events\",\"News\"],\"inLanguage\":\"de\"},{\"@type\":\"WebPage\",\"@id\":\"https:\/\/sfb1436.de\/de\/heute-ist-welt-alzheimertag\/\",\"url\":\"https:\/\/sfb1436.de\/de\/heute-ist-welt-alzheimertag\/\",\"name\":\"Welt-Alzheimertag\",\"isPartOf\":{\"@id\":\"https:\/\/sfb1436.de\/de\/#website\"},\"datePublished\":\"2022-09-21T14:00:00+00:00\",\"dateModified\":\"2026-03-31T07:47:02+00:00\",\"description\":\"Die OVGU, der SFB 1436, das DZNE und das LIN erforschen, wie Alzheimer entsteht und fr\u00fchzeitig erkannt werden kann.\",\"breadcrumb\":{\"@id\":\"https:\/\/sfb1436.de\/de\/heute-ist-welt-alzheimertag\/#breadcrumb\"},\"inLanguage\":\"de\",\"potentialAction\":[{\"@type\":\"ReadAction\",\"target\":[\"https:\/\/sfb1436.de\/de\/heute-ist-welt-alzheimertag\/\"]}]},{\"@type\":\"BreadcrumbList\",\"@id\":\"https:\/\/sfb1436.de\/de\/heute-ist-welt-alzheimertag\/#breadcrumb\",\"itemListElement\":[{\"@type\":\"ListItem\",\"position\":1,\"name\":\"Startseite\",\"item\":\"https:\/\/sfb1436.de\/de\/\"},{\"@type\":\"ListItem\",\"position\":2,\"name\":\"Heute ist Welt-Alzheimertag!\"}]},{\"@type\":\"WebSite\",\"@id\":\"https:\/\/sfb1436.de\/de\/#website\",\"url\":\"https:\/\/sfb1436.de\/de\/\",\"name\":\"SFB1436\",\"description\":\"\",\"publisher\":{\"@id\":\"https:\/\/sfb1436.de\/de\/#organization\"},\"potentialAction\":[{\"@type\":\"SearchAction\",\"target\":{\"@type\":\"EntryPoint\",\"urlTemplate\":\"https:\/\/sfb1436.de\/de\/?s={search_term_string}\"},\"query-input\":{\"@type\":\"PropertyValueSpecification\",\"valueRequired\":true,\"valueName\":\"search_term_string\"}}],\"inLanguage\":\"de\"},{\"@type\":\"Organization\",\"@id\":\"https:\/\/sfb1436.de\/de\/#organization\",\"name\":\"Otto-von-Guericke Universit\u00e4t Medizinische Fakult\u00e4t Institut f\u00fcr Kognitive Neurologie und Demenzforschung\",\"url\":\"https:\/\/sfb1436.de\/de\/\",\"logo\":{\"@type\":\"ImageObject\",\"inLanguage\":\"de\",\"@id\":\"https:\/\/sfb1436.de\/de\/#\/schema\/logo\/image\/\",\"url\":\"https:\/\/sfb1436.de\/wp-content\/uploads\/2021\/12\/logo-sfb.png\",\"contentUrl\":\"https:\/\/sfb1436.de\/wp-content\/uploads\/2021\/12\/logo-sfb.png\",\"width\":1244,\"height\":820,\"caption\":\"Otto-von-Guericke Universit\u00e4t Medizinische Fakult\u00e4t Institut f\u00fcr Kognitive Neurologie und Demenzforschung\"},\"image\":{\"@id\":\"https:\/\/sfb1436.de\/de\/#\/schema\/logo\/image\/\"}},{\"@type\":\"Person\",\"@id\":\"https:\/\/sfb1436.de\/de\/#\/schema\/person\/c0ef0d254080f73ef2aa76e57caa6d12\",\"name\":\"redakteur\"}]}<\/script>\n<!-- \/ Yoast SEO plugin. -->","yoast_head_json":{"title":"Welt-Alzheimertag","description":"Die OVGU, der SFB 1436, das DZNE und das LIN erforschen, wie Alzheimer entsteht und fr\u00fchzeitig erkannt werden kann.","robots":{"index":"index","follow":"follow","max-snippet":"max-snippet:-1","max-image-preview":"max-image-preview:large","max-video-preview":"max-video-preview:-1"},"canonical":"https:\/\/sfb1436.de\/de\/heute-ist-welt-alzheimertag\/","og_locale":"de_DE","og_type":"article","og_title":"Welt-Alzheimertag","og_description":"Die OVGU, der SFB 1436, das DZNE und das LIN erforschen, wie Alzheimer entsteht und fr\u00fchzeitig erkannt werden kann.","og_url":"https:\/\/sfb1436.de\/de\/heute-ist-welt-alzheimertag\/","og_site_name":"SFB1436","article_published_time":"2022-09-21T14:00:00+00:00","article_modified_time":"2026-03-31T07:47:02+00:00","author":"redakteur","twitter_card":"summary_large_image","twitter_misc":{"Verfasst von":"redakteur","Gesch\u00e4tzte Lesezeit":"1\u00a0Minute"},"schema":{"@context":"https:\/\/schema.org","@graph":[{"@type":"ScholarlyArticle","@id":"https:\/\/sfb1436.de\/de\/heute-ist-welt-alzheimertag\/#article","isPartOf":{"@id":"https:\/\/sfb1436.de\/de\/heute-ist-welt-alzheimertag\/"},"author":{"name":"redakteur","@id":"https:\/\/sfb1436.de\/de\/#\/schema\/person\/c0ef0d254080f73ef2aa76e57caa6d12"},"headline":"Heute ist Welt-Alzheimertag!","datePublished":"2022-09-21T14:00:00+00:00","dateModified":"2026-03-31T07:47:02+00:00","mainEntityOfPage":{"@id":"https:\/\/sfb1436.de\/de\/heute-ist-welt-alzheimertag\/"},"wordCount":64,"publisher":{"@id":"https:\/\/sfb1436.de\/de\/#organization"},"keywords":["21. September","Alzheimer","CRC 1436","Demenz","Erinnerung","Forschung","Ged\u00e4chtnis","Gehirn","Magdeburg","SFB 1436","Welt-Alzheimertag"],"articleSection":["All News and Events","Alle News und Events","Events","News"],"inLanguage":"de"},{"@type":"WebPage","@id":"https:\/\/sfb1436.de\/de\/heute-ist-welt-alzheimertag\/","url":"https:\/\/sfb1436.de\/de\/heute-ist-welt-alzheimertag\/","name":"Welt-Alzheimertag","isPartOf":{"@id":"https:\/\/sfb1436.de\/de\/#website"},"datePublished":"2022-09-21T14:00:00+00:00","dateModified":"2026-03-31T07:47:02+00:00","description":"Die OVGU, der SFB 1436, das DZNE und das LIN erforschen, wie Alzheimer entsteht und fr\u00fchzeitig erkannt werden kann.","breadcrumb":{"@id":"https:\/\/sfb1436.de\/de\/heute-ist-welt-alzheimertag\/#breadcrumb"},"inLanguage":"de","potentialAction":[{"@type":"ReadAction","target":["https:\/\/sfb1436.de\/de\/heute-ist-welt-alzheimertag\/"]}]},{"@type":"BreadcrumbList","@id":"https:\/\/sfb1436.de\/de\/heute-ist-welt-alzheimertag\/#breadcrumb","itemListElement":[{"@type":"ListItem","position":1,"name":"Startseite","item":"https:\/\/sfb1436.de\/de\/"},{"@type":"ListItem","position":2,"name":"Heute ist Welt-Alzheimertag!"}]},{"@type":"WebSite","@id":"https:\/\/sfb1436.de\/de\/#website","url":"https:\/\/sfb1436.de\/de\/","name":"SFB1436","description":"","publisher":{"@id":"https:\/\/sfb1436.de\/de\/#organization"},"potentialAction":[{"@type":"SearchAction","target":{"@type":"EntryPoint","urlTemplate":"https:\/\/sfb1436.de\/de\/?s={search_term_string}"},"query-input":{"@type":"PropertyValueSpecification","valueRequired":true,"valueName":"search_term_string"}}],"inLanguage":"de"},{"@type":"Organization","@id":"https:\/\/sfb1436.de\/de\/#organization","name":"Otto-von-Guericke Universit\u00e4t Medizinische Fakult\u00e4t Institut f\u00fcr Kognitive Neurologie und Demenzforschung","url":"https:\/\/sfb1436.de\/de\/","logo":{"@type":"ImageObject","inLanguage":"de","@id":"https:\/\/sfb1436.de\/de\/#\/schema\/logo\/image\/","url":"https:\/\/sfb1436.de\/wp-content\/uploads\/2021\/12\/logo-sfb.png","contentUrl":"https:\/\/sfb1436.de\/wp-content\/uploads\/2021\/12\/logo-sfb.png","width":1244,"height":820,"caption":"Otto-von-Guericke Universit\u00e4t Medizinische Fakult\u00e4t Institut f\u00fcr Kognitive Neurologie und Demenzforschung"},"image":{"@id":"https:\/\/sfb1436.de\/de\/#\/schema\/logo\/image\/"}},{"@type":"Person","@id":"https:\/\/sfb1436.de\/de\/#\/schema\/person\/c0ef0d254080f73ef2aa76e57caa6d12","name":"redakteur"}]}},"uagb_featured_image_src":{"full":false,"thumbnail":false,"medium":false,"medium_large":false,"large":false,"gs-tiny":false,"xl":false,"xxl":false,"xxxl":false,"xxxxl":false,"xxxxxl":false,"1536x1536":false,"2048x2048":false,"awsm_team":false},"uagb_author_info":{"display_name":"redakteur","author_link":"https:\/\/sfb1436.de\/de\/author\/redakteur\/"},"uagb_comment_info":0,"uagb_excerpt":"Die Universit\u00e4t Magdeburg schreibt auf ihrem Instagram-Account \u00fcber die Forschungsarbeit im SFB 1436 Projekt A05: Wissenschaftlerinnen und Wissenschaftler von uns und des Leibniz-Institut f\u00fcr Neurobiologie erforschen, wie Alzheimer entsteht und fr\u00fchzeitig erkannt werden kann. F\u00fcr ihre Studien sind sie regelm\u00e4\u00dfig auf der Suche nach Probanden, wie aktuell das Team um Prof. Seidenbecher.","_links":{"self":[{"href":"https:\/\/sfb1436.de\/de\/wp-json\/wp\/v2\/posts\/15724","targetHints":{"allow":["GET"]}}],"collection":[{"href":"https:\/\/sfb1436.de\/de\/wp-json\/wp\/v2\/posts"}],"about":[{"href":"https:\/\/sfb1436.de\/de\/wp-json\/wp\/v2\/types\/post"}],"author":[{"embeddable":true,"href":"https:\/\/sfb1436.de\/de\/wp-json\/wp\/v2\/users\/4"}],"replies":[{"embeddable":true,"href":"https:\/\/sfb1436.de\/de\/wp-json\/wp\/v2\/comments?post=15724"}],"version-history":[{"count":13,"href":"https:\/\/sfb1436.de\/de\/wp-json\/wp\/v2\/posts\/15724\/revisions"}],"predecessor-version":[{"id":30078,"href":"https:\/\/sfb1436.de\/de\/wp-json\/wp\/v2\/posts\/15724\/revisions\/30078"}],"wp:attachment":[{"href":"https:\/\/sfb1436.de\/de\/wp-json\/wp\/v2\/media?parent=15724"}],"wp:term":[{"taxonomy":"category","embeddable":true,"href":"https:\/\/sfb1436.de\/de\/wp-json\/wp\/v2\/categories?post=15724"},{"taxonomy":"post_tag","embeddable":true,"href":"https:\/\/sfb1436.de\/de\/wp-json\/wp\/v2\/tags?post=15724"}],"curies":[{"name":"wp","href":"https:\/\/api.w.org\/{rel}","templated":true}]}}