{"id":12494,"date":"2021-06-28T14:48:00","date_gmt":"2021-06-28T12:48:00","guid":{"rendered":"https:\/\/sfb1436.de\/eike-budinger-ist-apl-professor\/"},"modified":"2023-08-30T14:11:37","modified_gmt":"2023-08-30T12:11:37","slug":"eike-budinger-ist-apl-professor","status":"publish","type":"post","link":"https:\/\/sfb1436.de\/de\/eike-budinger-ist-apl-professor\/","title":{"rendered":"Eike Budinger ist apl.-Professor"},"content":{"rendered":"\n<p class=\"wp-block-paragraph\">Eike Budinger ist zum Au\u00dferplanm\u00e4\u00dfigen Professor ernannt worden. Vom Rektor der Otto-von-Guericke-Universit\u00e4t Magdeburg, Prof. Dr. Jens Strackeljan, bekam er am 24. Juni die Urkunde \u00fcberreicht.<\/p>\n\n\n\n<p class=\"wp-block-paragraph\">Er wird damit f\u00fcr seine Leistungen in Forschung und Lehre ausgezeichnet.<\/p>\n\n\n\n<p class=\"wp-block-paragraph\">Herzlichen Gl\u00fcckwunsch!<\/p>\n","protected":false},"excerpt":{"rendered":"<p>Eike Budinger ist zum Au\u00dferplanm\u00e4\u00dfigen Professor ernannt worden. Vom Rektor der Otto-von-Guericke-Universit\u00e4t Magdeburg, Prof. Dr. Jens Strackeljan, bekam er am 24. Juni die Urkunde \u00fcberreicht. Er wird damit f\u00fcr seine Leistungen in Forschung und Lehre ausgezeichnet. Herzlichen Gl\u00fcckwunsch!<\/p>\n","protected":false},"author":4,"featured_media":12493,"comment_status":"closed","ping_status":"closed","sticky":false,"template":"","format":"standard","meta":{"_crdt_document":"","_uag_custom_page_level_css":"","footnotes":""},"categories":[288,281,220],"tags":[726,724,723,331,372,725,330],"class_list":["post-12494","post","type-post","status-publish","format-standard","has-post-thumbnail","hentry","category-all-news-and-events-de","category-alle-news-und-events","category-news-de","tag-apl-professor","tag-b06","tag-eike-budinger","tag-magdeburg","tag-neurowissenschaften","tag-professor","tag-sfb-1436"],"yoast_head":"<!-- This site is optimized with the Yoast SEO plugin v27.1.1 - https:\/\/yoast.com\/product\/yoast-seo-wordpress\/ -->\n<title>Eike Budinger ist apl.-Professor - SFB1436<\/title>\n<meta name=\"description\" content=\"Eike Budinger ist zum Au\u00dferplanm\u00e4\u00dfigen Professor ernannt worden und bekam am 24. Juni 2021 die Urkunde \u00fcberreicht.\" \/>\n<meta name=\"robots\" content=\"index, follow, max-snippet:-1, max-image-preview:large, max-video-preview:-1\" \/>\n<link rel=\"canonical\" href=\"https:\/\/sfb1436.de\/de\/eike-budinger-ist-apl-professor\/\" \/>\n<meta property=\"og:locale\" content=\"de_DE\" \/>\n<meta property=\"og:type\" content=\"article\" \/>\n<meta property=\"og:title\" content=\"Eike Budinger ist apl.-Professor - SFB1436\" \/>\n<meta property=\"og:description\" content=\"Eike Budinger ist zum Au\u00dferplanm\u00e4\u00dfigen Professor ernannt worden und bekam am 24. Juni 2021 die Urkunde \u00fcberreicht.\" \/>\n<meta property=\"og:url\" content=\"https:\/\/sfb1436.de\/de\/eike-budinger-ist-apl-professor\/\" \/>\n<meta property=\"og:site_name\" content=\"SFB1436\" \/>\n<meta property=\"article:published_time\" content=\"2021-06-28T12:48:00+00:00\" \/>\n<meta property=\"article:modified_time\" content=\"2023-08-30T12:11:37+00:00\" \/>\n<meta property=\"og:image\" content=\"https:\/\/sfb1436.de\/wp-content\/uploads\/2021\/06\/Eike-Budinger-ist-apl.-Professor.jpg\" \/>\n\t<meta property=\"og:image:width\" content=\"1384\" \/>\n\t<meta property=\"og:image:height\" content=\"1846\" \/>\n\t<meta property=\"og:image:type\" content=\"image\/jpeg\" \/>\n<meta name=\"author\" content=\"redakteur\" \/>\n<meta name=\"twitter:card\" content=\"summary_large_image\" \/>\n<meta name=\"twitter:label1\" content=\"Verfasst von\" \/>\n\t<meta name=\"twitter:data1\" content=\"redakteur\" \/>\n\t<meta name=\"twitter:label2\" content=\"Gesch\u00e4tzte Lesezeit\" \/>\n\t<meta name=\"twitter:data2\" content=\"1\u00a0Minute\" \/>\n<script type=\"application\/ld+json\" class=\"yoast-schema-graph\">{\"@context\":\"https:\/\/schema.org\",\"@graph\":[{\"@type\":\"ScholarlyArticle\",\"@id\":\"https:\/\/sfb1436.de\/de\/eike-budinger-ist-apl-professor\/#article\",\"isPartOf\":{\"@id\":\"https:\/\/sfb1436.de\/de\/eike-budinger-ist-apl-professor\/\"},\"author\":{\"name\":\"redakteur\",\"@id\":\"https:\/\/sfb1436.de\/de\/#\/schema\/person\/c0ef0d254080f73ef2aa76e57caa6d12\"},\"headline\":\"Eike Budinger ist apl.-Professor\",\"datePublished\":\"2021-06-28T12:48:00+00:00\",\"dateModified\":\"2023-08-30T12:11:37+00:00\",\"mainEntityOfPage\":{\"@id\":\"https:\/\/sfb1436.de\/de\/eike-budinger-ist-apl-professor\/\"},\"wordCount\":47,\"publisher\":{\"@id\":\"https:\/\/sfb1436.de\/de\/#organization\"},\"image\":{\"@id\":\"https:\/\/sfb1436.de\/de\/eike-budinger-ist-apl-professor\/#primaryimage\"},\"thumbnailUrl\":\"https:\/\/sfb1436.de\/wp-content\/uploads\/2021\/06\/Eike-Budinger-ist-apl.-Professor.jpg\",\"keywords\":[\"apl. Professor\",\"B06\",\"Eike Budinger\",\"Magdeburg\",\"Neurowissenschaften\",\"Professor\",\"SFB 1436\"],\"articleSection\":[\"All News and Events\",\"Alle News und Events\",\"News\"],\"inLanguage\":\"de\"},{\"@type\":\"WebPage\",\"@id\":\"https:\/\/sfb1436.de\/de\/eike-budinger-ist-apl-professor\/\",\"url\":\"https:\/\/sfb1436.de\/de\/eike-budinger-ist-apl-professor\/\",\"name\":\"Eike Budinger ist apl.-Professor - SFB1436\",\"isPartOf\":{\"@id\":\"https:\/\/sfb1436.de\/de\/#website\"},\"primaryImageOfPage\":{\"@id\":\"https:\/\/sfb1436.de\/de\/eike-budinger-ist-apl-professor\/#primaryimage\"},\"image\":{\"@id\":\"https:\/\/sfb1436.de\/de\/eike-budinger-ist-apl-professor\/#primaryimage\"},\"thumbnailUrl\":\"https:\/\/sfb1436.de\/wp-content\/uploads\/2021\/06\/Eike-Budinger-ist-apl.-Professor.jpg\",\"datePublished\":\"2021-06-28T12:48:00+00:00\",\"dateModified\":\"2023-08-30T12:11:37+00:00\",\"description\":\"Eike Budinger ist zum Au\u00dferplanm\u00e4\u00dfigen Professor ernannt worden und bekam am 24. Juni 2021 die Urkunde \u00fcberreicht.\",\"breadcrumb\":{\"@id\":\"https:\/\/sfb1436.de\/de\/eike-budinger-ist-apl-professor\/#breadcrumb\"},\"inLanguage\":\"de\",\"potentialAction\":[{\"@type\":\"ReadAction\",\"target\":[\"https:\/\/sfb1436.de\/de\/eike-budinger-ist-apl-professor\/\"]}]},{\"@type\":\"ImageObject\",\"inLanguage\":\"de\",\"@id\":\"https:\/\/sfb1436.de\/de\/eike-budinger-ist-apl-professor\/#primaryimage\",\"url\":\"https:\/\/sfb1436.de\/wp-content\/uploads\/2021\/06\/Eike-Budinger-ist-apl.-Professor.jpg\",\"contentUrl\":\"https:\/\/sfb1436.de\/wp-content\/uploads\/2021\/06\/Eike-Budinger-ist-apl.-Professor.jpg\",\"width\":1384,\"height\":1846,\"caption\":\"SFB 1436 Mitglied Eike Budinger als apl.-Professor\"},{\"@type\":\"BreadcrumbList\",\"@id\":\"https:\/\/sfb1436.de\/de\/eike-budinger-ist-apl-professor\/#breadcrumb\",\"itemListElement\":[{\"@type\":\"ListItem\",\"position\":1,\"name\":\"Startseite\",\"item\":\"https:\/\/sfb1436.de\/de\/\"},{\"@type\":\"ListItem\",\"position\":2,\"name\":\"Eike Budinger ist apl.-Professor\"}]},{\"@type\":\"WebSite\",\"@id\":\"https:\/\/sfb1436.de\/de\/#website\",\"url\":\"https:\/\/sfb1436.de\/de\/\",\"name\":\"SFB1436\",\"description\":\"\",\"publisher\":{\"@id\":\"https:\/\/sfb1436.de\/de\/#organization\"},\"potentialAction\":[{\"@type\":\"SearchAction\",\"target\":{\"@type\":\"EntryPoint\",\"urlTemplate\":\"https:\/\/sfb1436.de\/de\/?s={search_term_string}\"},\"query-input\":{\"@type\":\"PropertyValueSpecification\",\"valueRequired\":true,\"valueName\":\"search_term_string\"}}],\"inLanguage\":\"de\"},{\"@type\":\"Organization\",\"@id\":\"https:\/\/sfb1436.de\/de\/#organization\",\"name\":\"Otto-von-Guericke Universit\u00e4t Medizinische Fakult\u00e4t Institut f\u00fcr Kognitive Neurologie und Demenzforschung\",\"url\":\"https:\/\/sfb1436.de\/de\/\",\"logo\":{\"@type\":\"ImageObject\",\"inLanguage\":\"de\",\"@id\":\"https:\/\/sfb1436.de\/de\/#\/schema\/logo\/image\/\",\"url\":\"https:\/\/sfb1436.de\/wp-content\/uploads\/2021\/12\/logo-sfb.png\",\"contentUrl\":\"https:\/\/sfb1436.de\/wp-content\/uploads\/2021\/12\/logo-sfb.png\",\"width\":1244,\"height\":820,\"caption\":\"Otto-von-Guericke Universit\u00e4t Medizinische Fakult\u00e4t Institut f\u00fcr Kognitive Neurologie und Demenzforschung\"},\"image\":{\"@id\":\"https:\/\/sfb1436.de\/de\/#\/schema\/logo\/image\/\"}},{\"@type\":\"Person\",\"@id\":\"https:\/\/sfb1436.de\/de\/#\/schema\/person\/c0ef0d254080f73ef2aa76e57caa6d12\",\"name\":\"redakteur\"}]}<\/script>\n<!-- \/ Yoast SEO plugin. -->","yoast_head_json":{"title":"Eike Budinger ist apl.-Professor - SFB1436","description":"Eike Budinger ist zum Au\u00dferplanm\u00e4\u00dfigen Professor ernannt worden und bekam am 24. Juni 2021 die Urkunde \u00fcberreicht.","robots":{"index":"index","follow":"follow","max-snippet":"max-snippet:-1","max-image-preview":"max-image-preview:large","max-video-preview":"max-video-preview:-1"},"canonical":"https:\/\/sfb1436.de\/de\/eike-budinger-ist-apl-professor\/","og_locale":"de_DE","og_type":"article","og_title":"Eike Budinger ist apl.-Professor - SFB1436","og_description":"Eike Budinger ist zum Au\u00dferplanm\u00e4\u00dfigen Professor ernannt worden und bekam am 24. Juni 2021 die Urkunde \u00fcberreicht.","og_url":"https:\/\/sfb1436.de\/de\/eike-budinger-ist-apl-professor\/","og_site_name":"SFB1436","article_published_time":"2021-06-28T12:48:00+00:00","article_modified_time":"2023-08-30T12:11:37+00:00","og_image":[{"width":1384,"height":1846,"url":"https:\/\/sfb1436.de\/wp-content\/uploads\/2021\/06\/Eike-Budinger-ist-apl.-Professor.jpg","type":"image\/jpeg"}],"author":"redakteur","twitter_card":"summary_large_image","twitter_misc":{"Verfasst von":"redakteur","Gesch\u00e4tzte Lesezeit":"1\u00a0Minute"},"schema":{"@context":"https:\/\/schema.org","@graph":[{"@type":"ScholarlyArticle","@id":"https:\/\/sfb1436.de\/de\/eike-budinger-ist-apl-professor\/#article","isPartOf":{"@id":"https:\/\/sfb1436.de\/de\/eike-budinger-ist-apl-professor\/"},"author":{"name":"redakteur","@id":"https:\/\/sfb1436.de\/de\/#\/schema\/person\/c0ef0d254080f73ef2aa76e57caa6d12"},"headline":"Eike Budinger ist apl.-Professor","datePublished":"2021-06-28T12:48:00+00:00","dateModified":"2023-08-30T12:11:37+00:00","mainEntityOfPage":{"@id":"https:\/\/sfb1436.de\/de\/eike-budinger-ist-apl-professor\/"},"wordCount":47,"publisher":{"@id":"https:\/\/sfb1436.de\/de\/#organization"},"image":{"@id":"https:\/\/sfb1436.de\/de\/eike-budinger-ist-apl-professor\/#primaryimage"},"thumbnailUrl":"https:\/\/sfb1436.de\/wp-content\/uploads\/2021\/06\/Eike-Budinger-ist-apl.-Professor.jpg","keywords":["apl. Professor","B06","Eike Budinger","Magdeburg","Neurowissenschaften","Professor","SFB 1436"],"articleSection":["All News and Events","Alle News und Events","News"],"inLanguage":"de"},{"@type":"WebPage","@id":"https:\/\/sfb1436.de\/de\/eike-budinger-ist-apl-professor\/","url":"https:\/\/sfb1436.de\/de\/eike-budinger-ist-apl-professor\/","name":"Eike Budinger ist apl.-Professor - SFB1436","isPartOf":{"@id":"https:\/\/sfb1436.de\/de\/#website"},"primaryImageOfPage":{"@id":"https:\/\/sfb1436.de\/de\/eike-budinger-ist-apl-professor\/#primaryimage"},"image":{"@id":"https:\/\/sfb1436.de\/de\/eike-budinger-ist-apl-professor\/#primaryimage"},"thumbnailUrl":"https:\/\/sfb1436.de\/wp-content\/uploads\/2021\/06\/Eike-Budinger-ist-apl.-Professor.jpg","datePublished":"2021-06-28T12:48:00+00:00","dateModified":"2023-08-30T12:11:37+00:00","description":"Eike Budinger ist zum Au\u00dferplanm\u00e4\u00dfigen Professor ernannt worden und bekam am 24. Juni 2021 die Urkunde \u00fcberreicht.","breadcrumb":{"@id":"https:\/\/sfb1436.de\/de\/eike-budinger-ist-apl-professor\/#breadcrumb"},"inLanguage":"de","potentialAction":[{"@type":"ReadAction","target":["https:\/\/sfb1436.de\/de\/eike-budinger-ist-apl-professor\/"]}]},{"@type":"ImageObject","inLanguage":"de","@id":"https:\/\/sfb1436.de\/de\/eike-budinger-ist-apl-professor\/#primaryimage","url":"https:\/\/sfb1436.de\/wp-content\/uploads\/2021\/06\/Eike-Budinger-ist-apl.-Professor.jpg","contentUrl":"https:\/\/sfb1436.de\/wp-content\/uploads\/2021\/06\/Eike-Budinger-ist-apl.-Professor.jpg","width":1384,"height":1846,"caption":"SFB 1436 Mitglied Eike Budinger als apl.-Professor"},{"@type":"BreadcrumbList","@id":"https:\/\/sfb1436.de\/de\/eike-budinger-ist-apl-professor\/#breadcrumb","itemListElement":[{"@type":"ListItem","position":1,"name":"Startseite","item":"https:\/\/sfb1436.de\/de\/"},{"@type":"ListItem","position":2,"name":"Eike Budinger ist apl.-Professor"}]},{"@type":"WebSite","@id":"https:\/\/sfb1436.de\/de\/#website","url":"https:\/\/sfb1436.de\/de\/","name":"SFB1436","description":"","publisher":{"@id":"https:\/\/sfb1436.de\/de\/#organization"},"potentialAction":[{"@type":"SearchAction","target":{"@type":"EntryPoint","urlTemplate":"https:\/\/sfb1436.de\/de\/?s={search_term_string}"},"query-input":{"@type":"PropertyValueSpecification","valueRequired":true,"valueName":"search_term_string"}}],"inLanguage":"de"},{"@type":"Organization","@id":"https:\/\/sfb1436.de\/de\/#organization","name":"Otto-von-Guericke Universit\u00e4t Medizinische Fakult\u00e4t Institut f\u00fcr Kognitive Neurologie und Demenzforschung","url":"https:\/\/sfb1436.de\/de\/","logo":{"@type":"ImageObject","inLanguage":"de","@id":"https:\/\/sfb1436.de\/de\/#\/schema\/logo\/image\/","url":"https:\/\/sfb1436.de\/wp-content\/uploads\/2021\/12\/logo-sfb.png","contentUrl":"https:\/\/sfb1436.de\/wp-content\/uploads\/2021\/12\/logo-sfb.png","width":1244,"height":820,"caption":"Otto-von-Guericke Universit\u00e4t Medizinische Fakult\u00e4t Institut f\u00fcr Kognitive Neurologie und Demenzforschung"},"image":{"@id":"https:\/\/sfb1436.de\/de\/#\/schema\/logo\/image\/"}},{"@type":"Person","@id":"https:\/\/sfb1436.de\/de\/#\/schema\/person\/c0ef0d254080f73ef2aa76e57caa6d12","name":"redakteur"}]}},"uagb_featured_image_src":{"full":["https:\/\/sfb1436.de\/wp-content\/uploads\/2021\/06\/Eike-Budinger-ist-apl.-Professor.jpg",1384,1846,false],"thumbnail":["https:\/\/sfb1436.de\/wp-content\/uploads\/2021\/06\/Eike-Budinger-ist-apl.-Professor-150x150.jpg",150,150,true],"medium":["https:\/\/sfb1436.de\/wp-content\/uploads\/2021\/06\/Eike-Budinger-ist-apl.-Professor-225x300.jpg",225,300,true],"medium_large":["https:\/\/sfb1436.de\/wp-content\/uploads\/2021\/06\/Eike-Budinger-ist-apl.-Professor-768x1024.jpg",768,1024,true],"large":["https:\/\/sfb1436.de\/wp-content\/uploads\/2021\/06\/Eike-Budinger-ist-apl.-Professor-768x1024.jpg",768,1024,true],"gs-tiny":["https:\/\/sfb1436.de\/wp-content\/uploads\/2021\/06\/Eike-Budinger-ist-apl.-Professor.jpg",50,67,false],"xl":["https:\/\/sfb1436.de\/wp-content\/uploads\/2021\/06\/Eike-Budinger-ist-apl.-Professor.jpg",1384,1846,false],"xxl":["https:\/\/sfb1436.de\/wp-content\/uploads\/2021\/06\/Eike-Budinger-ist-apl.-Professor.jpg",1384,1846,false],"xxxl":["https:\/\/sfb1436.de\/wp-content\/uploads\/2021\/06\/Eike-Budinger-ist-apl.-Professor.jpg",1384,1846,false],"xxxxl":["https:\/\/sfb1436.de\/wp-content\/uploads\/2021\/06\/Eike-Budinger-ist-apl.-Professor.jpg",1384,1846,false],"xxxxxl":["https:\/\/sfb1436.de\/wp-content\/uploads\/2021\/06\/Eike-Budinger-ist-apl.-Professor.jpg",1384,1846,false],"1536x1536":["https:\/\/sfb1436.de\/wp-content\/uploads\/2021\/06\/Eike-Budinger-ist-apl.-Professor-1152x1536.jpg",1152,1536,true],"2048x2048":["https:\/\/sfb1436.de\/wp-content\/uploads\/2021\/06\/Eike-Budinger-ist-apl.-Professor.jpg",1384,1846,false],"awsm_team":["https:\/\/sfb1436.de\/wp-content\/uploads\/2021\/06\/Eike-Budinger-ist-apl.-Professor-800x1000.jpg",800,1000,true]},"uagb_author_info":{"display_name":"redakteur","author_link":"https:\/\/sfb1436.de\/de\/author\/redakteur\/"},"uagb_comment_info":0,"uagb_excerpt":"Eike Budinger ist zum Au\u00dferplanm\u00e4\u00dfigen Professor ernannt worden. Vom Rektor der Otto-von-Guericke-Universit\u00e4t Magdeburg, Prof. Dr. Jens Strackeljan, bekam er am 24. Juni die Urkunde \u00fcberreicht. Er wird damit f\u00fcr seine Leistungen in Forschung und Lehre ausgezeichnet. Herzlichen Gl\u00fcckwunsch!","_links":{"self":[{"href":"https:\/\/sfb1436.de\/de\/wp-json\/wp\/v2\/posts\/12494","targetHints":{"allow":["GET"]}}],"collection":[{"href":"https:\/\/sfb1436.de\/de\/wp-json\/wp\/v2\/posts"}],"about":[{"href":"https:\/\/sfb1436.de\/de\/wp-json\/wp\/v2\/types\/post"}],"author":[{"embeddable":true,"href":"https:\/\/sfb1436.de\/de\/wp-json\/wp\/v2\/users\/4"}],"replies":[{"embeddable":true,"href":"https:\/\/sfb1436.de\/de\/wp-json\/wp\/v2\/comments?post=12494"}],"version-history":[{"count":1,"href":"https:\/\/sfb1436.de\/de\/wp-json\/wp\/v2\/posts\/12494\/revisions"}],"predecessor-version":[{"id":12497,"href":"https:\/\/sfb1436.de\/de\/wp-json\/wp\/v2\/posts\/12494\/revisions\/12497"}],"wp:featuredmedia":[{"embeddable":true,"href":"https:\/\/sfb1436.de\/de\/wp-json\/wp\/v2\/media\/12493"}],"wp:attachment":[{"href":"https:\/\/sfb1436.de\/de\/wp-json\/wp\/v2\/media?parent=12494"}],"wp:term":[{"taxonomy":"category","embeddable":true,"href":"https:\/\/sfb1436.de\/de\/wp-json\/wp\/v2\/categories?post=12494"},{"taxonomy":"post_tag","embeddable":true,"href":"https:\/\/sfb1436.de\/de\/wp-json\/wp\/v2\/tags?post=12494"}],"curies":[{"name":"wp","href":"https:\/\/api.w.org\/{rel}","templated":true}]}}